{"id":82164,"date":"2021-11-19T16:15:27","date_gmt":"2021-11-19T22:15:27","guid":{"rendered":"https:\/\/lospoliticosveracruz.com.mx\/?p=82164"},"modified":"2021-11-19T16:15:31","modified_gmt":"2021-11-19T22:15:31","slug":"escuelas-no-daran-cuartel-a-la-covid","status":"publish","type":"post","link":"https:\/\/lospoliticosveracruz.com\/?p=82164","title":{"rendered":"Escuelas no dar\u00e1n cuartel a la Covid"},"content":{"rendered":"\n<p><\/p>\n\n\n\n<p><strong>Banderilla<\/strong><\/p>\n\n\n\n<p><br>El estado de Veracruz cerrar\u00e1 el 2021 con un total de 30 mil kits o unidades de limpieza y sanitizaci\u00f3n para centros escolares, en beneficio de alumnos, padres de familia, personal de intendencia y docentes, se\u00f1al\u00f3 la Oficial mayor de la Secretar\u00eda de Educaci\u00f3n de Veracruz, Ariadna Selene Aguilar Amaya.<\/p>\n\n\n\n<p>Lo anterior al entregar equipo de sanitizaci\u00f3n y limpieza a personal de la primaria Benito Ju\u00e1rez, del municipio de Banderilla, donde destac\u00f3 y agradeci\u00f3 a nombre del titular de la dependencia Zenyazen Escobar Garc\u00eda y del mismo gobernador Cuitl\u00e1huac Garc\u00eda Jim\u00e9nez la colaboraci\u00f3n, paciencia y responsabilidad de las y los padres de familia que bajo esquemas claros de total compromiso cumplieron las indicaciones que se les hicieron llegar.<\/p>\n\n\n\n<p>Respecto al tema del regreso a clases que ya inicio en la entidad, la Oficial Mayor se\u00f1al\u00f3 que a instrucci\u00f3n del gobernador y las autoridades tanto federales como locales, se ha procedido conforme al sem\u00e1foro epidemiol\u00f3gico y al sentir de padres y madres de familia de todo lo largo y ancho de la entidad.<\/p>\n\n\n\n<p>\u201cLa secretar\u00eda de educaci\u00f3n ha sido muy respetuosa de la decisi\u00f3n de los padres de familia para esperar y definir el momento m\u00e1s oportuno para que sus hijos regresen a clases, la respuesta ha sido aceptable, las medidas sanitarias se han reforzado y eso ha permitido que los padres adquieran mayor confianza; esperamos que en enero sea mayor el n\u00famero, aunque ahora ya tenemos un 70 por ciento de alumnos en escuelas en clases presenciales, todos sanos\u201d, apunt\u00f3.<\/p>\n\n\n\n<p>Por lo anterior, invit\u00f3 a alumnos, padres de familia y maestros evitar las aglomeraciones y a tomar las medidas adecuadas para mantener la salud de todos, limitar por ahora algunos accesos ya que no se deben de tener las aulas llenas, bajo las medidas pertinentes y programa de escalonamiento.<\/p>\n\n\n\n<p>Finalmente, Aguilar Amaya destac\u00f3 que gracias al programa \u201cCastor\u201d de reparaci\u00f3n de mobiliario y equipo escolar, poco m\u00e1s de 850 planteles han sido beneficiados con estas acciones y que con la entrega que se realiz\u00f3 este d\u00eda, se rebasaron los mil kits entregados en la zona de la capital del estado, con lo que suman 21 mil equipos entregados a centros escolares para la prevenci\u00f3n del Covid19.<\/p>\n","protected":false},"excerpt":{"rendered":"<p>Banderilla El estado de Veracruz cerrar\u00e1 el 2021 con un total de 30 mil kits o unidades de limpieza y sanitizaci\u00f3n para centros escolares, en beneficio de alumnos, padres de familia, personal de intendencia y docentes, se\u00f1al\u00f3 la Oficial mayor de la Secretar\u00eda de Educaci\u00f3n de Veracruz, Ariadna Selene Aguilar Amaya. Lo anterior al entregar [&hellip;]<\/p>\n","protected":false},"author":2,"featured_media":0,"comment_status":"closed","ping_status":"closed","sticky":false,"template":"","format":"standard","meta":{"tdm_status":"","tdm_grid_status":"","footnotes":""},"categories":[73],"tags":[14760,1563,1026,3843,5899,88,195,12372],"class_list":{"0":"post-82164","1":"post","2":"type-post","3":"status-publish","4":"format-standard","6":"category-de-boleto","7":"tag-ariadna-selene-aguilar-amaya","8":"tag-cuitlahuac-garcia-jimenez","9":"tag-morena","10":"tag-oficial-mayor","11":"tag-regreso-a-clases","12":"tag-sev","13":"tag-veracruz","14":"tag-zenyazen-escobar-garcia"},"yoast_head":"<!-- This site is optimized with the Yoast SEO plugin v27.4 - https:\/\/yoast.com\/product\/yoast-seo-wordpress\/ -->\n<title>Escuelas no dar\u00e1n cuartel a la Covid - Los pol\u00edticos Veracruz<\/title>\n<meta name=\"robots\" content=\"index, follow, max-snippet:-1, max-image-preview:large, max-video-preview:-1\" \/>\n<link rel=\"canonical\" href=\"https:\/\/lospoliticosveracruz.com\/?p=82164\" \/>\n<meta property=\"og:locale\" content=\"es_ES\" \/>\n<meta property=\"og:type\" content=\"article\" \/>\n<meta property=\"og:title\" content=\"Escuelas no dar\u00e1n cuartel a la Covid - Los pol\u00edticos Veracruz\" \/>\n<meta property=\"og:description\" content=\"Banderilla El estado de Veracruz cerrar\u00e1 el 2021 con un total de 30 mil kits o unidades de limpieza y sanitizaci\u00f3n para centros escolares, en beneficio de alumnos, padres de familia, personal de intendencia y docentes, se\u00f1al\u00f3 la Oficial mayor de la Secretar\u00eda de Educaci\u00f3n de Veracruz, Ariadna Selene Aguilar Amaya. Lo anterior al entregar [&hellip;]\" \/>\n<meta property=\"og:url\" content=\"https:\/\/lospoliticosveracruz.com\/?p=82164\" \/>\n<meta property=\"og:site_name\" content=\"Los pol\u00edticos Veracruz\" \/>\n<meta property=\"article:publisher\" content=\"https:\/\/www.facebook.com\/people\/Notimemes-de-los-Polticos\/61565672886568\/\" \/>\n<meta property=\"article:published_time\" content=\"2021-11-19T22:15:27+00:00\" \/>\n<meta property=\"article:modified_time\" content=\"2021-11-19T22:15:31+00:00\" \/>\n<meta property=\"og:image\" content=\"https:\/\/lospoliticosveracruz.com\/wp-content\/uploads\/2016\/07\/Logo-Dor.jpg\" \/>\n\t<meta property=\"og:image:width\" content=\"200\" \/>\n\t<meta property=\"og:image:height\" content=\"200\" \/>\n\t<meta property=\"og:image:type\" content=\"image\/jpeg\" \/>\n<meta name=\"author\" content=\"Lo viste en Los Pol\u00edticos\" \/>\n<meta name=\"twitter:card\" content=\"summary_large_image\" \/>\n<meta name=\"twitter:creator\" content=\"@LosPoliticosVer\" \/>\n<meta name=\"twitter:site\" content=\"@LosPoliticosVer\" \/>\n<meta name=\"twitter:label1\" content=\"Escrito por\" \/>\n\t<meta name=\"twitter:data1\" content=\"Lo viste en Los Pol\u00edticos\" \/>\n\t<meta name=\"twitter:label2\" content=\"Tiempo de lectura\" \/>\n\t<meta name=\"twitter:data2\" content=\"2 minutos\" \/>\n<script type=\"application\/ld+json\" class=\"yoast-schema-graph\">{\"@context\":\"https:\\\/\\\/schema.org\",\"@graph\":[{\"@type\":\"Article\",\"@id\":\"https:\\\/\\\/lospoliticosveracruz.com\\\/?p=82164#article\",\"isPartOf\":{\"@id\":\"https:\\\/\\\/lospoliticosveracruz.com\\\/?p=82164\"},\"author\":{\"name\":\"Lo viste en Los Pol\u00edticos\",\"@id\":\"https:\\\/\\\/lospoliticosveracruz.com\\\/#\\\/schema\\\/person\\\/b8702bb0e538456e6efd07080bf2a4a2\"},\"headline\":\"Escuelas no dar\u00e1n cuartel a la Covid\",\"datePublished\":\"2021-11-19T22:15:27+00:00\",\"dateModified\":\"2021-11-19T22:15:31+00:00\",\"mainEntityOfPage\":{\"@id\":\"https:\\\/\\\/lospoliticosveracruz.com\\\/?p=82164\"},\"wordCount\":394,\"publisher\":{\"@id\":\"https:\\\/\\\/lospoliticosveracruz.com\\\/#organization\"},\"keywords\":[\"Ariadna Selene Aguilar Amaya\",\"Cuitl\u00e1huac Garc\u00eda Jim\u00e9nez\",\"Morena\",\"Oficial Mayor\",\"Regreso a clases\",\"SEV\",\"Veracruz\",\"Zenyazen Escobar Garc\u00eda\"],\"articleSection\":[\"De Boleto\"],\"inLanguage\":\"es\"},{\"@type\":\"WebPage\",\"@id\":\"https:\\\/\\\/lospoliticosveracruz.com\\\/?p=82164\",\"url\":\"https:\\\/\\\/lospoliticosveracruz.com\\\/?p=82164\",\"name\":\"Escuelas no dar\u00e1n cuartel a la Covid - Los pol\u00edticos Veracruz\",\"isPartOf\":{\"@id\":\"https:\\\/\\\/lospoliticosveracruz.com\\\/#website\"},\"datePublished\":\"2021-11-19T22:15:27+00:00\",\"dateModified\":\"2021-11-19T22:15:31+00:00\",\"breadcrumb\":{\"@id\":\"https:\\\/\\\/lospoliticosveracruz.com\\\/?p=82164#breadcrumb\"},\"inLanguage\":\"es\",\"potentialAction\":[{\"@type\":\"ReadAction\",\"target\":[\"https:\\\/\\\/lospoliticosveracruz.com\\\/?p=82164\"]}]},{\"@type\":\"BreadcrumbList\",\"@id\":\"https:\\\/\\\/lospoliticosveracruz.com\\\/?p=82164#breadcrumb\",\"itemListElement\":[{\"@type\":\"ListItem\",\"position\":1,\"name\":\"Portada\",\"item\":\"https:\\\/\\\/lospoliticosveracruz.com\\\/\"},{\"@type\":\"ListItem\",\"position\":2,\"name\":\"Escuelas no dar\u00e1n cuartel a la Covid\"}]},{\"@type\":\"WebSite\",\"@id\":\"https:\\\/\\\/lospoliticosveracruz.com\\\/#website\",\"url\":\"https:\\\/\\\/lospoliticosveracruz.com\\\/\",\"name\":\"Los pol\u00edticos Veracruz\",\"description\":\"\",\"publisher\":{\"@id\":\"https:\\\/\\\/lospoliticosveracruz.com\\\/#organization\"},\"potentialAction\":[{\"@type\":\"SearchAction\",\"target\":{\"@type\":\"EntryPoint\",\"urlTemplate\":\"https:\\\/\\\/lospoliticosveracruz.com\\\/?s={search_term_string}\"},\"query-input\":{\"@type\":\"PropertyValueSpecification\",\"valueRequired\":true,\"valueName\":\"search_term_string\"}}],\"inLanguage\":\"es\"},{\"@type\":\"Organization\",\"@id\":\"https:\\\/\\\/lospoliticosveracruz.com\\\/#organization\",\"name\":\"Los pol\u00edticos Veracruz\",\"url\":\"https:\\\/\\\/lospoliticosveracruz.com\\\/\",\"logo\":{\"@type\":\"ImageObject\",\"inLanguage\":\"es\",\"@id\":\"https:\\\/\\\/lospoliticosveracruz.com\\\/#\\\/schema\\\/logo\\\/image\\\/\",\"url\":\"https:\\\/\\\/lospoliticosveracruz.com\\\/wp-content\\\/uploads\\\/2025\\\/12\\\/Logo-Nuevo-LOS-POLITICOS-1.jpg\",\"contentUrl\":\"https:\\\/\\\/lospoliticosveracruz.com\\\/wp-content\\\/uploads\\\/2025\\\/12\\\/Logo-Nuevo-LOS-POLITICOS-1.jpg\",\"width\":260,\"height\":70,\"caption\":\"Los pol\u00edticos Veracruz\"},\"image\":{\"@id\":\"https:\\\/\\\/lospoliticosveracruz.com\\\/#\\\/schema\\\/logo\\\/image\\\/\"},\"sameAs\":[\"https:\\\/\\\/www.facebook.com\\\/people\\\/Notimemes-de-los-Polticos\\\/61565672886568\\\/\",\"https:\\\/\\\/x.com\\\/LosPoliticosVer\"]},{\"@type\":\"Person\",\"@id\":\"https:\\\/\\\/lospoliticosveracruz.com\\\/#\\\/schema\\\/person\\\/b8702bb0e538456e6efd07080bf2a4a2\",\"name\":\"Lo viste en Los Pol\u00edticos\",\"image\":{\"@type\":\"ImageObject\",\"inLanguage\":\"es\",\"@id\":\"https:\\\/\\\/secure.gravatar.com\\\/avatar\\\/3a8de04a2656d44082be478bd6c086daa447c4651605818287b9532d3d0bd435?s=96&d=mm&r=g\",\"url\":\"https:\\\/\\\/secure.gravatar.com\\\/avatar\\\/3a8de04a2656d44082be478bd6c086daa447c4651605818287b9532d3d0bd435?s=96&d=mm&r=g\",\"contentUrl\":\"https:\\\/\\\/secure.gravatar.com\\\/avatar\\\/3a8de04a2656d44082be478bd6c086daa447c4651605818287b9532d3d0bd435?s=96&d=mm&r=g\",\"caption\":\"Lo viste en Los Pol\u00edticos\"},\"url\":\"https:\\\/\\\/lospoliticosveracruz.com\\\/?author=2\"}]}<\/script>\n<!-- \/ Yoast SEO plugin. -->","yoast_head_json":{"title":"Escuelas no dar\u00e1n cuartel a la Covid - Los pol\u00edticos Veracruz","robots":{"index":"index","follow":"follow","max-snippet":"max-snippet:-1","max-image-preview":"max-image-preview:large","max-video-preview":"max-video-preview:-1"},"canonical":"https:\/\/lospoliticosveracruz.com\/?p=82164","og_locale":"es_ES","og_type":"article","og_title":"Escuelas no dar\u00e1n cuartel a la Covid - Los pol\u00edticos Veracruz","og_description":"Banderilla El estado de Veracruz cerrar\u00e1 el 2021 con un total de 30 mil kits o unidades de limpieza y sanitizaci\u00f3n para centros escolares, en beneficio de alumnos, padres de familia, personal de intendencia y docentes, se\u00f1al\u00f3 la Oficial mayor de la Secretar\u00eda de Educaci\u00f3n de Veracruz, Ariadna Selene Aguilar Amaya. Lo anterior al entregar [&hellip;]","og_url":"https:\/\/lospoliticosveracruz.com\/?p=82164","og_site_name":"Los pol\u00edticos Veracruz","article_publisher":"https:\/\/www.facebook.com\/people\/Notimemes-de-los-Polticos\/61565672886568\/","article_published_time":"2021-11-19T22:15:27+00:00","article_modified_time":"2021-11-19T22:15:31+00:00","og_image":[{"width":200,"height":200,"url":"https:\/\/lospoliticosveracruz.com\/wp-content\/uploads\/2016\/07\/Logo-Dor.jpg","type":"image\/jpeg"}],"author":"Lo viste en Los Pol\u00edticos","twitter_card":"summary_large_image","twitter_creator":"@LosPoliticosVer","twitter_site":"@LosPoliticosVer","twitter_misc":{"Escrito por":"Lo viste en Los Pol\u00edticos","Tiempo de lectura":"2 minutos"},"schema":{"@context":"https:\/\/schema.org","@graph":[{"@type":"Article","@id":"https:\/\/lospoliticosveracruz.com\/?p=82164#article","isPartOf":{"@id":"https:\/\/lospoliticosveracruz.com\/?p=82164"},"author":{"name":"Lo viste en Los Pol\u00edticos","@id":"https:\/\/lospoliticosveracruz.com\/#\/schema\/person\/b8702bb0e538456e6efd07080bf2a4a2"},"headline":"Escuelas no dar\u00e1n cuartel a la Covid","datePublished":"2021-11-19T22:15:27+00:00","dateModified":"2021-11-19T22:15:31+00:00","mainEntityOfPage":{"@id":"https:\/\/lospoliticosveracruz.com\/?p=82164"},"wordCount":394,"publisher":{"@id":"https:\/\/lospoliticosveracruz.com\/#organization"},"keywords":["Ariadna Selene Aguilar Amaya","Cuitl\u00e1huac Garc\u00eda Jim\u00e9nez","Morena","Oficial Mayor","Regreso a clases","SEV","Veracruz","Zenyazen Escobar Garc\u00eda"],"articleSection":["De Boleto"],"inLanguage":"es"},{"@type":"WebPage","@id":"https:\/\/lospoliticosveracruz.com\/?p=82164","url":"https:\/\/lospoliticosveracruz.com\/?p=82164","name":"Escuelas no dar\u00e1n cuartel a la Covid - Los pol\u00edticos Veracruz","isPartOf":{"@id":"https:\/\/lospoliticosveracruz.com\/#website"},"datePublished":"2021-11-19T22:15:27+00:00","dateModified":"2021-11-19T22:15:31+00:00","breadcrumb":{"@id":"https:\/\/lospoliticosveracruz.com\/?p=82164#breadcrumb"},"inLanguage":"es","potentialAction":[{"@type":"ReadAction","target":["https:\/\/lospoliticosveracruz.com\/?p=82164"]}]},{"@type":"BreadcrumbList","@id":"https:\/\/lospoliticosveracruz.com\/?p=82164#breadcrumb","itemListElement":[{"@type":"ListItem","position":1,"name":"Portada","item":"https:\/\/lospoliticosveracruz.com\/"},{"@type":"ListItem","position":2,"name":"Escuelas no dar\u00e1n cuartel a la Covid"}]},{"@type":"WebSite","@id":"https:\/\/lospoliticosveracruz.com\/#website","url":"https:\/\/lospoliticosveracruz.com\/","name":"Los pol\u00edticos Veracruz","description":"","publisher":{"@id":"https:\/\/lospoliticosveracruz.com\/#organization"},"potentialAction":[{"@type":"SearchAction","target":{"@type":"EntryPoint","urlTemplate":"https:\/\/lospoliticosveracruz.com\/?s={search_term_string}"},"query-input":{"@type":"PropertyValueSpecification","valueRequired":true,"valueName":"search_term_string"}}],"inLanguage":"es"},{"@type":"Organization","@id":"https:\/\/lospoliticosveracruz.com\/#organization","name":"Los pol\u00edticos Veracruz","url":"https:\/\/lospoliticosveracruz.com\/","logo":{"@type":"ImageObject","inLanguage":"es","@id":"https:\/\/lospoliticosveracruz.com\/#\/schema\/logo\/image\/","url":"https:\/\/lospoliticosveracruz.com\/wp-content\/uploads\/2025\/12\/Logo-Nuevo-LOS-POLITICOS-1.jpg","contentUrl":"https:\/\/lospoliticosveracruz.com\/wp-content\/uploads\/2025\/12\/Logo-Nuevo-LOS-POLITICOS-1.jpg","width":260,"height":70,"caption":"Los pol\u00edticos Veracruz"},"image":{"@id":"https:\/\/lospoliticosveracruz.com\/#\/schema\/logo\/image\/"},"sameAs":["https:\/\/www.facebook.com\/people\/Notimemes-de-los-Polticos\/61565672886568\/","https:\/\/x.com\/LosPoliticosVer"]},{"@type":"Person","@id":"https:\/\/lospoliticosveracruz.com\/#\/schema\/person\/b8702bb0e538456e6efd07080bf2a4a2","name":"Lo viste en Los Pol\u00edticos","image":{"@type":"ImageObject","inLanguage":"es","@id":"https:\/\/secure.gravatar.com\/avatar\/3a8de04a2656d44082be478bd6c086daa447c4651605818287b9532d3d0bd435?s=96&d=mm&r=g","url":"https:\/\/secure.gravatar.com\/avatar\/3a8de04a2656d44082be478bd6c086daa447c4651605818287b9532d3d0bd435?s=96&d=mm&r=g","contentUrl":"https:\/\/secure.gravatar.com\/avatar\/3a8de04a2656d44082be478bd6c086daa447c4651605818287b9532d3d0bd435?s=96&d=mm&r=g","caption":"Lo viste en Los Pol\u00edticos"},"url":"https:\/\/lospoliticosveracruz.com\/?author=2"}]}},"_links":{"self":[{"href":"https:\/\/lospoliticosveracruz.com\/index.php?rest_route=\/wp\/v2\/posts\/82164","targetHints":{"allow":["GET"]}}],"collection":[{"href":"https:\/\/lospoliticosveracruz.com\/index.php?rest_route=\/wp\/v2\/posts"}],"about":[{"href":"https:\/\/lospoliticosveracruz.com\/index.php?rest_route=\/wp\/v2\/types\/post"}],"author":[{"embeddable":true,"href":"https:\/\/lospoliticosveracruz.com\/index.php?rest_route=\/wp\/v2\/users\/2"}],"replies":[{"embeddable":true,"href":"https:\/\/lospoliticosveracruz.com\/index.php?rest_route=%2Fwp%2Fv2%2Fcomments&post=82164"}],"version-history":[{"count":1,"href":"https:\/\/lospoliticosveracruz.com\/index.php?rest_route=\/wp\/v2\/posts\/82164\/revisions"}],"predecessor-version":[{"id":82166,"href":"https:\/\/lospoliticosveracruz.com\/index.php?rest_route=\/wp\/v2\/posts\/82164\/revisions\/82166"}],"wp:attachment":[{"href":"https:\/\/lospoliticosveracruz.com\/index.php?rest_route=%2Fwp%2Fv2%2Fmedia&parent=82164"}],"wp:term":[{"taxonomy":"category","embeddable":true,"href":"https:\/\/lospoliticosveracruz.com\/index.php?rest_route=%2Fwp%2Fv2%2Fcategories&post=82164"},{"taxonomy":"post_tag","embeddable":true,"href":"https:\/\/lospoliticosveracruz.com\/index.php?rest_route=%2Fwp%2Fv2%2Ftags&post=82164"}],"curies":[{"name":"wp","href":"https:\/\/api.w.org\/{rel}","templated":true}]}}