{"id":82173,"date":"2021-11-19T18:05:12","date_gmt":"2021-11-20T00:05:12","guid":{"rendered":"https:\/\/lospoliticosveracruz.com.mx\/?p=82173"},"modified":"2021-11-19T18:05:41","modified_gmt":"2021-11-20T00:05:41","slug":"ya-volvio","status":"publish","type":"post","link":"https:\/\/lospoliticosveracruz.com\/?p=82173","title":{"rendered":"Ya volvi\u00f3!"},"content":{"rendered":"\n<p><\/p>\n\n\n\n<p><\/p>\n\n\n\n<p><strong>C\u00f3rdoba<\/strong><\/p>\n\n\n\n<p><br>El presidente de la C\u00e1mara de Diputados, el veracruzano Sergio Guti\u00e9rrez Luna, reanud\u00f3 su ejercicio de di\u00e1logo con la sociedad veracruzana, despu\u00e9s de haber estado concentrado en la aprobaci\u00f3n del Presupuesto de Egresos de la Federaci\u00f3n.<\/p>\n\n\n\n<p>El legislador minatitleco se reuni\u00f3 este viernes con representantes del sector empresarial de C\u00f3rdoba, con quienes habl\u00f3 de los desaf\u00edos de esta regi\u00f3n y de las maneras de unir esfuerzos para impulsar su desarrollo.<\/p>\n\n\n\n<p>En el emblem\u00e1tico edificio del Portal de Zevallos, donde el 21 de mayo de 1821 se firmaron los Tratados de C\u00f3rdoba, el Diputado comi\u00f3 con un grupo de empresarias y empresarios.<\/p>\n\n\n\n<p>\u00abEntre estas mismas paredes se firm\u00f3 la rendici\u00f3n de la Corona Espa\u00f1ola y se dio figura jur\u00eddica a Independencia de M\u00e9xico hace 200 a\u00f1os\u00bb, record\u00f3.<\/p>\n\n\n\n<p>\u00abAs\u00ed que \u00e9ste es un buen lugar para sellar pactos, para acordar cosas buenas para el futuro\u00bb, les dijo.<\/p>\n\n\n\n<p>Hablaron de temas como la caseta de cobro en Fort\u00edn, la necesidad de reforzar la seguridad p\u00fablica y de aprovechar las oportunidades y atractivos de inversi\u00f3n del corredor C\u00f3rdoba-Orizaba.<\/p>\n\n\n\n<p>Coincidieron en que el di\u00e1logo iniciado debe ser el primer paso de un ejercicio continuado, que requiere seguimiento y una ruta de corto y mediano plazo sobre la cu\u00e1l avanzar.<\/p>\n\n\n\n<p>Estuvieron presentes Luc\u00eda Serrano Pi\u00f1a, presidenta del Colegio de Abogados; Luis Cruz Montesinos, presidente del Consejo Coordinador Empresarial zona Centro y Santa Sandoval, presidenta de Red Turismo.<\/p>\n\n\n\n<p>De igual manera: Octavio Burguete, presidente de Canaco C\u00f3rdoba; Juan Carlos Castro, representante de la Asociaci\u00f3n Mexicana de Profesionales Inmobiliarios; Carlos Cruz Mendoza, presidente de CANIRAC y Javier Morales Garc\u00eda, representante del Colegio de Contadores, entre otros.<\/p>\n\n\n\n<p>Acompa\u00f1ado por la Diputada Local Jessica Ram\u00edrez Cisneros, el Diputado subray\u00f3 que su compromiso es seguir recorriendo Veracruz para mantener el contacto con la sociedad, como lo hace el Presidente Andr\u00e9s Manuel L\u00f3pez Obrador.<\/p>\n","protected":false},"excerpt":{"rendered":"<p>C\u00f3rdoba El presidente de la C\u00e1mara de Diputados, el veracruzano Sergio Guti\u00e9rrez Luna, reanud\u00f3 su ejercicio de di\u00e1logo con la sociedad veracruzana, despu\u00e9s de haber estado concentrado en la aprobaci\u00f3n del Presupuesto de Egresos de la Federaci\u00f3n. El legislador minatitleco se reuni\u00f3 este viernes con representantes del sector empresarial de C\u00f3rdoba, con quienes habl\u00f3 de [&hellip;]<\/p>\n","protected":false},"author":2,"featured_media":0,"comment_status":"closed","ping_status":"closed","sticky":false,"template":"","format":"standard","meta":{"tdm_status":"","tdm_grid_status":"","footnotes":""},"categories":[73],"tags":[13448,31298,1026,7036,16147,9289,195],"class_list":{"0":"post-82173","1":"post","2":"type-post","3":"status-publish","4":"format-standard","6":"category-de-boleto","7":"tag-jessica-ramirez-cisneros","8":"tag-lucia-serrano-pina","9":"tag-morena","10":"tag-presupuesto-de-egresos","11":"tag-sergio-gutierrez-luna","12":"tag-tratados-de-cordoba","13":"tag-veracruz"},"yoast_head":"<!-- This site is optimized with the Yoast SEO plugin v27.4 - https:\/\/yoast.com\/product\/yoast-seo-wordpress\/ -->\n<title>Ya volvi\u00f3! - Los pol\u00edticos Veracruz<\/title>\n<meta name=\"robots\" content=\"index, follow, max-snippet:-1, max-image-preview:large, max-video-preview:-1\" \/>\n<link rel=\"canonical\" href=\"https:\/\/lospoliticosveracruz.com\/?p=82173\" \/>\n<meta property=\"og:locale\" content=\"es_ES\" \/>\n<meta property=\"og:type\" content=\"article\" \/>\n<meta property=\"og:title\" content=\"Ya volvi\u00f3! - Los pol\u00edticos Veracruz\" \/>\n<meta property=\"og:description\" content=\"C\u00f3rdoba El presidente de la C\u00e1mara de Diputados, el veracruzano Sergio Guti\u00e9rrez Luna, reanud\u00f3 su ejercicio de di\u00e1logo con la sociedad veracruzana, despu\u00e9s de haber estado concentrado en la aprobaci\u00f3n del Presupuesto de Egresos de la Federaci\u00f3n. El legislador minatitleco se reuni\u00f3 este viernes con representantes del sector empresarial de C\u00f3rdoba, con quienes habl\u00f3 de [&hellip;]\" \/>\n<meta property=\"og:url\" content=\"https:\/\/lospoliticosveracruz.com\/?p=82173\" \/>\n<meta property=\"og:site_name\" content=\"Los pol\u00edticos Veracruz\" \/>\n<meta property=\"article:publisher\" content=\"https:\/\/www.facebook.com\/people\/Notimemes-de-los-Polticos\/61565672886568\/\" \/>\n<meta property=\"article:published_time\" content=\"2021-11-20T00:05:12+00:00\" \/>\n<meta property=\"article:modified_time\" content=\"2021-11-20T00:05:41+00:00\" \/>\n<meta property=\"og:image\" content=\"https:\/\/lospoliticosveracruz.com\/wp-content\/uploads\/2016\/07\/Logo-Dor.jpg\" \/>\n\t<meta property=\"og:image:width\" content=\"200\" \/>\n\t<meta property=\"og:image:height\" content=\"200\" \/>\n\t<meta property=\"og:image:type\" content=\"image\/jpeg\" \/>\n<meta name=\"author\" content=\"Lo viste en Los Pol\u00edticos\" \/>\n<meta name=\"twitter:card\" content=\"summary_large_image\" \/>\n<meta name=\"twitter:creator\" content=\"@LosPoliticosVer\" \/>\n<meta name=\"twitter:site\" content=\"@LosPoliticosVer\" \/>\n<meta name=\"twitter:label1\" content=\"Escrito por\" \/>\n\t<meta name=\"twitter:data1\" content=\"Lo viste en Los Pol\u00edticos\" \/>\n\t<meta name=\"twitter:label2\" content=\"Tiempo de lectura\" \/>\n\t<meta name=\"twitter:data2\" content=\"2 minutos\" \/>\n<script type=\"application\/ld+json\" class=\"yoast-schema-graph\">{\"@context\":\"https:\\\/\\\/schema.org\",\"@graph\":[{\"@type\":\"Article\",\"@id\":\"https:\\\/\\\/lospoliticosveracruz.com\\\/?p=82173#article\",\"isPartOf\":{\"@id\":\"https:\\\/\\\/lospoliticosveracruz.com\\\/?p=82173\"},\"author\":{\"name\":\"Lo viste en Los Pol\u00edticos\",\"@id\":\"https:\\\/\\\/lospoliticosveracruz.com\\\/#\\\/schema\\\/person\\\/b8702bb0e538456e6efd07080bf2a4a2\"},\"headline\":\"Ya volvi\u00f3!\",\"datePublished\":\"2021-11-20T00:05:12+00:00\",\"dateModified\":\"2021-11-20T00:05:41+00:00\",\"mainEntityOfPage\":{\"@id\":\"https:\\\/\\\/lospoliticosveracruz.com\\\/?p=82173\"},\"wordCount\":334,\"publisher\":{\"@id\":\"https:\\\/\\\/lospoliticosveracruz.com\\\/#organization\"},\"keywords\":[\"Jessica Ram\u00edrez Cisneros\",\"Luc\u00eda Serrano Pi\u00f1a\",\"Morena\",\"Presupuesto de Egresos\",\"Sergio Guti\u00e9rrez Luna\",\"Tratados de C\u00f3rdoba\",\"Veracruz\"],\"articleSection\":[\"De Boleto\"],\"inLanguage\":\"es\"},{\"@type\":\"WebPage\",\"@id\":\"https:\\\/\\\/lospoliticosveracruz.com\\\/?p=82173\",\"url\":\"https:\\\/\\\/lospoliticosveracruz.com\\\/?p=82173\",\"name\":\"Ya volvi\u00f3! - Los pol\u00edticos Veracruz\",\"isPartOf\":{\"@id\":\"https:\\\/\\\/lospoliticosveracruz.com\\\/#website\"},\"datePublished\":\"2021-11-20T00:05:12+00:00\",\"dateModified\":\"2021-11-20T00:05:41+00:00\",\"breadcrumb\":{\"@id\":\"https:\\\/\\\/lospoliticosveracruz.com\\\/?p=82173#breadcrumb\"},\"inLanguage\":\"es\",\"potentialAction\":[{\"@type\":\"ReadAction\",\"target\":[\"https:\\\/\\\/lospoliticosveracruz.com\\\/?p=82173\"]}]},{\"@type\":\"BreadcrumbList\",\"@id\":\"https:\\\/\\\/lospoliticosveracruz.com\\\/?p=82173#breadcrumb\",\"itemListElement\":[{\"@type\":\"ListItem\",\"position\":1,\"name\":\"Portada\",\"item\":\"https:\\\/\\\/lospoliticosveracruz.com\\\/\"},{\"@type\":\"ListItem\",\"position\":2,\"name\":\"Ya volvi\u00f3!\"}]},{\"@type\":\"WebSite\",\"@id\":\"https:\\\/\\\/lospoliticosveracruz.com\\\/#website\",\"url\":\"https:\\\/\\\/lospoliticosveracruz.com\\\/\",\"name\":\"Los pol\u00edticos Veracruz\",\"description\":\"\",\"publisher\":{\"@id\":\"https:\\\/\\\/lospoliticosveracruz.com\\\/#organization\"},\"potentialAction\":[{\"@type\":\"SearchAction\",\"target\":{\"@type\":\"EntryPoint\",\"urlTemplate\":\"https:\\\/\\\/lospoliticosveracruz.com\\\/?s={search_term_string}\"},\"query-input\":{\"@type\":\"PropertyValueSpecification\",\"valueRequired\":true,\"valueName\":\"search_term_string\"}}],\"inLanguage\":\"es\"},{\"@type\":\"Organization\",\"@id\":\"https:\\\/\\\/lospoliticosveracruz.com\\\/#organization\",\"name\":\"Los pol\u00edticos Veracruz\",\"url\":\"https:\\\/\\\/lospoliticosveracruz.com\\\/\",\"logo\":{\"@type\":\"ImageObject\",\"inLanguage\":\"es\",\"@id\":\"https:\\\/\\\/lospoliticosveracruz.com\\\/#\\\/schema\\\/logo\\\/image\\\/\",\"url\":\"https:\\\/\\\/lospoliticosveracruz.com\\\/wp-content\\\/uploads\\\/2025\\\/12\\\/Logo-Nuevo-LOS-POLITICOS-1.jpg\",\"contentUrl\":\"https:\\\/\\\/lospoliticosveracruz.com\\\/wp-content\\\/uploads\\\/2025\\\/12\\\/Logo-Nuevo-LOS-POLITICOS-1.jpg\",\"width\":260,\"height\":70,\"caption\":\"Los pol\u00edticos Veracruz\"},\"image\":{\"@id\":\"https:\\\/\\\/lospoliticosveracruz.com\\\/#\\\/schema\\\/logo\\\/image\\\/\"},\"sameAs\":[\"https:\\\/\\\/www.facebook.com\\\/people\\\/Notimemes-de-los-Polticos\\\/61565672886568\\\/\",\"https:\\\/\\\/x.com\\\/LosPoliticosVer\"]},{\"@type\":\"Person\",\"@id\":\"https:\\\/\\\/lospoliticosveracruz.com\\\/#\\\/schema\\\/person\\\/b8702bb0e538456e6efd07080bf2a4a2\",\"name\":\"Lo viste en Los Pol\u00edticos\",\"image\":{\"@type\":\"ImageObject\",\"inLanguage\":\"es\",\"@id\":\"https:\\\/\\\/secure.gravatar.com\\\/avatar\\\/3a8de04a2656d44082be478bd6c086daa447c4651605818287b9532d3d0bd435?s=96&d=mm&r=g\",\"url\":\"https:\\\/\\\/secure.gravatar.com\\\/avatar\\\/3a8de04a2656d44082be478bd6c086daa447c4651605818287b9532d3d0bd435?s=96&d=mm&r=g\",\"contentUrl\":\"https:\\\/\\\/secure.gravatar.com\\\/avatar\\\/3a8de04a2656d44082be478bd6c086daa447c4651605818287b9532d3d0bd435?s=96&d=mm&r=g\",\"caption\":\"Lo viste en Los Pol\u00edticos\"},\"url\":\"https:\\\/\\\/lospoliticosveracruz.com\\\/?author=2\"}]}<\/script>\n<!-- \/ Yoast SEO plugin. -->","yoast_head_json":{"title":"Ya volvi\u00f3! - Los pol\u00edticos Veracruz","robots":{"index":"index","follow":"follow","max-snippet":"max-snippet:-1","max-image-preview":"max-image-preview:large","max-video-preview":"max-video-preview:-1"},"canonical":"https:\/\/lospoliticosveracruz.com\/?p=82173","og_locale":"es_ES","og_type":"article","og_title":"Ya volvi\u00f3! - Los pol\u00edticos Veracruz","og_description":"C\u00f3rdoba El presidente de la C\u00e1mara de Diputados, el veracruzano Sergio Guti\u00e9rrez Luna, reanud\u00f3 su ejercicio de di\u00e1logo con la sociedad veracruzana, despu\u00e9s de haber estado concentrado en la aprobaci\u00f3n del Presupuesto de Egresos de la Federaci\u00f3n. El legislador minatitleco se reuni\u00f3 este viernes con representantes del sector empresarial de C\u00f3rdoba, con quienes habl\u00f3 de [&hellip;]","og_url":"https:\/\/lospoliticosveracruz.com\/?p=82173","og_site_name":"Los pol\u00edticos Veracruz","article_publisher":"https:\/\/www.facebook.com\/people\/Notimemes-de-los-Polticos\/61565672886568\/","article_published_time":"2021-11-20T00:05:12+00:00","article_modified_time":"2021-11-20T00:05:41+00:00","og_image":[{"width":200,"height":200,"url":"https:\/\/lospoliticosveracruz.com\/wp-content\/uploads\/2016\/07\/Logo-Dor.jpg","type":"image\/jpeg"}],"author":"Lo viste en Los Pol\u00edticos","twitter_card":"summary_large_image","twitter_creator":"@LosPoliticosVer","twitter_site":"@LosPoliticosVer","twitter_misc":{"Escrito por":"Lo viste en Los Pol\u00edticos","Tiempo de lectura":"2 minutos"},"schema":{"@context":"https:\/\/schema.org","@graph":[{"@type":"Article","@id":"https:\/\/lospoliticosveracruz.com\/?p=82173#article","isPartOf":{"@id":"https:\/\/lospoliticosveracruz.com\/?p=82173"},"author":{"name":"Lo viste en Los Pol\u00edticos","@id":"https:\/\/lospoliticosveracruz.com\/#\/schema\/person\/b8702bb0e538456e6efd07080bf2a4a2"},"headline":"Ya volvi\u00f3!","datePublished":"2021-11-20T00:05:12+00:00","dateModified":"2021-11-20T00:05:41+00:00","mainEntityOfPage":{"@id":"https:\/\/lospoliticosveracruz.com\/?p=82173"},"wordCount":334,"publisher":{"@id":"https:\/\/lospoliticosveracruz.com\/#organization"},"keywords":["Jessica Ram\u00edrez Cisneros","Luc\u00eda Serrano Pi\u00f1a","Morena","Presupuesto de Egresos","Sergio Guti\u00e9rrez Luna","Tratados de C\u00f3rdoba","Veracruz"],"articleSection":["De Boleto"],"inLanguage":"es"},{"@type":"WebPage","@id":"https:\/\/lospoliticosveracruz.com\/?p=82173","url":"https:\/\/lospoliticosveracruz.com\/?p=82173","name":"Ya volvi\u00f3! - Los pol\u00edticos Veracruz","isPartOf":{"@id":"https:\/\/lospoliticosveracruz.com\/#website"},"datePublished":"2021-11-20T00:05:12+00:00","dateModified":"2021-11-20T00:05:41+00:00","breadcrumb":{"@id":"https:\/\/lospoliticosveracruz.com\/?p=82173#breadcrumb"},"inLanguage":"es","potentialAction":[{"@type":"ReadAction","target":["https:\/\/lospoliticosveracruz.com\/?p=82173"]}]},{"@type":"BreadcrumbList","@id":"https:\/\/lospoliticosveracruz.com\/?p=82173#breadcrumb","itemListElement":[{"@type":"ListItem","position":1,"name":"Portada","item":"https:\/\/lospoliticosveracruz.com\/"},{"@type":"ListItem","position":2,"name":"Ya volvi\u00f3!"}]},{"@type":"WebSite","@id":"https:\/\/lospoliticosveracruz.com\/#website","url":"https:\/\/lospoliticosveracruz.com\/","name":"Los pol\u00edticos Veracruz","description":"","publisher":{"@id":"https:\/\/lospoliticosveracruz.com\/#organization"},"potentialAction":[{"@type":"SearchAction","target":{"@type":"EntryPoint","urlTemplate":"https:\/\/lospoliticosveracruz.com\/?s={search_term_string}"},"query-input":{"@type":"PropertyValueSpecification","valueRequired":true,"valueName":"search_term_string"}}],"inLanguage":"es"},{"@type":"Organization","@id":"https:\/\/lospoliticosveracruz.com\/#organization","name":"Los pol\u00edticos Veracruz","url":"https:\/\/lospoliticosveracruz.com\/","logo":{"@type":"ImageObject","inLanguage":"es","@id":"https:\/\/lospoliticosveracruz.com\/#\/schema\/logo\/image\/","url":"https:\/\/lospoliticosveracruz.com\/wp-content\/uploads\/2025\/12\/Logo-Nuevo-LOS-POLITICOS-1.jpg","contentUrl":"https:\/\/lospoliticosveracruz.com\/wp-content\/uploads\/2025\/12\/Logo-Nuevo-LOS-POLITICOS-1.jpg","width":260,"height":70,"caption":"Los pol\u00edticos Veracruz"},"image":{"@id":"https:\/\/lospoliticosveracruz.com\/#\/schema\/logo\/image\/"},"sameAs":["https:\/\/www.facebook.com\/people\/Notimemes-de-los-Polticos\/61565672886568\/","https:\/\/x.com\/LosPoliticosVer"]},{"@type":"Person","@id":"https:\/\/lospoliticosveracruz.com\/#\/schema\/person\/b8702bb0e538456e6efd07080bf2a4a2","name":"Lo viste en Los Pol\u00edticos","image":{"@type":"ImageObject","inLanguage":"es","@id":"https:\/\/secure.gravatar.com\/avatar\/3a8de04a2656d44082be478bd6c086daa447c4651605818287b9532d3d0bd435?s=96&d=mm&r=g","url":"https:\/\/secure.gravatar.com\/avatar\/3a8de04a2656d44082be478bd6c086daa447c4651605818287b9532d3d0bd435?s=96&d=mm&r=g","contentUrl":"https:\/\/secure.gravatar.com\/avatar\/3a8de04a2656d44082be478bd6c086daa447c4651605818287b9532d3d0bd435?s=96&d=mm&r=g","caption":"Lo viste en Los Pol\u00edticos"},"url":"https:\/\/lospoliticosveracruz.com\/?author=2"}]}},"_links":{"self":[{"href":"https:\/\/lospoliticosveracruz.com\/index.php?rest_route=\/wp\/v2\/posts\/82173","targetHints":{"allow":["GET"]}}],"collection":[{"href":"https:\/\/lospoliticosveracruz.com\/index.php?rest_route=\/wp\/v2\/posts"}],"about":[{"href":"https:\/\/lospoliticosveracruz.com\/index.php?rest_route=\/wp\/v2\/types\/post"}],"author":[{"embeddable":true,"href":"https:\/\/lospoliticosveracruz.com\/index.php?rest_route=\/wp\/v2\/users\/2"}],"replies":[{"embeddable":true,"href":"https:\/\/lospoliticosveracruz.com\/index.php?rest_route=%2Fwp%2Fv2%2Fcomments&post=82173"}],"version-history":[{"count":2,"href":"https:\/\/lospoliticosveracruz.com\/index.php?rest_route=\/wp\/v2\/posts\/82173\/revisions"}],"predecessor-version":[{"id":82176,"href":"https:\/\/lospoliticosveracruz.com\/index.php?rest_route=\/wp\/v2\/posts\/82173\/revisions\/82176"}],"wp:attachment":[{"href":"https:\/\/lospoliticosveracruz.com\/index.php?rest_route=%2Fwp%2Fv2%2Fmedia&parent=82173"}],"wp:term":[{"taxonomy":"category","embeddable":true,"href":"https:\/\/lospoliticosveracruz.com\/index.php?rest_route=%2Fwp%2Fv2%2Fcategories&post=82173"},{"taxonomy":"post_tag","embeddable":true,"href":"https:\/\/lospoliticosveracruz.com\/index.php?rest_route=%2Fwp%2Fv2%2Ftags&post=82173"}],"curies":[{"name":"wp","href":"https:\/\/api.w.org\/{rel}","templated":true}]}}