{"id":82241,"date":"2021-11-22T10:39:27","date_gmt":"2021-11-22T16:39:27","guid":{"rendered":"https:\/\/lospoliticosveracruz.com.mx\/?p=82241"},"modified":"2021-11-22T10:41:08","modified_gmt":"2021-11-22T16:41:08","slug":"la-lucha-interna-en-el-pan-veracruz","status":"publish","type":"post","link":"https:\/\/lospoliticosveracruz.com\/?p=82241","title":{"rendered":"La lucha interna en el PAN-Veracruz"},"content":{"rendered":"\n<p><\/p>\n\n\n\n<p><strong>Luis Alberto Romero<\/strong><\/p>\n\n\n\n<p><em>Hora cero<br><\/em><\/p>\n\n\n\n<p><\/p>\n\n\n\n<p>Los cabezazos y golpes bajos iniciaron apenas comenz\u00f3 la contienda interna por la dirigencia panista en Veracruz.<br>Joaqu\u00edn Guzm\u00e1n asom\u00f3 la cabeza este viernes, al presentar a los integrantes de su planilla, cuando sus adversarios le reventaron en medios informativos un torpedo en la l\u00ednea de flotaci\u00f3n, al recordarle algunos datos de su periodo al frente del partido; por ejemplo, que de los 67 municipios que gobierna el PAN, en el proceso del presente a\u00f1o perdieron 47.<\/p>\n\n\n\n<div class=\"wp-block-image\"><figure class=\"alignleft size-full is-resized\"><a href=\"https:\/\/lospoliticosveracruz.com.mx\/wp-content\/uploads\/2021\/10\/Zacauilt.jpg\"><img loading=\"lazy\" decoding=\"async\" src=\"https:\/\/lospoliticosveracruz.com.mx\/wp-content\/uploads\/2021\/10\/Zacauilt.jpg\" alt=\"\" class=\"wp-image-80558\" width=\"250\" height=\"500\"\/><\/a><\/figure><\/div>\n\n\n\n<p><br>No es todo, si en las elecciones de 2018 el blanquiazul logr\u00f3 967 mil votos, con Jos\u00e9 de Jes\u00fas Mancha Alarc\u00f3n en la presidencia del comit\u00e9 estatal, arropado por el equipo del ex gobernador Miguel \u00c1ngel Yunes, en 2021, con Guzm\u00e1n Avil\u00e9s, el blanquiazul apenas obtuvo 496 mil sufragios; en pocas palabras, de una elecci\u00f3n a otra, Acci\u00f3n Nacional perdi\u00f3 en Veracruz casi medio mill\u00f3n de votos.<br>Lo mismo ocurre en la comparaci\u00f3n entre las elecciones municipales de 2017 y 2021: sin considerar los votos aportados por las alianzas con otras fuerzas pol\u00edticas, el PAN pas\u00f3 de 26 a 15 por ciento de los sufragios totales; es decir, perdi\u00f3 11 puntos porcentuales.<br>Son p\u00e9simas las cartas credenciales de Guzm\u00e1n Avil\u00e9s, dado que este a\u00f1o, el partido cay\u00f3 a niveles que no se hab\u00edan observado desde hace m\u00e1s de una d\u00e9cada en Veracruz; y de ah\u00ed se agarraron sus adversarios en la contienda interna.<br>Casi de inmediato, el desgastado dirigente estatal intent\u00f3 articular un contraataque; dijo que su comit\u00e9 recibi\u00f3 una herencia de 153 millones de pesos en compromisos por cubrir; es decir, que el anterior dirigente, Jos\u00e9 de Jes\u00fas Mancha Alarc\u00f3n, dej\u00f3 hundido, asfixiado al partido en t\u00e9rminos financieros.<br>Apunt\u00f3 el de Tantoyuca que durante los dos a\u00f1os de su gesti\u00f3n, el PAN fue obligado a cubrir 60 millones de pesos de adeudos heredados por el anterior comit\u00e9. Y amag\u00f3 con expulsar a Mancha Alarc\u00f3n.<br>De igual forma, el dirigente indic\u00f3 que la crisis derivada de las deudas que enfrenta su partido ha impedido fortalecer la acci\u00f3n pol\u00edtica, de tal manera que atribuy\u00f3 los resultados electorales adversos a la falta de recursos.<br>El ex dirigente Jos\u00e9 de Jes\u00fas Mancha, revir\u00f3 a Guzm\u00e1n Avil\u00e9s, al afirmar que su herencia fue de triunfos electorales, a diferencia del actual comit\u00e9: \u201cLo que hered\u00e9 en mi dirigencia fueron triunfos electorales, al contrario de ti, que la derrota es tu legado.<br>Pepe Mancha dej\u00f3 entrever que existe cierto entendimiento entre Joaqu\u00edn Guzm\u00e1n y el gobierno estatal, cuando sostuvo que no lo vio atacar con la misma vehemencia a Morena en las pasadas campa\u00f1as.<br>Al final, en la jornada de arranque de las campa\u00f1as internas, dos puntos quedaron claros: primero, que se equivoca quien piensa que este ser\u00e1 un proceso interno tranquilo; al contrario, parece que el com\u00fan denominador ser\u00e1n las descalificaciones mutuas; y segundo, que Guzm\u00e1n Avil\u00e9s se equivoc\u00f3 de adversario, dado que su contraparte no es Mancha Alarc\u00f3n, sino Tito Delf\u00edn Cano, el otro aspirante registrado.<br>Por cierto, ha trascendido que el grupo de Joaqu\u00edn Guzm\u00e1n buscar\u00e1 ganar en la mesa esta elecci\u00f3n interna de militantes panistas, al acusar supuestas irregularidades en el registro de su adversario, concretamente en lo que se refiere a las firmas presentadas. \u00bfSer\u00e1 que el Chapo, como le conocen en el ambiente pol\u00edtico veracruzano, ya ve perdida su causa y por eso intentar\u00e1 ganar por la descalificaci\u00f3n de su oponente y no por sus propios m\u00e9ritos? @luisromero85<\/p>\n","protected":false},"excerpt":{"rendered":"<p>Luis Alberto Romero Hora cero Los cabezazos y golpes bajos iniciaron apenas comenz\u00f3 la contienda interna por la dirigencia panista en Veracruz.Joaqu\u00edn Guzm\u00e1n asom\u00f3 la cabeza este viernes, al presentar a los integrantes de su planilla, cuando sus adversarios le reventaron en medios informativos un torpedo en la l\u00ednea de flotaci\u00f3n, al recordarle algunos datos [&hellip;]<\/p>\n","protected":false},"author":2,"featured_media":82248,"comment_status":"closed","ping_status":"closed","sticky":false,"template":"","format":"standard","meta":{"tdm_status":"","tdm_grid_status":"","footnotes":""},"categories":[70],"tags":[31312,3288,2980,2669,1510,266,7518],"class_list":{"0":"post-82241","1":"post","2":"type-post","3":"status-publish","4":"format-standard","5":"has-post-thumbnail","7":"category-de-opinion","8":"tag-dirigencia-panista","9":"tag-joaquin-guzman-aviles","10":"tag-jose-de-jesus-mancha-alarcon","11":"tag-luis-alberto-romero","12":"tag-miguel-angel-yunes","13":"tag-pan","14":"tag-tito-delfin-cano"},"yoast_head":"<!-- This site is optimized with the Yoast SEO plugin v27.4 - https:\/\/yoast.com\/product\/yoast-seo-wordpress\/ -->\n<title>La lucha interna en el PAN-Veracruz - Los pol\u00edticos Veracruz<\/title>\n<meta name=\"robots\" content=\"index, follow, max-snippet:-1, max-image-preview:large, max-video-preview:-1\" \/>\n<link rel=\"canonical\" href=\"https:\/\/lospoliticosveracruz.com\/?p=82241\" \/>\n<meta property=\"og:locale\" content=\"es_ES\" \/>\n<meta property=\"og:type\" content=\"article\" \/>\n<meta property=\"og:title\" content=\"La lucha interna en el PAN-Veracruz - Los pol\u00edticos Veracruz\" \/>\n<meta property=\"og:description\" content=\"Luis Alberto Romero Hora cero Los cabezazos y golpes bajos iniciaron apenas comenz\u00f3 la contienda interna por la dirigencia panista en Veracruz.Joaqu\u00edn Guzm\u00e1n asom\u00f3 la cabeza este viernes, al presentar a los integrantes de su planilla, cuando sus adversarios le reventaron en medios informativos un torpedo en la l\u00ednea de flotaci\u00f3n, al recordarle algunos datos [&hellip;]\" \/>\n<meta property=\"og:url\" content=\"https:\/\/lospoliticosveracruz.com\/?p=82241\" \/>\n<meta property=\"og:site_name\" content=\"Los pol\u00edticos Veracruz\" \/>\n<meta property=\"article:publisher\" content=\"https:\/\/www.facebook.com\/people\/Notimemes-de-los-Polticos\/61565672886568\/\" \/>\n<meta property=\"article:published_time\" content=\"2021-11-22T16:39:27+00:00\" \/>\n<meta property=\"article:modified_time\" content=\"2021-11-22T16:41:08+00:00\" \/>\n<meta property=\"og:image\" content=\"https:\/\/lospoliticosveracruz.com\/wp-content\/uploads\/2021\/11\/Tito-Chapito.jpg\" \/>\n\t<meta property=\"og:image:width\" content=\"600\" \/>\n\t<meta property=\"og:image:height\" content=\"320\" \/>\n\t<meta property=\"og:image:type\" content=\"image\/jpeg\" \/>\n<meta name=\"author\" content=\"Lo viste en Los Pol\u00edticos\" \/>\n<meta name=\"twitter:card\" content=\"summary_large_image\" \/>\n<meta name=\"twitter:creator\" content=\"@LosPoliticosVer\" \/>\n<meta name=\"twitter:site\" content=\"@LosPoliticosVer\" \/>\n<meta name=\"twitter:label1\" content=\"Escrito por\" \/>\n\t<meta name=\"twitter:data1\" content=\"Lo viste en Los Pol\u00edticos\" \/>\n\t<meta name=\"twitter:label2\" content=\"Tiempo de lectura\" \/>\n\t<meta name=\"twitter:data2\" content=\"3 minutos\" \/>\n<script type=\"application\/ld+json\" class=\"yoast-schema-graph\">{\"@context\":\"https:\\\/\\\/schema.org\",\"@graph\":[{\"@type\":\"Article\",\"@id\":\"https:\\\/\\\/lospoliticosveracruz.com\\\/?p=82241#article\",\"isPartOf\":{\"@id\":\"https:\\\/\\\/lospoliticosveracruz.com\\\/?p=82241\"},\"author\":{\"name\":\"Lo viste en Los Pol\u00edticos\",\"@id\":\"https:\\\/\\\/lospoliticosveracruz.com\\\/#\\\/schema\\\/person\\\/b8702bb0e538456e6efd07080bf2a4a2\"},\"headline\":\"La lucha interna en el PAN-Veracruz\",\"datePublished\":\"2021-11-22T16:39:27+00:00\",\"dateModified\":\"2021-11-22T16:41:08+00:00\",\"mainEntityOfPage\":{\"@id\":\"https:\\\/\\\/lospoliticosveracruz.com\\\/?p=82241\"},\"wordCount\":611,\"publisher\":{\"@id\":\"https:\\\/\\\/lospoliticosveracruz.com\\\/#organization\"},\"image\":{\"@id\":\"https:\\\/\\\/lospoliticosveracruz.com\\\/?p=82241#primaryimage\"},\"thumbnailUrl\":\"https:\\\/\\\/lospoliticosveracruz.com\\\/wp-content\\\/uploads\\\/2021\\\/11\\\/Tito-Chapito.jpg\",\"keywords\":[\"dirigencia panista\",\"Joaqu\u00edn Guzm\u00e1n Avil\u00e9s\",\"Jos\u00e9 de Jes\u00fas Mancha Alarc\u00f3n\",\"Luis Alberto Romero\",\"Miguel \u00c1ngel Yunes\",\"PAN\",\"Tito Delf\u00edn Cano\"],\"articleSection\":[\"De Opini\u00f3n\"],\"inLanguage\":\"es\"},{\"@type\":\"WebPage\",\"@id\":\"https:\\\/\\\/lospoliticosveracruz.com\\\/?p=82241\",\"url\":\"https:\\\/\\\/lospoliticosveracruz.com\\\/?p=82241\",\"name\":\"La lucha interna en el PAN-Veracruz - Los pol\u00edticos Veracruz\",\"isPartOf\":{\"@id\":\"https:\\\/\\\/lospoliticosveracruz.com\\\/#website\"},\"primaryImageOfPage\":{\"@id\":\"https:\\\/\\\/lospoliticosveracruz.com\\\/?p=82241#primaryimage\"},\"image\":{\"@id\":\"https:\\\/\\\/lospoliticosveracruz.com\\\/?p=82241#primaryimage\"},\"thumbnailUrl\":\"https:\\\/\\\/lospoliticosveracruz.com\\\/wp-content\\\/uploads\\\/2021\\\/11\\\/Tito-Chapito.jpg\",\"datePublished\":\"2021-11-22T16:39:27+00:00\",\"dateModified\":\"2021-11-22T16:41:08+00:00\",\"breadcrumb\":{\"@id\":\"https:\\\/\\\/lospoliticosveracruz.com\\\/?p=82241#breadcrumb\"},\"inLanguage\":\"es\",\"potentialAction\":[{\"@type\":\"ReadAction\",\"target\":[\"https:\\\/\\\/lospoliticosveracruz.com\\\/?p=82241\"]}]},{\"@type\":\"ImageObject\",\"inLanguage\":\"es\",\"@id\":\"https:\\\/\\\/lospoliticosveracruz.com\\\/?p=82241#primaryimage\",\"url\":\"https:\\\/\\\/lospoliticosveracruz.com\\\/wp-content\\\/uploads\\\/2021\\\/11\\\/Tito-Chapito.jpg\",\"contentUrl\":\"https:\\\/\\\/lospoliticosveracruz.com\\\/wp-content\\\/uploads\\\/2021\\\/11\\\/Tito-Chapito.jpg\",\"width\":600,\"height\":320},{\"@type\":\"BreadcrumbList\",\"@id\":\"https:\\\/\\\/lospoliticosveracruz.com\\\/?p=82241#breadcrumb\",\"itemListElement\":[{\"@type\":\"ListItem\",\"position\":1,\"name\":\"Portada\",\"item\":\"https:\\\/\\\/lospoliticosveracruz.com\\\/\"},{\"@type\":\"ListItem\",\"position\":2,\"name\":\"La lucha interna en el PAN-Veracruz\"}]},{\"@type\":\"WebSite\",\"@id\":\"https:\\\/\\\/lospoliticosveracruz.com\\\/#website\",\"url\":\"https:\\\/\\\/lospoliticosveracruz.com\\\/\",\"name\":\"Los pol\u00edticos Veracruz\",\"description\":\"\",\"publisher\":{\"@id\":\"https:\\\/\\\/lospoliticosveracruz.com\\\/#organization\"},\"potentialAction\":[{\"@type\":\"SearchAction\",\"target\":{\"@type\":\"EntryPoint\",\"urlTemplate\":\"https:\\\/\\\/lospoliticosveracruz.com\\\/?s={search_term_string}\"},\"query-input\":{\"@type\":\"PropertyValueSpecification\",\"valueRequired\":true,\"valueName\":\"search_term_string\"}}],\"inLanguage\":\"es\"},{\"@type\":\"Organization\",\"@id\":\"https:\\\/\\\/lospoliticosveracruz.com\\\/#organization\",\"name\":\"Los pol\u00edticos Veracruz\",\"url\":\"https:\\\/\\\/lospoliticosveracruz.com\\\/\",\"logo\":{\"@type\":\"ImageObject\",\"inLanguage\":\"es\",\"@id\":\"https:\\\/\\\/lospoliticosveracruz.com\\\/#\\\/schema\\\/logo\\\/image\\\/\",\"url\":\"https:\\\/\\\/lospoliticosveracruz.com\\\/wp-content\\\/uploads\\\/2025\\\/12\\\/Logo-Nuevo-LOS-POLITICOS-1.jpg\",\"contentUrl\":\"https:\\\/\\\/lospoliticosveracruz.com\\\/wp-content\\\/uploads\\\/2025\\\/12\\\/Logo-Nuevo-LOS-POLITICOS-1.jpg\",\"width\":260,\"height\":70,\"caption\":\"Los pol\u00edticos Veracruz\"},\"image\":{\"@id\":\"https:\\\/\\\/lospoliticosveracruz.com\\\/#\\\/schema\\\/logo\\\/image\\\/\"},\"sameAs\":[\"https:\\\/\\\/www.facebook.com\\\/people\\\/Notimemes-de-los-Polticos\\\/61565672886568\\\/\",\"https:\\\/\\\/x.com\\\/LosPoliticosVer\"]},{\"@type\":\"Person\",\"@id\":\"https:\\\/\\\/lospoliticosveracruz.com\\\/#\\\/schema\\\/person\\\/b8702bb0e538456e6efd07080bf2a4a2\",\"name\":\"Lo viste en Los Pol\u00edticos\",\"image\":{\"@type\":\"ImageObject\",\"inLanguage\":\"es\",\"@id\":\"https:\\\/\\\/secure.gravatar.com\\\/avatar\\\/3a8de04a2656d44082be478bd6c086daa447c4651605818287b9532d3d0bd435?s=96&d=mm&r=g\",\"url\":\"https:\\\/\\\/secure.gravatar.com\\\/avatar\\\/3a8de04a2656d44082be478bd6c086daa447c4651605818287b9532d3d0bd435?s=96&d=mm&r=g\",\"contentUrl\":\"https:\\\/\\\/secure.gravatar.com\\\/avatar\\\/3a8de04a2656d44082be478bd6c086daa447c4651605818287b9532d3d0bd435?s=96&d=mm&r=g\",\"caption\":\"Lo viste en Los Pol\u00edticos\"},\"url\":\"https:\\\/\\\/lospoliticosveracruz.com\\\/?author=2\"}]}<\/script>\n<!-- \/ Yoast SEO plugin. -->","yoast_head_json":{"title":"La lucha interna en el PAN-Veracruz - Los pol\u00edticos Veracruz","robots":{"index":"index","follow":"follow","max-snippet":"max-snippet:-1","max-image-preview":"max-image-preview:large","max-video-preview":"max-video-preview:-1"},"canonical":"https:\/\/lospoliticosveracruz.com\/?p=82241","og_locale":"es_ES","og_type":"article","og_title":"La lucha interna en el PAN-Veracruz - Los pol\u00edticos Veracruz","og_description":"Luis Alberto Romero Hora cero Los cabezazos y golpes bajos iniciaron apenas comenz\u00f3 la contienda interna por la dirigencia panista en Veracruz.Joaqu\u00edn Guzm\u00e1n asom\u00f3 la cabeza este viernes, al presentar a los integrantes de su planilla, cuando sus adversarios le reventaron en medios informativos un torpedo en la l\u00ednea de flotaci\u00f3n, al recordarle algunos datos [&hellip;]","og_url":"https:\/\/lospoliticosveracruz.com\/?p=82241","og_site_name":"Los pol\u00edticos Veracruz","article_publisher":"https:\/\/www.facebook.com\/people\/Notimemes-de-los-Polticos\/61565672886568\/","article_published_time":"2021-11-22T16:39:27+00:00","article_modified_time":"2021-11-22T16:41:08+00:00","og_image":[{"width":600,"height":320,"url":"https:\/\/lospoliticosveracruz.com\/wp-content\/uploads\/2021\/11\/Tito-Chapito.jpg","type":"image\/jpeg"}],"author":"Lo viste en Los Pol\u00edticos","twitter_card":"summary_large_image","twitter_creator":"@LosPoliticosVer","twitter_site":"@LosPoliticosVer","twitter_misc":{"Escrito por":"Lo viste en Los Pol\u00edticos","Tiempo de lectura":"3 minutos"},"schema":{"@context":"https:\/\/schema.org","@graph":[{"@type":"Article","@id":"https:\/\/lospoliticosveracruz.com\/?p=82241#article","isPartOf":{"@id":"https:\/\/lospoliticosveracruz.com\/?p=82241"},"author":{"name":"Lo viste en Los Pol\u00edticos","@id":"https:\/\/lospoliticosveracruz.com\/#\/schema\/person\/b8702bb0e538456e6efd07080bf2a4a2"},"headline":"La lucha interna en el PAN-Veracruz","datePublished":"2021-11-22T16:39:27+00:00","dateModified":"2021-11-22T16:41:08+00:00","mainEntityOfPage":{"@id":"https:\/\/lospoliticosveracruz.com\/?p=82241"},"wordCount":611,"publisher":{"@id":"https:\/\/lospoliticosveracruz.com\/#organization"},"image":{"@id":"https:\/\/lospoliticosveracruz.com\/?p=82241#primaryimage"},"thumbnailUrl":"https:\/\/lospoliticosveracruz.com\/wp-content\/uploads\/2021\/11\/Tito-Chapito.jpg","keywords":["dirigencia panista","Joaqu\u00edn Guzm\u00e1n Avil\u00e9s","Jos\u00e9 de Jes\u00fas Mancha Alarc\u00f3n","Luis Alberto Romero","Miguel \u00c1ngel Yunes","PAN","Tito Delf\u00edn Cano"],"articleSection":["De Opini\u00f3n"],"inLanguage":"es"},{"@type":"WebPage","@id":"https:\/\/lospoliticosveracruz.com\/?p=82241","url":"https:\/\/lospoliticosveracruz.com\/?p=82241","name":"La lucha interna en el PAN-Veracruz - Los pol\u00edticos Veracruz","isPartOf":{"@id":"https:\/\/lospoliticosveracruz.com\/#website"},"primaryImageOfPage":{"@id":"https:\/\/lospoliticosveracruz.com\/?p=82241#primaryimage"},"image":{"@id":"https:\/\/lospoliticosveracruz.com\/?p=82241#primaryimage"},"thumbnailUrl":"https:\/\/lospoliticosveracruz.com\/wp-content\/uploads\/2021\/11\/Tito-Chapito.jpg","datePublished":"2021-11-22T16:39:27+00:00","dateModified":"2021-11-22T16:41:08+00:00","breadcrumb":{"@id":"https:\/\/lospoliticosveracruz.com\/?p=82241#breadcrumb"},"inLanguage":"es","potentialAction":[{"@type":"ReadAction","target":["https:\/\/lospoliticosveracruz.com\/?p=82241"]}]},{"@type":"ImageObject","inLanguage":"es","@id":"https:\/\/lospoliticosveracruz.com\/?p=82241#primaryimage","url":"https:\/\/lospoliticosveracruz.com\/wp-content\/uploads\/2021\/11\/Tito-Chapito.jpg","contentUrl":"https:\/\/lospoliticosveracruz.com\/wp-content\/uploads\/2021\/11\/Tito-Chapito.jpg","width":600,"height":320},{"@type":"BreadcrumbList","@id":"https:\/\/lospoliticosveracruz.com\/?p=82241#breadcrumb","itemListElement":[{"@type":"ListItem","position":1,"name":"Portada","item":"https:\/\/lospoliticosveracruz.com\/"},{"@type":"ListItem","position":2,"name":"La lucha interna en el PAN-Veracruz"}]},{"@type":"WebSite","@id":"https:\/\/lospoliticosveracruz.com\/#website","url":"https:\/\/lospoliticosveracruz.com\/","name":"Los pol\u00edticos Veracruz","description":"","publisher":{"@id":"https:\/\/lospoliticosveracruz.com\/#organization"},"potentialAction":[{"@type":"SearchAction","target":{"@type":"EntryPoint","urlTemplate":"https:\/\/lospoliticosveracruz.com\/?s={search_term_string}"},"query-input":{"@type":"PropertyValueSpecification","valueRequired":true,"valueName":"search_term_string"}}],"inLanguage":"es"},{"@type":"Organization","@id":"https:\/\/lospoliticosveracruz.com\/#organization","name":"Los pol\u00edticos Veracruz","url":"https:\/\/lospoliticosveracruz.com\/","logo":{"@type":"ImageObject","inLanguage":"es","@id":"https:\/\/lospoliticosveracruz.com\/#\/schema\/logo\/image\/","url":"https:\/\/lospoliticosveracruz.com\/wp-content\/uploads\/2025\/12\/Logo-Nuevo-LOS-POLITICOS-1.jpg","contentUrl":"https:\/\/lospoliticosveracruz.com\/wp-content\/uploads\/2025\/12\/Logo-Nuevo-LOS-POLITICOS-1.jpg","width":260,"height":70,"caption":"Los pol\u00edticos Veracruz"},"image":{"@id":"https:\/\/lospoliticosveracruz.com\/#\/schema\/logo\/image\/"},"sameAs":["https:\/\/www.facebook.com\/people\/Notimemes-de-los-Polticos\/61565672886568\/","https:\/\/x.com\/LosPoliticosVer"]},{"@type":"Person","@id":"https:\/\/lospoliticosveracruz.com\/#\/schema\/person\/b8702bb0e538456e6efd07080bf2a4a2","name":"Lo viste en Los Pol\u00edticos","image":{"@type":"ImageObject","inLanguage":"es","@id":"https:\/\/secure.gravatar.com\/avatar\/3a8de04a2656d44082be478bd6c086daa447c4651605818287b9532d3d0bd435?s=96&d=mm&r=g","url":"https:\/\/secure.gravatar.com\/avatar\/3a8de04a2656d44082be478bd6c086daa447c4651605818287b9532d3d0bd435?s=96&d=mm&r=g","contentUrl":"https:\/\/secure.gravatar.com\/avatar\/3a8de04a2656d44082be478bd6c086daa447c4651605818287b9532d3d0bd435?s=96&d=mm&r=g","caption":"Lo viste en Los Pol\u00edticos"},"url":"https:\/\/lospoliticosveracruz.com\/?author=2"}]}},"_links":{"self":[{"href":"https:\/\/lospoliticosveracruz.com\/index.php?rest_route=\/wp\/v2\/posts\/82241","targetHints":{"allow":["GET"]}}],"collection":[{"href":"https:\/\/lospoliticosveracruz.com\/index.php?rest_route=\/wp\/v2\/posts"}],"about":[{"href":"https:\/\/lospoliticosveracruz.com\/index.php?rest_route=\/wp\/v2\/types\/post"}],"author":[{"embeddable":true,"href":"https:\/\/lospoliticosveracruz.com\/index.php?rest_route=\/wp\/v2\/users\/2"}],"replies":[{"embeddable":true,"href":"https:\/\/lospoliticosveracruz.com\/index.php?rest_route=%2Fwp%2Fv2%2Fcomments&post=82241"}],"version-history":[{"count":2,"href":"https:\/\/lospoliticosveracruz.com\/index.php?rest_route=\/wp\/v2\/posts\/82241\/revisions"}],"predecessor-version":[{"id":82250,"href":"https:\/\/lospoliticosveracruz.com\/index.php?rest_route=\/wp\/v2\/posts\/82241\/revisions\/82250"}],"wp:featuredmedia":[{"embeddable":true,"href":"https:\/\/lospoliticosveracruz.com\/index.php?rest_route=\/wp\/v2\/media\/82248"}],"wp:attachment":[{"href":"https:\/\/lospoliticosveracruz.com\/index.php?rest_route=%2Fwp%2Fv2%2Fmedia&parent=82241"}],"wp:term":[{"taxonomy":"category","embeddable":true,"href":"https:\/\/lospoliticosveracruz.com\/index.php?rest_route=%2Fwp%2Fv2%2Fcategories&post=82241"},{"taxonomy":"post_tag","embeddable":true,"href":"https:\/\/lospoliticosveracruz.com\/index.php?rest_route=%2Fwp%2Fv2%2Ftags&post=82241"}],"curies":[{"name":"wp","href":"https:\/\/api.w.org\/{rel}","templated":true}]}}