{"id":82266,"date":"2021-11-22T14:11:37","date_gmt":"2021-11-22T20:11:37","guid":{"rendered":"https:\/\/lospoliticosveracruz.com.mx\/?p=82266"},"modified":"2021-11-22T14:11:42","modified_gmt":"2021-11-22T20:11:42","slug":"fuerzas-armadas-defienden-la-soberania-no-promueven-ideologias-marlon","status":"publish","type":"post","link":"https:\/\/lospoliticosveracruz.com\/?p=82266","title":{"rendered":"Fuerzas Armadas defienden la soberan\u00eda, no promueven ideolog\u00edas: Marlon"},"content":{"rendered":"\n<p><\/p>\n\n\n\n<p><\/p>\n\n\n\n<p><strong>Xalapa<\/strong><\/p>\n\n\n\n<p><br>Las Fuerzas Armadas deben apegarse a promover y ejercer la legalidad, la libertad y la democracia, no a participar en propagandas e ideolog\u00edas partidistas, ni ser parte de ninguna corriente pol\u00edtica, porque es inconstitucional, afirm\u00f3 Marlon Ram\u00edrez Mar\u00edn, presidente del CDE del PRI en Veracruz, respecto a las declaraciones de Luis Crescencio Sandoval, secretario de la Defensa Nacional, quien invit\u00f3 a los mexicanos a unirse a la llamada Cuarta Transformaci\u00f3n.<\/p>\n\n\n\n<p>\u201cEl Ej\u00e9rcito, nuestros soldados, deben apegarse a lo que por mandato constitucional es su funci\u00f3n, que es defender la integridad, la independencia y la soberan\u00eda de la naci\u00f3n; garantizar la seguridad interior; y no distraerse con ning\u00fan proyecto pol\u00edtico, las Fuerzas Armadas no deben tomar ning\u00fan partido\u201d, se\u00f1al\u00f3 durante la ceremonia de incineraci\u00f3n y reposici\u00f3n de bandera, efectuada en la sede estatal del PRI, en el marco del 111 Aniversario de la Revoluci\u00f3n Mexicana.<\/p>\n\n\n\n<p>Refiri\u00f3 que el PRI es un partido de leyes, de instituciones, \u201cporque estamos comprometidos con la legalidad, la transparencia, la justicia y la rendici\u00f3n de cuentas; debemos llevar a cabo este y todos los eventos protocolarios que traigan como prop\u00f3sito fundamental, el que podamos inculcar en nuestros priistas el orgullo de ser mexicanos y veracruzanos.\u201d<\/p>\n\n\n\n<p>En este momento el partido debe reinventarse y reconstruirse, \u201cpor eso en el marco de los trabajos de la XXIII Asamblea Nacional, como militantes, tenemos que decir todo lo que el partido ha construido; en este protocolo de incineraci\u00f3n de nuestro l\u00e1baro patrio, les exhorto a todas y a todos compa\u00f1eras y compa\u00f1eros que inmersos en esta Asamblea hagamos lo que nos corresponda para que el partido cumpla con dos premisas: reforzar la militancia del partido y trabajar esforzadamente para volver a servir al pueblo de M\u00e9xico y al pueblo de Veracruz\u201d, dijo.<\/p>\n\n\n\n<p>En su mensaje, Eliseo Islas Chagoya, secretario de Cultura del CDE, detall\u00f3 que la ceremonia de incineraci\u00f3n se rige bajo el Art\u00edculo 54 bis de la Ley sobre el Escudo, la Bandera y el Himno Nacional, que a la letra dice:\u201d cuando se requiera restituir alguna r\u00e9plica de la bandera nacional, se har\u00e1 mediante la incineraci\u00f3n en acto respetuoso y solemne, las cenizas de la bandera incinerada, deber\u00e1n ser resguardadas o enterradas como s\u00edmbolo de regreso a las entra\u00f1as de la patria.\u201d<\/p>\n\n\n\n<p>\u201cA la bandera nacional que a continuaci\u00f3n ser\u00e1 incinerada, se le han rendido los m\u00e1s altos honores en esta plaza c\u00edvica por m\u00e1s de d\u00e9cada y media, ha encabezado desfiles y ha sido testigo de nuestros triunfos, ha acompa\u00f1ado a grupos art\u00edsticos dentro del territorio nacional y extranjero, nuestra bandera nacional nos unifica y al ondearla libremente nos refrenda nuestro orgullo nacionalista\u201d, expres\u00f3.<\/p>\n\n\n\n<p>Estuvieron presentes en el acto c\u00edvico: Carlos Brito G\u00f3mez y Ricardo Landa Cano, ex presidentes del CDE del PRI; Flor de Roc\u00edo Arrieta, secretaria coordinadora del comit\u00e9 directivo estatal de la CNOP; Leticia Perlasca N\u00fa\u00f1ez, vicepresidenta acad\u00e9mica de la Fundaci\u00f3n Colosio Veracruz; Carlos Rugerio Mart\u00ednez, presidente de la Red de J\u00f3venes por M\u00e9xico en Veracruz; Alfredo Ni\u00f1o Flores, presidente del Comit\u00e9 Municipal del PRI en Xalapa; presidentes y secretarios generales de comit\u00e9s municipales; secretarios, subsecretarios, y personal del CDE; as\u00ed como dirigentes y representantes de sectores, organizaciones y organismos especializados.<\/p>\n","protected":false},"excerpt":{"rendered":"<p>Xalapa Las Fuerzas Armadas deben apegarse a promover y ejercer la legalidad, la libertad y la democracia, no a participar en propagandas e ideolog\u00edas partidistas, ni ser parte de ninguna corriente pol\u00edtica, porque es inconstitucional, afirm\u00f3 Marlon Ram\u00edrez Mar\u00edn, presidente del CDE del PRI en Veracruz, respecto a las declaraciones de Luis Crescencio Sandoval, secretario [&hellip;]<\/p>\n","protected":false},"author":2,"featured_media":0,"comment_status":"closed","ping_status":"closed","sticky":false,"template":"","format":"standard","meta":{"tdm_status":"","tdm_grid_status":"","footnotes":""},"categories":[73],"tags":[1320,12744,2908,20045,431],"class_list":{"0":"post-82266","1":"post","2":"type-post","3":"status-publish","4":"format-standard","6":"category-de-boleto","7":"tag-carlos-brito-gomez","8":"tag-cuarta-transformacion","9":"tag-marlon-ramirez-marin","10":"tag-pri-en-veracruz","11":"tag-ricardo-landa-cano"},"yoast_head":"<!-- This site is optimized with the Yoast SEO plugin v27.4 - https:\/\/yoast.com\/product\/yoast-seo-wordpress\/ -->\n<title>Fuerzas Armadas defienden la soberan\u00eda, no promueven ideolog\u00edas: Marlon - Los pol\u00edticos Veracruz<\/title>\n<meta name=\"robots\" content=\"index, follow, max-snippet:-1, max-image-preview:large, max-video-preview:-1\" \/>\n<link rel=\"canonical\" href=\"https:\/\/lospoliticosveracruz.com\/?p=82266\" \/>\n<meta property=\"og:locale\" content=\"es_ES\" \/>\n<meta property=\"og:type\" content=\"article\" \/>\n<meta property=\"og:title\" content=\"Fuerzas Armadas defienden la soberan\u00eda, no promueven ideolog\u00edas: Marlon - Los pol\u00edticos Veracruz\" \/>\n<meta property=\"og:description\" content=\"Xalapa Las Fuerzas Armadas deben apegarse a promover y ejercer la legalidad, la libertad y la democracia, no a participar en propagandas e ideolog\u00edas partidistas, ni ser parte de ninguna corriente pol\u00edtica, porque es inconstitucional, afirm\u00f3 Marlon Ram\u00edrez Mar\u00edn, presidente del CDE del PRI en Veracruz, respecto a las declaraciones de Luis Crescencio Sandoval, secretario [&hellip;]\" \/>\n<meta property=\"og:url\" content=\"https:\/\/lospoliticosveracruz.com\/?p=82266\" \/>\n<meta property=\"og:site_name\" content=\"Los pol\u00edticos Veracruz\" \/>\n<meta property=\"article:publisher\" content=\"https:\/\/www.facebook.com\/people\/Notimemes-de-los-Polticos\/61565672886568\/\" \/>\n<meta property=\"article:published_time\" content=\"2021-11-22T20:11:37+00:00\" \/>\n<meta property=\"article:modified_time\" content=\"2021-11-22T20:11:42+00:00\" \/>\n<meta property=\"og:image\" content=\"https:\/\/lospoliticosveracruz.com\/wp-content\/uploads\/2016\/07\/Logo-Dor.jpg\" \/>\n\t<meta property=\"og:image:width\" content=\"200\" \/>\n\t<meta property=\"og:image:height\" content=\"200\" \/>\n\t<meta property=\"og:image:type\" content=\"image\/jpeg\" \/>\n<meta name=\"author\" content=\"Lo viste en Los Pol\u00edticos\" \/>\n<meta name=\"twitter:card\" content=\"summary_large_image\" \/>\n<meta name=\"twitter:creator\" content=\"@LosPoliticosVer\" \/>\n<meta name=\"twitter:site\" content=\"@LosPoliticosVer\" \/>\n<meta name=\"twitter:label1\" content=\"Escrito por\" \/>\n\t<meta name=\"twitter:data1\" content=\"Lo viste en Los Pol\u00edticos\" \/>\n\t<meta name=\"twitter:label2\" content=\"Tiempo de lectura\" \/>\n\t<meta name=\"twitter:data2\" content=\"3 minutos\" \/>\n<script type=\"application\/ld+json\" class=\"yoast-schema-graph\">{\"@context\":\"https:\\\/\\\/schema.org\",\"@graph\":[{\"@type\":\"Article\",\"@id\":\"https:\\\/\\\/lospoliticosveracruz.com\\\/?p=82266#article\",\"isPartOf\":{\"@id\":\"https:\\\/\\\/lospoliticosveracruz.com\\\/?p=82266\"},\"author\":{\"name\":\"Lo viste en Los Pol\u00edticos\",\"@id\":\"https:\\\/\\\/lospoliticosveracruz.com\\\/#\\\/schema\\\/person\\\/b8702bb0e538456e6efd07080bf2a4a2\"},\"headline\":\"Fuerzas Armadas defienden la soberan\u00eda, no promueven ideolog\u00edas: Marlon\",\"datePublished\":\"2021-11-22T20:11:37+00:00\",\"dateModified\":\"2021-11-22T20:11:42+00:00\",\"mainEntityOfPage\":{\"@id\":\"https:\\\/\\\/lospoliticosveracruz.com\\\/?p=82266\"},\"wordCount\":585,\"publisher\":{\"@id\":\"https:\\\/\\\/lospoliticosveracruz.com\\\/#organization\"},\"keywords\":[\"Carlos Brito G\u00f3mez\",\"Cuarta Transformaci\u00f3n\",\"Marlon Ram\u00edrez Mar\u00edn\",\"PRI en Veracruz\",\"Ricardo Landa Cano\"],\"articleSection\":[\"De Boleto\"],\"inLanguage\":\"es\"},{\"@type\":\"WebPage\",\"@id\":\"https:\\\/\\\/lospoliticosveracruz.com\\\/?p=82266\",\"url\":\"https:\\\/\\\/lospoliticosveracruz.com\\\/?p=82266\",\"name\":\"Fuerzas Armadas defienden la soberan\u00eda, no promueven ideolog\u00edas: Marlon - Los pol\u00edticos Veracruz\",\"isPartOf\":{\"@id\":\"https:\\\/\\\/lospoliticosveracruz.com\\\/#website\"},\"datePublished\":\"2021-11-22T20:11:37+00:00\",\"dateModified\":\"2021-11-22T20:11:42+00:00\",\"breadcrumb\":{\"@id\":\"https:\\\/\\\/lospoliticosveracruz.com\\\/?p=82266#breadcrumb\"},\"inLanguage\":\"es\",\"potentialAction\":[{\"@type\":\"ReadAction\",\"target\":[\"https:\\\/\\\/lospoliticosveracruz.com\\\/?p=82266\"]}]},{\"@type\":\"BreadcrumbList\",\"@id\":\"https:\\\/\\\/lospoliticosveracruz.com\\\/?p=82266#breadcrumb\",\"itemListElement\":[{\"@type\":\"ListItem\",\"position\":1,\"name\":\"Portada\",\"item\":\"https:\\\/\\\/lospoliticosveracruz.com\\\/\"},{\"@type\":\"ListItem\",\"position\":2,\"name\":\"Fuerzas Armadas defienden la soberan\u00eda, no promueven ideolog\u00edas: Marlon\"}]},{\"@type\":\"WebSite\",\"@id\":\"https:\\\/\\\/lospoliticosveracruz.com\\\/#website\",\"url\":\"https:\\\/\\\/lospoliticosveracruz.com\\\/\",\"name\":\"Los pol\u00edticos Veracruz\",\"description\":\"\",\"publisher\":{\"@id\":\"https:\\\/\\\/lospoliticosveracruz.com\\\/#organization\"},\"potentialAction\":[{\"@type\":\"SearchAction\",\"target\":{\"@type\":\"EntryPoint\",\"urlTemplate\":\"https:\\\/\\\/lospoliticosveracruz.com\\\/?s={search_term_string}\"},\"query-input\":{\"@type\":\"PropertyValueSpecification\",\"valueRequired\":true,\"valueName\":\"search_term_string\"}}],\"inLanguage\":\"es\"},{\"@type\":\"Organization\",\"@id\":\"https:\\\/\\\/lospoliticosveracruz.com\\\/#organization\",\"name\":\"Los pol\u00edticos Veracruz\",\"url\":\"https:\\\/\\\/lospoliticosveracruz.com\\\/\",\"logo\":{\"@type\":\"ImageObject\",\"inLanguage\":\"es\",\"@id\":\"https:\\\/\\\/lospoliticosveracruz.com\\\/#\\\/schema\\\/logo\\\/image\\\/\",\"url\":\"https:\\\/\\\/lospoliticosveracruz.com\\\/wp-content\\\/uploads\\\/2025\\\/12\\\/Logo-Nuevo-LOS-POLITICOS-1.jpg\",\"contentUrl\":\"https:\\\/\\\/lospoliticosveracruz.com\\\/wp-content\\\/uploads\\\/2025\\\/12\\\/Logo-Nuevo-LOS-POLITICOS-1.jpg\",\"width\":260,\"height\":70,\"caption\":\"Los pol\u00edticos Veracruz\"},\"image\":{\"@id\":\"https:\\\/\\\/lospoliticosveracruz.com\\\/#\\\/schema\\\/logo\\\/image\\\/\"},\"sameAs\":[\"https:\\\/\\\/www.facebook.com\\\/people\\\/Notimemes-de-los-Polticos\\\/61565672886568\\\/\",\"https:\\\/\\\/x.com\\\/LosPoliticosVer\"]},{\"@type\":\"Person\",\"@id\":\"https:\\\/\\\/lospoliticosveracruz.com\\\/#\\\/schema\\\/person\\\/b8702bb0e538456e6efd07080bf2a4a2\",\"name\":\"Lo viste en Los Pol\u00edticos\",\"image\":{\"@type\":\"ImageObject\",\"inLanguage\":\"es\",\"@id\":\"https:\\\/\\\/secure.gravatar.com\\\/avatar\\\/3a8de04a2656d44082be478bd6c086daa447c4651605818287b9532d3d0bd435?s=96&d=mm&r=g\",\"url\":\"https:\\\/\\\/secure.gravatar.com\\\/avatar\\\/3a8de04a2656d44082be478bd6c086daa447c4651605818287b9532d3d0bd435?s=96&d=mm&r=g\",\"contentUrl\":\"https:\\\/\\\/secure.gravatar.com\\\/avatar\\\/3a8de04a2656d44082be478bd6c086daa447c4651605818287b9532d3d0bd435?s=96&d=mm&r=g\",\"caption\":\"Lo viste en Los Pol\u00edticos\"},\"url\":\"https:\\\/\\\/lospoliticosveracruz.com\\\/?author=2\"}]}<\/script>\n<!-- \/ Yoast SEO plugin. -->","yoast_head_json":{"title":"Fuerzas Armadas defienden la soberan\u00eda, no promueven ideolog\u00edas: Marlon - Los pol\u00edticos Veracruz","robots":{"index":"index","follow":"follow","max-snippet":"max-snippet:-1","max-image-preview":"max-image-preview:large","max-video-preview":"max-video-preview:-1"},"canonical":"https:\/\/lospoliticosveracruz.com\/?p=82266","og_locale":"es_ES","og_type":"article","og_title":"Fuerzas Armadas defienden la soberan\u00eda, no promueven ideolog\u00edas: Marlon - Los pol\u00edticos Veracruz","og_description":"Xalapa Las Fuerzas Armadas deben apegarse a promover y ejercer la legalidad, la libertad y la democracia, no a participar en propagandas e ideolog\u00edas partidistas, ni ser parte de ninguna corriente pol\u00edtica, porque es inconstitucional, afirm\u00f3 Marlon Ram\u00edrez Mar\u00edn, presidente del CDE del PRI en Veracruz, respecto a las declaraciones de Luis Crescencio Sandoval, secretario [&hellip;]","og_url":"https:\/\/lospoliticosveracruz.com\/?p=82266","og_site_name":"Los pol\u00edticos Veracruz","article_publisher":"https:\/\/www.facebook.com\/people\/Notimemes-de-los-Polticos\/61565672886568\/","article_published_time":"2021-11-22T20:11:37+00:00","article_modified_time":"2021-11-22T20:11:42+00:00","og_image":[{"width":200,"height":200,"url":"https:\/\/lospoliticosveracruz.com\/wp-content\/uploads\/2016\/07\/Logo-Dor.jpg","type":"image\/jpeg"}],"author":"Lo viste en Los Pol\u00edticos","twitter_card":"summary_large_image","twitter_creator":"@LosPoliticosVer","twitter_site":"@LosPoliticosVer","twitter_misc":{"Escrito por":"Lo viste en Los Pol\u00edticos","Tiempo de lectura":"3 minutos"},"schema":{"@context":"https:\/\/schema.org","@graph":[{"@type":"Article","@id":"https:\/\/lospoliticosveracruz.com\/?p=82266#article","isPartOf":{"@id":"https:\/\/lospoliticosveracruz.com\/?p=82266"},"author":{"name":"Lo viste en Los Pol\u00edticos","@id":"https:\/\/lospoliticosveracruz.com\/#\/schema\/person\/b8702bb0e538456e6efd07080bf2a4a2"},"headline":"Fuerzas Armadas defienden la soberan\u00eda, no promueven ideolog\u00edas: Marlon","datePublished":"2021-11-22T20:11:37+00:00","dateModified":"2021-11-22T20:11:42+00:00","mainEntityOfPage":{"@id":"https:\/\/lospoliticosveracruz.com\/?p=82266"},"wordCount":585,"publisher":{"@id":"https:\/\/lospoliticosveracruz.com\/#organization"},"keywords":["Carlos Brito G\u00f3mez","Cuarta Transformaci\u00f3n","Marlon Ram\u00edrez Mar\u00edn","PRI en Veracruz","Ricardo Landa Cano"],"articleSection":["De Boleto"],"inLanguage":"es"},{"@type":"WebPage","@id":"https:\/\/lospoliticosveracruz.com\/?p=82266","url":"https:\/\/lospoliticosveracruz.com\/?p=82266","name":"Fuerzas Armadas defienden la soberan\u00eda, no promueven ideolog\u00edas: Marlon - Los pol\u00edticos Veracruz","isPartOf":{"@id":"https:\/\/lospoliticosveracruz.com\/#website"},"datePublished":"2021-11-22T20:11:37+00:00","dateModified":"2021-11-22T20:11:42+00:00","breadcrumb":{"@id":"https:\/\/lospoliticosveracruz.com\/?p=82266#breadcrumb"},"inLanguage":"es","potentialAction":[{"@type":"ReadAction","target":["https:\/\/lospoliticosveracruz.com\/?p=82266"]}]},{"@type":"BreadcrumbList","@id":"https:\/\/lospoliticosveracruz.com\/?p=82266#breadcrumb","itemListElement":[{"@type":"ListItem","position":1,"name":"Portada","item":"https:\/\/lospoliticosveracruz.com\/"},{"@type":"ListItem","position":2,"name":"Fuerzas Armadas defienden la soberan\u00eda, no promueven ideolog\u00edas: Marlon"}]},{"@type":"WebSite","@id":"https:\/\/lospoliticosveracruz.com\/#website","url":"https:\/\/lospoliticosveracruz.com\/","name":"Los pol\u00edticos Veracruz","description":"","publisher":{"@id":"https:\/\/lospoliticosveracruz.com\/#organization"},"potentialAction":[{"@type":"SearchAction","target":{"@type":"EntryPoint","urlTemplate":"https:\/\/lospoliticosveracruz.com\/?s={search_term_string}"},"query-input":{"@type":"PropertyValueSpecification","valueRequired":true,"valueName":"search_term_string"}}],"inLanguage":"es"},{"@type":"Organization","@id":"https:\/\/lospoliticosveracruz.com\/#organization","name":"Los pol\u00edticos Veracruz","url":"https:\/\/lospoliticosveracruz.com\/","logo":{"@type":"ImageObject","inLanguage":"es","@id":"https:\/\/lospoliticosveracruz.com\/#\/schema\/logo\/image\/","url":"https:\/\/lospoliticosveracruz.com\/wp-content\/uploads\/2025\/12\/Logo-Nuevo-LOS-POLITICOS-1.jpg","contentUrl":"https:\/\/lospoliticosveracruz.com\/wp-content\/uploads\/2025\/12\/Logo-Nuevo-LOS-POLITICOS-1.jpg","width":260,"height":70,"caption":"Los pol\u00edticos Veracruz"},"image":{"@id":"https:\/\/lospoliticosveracruz.com\/#\/schema\/logo\/image\/"},"sameAs":["https:\/\/www.facebook.com\/people\/Notimemes-de-los-Polticos\/61565672886568\/","https:\/\/x.com\/LosPoliticosVer"]},{"@type":"Person","@id":"https:\/\/lospoliticosveracruz.com\/#\/schema\/person\/b8702bb0e538456e6efd07080bf2a4a2","name":"Lo viste en Los Pol\u00edticos","image":{"@type":"ImageObject","inLanguage":"es","@id":"https:\/\/secure.gravatar.com\/avatar\/3a8de04a2656d44082be478bd6c086daa447c4651605818287b9532d3d0bd435?s=96&d=mm&r=g","url":"https:\/\/secure.gravatar.com\/avatar\/3a8de04a2656d44082be478bd6c086daa447c4651605818287b9532d3d0bd435?s=96&d=mm&r=g","contentUrl":"https:\/\/secure.gravatar.com\/avatar\/3a8de04a2656d44082be478bd6c086daa447c4651605818287b9532d3d0bd435?s=96&d=mm&r=g","caption":"Lo viste en Los Pol\u00edticos"},"url":"https:\/\/lospoliticosveracruz.com\/?author=2"}]}},"_links":{"self":[{"href":"https:\/\/lospoliticosveracruz.com\/index.php?rest_route=\/wp\/v2\/posts\/82266","targetHints":{"allow":["GET"]}}],"collection":[{"href":"https:\/\/lospoliticosveracruz.com\/index.php?rest_route=\/wp\/v2\/posts"}],"about":[{"href":"https:\/\/lospoliticosveracruz.com\/index.php?rest_route=\/wp\/v2\/types\/post"}],"author":[{"embeddable":true,"href":"https:\/\/lospoliticosveracruz.com\/index.php?rest_route=\/wp\/v2\/users\/2"}],"replies":[{"embeddable":true,"href":"https:\/\/lospoliticosveracruz.com\/index.php?rest_route=%2Fwp%2Fv2%2Fcomments&post=82266"}],"version-history":[{"count":1,"href":"https:\/\/lospoliticosveracruz.com\/index.php?rest_route=\/wp\/v2\/posts\/82266\/revisions"}],"predecessor-version":[{"id":82268,"href":"https:\/\/lospoliticosveracruz.com\/index.php?rest_route=\/wp\/v2\/posts\/82266\/revisions\/82268"}],"wp:attachment":[{"href":"https:\/\/lospoliticosveracruz.com\/index.php?rest_route=%2Fwp%2Fv2%2Fmedia&parent=82266"}],"wp:term":[{"taxonomy":"category","embeddable":true,"href":"https:\/\/lospoliticosveracruz.com\/index.php?rest_route=%2Fwp%2Fv2%2Fcategories&post=82266"},{"taxonomy":"post_tag","embeddable":true,"href":"https:\/\/lospoliticosveracruz.com\/index.php?rest_route=%2Fwp%2Fv2%2Ftags&post=82266"}],"curies":[{"name":"wp","href":"https:\/\/api.w.org\/{rel}","templated":true}]}}