{"id":82269,"date":"2021-11-22T14:20:13","date_gmt":"2021-11-22T20:20:13","guid":{"rendered":"https:\/\/lospoliticosveracruz.com.mx\/?p=82269"},"modified":"2021-11-22T14:20:19","modified_gmt":"2021-11-22T20:20:19","slug":"prd-sin-compromisos-con-morenos","status":"publish","type":"post","link":"https:\/\/lospoliticosveracruz.com\/?p=82269","title":{"rendered":"PRD, sin compromisos con Morenos"},"content":{"rendered":"\n<p><\/p>\n\n\n\n<p><\/p>\n\n\n\n<p><strong>Xalapa<\/strong><\/p>\n\n\n\n<p><br>Tras asistir a la comparecencia del Secretario de Gobierno, Erick Cisneros Burgos, el dirigente estatal de PRD, Sergio Cadena Mart\u00ednez afirm\u00f3 que no hay acuerdos con el gobierno del Estado, confirmando que asisti\u00f3 por invitaci\u00f3n y en calidad de dem\u00f3crata a escuchar, para as\u00ed dar una valoraci\u00f3n puntual de lo hoy informado, lo que posteriormente har\u00e1 con el resto de los Secretarios.<\/p>\n\n\n\n<p>\u201cEl PRD ha sido muy puntual se\u00f1alando errores y omisiones de la actual administraci\u00f3n estatal y as\u00ed lo seguiremos haciendo, no hay ning\u00fan acuerdo con el gobierno, hay solidaridad y respaldo para las y los veracruzanos; El gobierno deja mucho que desear, no ha cumplido las expectativas, las metas y vamos a estar se\u00f1alando punto por punto, conforme vayan pasando los secretarios\u201d, apunt\u00f3.<\/p>\n\n\n\n<p>En torno a las manifestaciones de diferentes actores en contra de la actual dirigencia, mencion\u00f3 que ellos lo que tienen es un enfoque diferente, \u201cyo concibo la pol\u00edtica como la forma para generar acuerdos para generar bienestar, estar peleando con el gobierno solo por pelear no nos conduce a nada\u201d.<\/p>\n\n\n\n<p>\u201cLa pol\u00edtica se encarga de establecer los puentes de comunicaci\u00f3n para lograr acuerdos, no en favor solo de un solo grupo de perredistas, sino en favor de las y los veracruzanos, yo respeto sus puntos de vista, no los comparto, es momento de reconstruir al PRD, unir al PRD pero sobre todo luchar para que Veracruz tenga prosperidad\u201d, detall\u00f3.<\/p>\n\n\n\n<p>Cadena Mart\u00ednez record\u00f3 que el PRD es y ha sido el partido m\u00e1s cr\u00edtico en la entidad, pero tambi\u00e9n sabe aportar propuestas, con una dirigencia que ha luchado contra grandes adversidades, ya que dijo nunca en la historia del partido se hab\u00edan presentado acciones de parte del gobierno como sucede ahora.<\/p>\n\n\n\n<p>Finalmente, el l\u00edder estatal perredistas se refiri\u00f3 a sus compa\u00f1eros perredistas que han sido detenidos en la presente administraci\u00f3n relacionados con el pasado proceso electoral, destacando que est\u00e1 convencido de que los asuntos legales se pelean en los tribunales.<\/p>\n\n\n\n<p>\u201cEllos correctamente lo est\u00e1n haciendo, sus abogados est\u00e1n haciendo lo propio y nosotros le estamos dando todo nuestro respaldo pol\u00edtico, nuestra solidaridad, el respaldo de los amigos perredistas, se los hemos hecho patente, est\u00e1n bien, tranquilos, esperando que se haga justicia\u201d, concluy\u00f3.<\/p>\n","protected":false},"excerpt":{"rendered":"<p>Xalapa Tras asistir a la comparecencia del Secretario de Gobierno, Erick Cisneros Burgos, el dirigente estatal de PRD, Sergio Cadena Mart\u00ednez afirm\u00f3 que no hay acuerdos con el gobierno del Estado, confirmando que asisti\u00f3 por invitaci\u00f3n y en calidad de dem\u00f3crata a escuchar, para as\u00ed dar una valoraci\u00f3n puntual de lo hoy informado, lo que [&hellip;]<\/p>\n","protected":false},"author":2,"featured_media":0,"comment_status":"closed","ping_status":"closed","sticky":false,"template":"","format":"standard","meta":{"tdm_status":"","tdm_grid_status":"","footnotes":""},"categories":[73],"tags":[31316,1026,107,7887,195],"class_list":{"0":"post-82269","1":"post","2":"type-post","3":"status-publish","4":"format-standard","6":"category-de-boleto","7":"tag-erick-cisneros-burgos","8":"tag-morena","9":"tag-prd","10":"tag-sergio-cadena-martinez","11":"tag-veracruz"},"yoast_head":"<!-- This site is optimized with the Yoast SEO plugin v27.4 - https:\/\/yoast.com\/product\/yoast-seo-wordpress\/ -->\n<title>PRD, sin compromisos con Morenos - Los pol\u00edticos Veracruz<\/title>\n<meta name=\"robots\" content=\"index, follow, max-snippet:-1, max-image-preview:large, max-video-preview:-1\" \/>\n<link rel=\"canonical\" href=\"https:\/\/lospoliticosveracruz.com\/?p=82269\" \/>\n<meta property=\"og:locale\" content=\"es_ES\" \/>\n<meta property=\"og:type\" content=\"article\" \/>\n<meta property=\"og:title\" content=\"PRD, sin compromisos con Morenos - Los pol\u00edticos Veracruz\" \/>\n<meta property=\"og:description\" content=\"Xalapa Tras asistir a la comparecencia del Secretario de Gobierno, Erick Cisneros Burgos, el dirigente estatal de PRD, Sergio Cadena Mart\u00ednez afirm\u00f3 que no hay acuerdos con el gobierno del Estado, confirmando que asisti\u00f3 por invitaci\u00f3n y en calidad de dem\u00f3crata a escuchar, para as\u00ed dar una valoraci\u00f3n puntual de lo hoy informado, lo que [&hellip;]\" \/>\n<meta property=\"og:url\" content=\"https:\/\/lospoliticosveracruz.com\/?p=82269\" \/>\n<meta property=\"og:site_name\" content=\"Los pol\u00edticos Veracruz\" \/>\n<meta property=\"article:publisher\" content=\"https:\/\/www.facebook.com\/people\/Notimemes-de-los-Polticos\/61565672886568\/\" \/>\n<meta property=\"article:published_time\" content=\"2021-11-22T20:20:13+00:00\" \/>\n<meta property=\"article:modified_time\" content=\"2021-11-22T20:20:19+00:00\" \/>\n<meta property=\"og:image\" content=\"https:\/\/lospoliticosveracruz.com\/wp-content\/uploads\/2016\/07\/Logo-Dor.jpg\" \/>\n\t<meta property=\"og:image:width\" content=\"200\" \/>\n\t<meta property=\"og:image:height\" content=\"200\" \/>\n\t<meta property=\"og:image:type\" content=\"image\/jpeg\" \/>\n<meta name=\"author\" content=\"Lo viste en Los Pol\u00edticos\" \/>\n<meta name=\"twitter:card\" content=\"summary_large_image\" \/>\n<meta name=\"twitter:creator\" content=\"@LosPoliticosVer\" \/>\n<meta name=\"twitter:site\" content=\"@LosPoliticosVer\" \/>\n<meta name=\"twitter:label1\" content=\"Escrito por\" \/>\n\t<meta name=\"twitter:data1\" content=\"Lo viste en Los Pol\u00edticos\" \/>\n\t<meta name=\"twitter:label2\" content=\"Tiempo de lectura\" \/>\n\t<meta name=\"twitter:data2\" content=\"2 minutos\" \/>\n<script type=\"application\/ld+json\" class=\"yoast-schema-graph\">{\"@context\":\"https:\\\/\\\/schema.org\",\"@graph\":[{\"@type\":\"Article\",\"@id\":\"https:\\\/\\\/lospoliticosveracruz.com\\\/?p=82269#article\",\"isPartOf\":{\"@id\":\"https:\\\/\\\/lospoliticosveracruz.com\\\/?p=82269\"},\"author\":{\"name\":\"Lo viste en Los Pol\u00edticos\",\"@id\":\"https:\\\/\\\/lospoliticosveracruz.com\\\/#\\\/schema\\\/person\\\/b8702bb0e538456e6efd07080bf2a4a2\"},\"headline\":\"PRD, sin compromisos con Morenos\",\"datePublished\":\"2021-11-22T20:20:13+00:00\",\"dateModified\":\"2021-11-22T20:20:19+00:00\",\"mainEntityOfPage\":{\"@id\":\"https:\\\/\\\/lospoliticosveracruz.com\\\/?p=82269\"},\"wordCount\":395,\"publisher\":{\"@id\":\"https:\\\/\\\/lospoliticosveracruz.com\\\/#organization\"},\"keywords\":[\"Erick Cisneros Burgos\",\"Morena\",\"PRD\",\"Sergio Cadena Mart\u00ednez\",\"Veracruz\"],\"articleSection\":[\"De Boleto\"],\"inLanguage\":\"es\"},{\"@type\":\"WebPage\",\"@id\":\"https:\\\/\\\/lospoliticosveracruz.com\\\/?p=82269\",\"url\":\"https:\\\/\\\/lospoliticosveracruz.com\\\/?p=82269\",\"name\":\"PRD, sin compromisos con Morenos - Los pol\u00edticos Veracruz\",\"isPartOf\":{\"@id\":\"https:\\\/\\\/lospoliticosveracruz.com\\\/#website\"},\"datePublished\":\"2021-11-22T20:20:13+00:00\",\"dateModified\":\"2021-11-22T20:20:19+00:00\",\"breadcrumb\":{\"@id\":\"https:\\\/\\\/lospoliticosveracruz.com\\\/?p=82269#breadcrumb\"},\"inLanguage\":\"es\",\"potentialAction\":[{\"@type\":\"ReadAction\",\"target\":[\"https:\\\/\\\/lospoliticosveracruz.com\\\/?p=82269\"]}]},{\"@type\":\"BreadcrumbList\",\"@id\":\"https:\\\/\\\/lospoliticosveracruz.com\\\/?p=82269#breadcrumb\",\"itemListElement\":[{\"@type\":\"ListItem\",\"position\":1,\"name\":\"Portada\",\"item\":\"https:\\\/\\\/lospoliticosveracruz.com\\\/\"},{\"@type\":\"ListItem\",\"position\":2,\"name\":\"PRD, sin compromisos con Morenos\"}]},{\"@type\":\"WebSite\",\"@id\":\"https:\\\/\\\/lospoliticosveracruz.com\\\/#website\",\"url\":\"https:\\\/\\\/lospoliticosveracruz.com\\\/\",\"name\":\"Los pol\u00edticos Veracruz\",\"description\":\"\",\"publisher\":{\"@id\":\"https:\\\/\\\/lospoliticosveracruz.com\\\/#organization\"},\"potentialAction\":[{\"@type\":\"SearchAction\",\"target\":{\"@type\":\"EntryPoint\",\"urlTemplate\":\"https:\\\/\\\/lospoliticosveracruz.com\\\/?s={search_term_string}\"},\"query-input\":{\"@type\":\"PropertyValueSpecification\",\"valueRequired\":true,\"valueName\":\"search_term_string\"}}],\"inLanguage\":\"es\"},{\"@type\":\"Organization\",\"@id\":\"https:\\\/\\\/lospoliticosveracruz.com\\\/#organization\",\"name\":\"Los pol\u00edticos Veracruz\",\"url\":\"https:\\\/\\\/lospoliticosveracruz.com\\\/\",\"logo\":{\"@type\":\"ImageObject\",\"inLanguage\":\"es\",\"@id\":\"https:\\\/\\\/lospoliticosveracruz.com\\\/#\\\/schema\\\/logo\\\/image\\\/\",\"url\":\"https:\\\/\\\/lospoliticosveracruz.com\\\/wp-content\\\/uploads\\\/2025\\\/12\\\/Logo-Nuevo-LOS-POLITICOS-1.jpg\",\"contentUrl\":\"https:\\\/\\\/lospoliticosveracruz.com\\\/wp-content\\\/uploads\\\/2025\\\/12\\\/Logo-Nuevo-LOS-POLITICOS-1.jpg\",\"width\":260,\"height\":70,\"caption\":\"Los pol\u00edticos Veracruz\"},\"image\":{\"@id\":\"https:\\\/\\\/lospoliticosveracruz.com\\\/#\\\/schema\\\/logo\\\/image\\\/\"},\"sameAs\":[\"https:\\\/\\\/www.facebook.com\\\/people\\\/Notimemes-de-los-Polticos\\\/61565672886568\\\/\",\"https:\\\/\\\/x.com\\\/LosPoliticosVer\"]},{\"@type\":\"Person\",\"@id\":\"https:\\\/\\\/lospoliticosveracruz.com\\\/#\\\/schema\\\/person\\\/b8702bb0e538456e6efd07080bf2a4a2\",\"name\":\"Lo viste en Los Pol\u00edticos\",\"image\":{\"@type\":\"ImageObject\",\"inLanguage\":\"es\",\"@id\":\"https:\\\/\\\/secure.gravatar.com\\\/avatar\\\/3a8de04a2656d44082be478bd6c086daa447c4651605818287b9532d3d0bd435?s=96&d=mm&r=g\",\"url\":\"https:\\\/\\\/secure.gravatar.com\\\/avatar\\\/3a8de04a2656d44082be478bd6c086daa447c4651605818287b9532d3d0bd435?s=96&d=mm&r=g\",\"contentUrl\":\"https:\\\/\\\/secure.gravatar.com\\\/avatar\\\/3a8de04a2656d44082be478bd6c086daa447c4651605818287b9532d3d0bd435?s=96&d=mm&r=g\",\"caption\":\"Lo viste en Los Pol\u00edticos\"},\"url\":\"https:\\\/\\\/lospoliticosveracruz.com\\\/?author=2\"}]}<\/script>\n<!-- \/ Yoast SEO plugin. -->","yoast_head_json":{"title":"PRD, sin compromisos con Morenos - Los pol\u00edticos Veracruz","robots":{"index":"index","follow":"follow","max-snippet":"max-snippet:-1","max-image-preview":"max-image-preview:large","max-video-preview":"max-video-preview:-1"},"canonical":"https:\/\/lospoliticosveracruz.com\/?p=82269","og_locale":"es_ES","og_type":"article","og_title":"PRD, sin compromisos con Morenos - Los pol\u00edticos Veracruz","og_description":"Xalapa Tras asistir a la comparecencia del Secretario de Gobierno, Erick Cisneros Burgos, el dirigente estatal de PRD, Sergio Cadena Mart\u00ednez afirm\u00f3 que no hay acuerdos con el gobierno del Estado, confirmando que asisti\u00f3 por invitaci\u00f3n y en calidad de dem\u00f3crata a escuchar, para as\u00ed dar una valoraci\u00f3n puntual de lo hoy informado, lo que [&hellip;]","og_url":"https:\/\/lospoliticosveracruz.com\/?p=82269","og_site_name":"Los pol\u00edticos Veracruz","article_publisher":"https:\/\/www.facebook.com\/people\/Notimemes-de-los-Polticos\/61565672886568\/","article_published_time":"2021-11-22T20:20:13+00:00","article_modified_time":"2021-11-22T20:20:19+00:00","og_image":[{"width":200,"height":200,"url":"https:\/\/lospoliticosveracruz.com\/wp-content\/uploads\/2016\/07\/Logo-Dor.jpg","type":"image\/jpeg"}],"author":"Lo viste en Los Pol\u00edticos","twitter_card":"summary_large_image","twitter_creator":"@LosPoliticosVer","twitter_site":"@LosPoliticosVer","twitter_misc":{"Escrito por":"Lo viste en Los Pol\u00edticos","Tiempo de lectura":"2 minutos"},"schema":{"@context":"https:\/\/schema.org","@graph":[{"@type":"Article","@id":"https:\/\/lospoliticosveracruz.com\/?p=82269#article","isPartOf":{"@id":"https:\/\/lospoliticosveracruz.com\/?p=82269"},"author":{"name":"Lo viste en Los Pol\u00edticos","@id":"https:\/\/lospoliticosveracruz.com\/#\/schema\/person\/b8702bb0e538456e6efd07080bf2a4a2"},"headline":"PRD, sin compromisos con Morenos","datePublished":"2021-11-22T20:20:13+00:00","dateModified":"2021-11-22T20:20:19+00:00","mainEntityOfPage":{"@id":"https:\/\/lospoliticosveracruz.com\/?p=82269"},"wordCount":395,"publisher":{"@id":"https:\/\/lospoliticosveracruz.com\/#organization"},"keywords":["Erick Cisneros Burgos","Morena","PRD","Sergio Cadena Mart\u00ednez","Veracruz"],"articleSection":["De Boleto"],"inLanguage":"es"},{"@type":"WebPage","@id":"https:\/\/lospoliticosveracruz.com\/?p=82269","url":"https:\/\/lospoliticosveracruz.com\/?p=82269","name":"PRD, sin compromisos con Morenos - Los pol\u00edticos Veracruz","isPartOf":{"@id":"https:\/\/lospoliticosveracruz.com\/#website"},"datePublished":"2021-11-22T20:20:13+00:00","dateModified":"2021-11-22T20:20:19+00:00","breadcrumb":{"@id":"https:\/\/lospoliticosveracruz.com\/?p=82269#breadcrumb"},"inLanguage":"es","potentialAction":[{"@type":"ReadAction","target":["https:\/\/lospoliticosveracruz.com\/?p=82269"]}]},{"@type":"BreadcrumbList","@id":"https:\/\/lospoliticosveracruz.com\/?p=82269#breadcrumb","itemListElement":[{"@type":"ListItem","position":1,"name":"Portada","item":"https:\/\/lospoliticosveracruz.com\/"},{"@type":"ListItem","position":2,"name":"PRD, sin compromisos con Morenos"}]},{"@type":"WebSite","@id":"https:\/\/lospoliticosveracruz.com\/#website","url":"https:\/\/lospoliticosveracruz.com\/","name":"Los pol\u00edticos Veracruz","description":"","publisher":{"@id":"https:\/\/lospoliticosveracruz.com\/#organization"},"potentialAction":[{"@type":"SearchAction","target":{"@type":"EntryPoint","urlTemplate":"https:\/\/lospoliticosveracruz.com\/?s={search_term_string}"},"query-input":{"@type":"PropertyValueSpecification","valueRequired":true,"valueName":"search_term_string"}}],"inLanguage":"es"},{"@type":"Organization","@id":"https:\/\/lospoliticosveracruz.com\/#organization","name":"Los pol\u00edticos Veracruz","url":"https:\/\/lospoliticosveracruz.com\/","logo":{"@type":"ImageObject","inLanguage":"es","@id":"https:\/\/lospoliticosveracruz.com\/#\/schema\/logo\/image\/","url":"https:\/\/lospoliticosveracruz.com\/wp-content\/uploads\/2025\/12\/Logo-Nuevo-LOS-POLITICOS-1.jpg","contentUrl":"https:\/\/lospoliticosveracruz.com\/wp-content\/uploads\/2025\/12\/Logo-Nuevo-LOS-POLITICOS-1.jpg","width":260,"height":70,"caption":"Los pol\u00edticos Veracruz"},"image":{"@id":"https:\/\/lospoliticosveracruz.com\/#\/schema\/logo\/image\/"},"sameAs":["https:\/\/www.facebook.com\/people\/Notimemes-de-los-Polticos\/61565672886568\/","https:\/\/x.com\/LosPoliticosVer"]},{"@type":"Person","@id":"https:\/\/lospoliticosveracruz.com\/#\/schema\/person\/b8702bb0e538456e6efd07080bf2a4a2","name":"Lo viste en Los Pol\u00edticos","image":{"@type":"ImageObject","inLanguage":"es","@id":"https:\/\/secure.gravatar.com\/avatar\/3a8de04a2656d44082be478bd6c086daa447c4651605818287b9532d3d0bd435?s=96&d=mm&r=g","url":"https:\/\/secure.gravatar.com\/avatar\/3a8de04a2656d44082be478bd6c086daa447c4651605818287b9532d3d0bd435?s=96&d=mm&r=g","contentUrl":"https:\/\/secure.gravatar.com\/avatar\/3a8de04a2656d44082be478bd6c086daa447c4651605818287b9532d3d0bd435?s=96&d=mm&r=g","caption":"Lo viste en Los Pol\u00edticos"},"url":"https:\/\/lospoliticosveracruz.com\/?author=2"}]}},"_links":{"self":[{"href":"https:\/\/lospoliticosveracruz.com\/index.php?rest_route=\/wp\/v2\/posts\/82269","targetHints":{"allow":["GET"]}}],"collection":[{"href":"https:\/\/lospoliticosveracruz.com\/index.php?rest_route=\/wp\/v2\/posts"}],"about":[{"href":"https:\/\/lospoliticosveracruz.com\/index.php?rest_route=\/wp\/v2\/types\/post"}],"author":[{"embeddable":true,"href":"https:\/\/lospoliticosveracruz.com\/index.php?rest_route=\/wp\/v2\/users\/2"}],"replies":[{"embeddable":true,"href":"https:\/\/lospoliticosveracruz.com\/index.php?rest_route=%2Fwp%2Fv2%2Fcomments&post=82269"}],"version-history":[{"count":1,"href":"https:\/\/lospoliticosveracruz.com\/index.php?rest_route=\/wp\/v2\/posts\/82269\/revisions"}],"predecessor-version":[{"id":82271,"href":"https:\/\/lospoliticosveracruz.com\/index.php?rest_route=\/wp\/v2\/posts\/82269\/revisions\/82271"}],"wp:attachment":[{"href":"https:\/\/lospoliticosveracruz.com\/index.php?rest_route=%2Fwp%2Fv2%2Fmedia&parent=82269"}],"wp:term":[{"taxonomy":"category","embeddable":true,"href":"https:\/\/lospoliticosveracruz.com\/index.php?rest_route=%2Fwp%2Fv2%2Fcategories&post=82269"},{"taxonomy":"post_tag","embeddable":true,"href":"https:\/\/lospoliticosveracruz.com\/index.php?rest_route=%2Fwp%2Fv2%2Ftags&post=82269"}],"curies":[{"name":"wp","href":"https:\/\/api.w.org\/{rel}","templated":true}]}}