{"id":82343,"date":"2021-11-24T08:48:21","date_gmt":"2021-11-24T14:48:21","guid":{"rendered":"https:\/\/lospoliticosveracruz.com.mx\/?p=82343"},"modified":"2021-11-24T08:48:27","modified_gmt":"2021-11-24T14:48:27","slug":"amlo-un-estadista-ante-la-onu-maleno","status":"publish","type":"post","link":"https:\/\/lospoliticosveracruz.com\/?p=82343","title":{"rendered":"AMLO, un Estadista ante la ONU: Maleno"},"content":{"rendered":"\n<p><\/p>\n\n\n\n<p><\/p>\n\n\n\n<p><strong>Xalapa<\/strong><\/p>\n\n\n\n<p><strong><br><\/strong>Con su participaci\u00f3n en el Consejo de Seguridad de la Organizaci\u00f3n de las Naciones Unidas (ONU), el presidente Andr\u00e9s Manuel L\u00f3pez Obrador dej\u00f3, una vez m\u00e1s, constancia de su aut\u00e9ntica e incuestionable preocupaci\u00f3n por el pueblo de M\u00e9xico, como por los menos favorecidos del mundo, al anunciar un Plan Mundial de Fraternidad y Bienestar.<\/p>\n\n\n\n<p>Afirm\u00f3 el diputado Jos\u00e9 Magdaleno Rosales Torres, integrante de la LXVI Legislatura del Congreso de Estado, y Secretario de Estudios y Proyectos de Naci\u00f3n del Comit\u00e9 Ejecutivo Nacional de Morena, en entrevista, al solicitarle su opini\u00f3n sobre la participaci\u00f3n del titular del Ejecutivo Federal, en d\u00edas pasados, en el foro de la ONU, en Nueva York.<\/p>\n\n\n\n<p>Con lo que reafirm\u00f3 su incuestionable visi\u00f3n de estadista al sustentar, agreg\u00f3 el legislador veracruzano, su propuesta, que permitir\u00eda garantizar el derecho a una vida digna de los cientos de millones de pobres que existen en el mundo, libre de temores y miserias, y que es y debe ser el cimiento para la convivencia segura a la que aspiramos todos los seres humanos.<\/p>\n\n\n\n<p>En MORENA, se\u00f1al\u00f3 Rosales Torres, estamos convencidos y as\u00ed lo expres\u00f3 el Presidente, dijo, que es desterrando la corrupci\u00f3n de todos los niveles de la actividad humana, y aplicando los recursos que la sostienen en favor del pueblo, porque \u201cpor el bien de todos, primero los pobres\u201d, es como se construir\u00e1 la estabilidad y paz a la que todos en M\u00e9xico y en todo el planeta aspiramos.<\/p>\n\n\n\n<p>Antes que llevar a este foro mundial un discurso belicista o de ruptura, agreg\u00f3 el representante popular del Distrito de Medell\u00edn, el Presidente L\u00f3pez Obrador present\u00f3 una propuesta con la que reafirma su intachable visi\u00f3n humanista, comparte con el mundo, alejado de todo protagonismo, enfatiz\u00f3, este Plan y propone que sea la propia ONU quien lo eche a andar.<\/p>\n\n\n\n<p>Para concluir, el legislador por el Distrito de Medell\u00edn y fundador del organismo pol\u00edtico que representa en la LXVI Legislatura del Estado, destac\u00f3 que el Presidente de M\u00e9xico fue muy claro y contundente en su participaci\u00f3n, al se\u00f1alar que nunca, la ONU, ha hecho algo realmente importante en favor de los pobres.<\/p>\n\n\n\n<p>Que estamos a tiempo a\u00fan, continu\u00f3, para hacer justicia, para actuar contra la marginaci\u00f3n; \u201ciniciativa que le ha merecido a Andr\u00e9s Manuel, el reconocimiento internacional de gobiernos y organizaciones dedicadas a la lucha contra la pobreza y que todos los mexicanos debemos respaldar, por su gran envergadura y trascendencia\u201d, finaliz\u00f3.<\/p>\n","protected":false},"excerpt":{"rendered":"<p>Xalapa Con su participaci\u00f3n en el Consejo de Seguridad de la Organizaci\u00f3n de las Naciones Unidas (ONU), el presidente Andr\u00e9s Manuel L\u00f3pez Obrador dej\u00f3, una vez m\u00e1s, constancia de su aut\u00e9ntica e incuestionable preocupaci\u00f3n por el pueblo de M\u00e9xico, como por los menos favorecidos del mundo, al anunciar un Plan Mundial de Fraternidad y Bienestar. [&hellip;]<\/p>\n","protected":false},"author":2,"featured_media":0,"comment_status":"closed","ping_status":"closed","sticky":false,"template":"","format":"standard","meta":{"tdm_status":"","tdm_grid_status":"","footnotes":""},"categories":[73],"tags":[618,17020,14327,1026,385,31332,195],"class_list":{"0":"post-82343","1":"post","2":"type-post","3":"status-publish","4":"format-standard","6":"category-de-boleto","7":"tag-andres-manuel-lopez-obrador","8":"tag-bienestar","9":"tag-magdaleno-rosales-torres","10":"tag-morena","11":"tag-onu","12":"tag-plan-mundial-de-fraternidad","13":"tag-veracruz"},"yoast_head":"<!-- This site is optimized with the Yoast SEO plugin v27.4 - https:\/\/yoast.com\/product\/yoast-seo-wordpress\/ -->\n<title>AMLO, un Estadista ante la ONU: Maleno - Los pol\u00edticos Veracruz<\/title>\n<meta name=\"robots\" content=\"index, follow, max-snippet:-1, max-image-preview:large, max-video-preview:-1\" \/>\n<link rel=\"canonical\" href=\"https:\/\/lospoliticosveracruz.com\/?p=82343\" \/>\n<meta property=\"og:locale\" content=\"es_ES\" \/>\n<meta property=\"og:type\" content=\"article\" \/>\n<meta property=\"og:title\" content=\"AMLO, un Estadista ante la ONU: Maleno - Los pol\u00edticos Veracruz\" \/>\n<meta property=\"og:description\" content=\"Xalapa Con su participaci\u00f3n en el Consejo de Seguridad de la Organizaci\u00f3n de las Naciones Unidas (ONU), el presidente Andr\u00e9s Manuel L\u00f3pez Obrador dej\u00f3, una vez m\u00e1s, constancia de su aut\u00e9ntica e incuestionable preocupaci\u00f3n por el pueblo de M\u00e9xico, como por los menos favorecidos del mundo, al anunciar un Plan Mundial de Fraternidad y Bienestar. [&hellip;]\" \/>\n<meta property=\"og:url\" content=\"https:\/\/lospoliticosveracruz.com\/?p=82343\" \/>\n<meta property=\"og:site_name\" content=\"Los pol\u00edticos Veracruz\" \/>\n<meta property=\"article:publisher\" content=\"https:\/\/www.facebook.com\/people\/Notimemes-de-los-Polticos\/61565672886568\/\" \/>\n<meta property=\"article:published_time\" content=\"2021-11-24T14:48:21+00:00\" \/>\n<meta property=\"article:modified_time\" content=\"2021-11-24T14:48:27+00:00\" \/>\n<meta property=\"og:image\" content=\"https:\/\/lospoliticosveracruz.com\/wp-content\/uploads\/2016\/07\/Logo-Dor.jpg\" \/>\n\t<meta property=\"og:image:width\" content=\"200\" \/>\n\t<meta property=\"og:image:height\" content=\"200\" \/>\n\t<meta property=\"og:image:type\" content=\"image\/jpeg\" \/>\n<meta name=\"author\" content=\"Lo viste en Los Pol\u00edticos\" \/>\n<meta name=\"twitter:card\" content=\"summary_large_image\" \/>\n<meta name=\"twitter:creator\" content=\"@LosPoliticosVer\" \/>\n<meta name=\"twitter:site\" content=\"@LosPoliticosVer\" \/>\n<meta name=\"twitter:label1\" content=\"Escrito por\" \/>\n\t<meta name=\"twitter:data1\" content=\"Lo viste en Los Pol\u00edticos\" \/>\n\t<meta name=\"twitter:label2\" content=\"Tiempo de lectura\" \/>\n\t<meta name=\"twitter:data2\" content=\"2 minutos\" \/>\n<script type=\"application\/ld+json\" class=\"yoast-schema-graph\">{\"@context\":\"https:\\\/\\\/schema.org\",\"@graph\":[{\"@type\":\"Article\",\"@id\":\"https:\\\/\\\/lospoliticosveracruz.com\\\/?p=82343#article\",\"isPartOf\":{\"@id\":\"https:\\\/\\\/lospoliticosveracruz.com\\\/?p=82343\"},\"author\":{\"name\":\"Lo viste en Los Pol\u00edticos\",\"@id\":\"https:\\\/\\\/lospoliticosveracruz.com\\\/#\\\/schema\\\/person\\\/b8702bb0e538456e6efd07080bf2a4a2\"},\"headline\":\"AMLO, un Estadista ante la ONU: Maleno\",\"datePublished\":\"2021-11-24T14:48:21+00:00\",\"dateModified\":\"2021-11-24T14:48:27+00:00\",\"mainEntityOfPage\":{\"@id\":\"https:\\\/\\\/lospoliticosveracruz.com\\\/?p=82343\"},\"wordCount\":437,\"publisher\":{\"@id\":\"https:\\\/\\\/lospoliticosveracruz.com\\\/#organization\"},\"keywords\":[\"Andr\u00e9s Manuel L\u00f3pez Obrador\",\"Bienestar\",\"Magdaleno Rosales Torres\",\"Morena\",\"ONU\",\"Plan Mundial de Fraternidad\",\"Veracruz\"],\"articleSection\":[\"De Boleto\"],\"inLanguage\":\"es\"},{\"@type\":\"WebPage\",\"@id\":\"https:\\\/\\\/lospoliticosveracruz.com\\\/?p=82343\",\"url\":\"https:\\\/\\\/lospoliticosveracruz.com\\\/?p=82343\",\"name\":\"AMLO, un Estadista ante la ONU: Maleno - Los pol\u00edticos Veracruz\",\"isPartOf\":{\"@id\":\"https:\\\/\\\/lospoliticosveracruz.com\\\/#website\"},\"datePublished\":\"2021-11-24T14:48:21+00:00\",\"dateModified\":\"2021-11-24T14:48:27+00:00\",\"breadcrumb\":{\"@id\":\"https:\\\/\\\/lospoliticosveracruz.com\\\/?p=82343#breadcrumb\"},\"inLanguage\":\"es\",\"potentialAction\":[{\"@type\":\"ReadAction\",\"target\":[\"https:\\\/\\\/lospoliticosveracruz.com\\\/?p=82343\"]}]},{\"@type\":\"BreadcrumbList\",\"@id\":\"https:\\\/\\\/lospoliticosveracruz.com\\\/?p=82343#breadcrumb\",\"itemListElement\":[{\"@type\":\"ListItem\",\"position\":1,\"name\":\"Portada\",\"item\":\"https:\\\/\\\/lospoliticosveracruz.com\\\/\"},{\"@type\":\"ListItem\",\"position\":2,\"name\":\"AMLO, un Estadista ante la ONU: Maleno\"}]},{\"@type\":\"WebSite\",\"@id\":\"https:\\\/\\\/lospoliticosveracruz.com\\\/#website\",\"url\":\"https:\\\/\\\/lospoliticosveracruz.com\\\/\",\"name\":\"Los pol\u00edticos Veracruz\",\"description\":\"\",\"publisher\":{\"@id\":\"https:\\\/\\\/lospoliticosveracruz.com\\\/#organization\"},\"potentialAction\":[{\"@type\":\"SearchAction\",\"target\":{\"@type\":\"EntryPoint\",\"urlTemplate\":\"https:\\\/\\\/lospoliticosveracruz.com\\\/?s={search_term_string}\"},\"query-input\":{\"@type\":\"PropertyValueSpecification\",\"valueRequired\":true,\"valueName\":\"search_term_string\"}}],\"inLanguage\":\"es\"},{\"@type\":\"Organization\",\"@id\":\"https:\\\/\\\/lospoliticosveracruz.com\\\/#organization\",\"name\":\"Los pol\u00edticos Veracruz\",\"url\":\"https:\\\/\\\/lospoliticosveracruz.com\\\/\",\"logo\":{\"@type\":\"ImageObject\",\"inLanguage\":\"es\",\"@id\":\"https:\\\/\\\/lospoliticosveracruz.com\\\/#\\\/schema\\\/logo\\\/image\\\/\",\"url\":\"https:\\\/\\\/lospoliticosveracruz.com\\\/wp-content\\\/uploads\\\/2025\\\/12\\\/Logo-Nuevo-LOS-POLITICOS-1.jpg\",\"contentUrl\":\"https:\\\/\\\/lospoliticosveracruz.com\\\/wp-content\\\/uploads\\\/2025\\\/12\\\/Logo-Nuevo-LOS-POLITICOS-1.jpg\",\"width\":260,\"height\":70,\"caption\":\"Los pol\u00edticos Veracruz\"},\"image\":{\"@id\":\"https:\\\/\\\/lospoliticosveracruz.com\\\/#\\\/schema\\\/logo\\\/image\\\/\"},\"sameAs\":[\"https:\\\/\\\/www.facebook.com\\\/people\\\/Notimemes-de-los-Polticos\\\/61565672886568\\\/\",\"https:\\\/\\\/x.com\\\/LosPoliticosVer\"]},{\"@type\":\"Person\",\"@id\":\"https:\\\/\\\/lospoliticosveracruz.com\\\/#\\\/schema\\\/person\\\/b8702bb0e538456e6efd07080bf2a4a2\",\"name\":\"Lo viste en Los Pol\u00edticos\",\"image\":{\"@type\":\"ImageObject\",\"inLanguage\":\"es\",\"@id\":\"https:\\\/\\\/secure.gravatar.com\\\/avatar\\\/3a8de04a2656d44082be478bd6c086daa447c4651605818287b9532d3d0bd435?s=96&d=mm&r=g\",\"url\":\"https:\\\/\\\/secure.gravatar.com\\\/avatar\\\/3a8de04a2656d44082be478bd6c086daa447c4651605818287b9532d3d0bd435?s=96&d=mm&r=g\",\"contentUrl\":\"https:\\\/\\\/secure.gravatar.com\\\/avatar\\\/3a8de04a2656d44082be478bd6c086daa447c4651605818287b9532d3d0bd435?s=96&d=mm&r=g\",\"caption\":\"Lo viste en Los Pol\u00edticos\"},\"url\":\"https:\\\/\\\/lospoliticosveracruz.com\\\/?author=2\"}]}<\/script>\n<!-- \/ Yoast SEO plugin. -->","yoast_head_json":{"title":"AMLO, un Estadista ante la ONU: Maleno - Los pol\u00edticos Veracruz","robots":{"index":"index","follow":"follow","max-snippet":"max-snippet:-1","max-image-preview":"max-image-preview:large","max-video-preview":"max-video-preview:-1"},"canonical":"https:\/\/lospoliticosveracruz.com\/?p=82343","og_locale":"es_ES","og_type":"article","og_title":"AMLO, un Estadista ante la ONU: Maleno - Los pol\u00edticos Veracruz","og_description":"Xalapa Con su participaci\u00f3n en el Consejo de Seguridad de la Organizaci\u00f3n de las Naciones Unidas (ONU), el presidente Andr\u00e9s Manuel L\u00f3pez Obrador dej\u00f3, una vez m\u00e1s, constancia de su aut\u00e9ntica e incuestionable preocupaci\u00f3n por el pueblo de M\u00e9xico, como por los menos favorecidos del mundo, al anunciar un Plan Mundial de Fraternidad y Bienestar. [&hellip;]","og_url":"https:\/\/lospoliticosveracruz.com\/?p=82343","og_site_name":"Los pol\u00edticos Veracruz","article_publisher":"https:\/\/www.facebook.com\/people\/Notimemes-de-los-Polticos\/61565672886568\/","article_published_time":"2021-11-24T14:48:21+00:00","article_modified_time":"2021-11-24T14:48:27+00:00","og_image":[{"width":200,"height":200,"url":"https:\/\/lospoliticosveracruz.com\/wp-content\/uploads\/2016\/07\/Logo-Dor.jpg","type":"image\/jpeg"}],"author":"Lo viste en Los Pol\u00edticos","twitter_card":"summary_large_image","twitter_creator":"@LosPoliticosVer","twitter_site":"@LosPoliticosVer","twitter_misc":{"Escrito por":"Lo viste en Los Pol\u00edticos","Tiempo de lectura":"2 minutos"},"schema":{"@context":"https:\/\/schema.org","@graph":[{"@type":"Article","@id":"https:\/\/lospoliticosveracruz.com\/?p=82343#article","isPartOf":{"@id":"https:\/\/lospoliticosveracruz.com\/?p=82343"},"author":{"name":"Lo viste en Los Pol\u00edticos","@id":"https:\/\/lospoliticosveracruz.com\/#\/schema\/person\/b8702bb0e538456e6efd07080bf2a4a2"},"headline":"AMLO, un Estadista ante la ONU: Maleno","datePublished":"2021-11-24T14:48:21+00:00","dateModified":"2021-11-24T14:48:27+00:00","mainEntityOfPage":{"@id":"https:\/\/lospoliticosveracruz.com\/?p=82343"},"wordCount":437,"publisher":{"@id":"https:\/\/lospoliticosveracruz.com\/#organization"},"keywords":["Andr\u00e9s Manuel L\u00f3pez Obrador","Bienestar","Magdaleno Rosales Torres","Morena","ONU","Plan Mundial de Fraternidad","Veracruz"],"articleSection":["De Boleto"],"inLanguage":"es"},{"@type":"WebPage","@id":"https:\/\/lospoliticosveracruz.com\/?p=82343","url":"https:\/\/lospoliticosveracruz.com\/?p=82343","name":"AMLO, un Estadista ante la ONU: Maleno - Los pol\u00edticos Veracruz","isPartOf":{"@id":"https:\/\/lospoliticosveracruz.com\/#website"},"datePublished":"2021-11-24T14:48:21+00:00","dateModified":"2021-11-24T14:48:27+00:00","breadcrumb":{"@id":"https:\/\/lospoliticosveracruz.com\/?p=82343#breadcrumb"},"inLanguage":"es","potentialAction":[{"@type":"ReadAction","target":["https:\/\/lospoliticosveracruz.com\/?p=82343"]}]},{"@type":"BreadcrumbList","@id":"https:\/\/lospoliticosveracruz.com\/?p=82343#breadcrumb","itemListElement":[{"@type":"ListItem","position":1,"name":"Portada","item":"https:\/\/lospoliticosveracruz.com\/"},{"@type":"ListItem","position":2,"name":"AMLO, un Estadista ante la ONU: Maleno"}]},{"@type":"WebSite","@id":"https:\/\/lospoliticosveracruz.com\/#website","url":"https:\/\/lospoliticosveracruz.com\/","name":"Los pol\u00edticos Veracruz","description":"","publisher":{"@id":"https:\/\/lospoliticosveracruz.com\/#organization"},"potentialAction":[{"@type":"SearchAction","target":{"@type":"EntryPoint","urlTemplate":"https:\/\/lospoliticosveracruz.com\/?s={search_term_string}"},"query-input":{"@type":"PropertyValueSpecification","valueRequired":true,"valueName":"search_term_string"}}],"inLanguage":"es"},{"@type":"Organization","@id":"https:\/\/lospoliticosveracruz.com\/#organization","name":"Los pol\u00edticos Veracruz","url":"https:\/\/lospoliticosveracruz.com\/","logo":{"@type":"ImageObject","inLanguage":"es","@id":"https:\/\/lospoliticosveracruz.com\/#\/schema\/logo\/image\/","url":"https:\/\/lospoliticosveracruz.com\/wp-content\/uploads\/2025\/12\/Logo-Nuevo-LOS-POLITICOS-1.jpg","contentUrl":"https:\/\/lospoliticosveracruz.com\/wp-content\/uploads\/2025\/12\/Logo-Nuevo-LOS-POLITICOS-1.jpg","width":260,"height":70,"caption":"Los pol\u00edticos Veracruz"},"image":{"@id":"https:\/\/lospoliticosveracruz.com\/#\/schema\/logo\/image\/"},"sameAs":["https:\/\/www.facebook.com\/people\/Notimemes-de-los-Polticos\/61565672886568\/","https:\/\/x.com\/LosPoliticosVer"]},{"@type":"Person","@id":"https:\/\/lospoliticosveracruz.com\/#\/schema\/person\/b8702bb0e538456e6efd07080bf2a4a2","name":"Lo viste en Los Pol\u00edticos","image":{"@type":"ImageObject","inLanguage":"es","@id":"https:\/\/secure.gravatar.com\/avatar\/3a8de04a2656d44082be478bd6c086daa447c4651605818287b9532d3d0bd435?s=96&d=mm&r=g","url":"https:\/\/secure.gravatar.com\/avatar\/3a8de04a2656d44082be478bd6c086daa447c4651605818287b9532d3d0bd435?s=96&d=mm&r=g","contentUrl":"https:\/\/secure.gravatar.com\/avatar\/3a8de04a2656d44082be478bd6c086daa447c4651605818287b9532d3d0bd435?s=96&d=mm&r=g","caption":"Lo viste en Los Pol\u00edticos"},"url":"https:\/\/lospoliticosveracruz.com\/?author=2"}]}},"_links":{"self":[{"href":"https:\/\/lospoliticosveracruz.com\/index.php?rest_route=\/wp\/v2\/posts\/82343","targetHints":{"allow":["GET"]}}],"collection":[{"href":"https:\/\/lospoliticosveracruz.com\/index.php?rest_route=\/wp\/v2\/posts"}],"about":[{"href":"https:\/\/lospoliticosveracruz.com\/index.php?rest_route=\/wp\/v2\/types\/post"}],"author":[{"embeddable":true,"href":"https:\/\/lospoliticosveracruz.com\/index.php?rest_route=\/wp\/v2\/users\/2"}],"replies":[{"embeddable":true,"href":"https:\/\/lospoliticosveracruz.com\/index.php?rest_route=%2Fwp%2Fv2%2Fcomments&post=82343"}],"version-history":[{"count":1,"href":"https:\/\/lospoliticosveracruz.com\/index.php?rest_route=\/wp\/v2\/posts\/82343\/revisions"}],"predecessor-version":[{"id":82345,"href":"https:\/\/lospoliticosveracruz.com\/index.php?rest_route=\/wp\/v2\/posts\/82343\/revisions\/82345"}],"wp:attachment":[{"href":"https:\/\/lospoliticosveracruz.com\/index.php?rest_route=%2Fwp%2Fv2%2Fmedia&parent=82343"}],"wp:term":[{"taxonomy":"category","embeddable":true,"href":"https:\/\/lospoliticosveracruz.com\/index.php?rest_route=%2Fwp%2Fv2%2Fcategories&post=82343"},{"taxonomy":"post_tag","embeddable":true,"href":"https:\/\/lospoliticosveracruz.com\/index.php?rest_route=%2Fwp%2Fv2%2Ftags&post=82343"}],"curies":[{"name":"wp","href":"https:\/\/api.w.org\/{rel}","templated":true}]}}