{"id":82346,"date":"2021-11-24T09:00:53","date_gmt":"2021-11-24T15:00:53","guid":{"rendered":"https:\/\/lospoliticosveracruz.com.mx\/?p=82346"},"modified":"2021-11-24T09:00:57","modified_gmt":"2021-11-24T15:00:57","slug":"el-taxista","status":"publish","type":"post","link":"https:\/\/lospoliticosveracruz.com\/?p=82346","title":{"rendered":"El taxista"},"content":{"rendered":"\n<p><\/p>\n\n\n\n<p><strong>Sergio Gonz\u00e1lez Levet<\/strong><\/p>\n\n\n\n<p><em>Sin tacto<\/em><\/p>\n\n\n\n<p><\/p>\n\n\n\n<p>Le hice la parada en una avenida y, como es mi costumbre para evitar sorpresas, le pregunt\u00e9 por el precio de su servicio.<\/p>\n\n\n\n<p>&nbsp;&nbsp;&nbsp;&nbsp; Me dijo una cantidad y me pareci\u00f3 adecuada.<\/p>\n\n\n\n<p>Sub\u00ed al veh\u00edculo, un taxi ya gastado pero a\u00fan en condiciones de dar alguna comodidad a sus pasajeros.<\/p>\n\n\n\n<p>&nbsp;&nbsp;&nbsp;&nbsp; Desde que habl\u00e9 con \u00e9l le advert\u00ed un dejo de tristeza que reflejaban sus ojos y su triste figura, como la de El Quijote.<\/p>\n\n\n\n<div class=\"wp-block-image\"><figure class=\"alignleft size-large is-resized\"><a href=\"https:\/\/lospoliticosveracruz.com.mx\/wp-content\/uploads\/2021\/10\/WhatsApp-Image-2021-10-02-at-15.20.25.jpeg\"><img loading=\"lazy\" decoding=\"async\" src=\"https:\/\/lospoliticosveracruz.com.mx\/wp-content\/uploads\/2021\/10\/WhatsApp-Image-2021-10-02-at-15.20.25-724x1024.jpeg\" alt=\"\" class=\"wp-image-80177\" width=\"250\" height=\"350\"\/><\/a><\/figure><\/div>\n\n\n\n<p>&nbsp;&nbsp;&nbsp;&nbsp; No pude evitar preguntarle por su condici\u00f3n, y durante el trayecto me fue contando su historia dif\u00edcil y desesperada, como la de tantos mexicanos en esta \u00e9poca in\u00e9dita que nos ha tocado sufrir.<\/p>\n\n\n\n<p>&nbsp;&nbsp;&nbsp;&nbsp; Le dejo la palabra, que habla por s\u00ed sola y es ejemplo de lo mal que nos est\u00e1 yendo a los mexicanos con la crisis del Covid, que se encima a la incomprensi\u00f3n del Gobierno morenista en el que tantas esperanzas pusieron tantos.<\/p>\n\n\n\n<p>&nbsp;&nbsp;&nbsp;&nbsp; Mire, se\u00f1or, usted es mi primer cliente. Acabo de empezar con este coche, despu\u00e9s de que estuve m\u00e1s de hora y media convenciendo al due\u00f1o de que me lo dejara para trabajarlo.<\/p>\n\n\n\n<p>&nbsp;&nbsp;&nbsp;&nbsp; Hubo un momento en que estuve a punto de echarme a chillar y yo creo que el se\u00f1or se dio cuenta, porque finalmente se compadeci\u00f3 de mis ruegos y me solt\u00f3 la unidad.<\/p>\n\n\n\n<p>&nbsp;&nbsp;&nbsp;&nbsp; Yo tengo tres meses que estoy desempleado y hab\u00edamos logrado sobrevivir mi esposa y mis dos hijos peque\u00f1os con un dinerito que hab\u00edamos logrado ahorrar cuando ten\u00eda ingresos.<\/p>\n\n\n\n<p>&nbsp;&nbsp;&nbsp;&nbsp; Pero le cuento que mi esposa es diab\u00e9tica. Antes, el Seguro Popular nos daba la insulina y la metformina con las que ella logra controlar sus niveles de az\u00facar, pero con la llegada de L\u00f3pez Obrador nos dejaron de dar los medicamentos, que son muy caros y no hemos podido comprarlos todos.<\/p>\n\n\n\n<p>&nbsp;&nbsp;&nbsp;&nbsp; Mi se\u00f1ora, pobrecita, fue espaciando la medicina para que le durara m\u00e1s, y se pon\u00eda la insulina hasta que ya no aguantaba, pero le termin\u00f3 dando un coma diab\u00e9tico la semana pasada y la tuve que internar en el hospital.<\/p>\n\n\n\n<p>&nbsp;&nbsp;&nbsp;&nbsp;&nbsp;&nbsp;&nbsp;&nbsp;&nbsp;&nbsp;&nbsp; Lleva ah\u00ed cinco d\u00edas y gracias a Dios la estabilizaron y la dieron de alta.<\/p>\n\n\n\n<p>Pero ah\u00ed viene la otra desgracia, porque la trabajadora social me puso una cuota de 3,650 pesos, que se deben pagar para que ella pueda salir del hospital.<\/p>\n\n\n\n<p>&nbsp;&nbsp;&nbsp;&nbsp; Fui a pedir prestado con quien pude y logr\u00e9 juntar 3 mil pesos, pero me dijeron que ten\u00eda que pagar la cantidad completa.<\/p>\n\n\n\n<p>&nbsp;&nbsp;&nbsp;&nbsp; Antes, cuando los gobiernos eran corruptos y conservadores, nos iba mejor porque con el Seguro Popular nos daban todo, pero ahora que hay un gobierno honesto nos tratan con soberbia y no nos dan ninguna ayuda.<\/p>\n\n\n\n<p>&nbsp;&nbsp;&nbsp;&nbsp; Imagine usted mi desesperaci\u00f3n, sin chamba y sin un centavo para completar mi deuda.<\/p>\n\n\n\n<p>&nbsp;&nbsp;&nbsp;&nbsp; Ah\u00ed en el hospital, un se\u00f1or se me acerc\u00f3 y me dijo que hab\u00eda un due\u00f1o de un taxi que buscaba un chofer que se lo trabajara.<\/p>\n\n\n\n<p>&nbsp;&nbsp;&nbsp;&nbsp; Y as\u00ed me ve usted aqu\u00ed con el coche.<\/p>\n\n\n\n<p>&nbsp;&nbsp;&nbsp;&nbsp; Ahorita tengo hasta las 6 de la tarde para hacer los 650 pesos que me faltan y sacar a mi esposa.<\/p>\n\n\n\n<p>&nbsp;&nbsp;&nbsp;&nbsp; Y en \u00e9sas estoy con este Gobierno, que dice que se preocupa tanto por los pobres.<\/p>\n\n\n\n<p>&nbsp;&nbsp;&nbsp;&nbsp; Yo digo que est\u00e1bamos mejor antes, porque con la corrupci\u00f3n robaban pero hab\u00eda, y ahora ya no roban, pero no hay&#8230; qu\u00e9 caray.<\/p>\n\n\n\n<p><a href=\"mailto:sglevet@gmail.com\">sglevet@gmail.com<\/a><\/p>\n","protected":false},"excerpt":{"rendered":"<p>Sergio Gonz\u00e1lez Levet Sin tacto Le hice la parada en una avenida y, como es mi costumbre para evitar sorpresas, le pregunt\u00e9 por el precio de su servicio. &nbsp;&nbsp;&nbsp;&nbsp; Me dijo una cantidad y me pareci\u00f3 adecuada. Sub\u00ed al veh\u00edculo, un taxi ya gastado pero a\u00fan en condiciones de dar alguna comodidad a sus pasajeros. [&hellip;]<\/p>\n","protected":false},"author":2,"featured_media":82347,"comment_status":"closed","ping_status":"closed","sticky":false,"template":"","format":"standard","meta":{"tdm_status":"","tdm_grid_status":"","footnotes":""},"categories":[70],"tags":[1969,1282,138,96],"class_list":{"0":"post-82346","1":"post","2":"type-post","3":"status-publish","4":"format-standard","5":"has-post-thumbnail","7":"category-de-opinion","8":"tag-seguro-popular","9":"tag-sergio-gonzalez-levet","10":"tag-taxi","11":"tag-xalapa"},"yoast_head":"<!-- This site is optimized with the Yoast SEO plugin v27.4 - https:\/\/yoast.com\/product\/yoast-seo-wordpress\/ -->\n<title>El taxista - Los pol\u00edticos Veracruz<\/title>\n<meta name=\"robots\" content=\"index, follow, max-snippet:-1, max-image-preview:large, max-video-preview:-1\" \/>\n<link rel=\"canonical\" href=\"https:\/\/lospoliticosveracruz.com\/?p=82346\" \/>\n<meta property=\"og:locale\" content=\"es_ES\" \/>\n<meta property=\"og:type\" content=\"article\" \/>\n<meta property=\"og:title\" content=\"El taxista - Los pol\u00edticos Veracruz\" \/>\n<meta property=\"og:description\" content=\"Sergio Gonz\u00e1lez Levet Sin tacto Le hice la parada en una avenida y, como es mi costumbre para evitar sorpresas, le pregunt\u00e9 por el precio de su servicio. &nbsp;&nbsp;&nbsp;&nbsp; Me dijo una cantidad y me pareci\u00f3 adecuada. Sub\u00ed al veh\u00edculo, un taxi ya gastado pero a\u00fan en condiciones de dar alguna comodidad a sus pasajeros. [&hellip;]\" \/>\n<meta property=\"og:url\" content=\"https:\/\/lospoliticosveracruz.com\/?p=82346\" \/>\n<meta property=\"og:site_name\" content=\"Los pol\u00edticos Veracruz\" \/>\n<meta property=\"article:publisher\" content=\"https:\/\/www.facebook.com\/people\/Notimemes-de-los-Polticos\/61565672886568\/\" \/>\n<meta property=\"article:published_time\" content=\"2021-11-24T15:00:53+00:00\" \/>\n<meta property=\"article:modified_time\" content=\"2021-11-24T15:00:57+00:00\" \/>\n<meta property=\"og:image\" content=\"https:\/\/lospoliticosveracruz.com\/wp-content\/uploads\/2021\/11\/TAXI.jpg\" \/>\n\t<meta property=\"og:image:width\" content=\"600\" \/>\n\t<meta property=\"og:image:height\" content=\"320\" \/>\n\t<meta property=\"og:image:type\" content=\"image\/jpeg\" \/>\n<meta name=\"author\" content=\"Lo viste en Los Pol\u00edticos\" \/>\n<meta name=\"twitter:card\" content=\"summary_large_image\" \/>\n<meta name=\"twitter:creator\" content=\"@LosPoliticosVer\" \/>\n<meta name=\"twitter:site\" content=\"@LosPoliticosVer\" \/>\n<meta name=\"twitter:label1\" content=\"Escrito por\" \/>\n\t<meta name=\"twitter:data1\" content=\"Lo viste en Los Pol\u00edticos\" \/>\n\t<meta name=\"twitter:label2\" content=\"Tiempo de lectura\" \/>\n\t<meta name=\"twitter:data2\" content=\"3 minutos\" \/>\n<script type=\"application\/ld+json\" class=\"yoast-schema-graph\">{\"@context\":\"https:\\\/\\\/schema.org\",\"@graph\":[{\"@type\":\"Article\",\"@id\":\"https:\\\/\\\/lospoliticosveracruz.com\\\/?p=82346#article\",\"isPartOf\":{\"@id\":\"https:\\\/\\\/lospoliticosveracruz.com\\\/?p=82346\"},\"author\":{\"name\":\"Lo viste en Los Pol\u00edticos\",\"@id\":\"https:\\\/\\\/lospoliticosveracruz.com\\\/#\\\/schema\\\/person\\\/b8702bb0e538456e6efd07080bf2a4a2\"},\"headline\":\"El taxista\",\"datePublished\":\"2021-11-24T15:00:53+00:00\",\"dateModified\":\"2021-11-24T15:00:57+00:00\",\"mainEntityOfPage\":{\"@id\":\"https:\\\/\\\/lospoliticosveracruz.com\\\/?p=82346\"},\"wordCount\":663,\"publisher\":{\"@id\":\"https:\\\/\\\/lospoliticosveracruz.com\\\/#organization\"},\"image\":{\"@id\":\"https:\\\/\\\/lospoliticosveracruz.com\\\/?p=82346#primaryimage\"},\"thumbnailUrl\":\"https:\\\/\\\/lospoliticosveracruz.com\\\/wp-content\\\/uploads\\\/2021\\\/11\\\/TAXI.jpg\",\"keywords\":[\"Seguro Popular\",\"Sergio Gonz\u00e1lez Levet\",\"Taxi\",\"Xalapa\"],\"articleSection\":[\"De Opini\u00f3n\"],\"inLanguage\":\"es\"},{\"@type\":\"WebPage\",\"@id\":\"https:\\\/\\\/lospoliticosveracruz.com\\\/?p=82346\",\"url\":\"https:\\\/\\\/lospoliticosveracruz.com\\\/?p=82346\",\"name\":\"El taxista - Los pol\u00edticos Veracruz\",\"isPartOf\":{\"@id\":\"https:\\\/\\\/lospoliticosveracruz.com\\\/#website\"},\"primaryImageOfPage\":{\"@id\":\"https:\\\/\\\/lospoliticosveracruz.com\\\/?p=82346#primaryimage\"},\"image\":{\"@id\":\"https:\\\/\\\/lospoliticosveracruz.com\\\/?p=82346#primaryimage\"},\"thumbnailUrl\":\"https:\\\/\\\/lospoliticosveracruz.com\\\/wp-content\\\/uploads\\\/2021\\\/11\\\/TAXI.jpg\",\"datePublished\":\"2021-11-24T15:00:53+00:00\",\"dateModified\":\"2021-11-24T15:00:57+00:00\",\"breadcrumb\":{\"@id\":\"https:\\\/\\\/lospoliticosveracruz.com\\\/?p=82346#breadcrumb\"},\"inLanguage\":\"es\",\"potentialAction\":[{\"@type\":\"ReadAction\",\"target\":[\"https:\\\/\\\/lospoliticosveracruz.com\\\/?p=82346\"]}]},{\"@type\":\"ImageObject\",\"inLanguage\":\"es\",\"@id\":\"https:\\\/\\\/lospoliticosveracruz.com\\\/?p=82346#primaryimage\",\"url\":\"https:\\\/\\\/lospoliticosveracruz.com\\\/wp-content\\\/uploads\\\/2021\\\/11\\\/TAXI.jpg\",\"contentUrl\":\"https:\\\/\\\/lospoliticosveracruz.com\\\/wp-content\\\/uploads\\\/2021\\\/11\\\/TAXI.jpg\",\"width\":600,\"height\":320},{\"@type\":\"BreadcrumbList\",\"@id\":\"https:\\\/\\\/lospoliticosveracruz.com\\\/?p=82346#breadcrumb\",\"itemListElement\":[{\"@type\":\"ListItem\",\"position\":1,\"name\":\"Portada\",\"item\":\"https:\\\/\\\/lospoliticosveracruz.com\\\/\"},{\"@type\":\"ListItem\",\"position\":2,\"name\":\"El taxista\"}]},{\"@type\":\"WebSite\",\"@id\":\"https:\\\/\\\/lospoliticosveracruz.com\\\/#website\",\"url\":\"https:\\\/\\\/lospoliticosveracruz.com\\\/\",\"name\":\"Los pol\u00edticos Veracruz\",\"description\":\"\",\"publisher\":{\"@id\":\"https:\\\/\\\/lospoliticosveracruz.com\\\/#organization\"},\"potentialAction\":[{\"@type\":\"SearchAction\",\"target\":{\"@type\":\"EntryPoint\",\"urlTemplate\":\"https:\\\/\\\/lospoliticosveracruz.com\\\/?s={search_term_string}\"},\"query-input\":{\"@type\":\"PropertyValueSpecification\",\"valueRequired\":true,\"valueName\":\"search_term_string\"}}],\"inLanguage\":\"es\"},{\"@type\":\"Organization\",\"@id\":\"https:\\\/\\\/lospoliticosveracruz.com\\\/#organization\",\"name\":\"Los pol\u00edticos Veracruz\",\"url\":\"https:\\\/\\\/lospoliticosveracruz.com\\\/\",\"logo\":{\"@type\":\"ImageObject\",\"inLanguage\":\"es\",\"@id\":\"https:\\\/\\\/lospoliticosveracruz.com\\\/#\\\/schema\\\/logo\\\/image\\\/\",\"url\":\"https:\\\/\\\/lospoliticosveracruz.com\\\/wp-content\\\/uploads\\\/2025\\\/12\\\/Logo-Nuevo-LOS-POLITICOS-1.jpg\",\"contentUrl\":\"https:\\\/\\\/lospoliticosveracruz.com\\\/wp-content\\\/uploads\\\/2025\\\/12\\\/Logo-Nuevo-LOS-POLITICOS-1.jpg\",\"width\":260,\"height\":70,\"caption\":\"Los pol\u00edticos Veracruz\"},\"image\":{\"@id\":\"https:\\\/\\\/lospoliticosveracruz.com\\\/#\\\/schema\\\/logo\\\/image\\\/\"},\"sameAs\":[\"https:\\\/\\\/www.facebook.com\\\/people\\\/Notimemes-de-los-Polticos\\\/61565672886568\\\/\",\"https:\\\/\\\/x.com\\\/LosPoliticosVer\"]},{\"@type\":\"Person\",\"@id\":\"https:\\\/\\\/lospoliticosveracruz.com\\\/#\\\/schema\\\/person\\\/b8702bb0e538456e6efd07080bf2a4a2\",\"name\":\"Lo viste en Los Pol\u00edticos\",\"image\":{\"@type\":\"ImageObject\",\"inLanguage\":\"es\",\"@id\":\"https:\\\/\\\/secure.gravatar.com\\\/avatar\\\/3a8de04a2656d44082be478bd6c086daa447c4651605818287b9532d3d0bd435?s=96&d=mm&r=g\",\"url\":\"https:\\\/\\\/secure.gravatar.com\\\/avatar\\\/3a8de04a2656d44082be478bd6c086daa447c4651605818287b9532d3d0bd435?s=96&d=mm&r=g\",\"contentUrl\":\"https:\\\/\\\/secure.gravatar.com\\\/avatar\\\/3a8de04a2656d44082be478bd6c086daa447c4651605818287b9532d3d0bd435?s=96&d=mm&r=g\",\"caption\":\"Lo viste en Los Pol\u00edticos\"},\"url\":\"https:\\\/\\\/lospoliticosveracruz.com\\\/?author=2\"}]}<\/script>\n<!-- \/ Yoast SEO plugin. -->","yoast_head_json":{"title":"El taxista - Los pol\u00edticos Veracruz","robots":{"index":"index","follow":"follow","max-snippet":"max-snippet:-1","max-image-preview":"max-image-preview:large","max-video-preview":"max-video-preview:-1"},"canonical":"https:\/\/lospoliticosveracruz.com\/?p=82346","og_locale":"es_ES","og_type":"article","og_title":"El taxista - Los pol\u00edticos Veracruz","og_description":"Sergio Gonz\u00e1lez Levet Sin tacto Le hice la parada en una avenida y, como es mi costumbre para evitar sorpresas, le pregunt\u00e9 por el precio de su servicio. &nbsp;&nbsp;&nbsp;&nbsp; Me dijo una cantidad y me pareci\u00f3 adecuada. Sub\u00ed al veh\u00edculo, un taxi ya gastado pero a\u00fan en condiciones de dar alguna comodidad a sus pasajeros. [&hellip;]","og_url":"https:\/\/lospoliticosveracruz.com\/?p=82346","og_site_name":"Los pol\u00edticos Veracruz","article_publisher":"https:\/\/www.facebook.com\/people\/Notimemes-de-los-Polticos\/61565672886568\/","article_published_time":"2021-11-24T15:00:53+00:00","article_modified_time":"2021-11-24T15:00:57+00:00","og_image":[{"width":600,"height":320,"url":"https:\/\/lospoliticosveracruz.com\/wp-content\/uploads\/2021\/11\/TAXI.jpg","type":"image\/jpeg"}],"author":"Lo viste en Los Pol\u00edticos","twitter_card":"summary_large_image","twitter_creator":"@LosPoliticosVer","twitter_site":"@LosPoliticosVer","twitter_misc":{"Escrito por":"Lo viste en Los Pol\u00edticos","Tiempo de lectura":"3 minutos"},"schema":{"@context":"https:\/\/schema.org","@graph":[{"@type":"Article","@id":"https:\/\/lospoliticosveracruz.com\/?p=82346#article","isPartOf":{"@id":"https:\/\/lospoliticosveracruz.com\/?p=82346"},"author":{"name":"Lo viste en Los Pol\u00edticos","@id":"https:\/\/lospoliticosveracruz.com\/#\/schema\/person\/b8702bb0e538456e6efd07080bf2a4a2"},"headline":"El taxista","datePublished":"2021-11-24T15:00:53+00:00","dateModified":"2021-11-24T15:00:57+00:00","mainEntityOfPage":{"@id":"https:\/\/lospoliticosveracruz.com\/?p=82346"},"wordCount":663,"publisher":{"@id":"https:\/\/lospoliticosveracruz.com\/#organization"},"image":{"@id":"https:\/\/lospoliticosveracruz.com\/?p=82346#primaryimage"},"thumbnailUrl":"https:\/\/lospoliticosveracruz.com\/wp-content\/uploads\/2021\/11\/TAXI.jpg","keywords":["Seguro Popular","Sergio Gonz\u00e1lez Levet","Taxi","Xalapa"],"articleSection":["De Opini\u00f3n"],"inLanguage":"es"},{"@type":"WebPage","@id":"https:\/\/lospoliticosveracruz.com\/?p=82346","url":"https:\/\/lospoliticosveracruz.com\/?p=82346","name":"El taxista - Los pol\u00edticos Veracruz","isPartOf":{"@id":"https:\/\/lospoliticosveracruz.com\/#website"},"primaryImageOfPage":{"@id":"https:\/\/lospoliticosveracruz.com\/?p=82346#primaryimage"},"image":{"@id":"https:\/\/lospoliticosveracruz.com\/?p=82346#primaryimage"},"thumbnailUrl":"https:\/\/lospoliticosveracruz.com\/wp-content\/uploads\/2021\/11\/TAXI.jpg","datePublished":"2021-11-24T15:00:53+00:00","dateModified":"2021-11-24T15:00:57+00:00","breadcrumb":{"@id":"https:\/\/lospoliticosveracruz.com\/?p=82346#breadcrumb"},"inLanguage":"es","potentialAction":[{"@type":"ReadAction","target":["https:\/\/lospoliticosveracruz.com\/?p=82346"]}]},{"@type":"ImageObject","inLanguage":"es","@id":"https:\/\/lospoliticosveracruz.com\/?p=82346#primaryimage","url":"https:\/\/lospoliticosveracruz.com\/wp-content\/uploads\/2021\/11\/TAXI.jpg","contentUrl":"https:\/\/lospoliticosveracruz.com\/wp-content\/uploads\/2021\/11\/TAXI.jpg","width":600,"height":320},{"@type":"BreadcrumbList","@id":"https:\/\/lospoliticosveracruz.com\/?p=82346#breadcrumb","itemListElement":[{"@type":"ListItem","position":1,"name":"Portada","item":"https:\/\/lospoliticosveracruz.com\/"},{"@type":"ListItem","position":2,"name":"El taxista"}]},{"@type":"WebSite","@id":"https:\/\/lospoliticosveracruz.com\/#website","url":"https:\/\/lospoliticosveracruz.com\/","name":"Los pol\u00edticos Veracruz","description":"","publisher":{"@id":"https:\/\/lospoliticosveracruz.com\/#organization"},"potentialAction":[{"@type":"SearchAction","target":{"@type":"EntryPoint","urlTemplate":"https:\/\/lospoliticosveracruz.com\/?s={search_term_string}"},"query-input":{"@type":"PropertyValueSpecification","valueRequired":true,"valueName":"search_term_string"}}],"inLanguage":"es"},{"@type":"Organization","@id":"https:\/\/lospoliticosveracruz.com\/#organization","name":"Los pol\u00edticos Veracruz","url":"https:\/\/lospoliticosveracruz.com\/","logo":{"@type":"ImageObject","inLanguage":"es","@id":"https:\/\/lospoliticosveracruz.com\/#\/schema\/logo\/image\/","url":"https:\/\/lospoliticosveracruz.com\/wp-content\/uploads\/2025\/12\/Logo-Nuevo-LOS-POLITICOS-1.jpg","contentUrl":"https:\/\/lospoliticosveracruz.com\/wp-content\/uploads\/2025\/12\/Logo-Nuevo-LOS-POLITICOS-1.jpg","width":260,"height":70,"caption":"Los pol\u00edticos Veracruz"},"image":{"@id":"https:\/\/lospoliticosveracruz.com\/#\/schema\/logo\/image\/"},"sameAs":["https:\/\/www.facebook.com\/people\/Notimemes-de-los-Polticos\/61565672886568\/","https:\/\/x.com\/LosPoliticosVer"]},{"@type":"Person","@id":"https:\/\/lospoliticosveracruz.com\/#\/schema\/person\/b8702bb0e538456e6efd07080bf2a4a2","name":"Lo viste en Los Pol\u00edticos","image":{"@type":"ImageObject","inLanguage":"es","@id":"https:\/\/secure.gravatar.com\/avatar\/3a8de04a2656d44082be478bd6c086daa447c4651605818287b9532d3d0bd435?s=96&d=mm&r=g","url":"https:\/\/secure.gravatar.com\/avatar\/3a8de04a2656d44082be478bd6c086daa447c4651605818287b9532d3d0bd435?s=96&d=mm&r=g","contentUrl":"https:\/\/secure.gravatar.com\/avatar\/3a8de04a2656d44082be478bd6c086daa447c4651605818287b9532d3d0bd435?s=96&d=mm&r=g","caption":"Lo viste en Los Pol\u00edticos"},"url":"https:\/\/lospoliticosveracruz.com\/?author=2"}]}},"_links":{"self":[{"href":"https:\/\/lospoliticosveracruz.com\/index.php?rest_route=\/wp\/v2\/posts\/82346","targetHints":{"allow":["GET"]}}],"collection":[{"href":"https:\/\/lospoliticosveracruz.com\/index.php?rest_route=\/wp\/v2\/posts"}],"about":[{"href":"https:\/\/lospoliticosveracruz.com\/index.php?rest_route=\/wp\/v2\/types\/post"}],"author":[{"embeddable":true,"href":"https:\/\/lospoliticosveracruz.com\/index.php?rest_route=\/wp\/v2\/users\/2"}],"replies":[{"embeddable":true,"href":"https:\/\/lospoliticosveracruz.com\/index.php?rest_route=%2Fwp%2Fv2%2Fcomments&post=82346"}],"version-history":[{"count":1,"href":"https:\/\/lospoliticosveracruz.com\/index.php?rest_route=\/wp\/v2\/posts\/82346\/revisions"}],"predecessor-version":[{"id":82348,"href":"https:\/\/lospoliticosveracruz.com\/index.php?rest_route=\/wp\/v2\/posts\/82346\/revisions\/82348"}],"wp:featuredmedia":[{"embeddable":true,"href":"https:\/\/lospoliticosveracruz.com\/index.php?rest_route=\/wp\/v2\/media\/82347"}],"wp:attachment":[{"href":"https:\/\/lospoliticosveracruz.com\/index.php?rest_route=%2Fwp%2Fv2%2Fmedia&parent=82346"}],"wp:term":[{"taxonomy":"category","embeddable":true,"href":"https:\/\/lospoliticosveracruz.com\/index.php?rest_route=%2Fwp%2Fv2%2Fcategories&post=82346"},{"taxonomy":"post_tag","embeddable":true,"href":"https:\/\/lospoliticosveracruz.com\/index.php?rest_route=%2Fwp%2Fv2%2Ftags&post=82346"}],"curies":[{"name":"wp","href":"https:\/\/api.w.org\/{rel}","templated":true}]}}