{"id":82474,"date":"2021-11-26T13:27:45","date_gmt":"2021-11-26T19:27:45","guid":{"rendered":"https:\/\/lospoliticosveracruz.com.mx\/?p=82474"},"modified":"2021-11-26T13:48:01","modified_gmt":"2021-11-26T19:48:01","slug":"sedecop-a-medias","status":"publish","type":"post","link":"https:\/\/lospoliticosveracruz.com\/?p=82474","title":{"rendered":"Sedecop, a medias!"},"content":{"rendered":"\n<p><\/p>\n\n\n\n<p><strong>Xalapa<\/strong><\/p>\n\n\n\n<p><br>El Grupo. Legislativo del PRI presente en la comparecencia del Secretario de Desarrollo Econ\u00f3mico y Portuario (SEDECOP), Enrique Nach\u00f3n Garc\u00eda cuestionaron sobre temas de gran inter\u00e9s para los veracruzanos; estos fueron sobre la reducci\u00f3n de inversi\u00f3n en zona portuaria de Veracruz y los recursos destinados para mujeres emprendedoras.<\/p>\n\n\n\n<p>La Diputada Arianna Angeles se\u00f1al\u00f3 que ha sostenido reuniones con mujeres empresarias quienes le han mencionado sobre los programas de capacitaci\u00f3n con los que cuenta SEDECOP, sin embargo no existe un proceso de continuidad se quedan con la expectativa pero no son beneficiadas con capital semilla para seguir su emprendimiento.<\/p>\n\n\n\n<p>\u201cLas mujeres emprendedoras interesadas en sus capacitaciones est\u00e1n destinadas a no seguir las siguientes etapas como la producci\u00f3n y la comercializaci\u00f3n de sus productos al no haber recursos para apoyarlas. Y con ello, las limitan a no convertirse en empresarias exitosas\u201d, dijo la Secretaria de la Mesa Directiva, Arianna Angeles Aguirre.<\/p>\n\n\n\n<p>Por otro lado, cuestion\u00f3 sobre la exportaci\u00f3n de productos veracruzanos al extranjero, ya que en algunos medios de comunicaci\u00f3n se ha informado que han existido incumplimiento de los contratos por parte de Sedecop.<\/p>\n\n\n\n<p>Por su parte la diputada local Anil\u00fa Ingram Vallines cuestion\u00f3 la falta de inversi\u00f3n estatal en la zona portuaria de Veracruz.<\/p>\n\n\n\n<p>Durante su intervenci\u00f3n, la tambi\u00e9n Coordinadora del Grupo Legislativo del Partido Revolucionario Institucional (GLPRI) record\u00f3 que el Gobierno Federal hasta el a\u00f1o 2018 realiz\u00f3 una inversi\u00f3n por el orden de los 5,080.5 millones de pesos; no obstante, el nuevo gobierno morenista, a partir del 2019 modific\u00f3 sus prioridades y dej\u00f3 de invertir en el Puerto de Veracruz, para dar paso al Desarrollo del Istmo. El Proyecto original -dijo-, era de 31 mil millones de pesos, pero en los \u00faltimos a\u00f1os se han invertido s\u00f3lo 3 mil 400 millones.<\/p>\n\n\n\n<p>\u201cEs evidente que hubo una dram\u00e1tica reducci\u00f3n presupuestal y, por ende, en la zona conurbada que es una de las m\u00e1s importantes del pa\u00eds, se dejaron de percibir casi 22 mil 500 millones de pesos\u201d, expres\u00f3.<\/p>\n\n\n\n<p>Por lo anterior, Ingram Vallines le cuestion\u00f3 al titular de la Sedecop, cu\u00e1ntas empresas dejaron de funcionar o tuvieron que cerrar sus puertas debido a dicha disminuci\u00f3n de inversi\u00f3n; le solicit\u00f3 tambi\u00e9n los datos verificados de cu\u00e1ntos empleos directos o indirectos se dejaron de generar para las familias veracruzanas, as\u00ed como cu\u00e1ntos millones de pesos se dejaron de invertir en la zona portuaria de Veracruz y si estos recursos fueron reorientados al proyecto del Corredor del Istmo.<\/p>\n\n\n\n<p>Por \u00faltimo, las diputadas en nombre del Grupo Legislativo del PRI les reiter\u00f3 al Secretario de Desarrollo Econ\u00f3mico y Portuario la disposici\u00f3n y apertura del Grupo Legislativo del PRI para trabajar de manera conjunta en temas de relevancia para el desarrollo econ\u00f3mico y portuario del estado.<\/p>\n","protected":false},"excerpt":{"rendered":"<p>Xalapa El Grupo. Legislativo del PRI presente en la comparecencia del Secretario de Desarrollo Econ\u00f3mico y Portuario (SEDECOP), Enrique Nach\u00f3n Garc\u00eda cuestionaron sobre temas de gran inter\u00e9s para los veracruzanos; estos fueron sobre la reducci\u00f3n de inversi\u00f3n en zona portuaria de Veracruz y los recursos destinados para mujeres emprendedoras. La Diputada Arianna Angeles se\u00f1al\u00f3 que [&hellip;]<\/p>\n","protected":false},"author":2,"featured_media":0,"comment_status":"closed","ping_status":"closed","sticky":false,"template":"","format":"standard","meta":{"tdm_status":"","tdm_grid_status":"","footnotes":""},"categories":[73],"tags":[1872,15865,31371,251,5102],"class_list":{"0":"post-82474","1":"post","2":"type-post","3":"status-publish","4":"format-standard","6":"category-de-boleto","7":"tag-anilu-ingram-vallines","8":"tag-enrique-nachon-garcia","9":"tag-glpri","10":"tag-pri","11":"tag-sedecop"},"yoast_head":"<!-- This site is optimized with the Yoast SEO plugin v27.4 - https:\/\/yoast.com\/product\/yoast-seo-wordpress\/ -->\n<title>Sedecop, a medias! - Los pol\u00edticos Veracruz<\/title>\n<meta name=\"robots\" content=\"index, follow, max-snippet:-1, max-image-preview:large, max-video-preview:-1\" \/>\n<link rel=\"canonical\" href=\"https:\/\/lospoliticosveracruz.com\/?p=82474\" \/>\n<meta property=\"og:locale\" content=\"es_ES\" \/>\n<meta property=\"og:type\" content=\"article\" \/>\n<meta property=\"og:title\" content=\"Sedecop, a medias! - Los pol\u00edticos Veracruz\" \/>\n<meta property=\"og:description\" content=\"Xalapa El Grupo. Legislativo del PRI presente en la comparecencia del Secretario de Desarrollo Econ\u00f3mico y Portuario (SEDECOP), Enrique Nach\u00f3n Garc\u00eda cuestionaron sobre temas de gran inter\u00e9s para los veracruzanos; estos fueron sobre la reducci\u00f3n de inversi\u00f3n en zona portuaria de Veracruz y los recursos destinados para mujeres emprendedoras. La Diputada Arianna Angeles se\u00f1al\u00f3 que [&hellip;]\" \/>\n<meta property=\"og:url\" content=\"https:\/\/lospoliticosveracruz.com\/?p=82474\" \/>\n<meta property=\"og:site_name\" content=\"Los pol\u00edticos Veracruz\" \/>\n<meta property=\"article:publisher\" content=\"https:\/\/www.facebook.com\/people\/Notimemes-de-los-Polticos\/61565672886568\/\" \/>\n<meta property=\"article:published_time\" content=\"2021-11-26T19:27:45+00:00\" \/>\n<meta property=\"article:modified_time\" content=\"2021-11-26T19:48:01+00:00\" \/>\n<meta property=\"og:image\" content=\"https:\/\/lospoliticosveracruz.com\/wp-content\/uploads\/2016\/07\/Logo-Dor.jpg\" \/>\n\t<meta property=\"og:image:width\" content=\"200\" \/>\n\t<meta property=\"og:image:height\" content=\"200\" \/>\n\t<meta property=\"og:image:type\" content=\"image\/jpeg\" \/>\n<meta name=\"author\" content=\"Lo viste en Los Pol\u00edticos\" \/>\n<meta name=\"twitter:card\" content=\"summary_large_image\" \/>\n<meta name=\"twitter:creator\" content=\"@LosPoliticosVer\" \/>\n<meta name=\"twitter:site\" content=\"@LosPoliticosVer\" \/>\n<meta name=\"twitter:label1\" content=\"Escrito por\" \/>\n\t<meta name=\"twitter:data1\" content=\"Lo viste en Los Pol\u00edticos\" \/>\n\t<meta name=\"twitter:label2\" content=\"Tiempo de lectura\" \/>\n\t<meta name=\"twitter:data2\" content=\"2 minutos\" \/>\n<script type=\"application\/ld+json\" class=\"yoast-schema-graph\">{\"@context\":\"https:\\\/\\\/schema.org\",\"@graph\":[{\"@type\":\"Article\",\"@id\":\"https:\\\/\\\/lospoliticosveracruz.com\\\/?p=82474#article\",\"isPartOf\":{\"@id\":\"https:\\\/\\\/lospoliticosveracruz.com\\\/?p=82474\"},\"author\":{\"name\":\"Lo viste en Los Pol\u00edticos\",\"@id\":\"https:\\\/\\\/lospoliticosveracruz.com\\\/#\\\/schema\\\/person\\\/b8702bb0e538456e6efd07080bf2a4a2\"},\"headline\":\"Sedecop, a medias!\",\"datePublished\":\"2021-11-26T19:27:45+00:00\",\"dateModified\":\"2021-11-26T19:48:01+00:00\",\"mainEntityOfPage\":{\"@id\":\"https:\\\/\\\/lospoliticosveracruz.com\\\/?p=82474\"},\"wordCount\":479,\"publisher\":{\"@id\":\"https:\\\/\\\/lospoliticosveracruz.com\\\/#organization\"},\"keywords\":[\"Anil\u00fa Ingram Vallines\",\"Enrique Nach\u00f3n Garc\u00eda\",\"GLPRI\",\"PRI\",\"Sedecop\"],\"articleSection\":[\"De Boleto\"],\"inLanguage\":\"es\"},{\"@type\":\"WebPage\",\"@id\":\"https:\\\/\\\/lospoliticosveracruz.com\\\/?p=82474\",\"url\":\"https:\\\/\\\/lospoliticosveracruz.com\\\/?p=82474\",\"name\":\"Sedecop, a medias! - Los pol\u00edticos Veracruz\",\"isPartOf\":{\"@id\":\"https:\\\/\\\/lospoliticosveracruz.com\\\/#website\"},\"datePublished\":\"2021-11-26T19:27:45+00:00\",\"dateModified\":\"2021-11-26T19:48:01+00:00\",\"breadcrumb\":{\"@id\":\"https:\\\/\\\/lospoliticosveracruz.com\\\/?p=82474#breadcrumb\"},\"inLanguage\":\"es\",\"potentialAction\":[{\"@type\":\"ReadAction\",\"target\":[\"https:\\\/\\\/lospoliticosveracruz.com\\\/?p=82474\"]}]},{\"@type\":\"BreadcrumbList\",\"@id\":\"https:\\\/\\\/lospoliticosveracruz.com\\\/?p=82474#breadcrumb\",\"itemListElement\":[{\"@type\":\"ListItem\",\"position\":1,\"name\":\"Portada\",\"item\":\"https:\\\/\\\/lospoliticosveracruz.com\\\/\"},{\"@type\":\"ListItem\",\"position\":2,\"name\":\"Sedecop, a medias!\"}]},{\"@type\":\"WebSite\",\"@id\":\"https:\\\/\\\/lospoliticosveracruz.com\\\/#website\",\"url\":\"https:\\\/\\\/lospoliticosveracruz.com\\\/\",\"name\":\"Los pol\u00edticos Veracruz\",\"description\":\"\",\"publisher\":{\"@id\":\"https:\\\/\\\/lospoliticosveracruz.com\\\/#organization\"},\"potentialAction\":[{\"@type\":\"SearchAction\",\"target\":{\"@type\":\"EntryPoint\",\"urlTemplate\":\"https:\\\/\\\/lospoliticosveracruz.com\\\/?s={search_term_string}\"},\"query-input\":{\"@type\":\"PropertyValueSpecification\",\"valueRequired\":true,\"valueName\":\"search_term_string\"}}],\"inLanguage\":\"es\"},{\"@type\":\"Organization\",\"@id\":\"https:\\\/\\\/lospoliticosveracruz.com\\\/#organization\",\"name\":\"Los pol\u00edticos Veracruz\",\"url\":\"https:\\\/\\\/lospoliticosveracruz.com\\\/\",\"logo\":{\"@type\":\"ImageObject\",\"inLanguage\":\"es\",\"@id\":\"https:\\\/\\\/lospoliticosveracruz.com\\\/#\\\/schema\\\/logo\\\/image\\\/\",\"url\":\"https:\\\/\\\/lospoliticosveracruz.com\\\/wp-content\\\/uploads\\\/2025\\\/12\\\/Logo-Nuevo-LOS-POLITICOS-1.jpg\",\"contentUrl\":\"https:\\\/\\\/lospoliticosveracruz.com\\\/wp-content\\\/uploads\\\/2025\\\/12\\\/Logo-Nuevo-LOS-POLITICOS-1.jpg\",\"width\":260,\"height\":70,\"caption\":\"Los pol\u00edticos Veracruz\"},\"image\":{\"@id\":\"https:\\\/\\\/lospoliticosveracruz.com\\\/#\\\/schema\\\/logo\\\/image\\\/\"},\"sameAs\":[\"https:\\\/\\\/www.facebook.com\\\/people\\\/Notimemes-de-los-Polticos\\\/61565672886568\\\/\",\"https:\\\/\\\/x.com\\\/LosPoliticosVer\"]},{\"@type\":\"Person\",\"@id\":\"https:\\\/\\\/lospoliticosveracruz.com\\\/#\\\/schema\\\/person\\\/b8702bb0e538456e6efd07080bf2a4a2\",\"name\":\"Lo viste en Los Pol\u00edticos\",\"image\":{\"@type\":\"ImageObject\",\"inLanguage\":\"es\",\"@id\":\"https:\\\/\\\/secure.gravatar.com\\\/avatar\\\/3a8de04a2656d44082be478bd6c086daa447c4651605818287b9532d3d0bd435?s=96&d=mm&r=g\",\"url\":\"https:\\\/\\\/secure.gravatar.com\\\/avatar\\\/3a8de04a2656d44082be478bd6c086daa447c4651605818287b9532d3d0bd435?s=96&d=mm&r=g\",\"contentUrl\":\"https:\\\/\\\/secure.gravatar.com\\\/avatar\\\/3a8de04a2656d44082be478bd6c086daa447c4651605818287b9532d3d0bd435?s=96&d=mm&r=g\",\"caption\":\"Lo viste en Los Pol\u00edticos\"},\"url\":\"https:\\\/\\\/lospoliticosveracruz.com\\\/?author=2\"}]}<\/script>\n<!-- \/ Yoast SEO plugin. -->","yoast_head_json":{"title":"Sedecop, a medias! - Los pol\u00edticos Veracruz","robots":{"index":"index","follow":"follow","max-snippet":"max-snippet:-1","max-image-preview":"max-image-preview:large","max-video-preview":"max-video-preview:-1"},"canonical":"https:\/\/lospoliticosveracruz.com\/?p=82474","og_locale":"es_ES","og_type":"article","og_title":"Sedecop, a medias! - Los pol\u00edticos Veracruz","og_description":"Xalapa El Grupo. Legislativo del PRI presente en la comparecencia del Secretario de Desarrollo Econ\u00f3mico y Portuario (SEDECOP), Enrique Nach\u00f3n Garc\u00eda cuestionaron sobre temas de gran inter\u00e9s para los veracruzanos; estos fueron sobre la reducci\u00f3n de inversi\u00f3n en zona portuaria de Veracruz y los recursos destinados para mujeres emprendedoras. La Diputada Arianna Angeles se\u00f1al\u00f3 que [&hellip;]","og_url":"https:\/\/lospoliticosveracruz.com\/?p=82474","og_site_name":"Los pol\u00edticos Veracruz","article_publisher":"https:\/\/www.facebook.com\/people\/Notimemes-de-los-Polticos\/61565672886568\/","article_published_time":"2021-11-26T19:27:45+00:00","article_modified_time":"2021-11-26T19:48:01+00:00","og_image":[{"width":200,"height":200,"url":"https:\/\/lospoliticosveracruz.com\/wp-content\/uploads\/2016\/07\/Logo-Dor.jpg","type":"image\/jpeg"}],"author":"Lo viste en Los Pol\u00edticos","twitter_card":"summary_large_image","twitter_creator":"@LosPoliticosVer","twitter_site":"@LosPoliticosVer","twitter_misc":{"Escrito por":"Lo viste en Los Pol\u00edticos","Tiempo de lectura":"2 minutos"},"schema":{"@context":"https:\/\/schema.org","@graph":[{"@type":"Article","@id":"https:\/\/lospoliticosveracruz.com\/?p=82474#article","isPartOf":{"@id":"https:\/\/lospoliticosveracruz.com\/?p=82474"},"author":{"name":"Lo viste en Los Pol\u00edticos","@id":"https:\/\/lospoliticosveracruz.com\/#\/schema\/person\/b8702bb0e538456e6efd07080bf2a4a2"},"headline":"Sedecop, a medias!","datePublished":"2021-11-26T19:27:45+00:00","dateModified":"2021-11-26T19:48:01+00:00","mainEntityOfPage":{"@id":"https:\/\/lospoliticosveracruz.com\/?p=82474"},"wordCount":479,"publisher":{"@id":"https:\/\/lospoliticosveracruz.com\/#organization"},"keywords":["Anil\u00fa Ingram Vallines","Enrique Nach\u00f3n Garc\u00eda","GLPRI","PRI","Sedecop"],"articleSection":["De Boleto"],"inLanguage":"es"},{"@type":"WebPage","@id":"https:\/\/lospoliticosveracruz.com\/?p=82474","url":"https:\/\/lospoliticosveracruz.com\/?p=82474","name":"Sedecop, a medias! - Los pol\u00edticos Veracruz","isPartOf":{"@id":"https:\/\/lospoliticosveracruz.com\/#website"},"datePublished":"2021-11-26T19:27:45+00:00","dateModified":"2021-11-26T19:48:01+00:00","breadcrumb":{"@id":"https:\/\/lospoliticosveracruz.com\/?p=82474#breadcrumb"},"inLanguage":"es","potentialAction":[{"@type":"ReadAction","target":["https:\/\/lospoliticosveracruz.com\/?p=82474"]}]},{"@type":"BreadcrumbList","@id":"https:\/\/lospoliticosveracruz.com\/?p=82474#breadcrumb","itemListElement":[{"@type":"ListItem","position":1,"name":"Portada","item":"https:\/\/lospoliticosveracruz.com\/"},{"@type":"ListItem","position":2,"name":"Sedecop, a medias!"}]},{"@type":"WebSite","@id":"https:\/\/lospoliticosveracruz.com\/#website","url":"https:\/\/lospoliticosveracruz.com\/","name":"Los pol\u00edticos Veracruz","description":"","publisher":{"@id":"https:\/\/lospoliticosveracruz.com\/#organization"},"potentialAction":[{"@type":"SearchAction","target":{"@type":"EntryPoint","urlTemplate":"https:\/\/lospoliticosveracruz.com\/?s={search_term_string}"},"query-input":{"@type":"PropertyValueSpecification","valueRequired":true,"valueName":"search_term_string"}}],"inLanguage":"es"},{"@type":"Organization","@id":"https:\/\/lospoliticosveracruz.com\/#organization","name":"Los pol\u00edticos Veracruz","url":"https:\/\/lospoliticosveracruz.com\/","logo":{"@type":"ImageObject","inLanguage":"es","@id":"https:\/\/lospoliticosveracruz.com\/#\/schema\/logo\/image\/","url":"https:\/\/lospoliticosveracruz.com\/wp-content\/uploads\/2025\/12\/Logo-Nuevo-LOS-POLITICOS-1.jpg","contentUrl":"https:\/\/lospoliticosveracruz.com\/wp-content\/uploads\/2025\/12\/Logo-Nuevo-LOS-POLITICOS-1.jpg","width":260,"height":70,"caption":"Los pol\u00edticos Veracruz"},"image":{"@id":"https:\/\/lospoliticosveracruz.com\/#\/schema\/logo\/image\/"},"sameAs":["https:\/\/www.facebook.com\/people\/Notimemes-de-los-Polticos\/61565672886568\/","https:\/\/x.com\/LosPoliticosVer"]},{"@type":"Person","@id":"https:\/\/lospoliticosveracruz.com\/#\/schema\/person\/b8702bb0e538456e6efd07080bf2a4a2","name":"Lo viste en Los Pol\u00edticos","image":{"@type":"ImageObject","inLanguage":"es","@id":"https:\/\/secure.gravatar.com\/avatar\/3a8de04a2656d44082be478bd6c086daa447c4651605818287b9532d3d0bd435?s=96&d=mm&r=g","url":"https:\/\/secure.gravatar.com\/avatar\/3a8de04a2656d44082be478bd6c086daa447c4651605818287b9532d3d0bd435?s=96&d=mm&r=g","contentUrl":"https:\/\/secure.gravatar.com\/avatar\/3a8de04a2656d44082be478bd6c086daa447c4651605818287b9532d3d0bd435?s=96&d=mm&r=g","caption":"Lo viste en Los Pol\u00edticos"},"url":"https:\/\/lospoliticosveracruz.com\/?author=2"}]}},"_links":{"self":[{"href":"https:\/\/lospoliticosveracruz.com\/index.php?rest_route=\/wp\/v2\/posts\/82474","targetHints":{"allow":["GET"]}}],"collection":[{"href":"https:\/\/lospoliticosveracruz.com\/index.php?rest_route=\/wp\/v2\/posts"}],"about":[{"href":"https:\/\/lospoliticosveracruz.com\/index.php?rest_route=\/wp\/v2\/types\/post"}],"author":[{"embeddable":true,"href":"https:\/\/lospoliticosveracruz.com\/index.php?rest_route=\/wp\/v2\/users\/2"}],"replies":[{"embeddable":true,"href":"https:\/\/lospoliticosveracruz.com\/index.php?rest_route=%2Fwp%2Fv2%2Fcomments&post=82474"}],"version-history":[{"count":1,"href":"https:\/\/lospoliticosveracruz.com\/index.php?rest_route=\/wp\/v2\/posts\/82474\/revisions"}],"predecessor-version":[{"id":82476,"href":"https:\/\/lospoliticosveracruz.com\/index.php?rest_route=\/wp\/v2\/posts\/82474\/revisions\/82476"}],"wp:attachment":[{"href":"https:\/\/lospoliticosveracruz.com\/index.php?rest_route=%2Fwp%2Fv2%2Fmedia&parent=82474"}],"wp:term":[{"taxonomy":"category","embeddable":true,"href":"https:\/\/lospoliticosveracruz.com\/index.php?rest_route=%2Fwp%2Fv2%2Fcategories&post=82474"},{"taxonomy":"post_tag","embeddable":true,"href":"https:\/\/lospoliticosveracruz.com\/index.php?rest_route=%2Fwp%2Fv2%2Ftags&post=82474"}],"curies":[{"name":"wp","href":"https:\/\/api.w.org\/{rel}","templated":true}]}}