{"id":82502,"date":"2021-11-26T19:00:12","date_gmt":"2021-11-27T01:00:12","guid":{"rendered":"https:\/\/lospoliticosveracruz.com.mx\/?p=82502"},"modified":"2021-11-26T19:00:17","modified_gmt":"2021-11-27T01:00:17","slug":"presentan-proyecto-ciudadano-moreno","status":"publish","type":"post","link":"https:\/\/lospoliticosveracruz.com\/?p=82502","title":{"rendered":"Presentan proyecto ciudadano Moreno!"},"content":{"rendered":"\n<p><\/p>\n\n\n\n<p><strong>Enrique Yasser Pompeyo<br><\/strong><em>Coatepec<\/em><\/p>\n\n\n\n<p>Con la finalidad de que la voz de la poblaci\u00f3n sea escuchada por las autoridades municipales fue presentado el \u201cProyecto Coatepec 2022-2025 Morena Ciudadan\u00eda\u201d.<\/p>\n\n\n\n<p>De acuerdo con lo informado, \u201ces la expresi\u00f3n de los anhelos de un Coatepec mejor, la identificaci\u00f3n de los problemas y situaciones que no deseamos y de las propuestas de l\u00edneas de acci\u00f3n de soluciones y mejoras viables, con la formulaci\u00f3n de `c\u00f3mos\u00b4 concretos que representan a la vez, un compromiso de participaci\u00f3n ciudadana responsable, y una exigencia ciudadana ante las autoridades electas\u201d.<\/p>\n\n\n\n<p>Adem\u00e1s, es fruto de un trabajo de reflexi\u00f3n compartido \u201csobre la situaci\u00f3n que vivimos cotidianamente en los diferentes sectores y \u00e1mbitos de trabajo y de vida en la cabecera y congregaciones del municipio\u201d.<\/p>\n\n\n\n<p>Hay dos caracter\u00edsticas del sentir de los coatepecanos. La primera, ya no quieren estar al margen de la administraci\u00f3n municipal, \u201ccomo ha venido siendo, como una tarea de pol\u00edticos, de acuerdo a sus intereses y en provecho de ellos, sus partidos, sus familiares y amigos\u201d.<\/p>\n\n\n\n<p>La segunda caracter\u00edstica es que la poblaci\u00f3n tiene ideas, propuestas, as\u00ed como la disposici\u00f3n a participar responsablemente, con exigencias respecto de las competencias que requieren las funciones de la administraci\u00f3n municipal.<\/p>\n\n\n\n<p>Adem\u00e1s, con cr\u00edticas fundamentadas, pero igualmente con autocr\u00edticas \u201cde un excesivo dejar de hacer, excesivamente pasivo\u201d, y con una imaginaci\u00f3n de futuro capaz de hacer propuestas pertinentes que incluyen su participaci\u00f3n decidida, responsable de lo que le toca a la ciudadan\u00eda frente a los retos para lograr un mejor Coatepec.<\/p>\n\n\n\n<p>Por lo anterior, hacen las siguientes propuestas:<\/p>\n\n\n\n<p>Desarrollo Econ\u00f3mico. Detonarlo con bienestar para toda la poblaci\u00f3n en el municipio y con dos ejes: 1.- Turismo ecol\u00f3gico en todo el municipio, no s\u00f3lo la cabecera y; 2.- Fortalecimiento de la econom\u00eda local.<\/p>\n\n\n\n<p>Planeaci\u00f3n y Desarrollo Urbano. 1.- Recuperar el Cerro de las Culebras para convertirlo en un parque ecol\u00f3gico, recreativo y tur\u00edstico; 2.- Integrarse y participar en el Tren Nahuatl Xalapa-Coatepec-Xico-Teocelo como un corredor ecol\u00f3gico tur\u00edstico; 3.- La creaci\u00f3n de un Consejo Intermunicipal sobre viabilidad en y a trav\u00e9s de Coatepec.<\/p>\n\n\n\n<p>Participaci\u00f3n Ciudadana. Debe haber un Consejo Ciudadano que canalice, refuerce, apoye, haga presente la voz de la ciudadan\u00eda, sus exigencias, iniciativas, propuestas, ante la administraci\u00f3n municipal, as\u00ed como tambi\u00e9n supervise, d\u00e9 seguimiento al desempe\u00f1o de las autoridades y funcionarios municipales, y con fundamento en la Ley Org\u00e1nica del Municipio Libre, someta a escrutinio cualquier desviaci\u00f3n de recursos del erario.<\/p>\n\n\n\n<p>Seguridad. Se propone una Polic\u00eda de Proximidad. Un trabajo eminentemente educativo con la polic\u00eda y colaborativo con la ciudadan\u00eda, para que se conciba y se colabore, por parte de la administraci\u00f3n municipal y la ciudadan\u00eda, con la polic\u00eda como una instituci\u00f3n confiable enfocada en servir y apoyar a la comunidad.<\/p>\n\n\n\n<p>Educaci\u00f3n, cultura y salud. Fortalecer la biblioteca municipal y generar actividades culturales.<\/p>\n\n\n\n<p>Ecolog\u00eda, contaminaci\u00f3n y tratamiento de residuos. Se plantea la construcci\u00f3n y operaci\u00f3n de una planta de manejo de residuos org\u00e1nicos en el municipio.<\/p>\n\n\n\n<p>Administraci\u00f3n Municipal. Dar seguimiento y evaluaci\u00f3n del desempe\u00f1o de todo el personal del Ayuntamiento, a trav\u00e9s del Departamento de Personal, a cargo del o la Oficia Mayor con base en la ley, reglamentos y acuerdos, y con base en la planeaci\u00f3n de objetivos, metas y programas de trabajo anual.<\/p>\n","protected":false},"excerpt":{"rendered":"<p>Enrique Yasser PompeyoCoatepec Con la finalidad de que la voz de la poblaci\u00f3n sea escuchada por las autoridades municipales fue presentado el \u201cProyecto Coatepec 2022-2025 Morena Ciudadan\u00eda\u201d. De acuerdo con lo informado, \u201ces la expresi\u00f3n de los anhelos de un Coatepec mejor, la identificaci\u00f3n de los problemas y situaciones que no deseamos y de las [&hellip;]<\/p>\n","protected":false},"author":2,"featured_media":82503,"comment_status":"closed","ping_status":"closed","sticky":false,"template":"","format":"standard","meta":{"tdm_status":"","tdm_grid_status":"","footnotes":""},"categories":[6446],"tags":[277,15477,1026,31380],"class_list":{"0":"post-82502","1":"post","2":"type-post","3":"status-publish","4":"format-standard","5":"has-post-thumbnail","7":"category-la-nota","8":"tag-coatepec","9":"tag-enrique-yasser-pompeyo","10":"tag-morena","11":"tag-proyecto-coatepec-2022-2025"},"yoast_head":"<!-- This site is optimized with the Yoast SEO plugin v27.4 - https:\/\/yoast.com\/product\/yoast-seo-wordpress\/ -->\n<title>Presentan proyecto ciudadano Moreno! - Los pol\u00edticos Veracruz<\/title>\n<meta name=\"robots\" content=\"index, follow, max-snippet:-1, max-image-preview:large, max-video-preview:-1\" \/>\n<link rel=\"canonical\" href=\"https:\/\/lospoliticosveracruz.com\/?p=82502\" \/>\n<meta property=\"og:locale\" content=\"es_ES\" \/>\n<meta property=\"og:type\" content=\"article\" \/>\n<meta property=\"og:title\" content=\"Presentan proyecto ciudadano Moreno! - Los pol\u00edticos Veracruz\" \/>\n<meta property=\"og:description\" content=\"Enrique Yasser PompeyoCoatepec Con la finalidad de que la voz de la poblaci\u00f3n sea escuchada por las autoridades municipales fue presentado el \u201cProyecto Coatepec 2022-2025 Morena Ciudadan\u00eda\u201d. De acuerdo con lo informado, \u201ces la expresi\u00f3n de los anhelos de un Coatepec mejor, la identificaci\u00f3n de los problemas y situaciones que no deseamos y de las [&hellip;]\" \/>\n<meta property=\"og:url\" content=\"https:\/\/lospoliticosveracruz.com\/?p=82502\" \/>\n<meta property=\"og:site_name\" content=\"Los pol\u00edticos Veracruz\" \/>\n<meta property=\"article:publisher\" content=\"https:\/\/www.facebook.com\/people\/Notimemes-de-los-Polticos\/61565672886568\/\" \/>\n<meta property=\"article:published_time\" content=\"2021-11-27T01:00:12+00:00\" \/>\n<meta property=\"article:modified_time\" content=\"2021-11-27T01:00:17+00:00\" \/>\n<meta property=\"og:image\" content=\"https:\/\/lospoliticosveracruz.com\/wp-content\/uploads\/2021\/11\/Proyecto-Coatepec-2022-2025.jpg\" \/>\n\t<meta property=\"og:image:width\" content=\"600\" \/>\n\t<meta property=\"og:image:height\" content=\"320\" \/>\n\t<meta property=\"og:image:type\" content=\"image\/jpeg\" \/>\n<meta name=\"author\" content=\"Lo viste en Los Pol\u00edticos\" \/>\n<meta name=\"twitter:card\" content=\"summary_large_image\" \/>\n<meta name=\"twitter:creator\" content=\"@LosPoliticosVer\" \/>\n<meta name=\"twitter:site\" content=\"@LosPoliticosVer\" \/>\n<meta name=\"twitter:label1\" content=\"Escrito por\" \/>\n\t<meta name=\"twitter:data1\" content=\"Lo viste en Los Pol\u00edticos\" \/>\n\t<meta name=\"twitter:label2\" content=\"Tiempo de lectura\" \/>\n\t<meta name=\"twitter:data2\" content=\"3 minutos\" \/>\n<script type=\"application\/ld+json\" class=\"yoast-schema-graph\">{\"@context\":\"https:\\\/\\\/schema.org\",\"@graph\":[{\"@type\":\"Article\",\"@id\":\"https:\\\/\\\/lospoliticosveracruz.com\\\/?p=82502#article\",\"isPartOf\":{\"@id\":\"https:\\\/\\\/lospoliticosveracruz.com\\\/?p=82502\"},\"author\":{\"name\":\"Lo viste en Los Pol\u00edticos\",\"@id\":\"https:\\\/\\\/lospoliticosveracruz.com\\\/#\\\/schema\\\/person\\\/b8702bb0e538456e6efd07080bf2a4a2\"},\"headline\":\"Presentan proyecto ciudadano Moreno!\",\"datePublished\":\"2021-11-27T01:00:12+00:00\",\"dateModified\":\"2021-11-27T01:00:17+00:00\",\"mainEntityOfPage\":{\"@id\":\"https:\\\/\\\/lospoliticosveracruz.com\\\/?p=82502\"},\"wordCount\":599,\"publisher\":{\"@id\":\"https:\\\/\\\/lospoliticosveracruz.com\\\/#organization\"},\"image\":{\"@id\":\"https:\\\/\\\/lospoliticosveracruz.com\\\/?p=82502#primaryimage\"},\"thumbnailUrl\":\"https:\\\/\\\/lospoliticosveracruz.com\\\/wp-content\\\/uploads\\\/2021\\\/11\\\/Proyecto-Coatepec-2022-2025.jpg\",\"keywords\":[\"Coatepec\",\"Enrique Yasser Pompeyo\",\"Morena\",\"Proyecto Coatepec 2022-2025\"],\"articleSection\":[\"La Nota\"],\"inLanguage\":\"es\"},{\"@type\":\"WebPage\",\"@id\":\"https:\\\/\\\/lospoliticosveracruz.com\\\/?p=82502\",\"url\":\"https:\\\/\\\/lospoliticosveracruz.com\\\/?p=82502\",\"name\":\"Presentan proyecto ciudadano Moreno! - Los pol\u00edticos Veracruz\",\"isPartOf\":{\"@id\":\"https:\\\/\\\/lospoliticosveracruz.com\\\/#website\"},\"primaryImageOfPage\":{\"@id\":\"https:\\\/\\\/lospoliticosveracruz.com\\\/?p=82502#primaryimage\"},\"image\":{\"@id\":\"https:\\\/\\\/lospoliticosveracruz.com\\\/?p=82502#primaryimage\"},\"thumbnailUrl\":\"https:\\\/\\\/lospoliticosveracruz.com\\\/wp-content\\\/uploads\\\/2021\\\/11\\\/Proyecto-Coatepec-2022-2025.jpg\",\"datePublished\":\"2021-11-27T01:00:12+00:00\",\"dateModified\":\"2021-11-27T01:00:17+00:00\",\"breadcrumb\":{\"@id\":\"https:\\\/\\\/lospoliticosveracruz.com\\\/?p=82502#breadcrumb\"},\"inLanguage\":\"es\",\"potentialAction\":[{\"@type\":\"ReadAction\",\"target\":[\"https:\\\/\\\/lospoliticosveracruz.com\\\/?p=82502\"]}]},{\"@type\":\"ImageObject\",\"inLanguage\":\"es\",\"@id\":\"https:\\\/\\\/lospoliticosveracruz.com\\\/?p=82502#primaryimage\",\"url\":\"https:\\\/\\\/lospoliticosveracruz.com\\\/wp-content\\\/uploads\\\/2021\\\/11\\\/Proyecto-Coatepec-2022-2025.jpg\",\"contentUrl\":\"https:\\\/\\\/lospoliticosveracruz.com\\\/wp-content\\\/uploads\\\/2021\\\/11\\\/Proyecto-Coatepec-2022-2025.jpg\",\"width\":600,\"height\":320},{\"@type\":\"BreadcrumbList\",\"@id\":\"https:\\\/\\\/lospoliticosveracruz.com\\\/?p=82502#breadcrumb\",\"itemListElement\":[{\"@type\":\"ListItem\",\"position\":1,\"name\":\"Portada\",\"item\":\"https:\\\/\\\/lospoliticosveracruz.com\\\/\"},{\"@type\":\"ListItem\",\"position\":2,\"name\":\"Presentan proyecto ciudadano Moreno!\"}]},{\"@type\":\"WebSite\",\"@id\":\"https:\\\/\\\/lospoliticosveracruz.com\\\/#website\",\"url\":\"https:\\\/\\\/lospoliticosveracruz.com\\\/\",\"name\":\"Los pol\u00edticos Veracruz\",\"description\":\"\",\"publisher\":{\"@id\":\"https:\\\/\\\/lospoliticosveracruz.com\\\/#organization\"},\"potentialAction\":[{\"@type\":\"SearchAction\",\"target\":{\"@type\":\"EntryPoint\",\"urlTemplate\":\"https:\\\/\\\/lospoliticosveracruz.com\\\/?s={search_term_string}\"},\"query-input\":{\"@type\":\"PropertyValueSpecification\",\"valueRequired\":true,\"valueName\":\"search_term_string\"}}],\"inLanguage\":\"es\"},{\"@type\":\"Organization\",\"@id\":\"https:\\\/\\\/lospoliticosveracruz.com\\\/#organization\",\"name\":\"Los pol\u00edticos Veracruz\",\"url\":\"https:\\\/\\\/lospoliticosveracruz.com\\\/\",\"logo\":{\"@type\":\"ImageObject\",\"inLanguage\":\"es\",\"@id\":\"https:\\\/\\\/lospoliticosveracruz.com\\\/#\\\/schema\\\/logo\\\/image\\\/\",\"url\":\"https:\\\/\\\/lospoliticosveracruz.com\\\/wp-content\\\/uploads\\\/2025\\\/12\\\/Logo-Nuevo-LOS-POLITICOS-1.jpg\",\"contentUrl\":\"https:\\\/\\\/lospoliticosveracruz.com\\\/wp-content\\\/uploads\\\/2025\\\/12\\\/Logo-Nuevo-LOS-POLITICOS-1.jpg\",\"width\":260,\"height\":70,\"caption\":\"Los pol\u00edticos Veracruz\"},\"image\":{\"@id\":\"https:\\\/\\\/lospoliticosveracruz.com\\\/#\\\/schema\\\/logo\\\/image\\\/\"},\"sameAs\":[\"https:\\\/\\\/www.facebook.com\\\/people\\\/Notimemes-de-los-Polticos\\\/61565672886568\\\/\",\"https:\\\/\\\/x.com\\\/LosPoliticosVer\"]},{\"@type\":\"Person\",\"@id\":\"https:\\\/\\\/lospoliticosveracruz.com\\\/#\\\/schema\\\/person\\\/b8702bb0e538456e6efd07080bf2a4a2\",\"name\":\"Lo viste en Los Pol\u00edticos\",\"image\":{\"@type\":\"ImageObject\",\"inLanguage\":\"es\",\"@id\":\"https:\\\/\\\/secure.gravatar.com\\\/avatar\\\/3a8de04a2656d44082be478bd6c086daa447c4651605818287b9532d3d0bd435?s=96&d=mm&r=g\",\"url\":\"https:\\\/\\\/secure.gravatar.com\\\/avatar\\\/3a8de04a2656d44082be478bd6c086daa447c4651605818287b9532d3d0bd435?s=96&d=mm&r=g\",\"contentUrl\":\"https:\\\/\\\/secure.gravatar.com\\\/avatar\\\/3a8de04a2656d44082be478bd6c086daa447c4651605818287b9532d3d0bd435?s=96&d=mm&r=g\",\"caption\":\"Lo viste en Los Pol\u00edticos\"},\"url\":\"https:\\\/\\\/lospoliticosveracruz.com\\\/?author=2\"}]}<\/script>\n<!-- \/ Yoast SEO plugin. -->","yoast_head_json":{"title":"Presentan proyecto ciudadano Moreno! - Los pol\u00edticos Veracruz","robots":{"index":"index","follow":"follow","max-snippet":"max-snippet:-1","max-image-preview":"max-image-preview:large","max-video-preview":"max-video-preview:-1"},"canonical":"https:\/\/lospoliticosveracruz.com\/?p=82502","og_locale":"es_ES","og_type":"article","og_title":"Presentan proyecto ciudadano Moreno! - Los pol\u00edticos Veracruz","og_description":"Enrique Yasser PompeyoCoatepec Con la finalidad de que la voz de la poblaci\u00f3n sea escuchada por las autoridades municipales fue presentado el \u201cProyecto Coatepec 2022-2025 Morena Ciudadan\u00eda\u201d. De acuerdo con lo informado, \u201ces la expresi\u00f3n de los anhelos de un Coatepec mejor, la identificaci\u00f3n de los problemas y situaciones que no deseamos y de las [&hellip;]","og_url":"https:\/\/lospoliticosveracruz.com\/?p=82502","og_site_name":"Los pol\u00edticos Veracruz","article_publisher":"https:\/\/www.facebook.com\/people\/Notimemes-de-los-Polticos\/61565672886568\/","article_published_time":"2021-11-27T01:00:12+00:00","article_modified_time":"2021-11-27T01:00:17+00:00","og_image":[{"width":600,"height":320,"url":"https:\/\/lospoliticosveracruz.com\/wp-content\/uploads\/2021\/11\/Proyecto-Coatepec-2022-2025.jpg","type":"image\/jpeg"}],"author":"Lo viste en Los Pol\u00edticos","twitter_card":"summary_large_image","twitter_creator":"@LosPoliticosVer","twitter_site":"@LosPoliticosVer","twitter_misc":{"Escrito por":"Lo viste en Los Pol\u00edticos","Tiempo de lectura":"3 minutos"},"schema":{"@context":"https:\/\/schema.org","@graph":[{"@type":"Article","@id":"https:\/\/lospoliticosveracruz.com\/?p=82502#article","isPartOf":{"@id":"https:\/\/lospoliticosveracruz.com\/?p=82502"},"author":{"name":"Lo viste en Los Pol\u00edticos","@id":"https:\/\/lospoliticosveracruz.com\/#\/schema\/person\/b8702bb0e538456e6efd07080bf2a4a2"},"headline":"Presentan proyecto ciudadano Moreno!","datePublished":"2021-11-27T01:00:12+00:00","dateModified":"2021-11-27T01:00:17+00:00","mainEntityOfPage":{"@id":"https:\/\/lospoliticosveracruz.com\/?p=82502"},"wordCount":599,"publisher":{"@id":"https:\/\/lospoliticosveracruz.com\/#organization"},"image":{"@id":"https:\/\/lospoliticosveracruz.com\/?p=82502#primaryimage"},"thumbnailUrl":"https:\/\/lospoliticosveracruz.com\/wp-content\/uploads\/2021\/11\/Proyecto-Coatepec-2022-2025.jpg","keywords":["Coatepec","Enrique Yasser Pompeyo","Morena","Proyecto Coatepec 2022-2025"],"articleSection":["La Nota"],"inLanguage":"es"},{"@type":"WebPage","@id":"https:\/\/lospoliticosveracruz.com\/?p=82502","url":"https:\/\/lospoliticosveracruz.com\/?p=82502","name":"Presentan proyecto ciudadano Moreno! - Los pol\u00edticos Veracruz","isPartOf":{"@id":"https:\/\/lospoliticosveracruz.com\/#website"},"primaryImageOfPage":{"@id":"https:\/\/lospoliticosveracruz.com\/?p=82502#primaryimage"},"image":{"@id":"https:\/\/lospoliticosveracruz.com\/?p=82502#primaryimage"},"thumbnailUrl":"https:\/\/lospoliticosveracruz.com\/wp-content\/uploads\/2021\/11\/Proyecto-Coatepec-2022-2025.jpg","datePublished":"2021-11-27T01:00:12+00:00","dateModified":"2021-11-27T01:00:17+00:00","breadcrumb":{"@id":"https:\/\/lospoliticosveracruz.com\/?p=82502#breadcrumb"},"inLanguage":"es","potentialAction":[{"@type":"ReadAction","target":["https:\/\/lospoliticosveracruz.com\/?p=82502"]}]},{"@type":"ImageObject","inLanguage":"es","@id":"https:\/\/lospoliticosveracruz.com\/?p=82502#primaryimage","url":"https:\/\/lospoliticosveracruz.com\/wp-content\/uploads\/2021\/11\/Proyecto-Coatepec-2022-2025.jpg","contentUrl":"https:\/\/lospoliticosveracruz.com\/wp-content\/uploads\/2021\/11\/Proyecto-Coatepec-2022-2025.jpg","width":600,"height":320},{"@type":"BreadcrumbList","@id":"https:\/\/lospoliticosveracruz.com\/?p=82502#breadcrumb","itemListElement":[{"@type":"ListItem","position":1,"name":"Portada","item":"https:\/\/lospoliticosveracruz.com\/"},{"@type":"ListItem","position":2,"name":"Presentan proyecto ciudadano Moreno!"}]},{"@type":"WebSite","@id":"https:\/\/lospoliticosveracruz.com\/#website","url":"https:\/\/lospoliticosveracruz.com\/","name":"Los pol\u00edticos Veracruz","description":"","publisher":{"@id":"https:\/\/lospoliticosveracruz.com\/#organization"},"potentialAction":[{"@type":"SearchAction","target":{"@type":"EntryPoint","urlTemplate":"https:\/\/lospoliticosveracruz.com\/?s={search_term_string}"},"query-input":{"@type":"PropertyValueSpecification","valueRequired":true,"valueName":"search_term_string"}}],"inLanguage":"es"},{"@type":"Organization","@id":"https:\/\/lospoliticosveracruz.com\/#organization","name":"Los pol\u00edticos Veracruz","url":"https:\/\/lospoliticosveracruz.com\/","logo":{"@type":"ImageObject","inLanguage":"es","@id":"https:\/\/lospoliticosveracruz.com\/#\/schema\/logo\/image\/","url":"https:\/\/lospoliticosveracruz.com\/wp-content\/uploads\/2025\/12\/Logo-Nuevo-LOS-POLITICOS-1.jpg","contentUrl":"https:\/\/lospoliticosveracruz.com\/wp-content\/uploads\/2025\/12\/Logo-Nuevo-LOS-POLITICOS-1.jpg","width":260,"height":70,"caption":"Los pol\u00edticos Veracruz"},"image":{"@id":"https:\/\/lospoliticosveracruz.com\/#\/schema\/logo\/image\/"},"sameAs":["https:\/\/www.facebook.com\/people\/Notimemes-de-los-Polticos\/61565672886568\/","https:\/\/x.com\/LosPoliticosVer"]},{"@type":"Person","@id":"https:\/\/lospoliticosveracruz.com\/#\/schema\/person\/b8702bb0e538456e6efd07080bf2a4a2","name":"Lo viste en Los Pol\u00edticos","image":{"@type":"ImageObject","inLanguage":"es","@id":"https:\/\/secure.gravatar.com\/avatar\/3a8de04a2656d44082be478bd6c086daa447c4651605818287b9532d3d0bd435?s=96&d=mm&r=g","url":"https:\/\/secure.gravatar.com\/avatar\/3a8de04a2656d44082be478bd6c086daa447c4651605818287b9532d3d0bd435?s=96&d=mm&r=g","contentUrl":"https:\/\/secure.gravatar.com\/avatar\/3a8de04a2656d44082be478bd6c086daa447c4651605818287b9532d3d0bd435?s=96&d=mm&r=g","caption":"Lo viste en Los Pol\u00edticos"},"url":"https:\/\/lospoliticosveracruz.com\/?author=2"}]}},"_links":{"self":[{"href":"https:\/\/lospoliticosveracruz.com\/index.php?rest_route=\/wp\/v2\/posts\/82502","targetHints":{"allow":["GET"]}}],"collection":[{"href":"https:\/\/lospoliticosveracruz.com\/index.php?rest_route=\/wp\/v2\/posts"}],"about":[{"href":"https:\/\/lospoliticosveracruz.com\/index.php?rest_route=\/wp\/v2\/types\/post"}],"author":[{"embeddable":true,"href":"https:\/\/lospoliticosveracruz.com\/index.php?rest_route=\/wp\/v2\/users\/2"}],"replies":[{"embeddable":true,"href":"https:\/\/lospoliticosveracruz.com\/index.php?rest_route=%2Fwp%2Fv2%2Fcomments&post=82502"}],"version-history":[{"count":1,"href":"https:\/\/lospoliticosveracruz.com\/index.php?rest_route=\/wp\/v2\/posts\/82502\/revisions"}],"predecessor-version":[{"id":82504,"href":"https:\/\/lospoliticosveracruz.com\/index.php?rest_route=\/wp\/v2\/posts\/82502\/revisions\/82504"}],"wp:featuredmedia":[{"embeddable":true,"href":"https:\/\/lospoliticosveracruz.com\/index.php?rest_route=\/wp\/v2\/media\/82503"}],"wp:attachment":[{"href":"https:\/\/lospoliticosveracruz.com\/index.php?rest_route=%2Fwp%2Fv2%2Fmedia&parent=82502"}],"wp:term":[{"taxonomy":"category","embeddable":true,"href":"https:\/\/lospoliticosveracruz.com\/index.php?rest_route=%2Fwp%2Fv2%2Fcategories&post=82502"},{"taxonomy":"post_tag","embeddable":true,"href":"https:\/\/lospoliticosveracruz.com\/index.php?rest_route=%2Fwp%2Fv2%2Ftags&post=82502"}],"curies":[{"name":"wp","href":"https:\/\/api.w.org\/{rel}","templated":true}]}}