{"id":82519,"date":"2021-11-27T12:49:39","date_gmt":"2021-11-27T18:49:39","guid":{"rendered":"https:\/\/lospoliticosveracruz.com.mx\/?p=82519"},"modified":"2021-11-27T12:49:45","modified_gmt":"2021-11-27T18:49:45","slug":"otro-palo-a-exsome","status":"publish","type":"post","link":"https:\/\/lospoliticosveracruz.com\/?p=82519","title":{"rendered":"Otro palo a Exsome!!!"},"content":{"rendered":"\n<p><\/p>\n\n\n\n<p><br><strong>Xalapa<\/strong><\/p>\n\n\n\n<p><br>El Consejo General del OPLE, determin\u00f3 improcedente la remoci\u00f3n del funcionario electoral, Roberto Castillo Guti\u00e9rrez, Presidente del Consejo Municipal del Puerto de Veracruz, avalando con ello su actuaci\u00f3n durante la jornada electoral en la que result\u00f3 ganadora la abanderada por la alianza del PAN-PRI-PRD, Patricia Lobeira.<\/p>\n\n\n\n<p>Castillo Guti\u00e9rrez fue denunciado por MORENA y por los partidos Unidad Ciudadana, Redes Sociales Progresistas, del Trabajo, Verde Ecologista de M\u00e9xico, Encuentro Solidario y Fuerza por M\u00e9xico, por presuntas irregularidades en el pasado proceso electoral, sin embargo el OPLE desech\u00f3 sus argumentos.<\/p>\n\n\n\n<p>En sesi\u00f3n extraordinaria los integrantes del Organismo P\u00fablico Local Electoral determinaron que era improcedente la remoci\u00f3n al no demostrar con los medios de prueba id\u00f3neos, la relaci\u00f3n directa del actuar de los miembros de los consejos distritales y municipales.<\/p>\n\n\n\n<p>Adem\u00e1s de que el procedimiento de remoci\u00f3n tiene por objeto establecer en su caso una sanci\u00f3n y no basta la acreditaci\u00f3n de alguna conducta, si no la gravedad o afectaci\u00f3n que se hubiese ocasionado derivado de la misma, y que sea atribuible al funcionario denunciado.<\/p>\n\n\n\n<p>La determinaci\u00f3n del OPLE fue en cumplimiento a lo ordenado por el Tribunal Electoral de Veracruz en el Recurso de Apelaci\u00f3n TEV-RAP-96\/2021.<\/p>\n","protected":false},"excerpt":{"rendered":"<p>Xalapa El Consejo General del OPLE, determin\u00f3 improcedente la remoci\u00f3n del funcionario electoral, Roberto Castillo Guti\u00e9rrez, Presidente del Consejo Municipal del Puerto de Veracruz, avalando con ello su actuaci\u00f3n durante la jornada electoral en la que result\u00f3 ganadora la abanderada por la alianza del PAN-PRI-PRD, Patricia Lobeira. Castillo Guti\u00e9rrez fue denunciado por MORENA y por [&hellip;]<\/p>\n","protected":false},"author":2,"featured_media":82520,"comment_status":"closed","ping_status":"closed","sticky":false,"template":"","format":"standard","meta":{"tdm_status":"","tdm_grid_status":"","footnotes":""},"categories":[6446],"tags":[31384,19838,1026,3272,22333,28254,14281,13435,28781,18710],"class_list":{"0":"post-82519","1":"post","2":"type-post","3":"status-publish","4":"format-standard","5":"has-post-thumbnail","7":"category-la-nota","8":"tag-del-trabajo","9":"tag-encuentro-solidario","10":"tag-morena","11":"tag-ople","12":"tag-pan-pri-prd","13":"tag-patricia-lobeira","14":"tag-redes-sociales-progresistas","15":"tag-ricardo-exsome-zapata","16":"tag-roberto-castillo-gutierrez","17":"tag-unidad-ciudadana"},"yoast_head":"<!-- This site is optimized with the Yoast SEO plugin v27.4 - https:\/\/yoast.com\/product\/yoast-seo-wordpress\/ -->\n<title>Otro palo a Exsome!!! - Los pol\u00edticos Veracruz<\/title>\n<meta name=\"robots\" content=\"index, follow, max-snippet:-1, max-image-preview:large, max-video-preview:-1\" \/>\n<link rel=\"canonical\" href=\"https:\/\/lospoliticosveracruz.com\/?p=82519\" \/>\n<meta property=\"og:locale\" content=\"es_ES\" \/>\n<meta property=\"og:type\" content=\"article\" \/>\n<meta property=\"og:title\" content=\"Otro palo a Exsome!!! - Los pol\u00edticos Veracruz\" \/>\n<meta property=\"og:description\" content=\"Xalapa El Consejo General del OPLE, determin\u00f3 improcedente la remoci\u00f3n del funcionario electoral, Roberto Castillo Guti\u00e9rrez, Presidente del Consejo Municipal del Puerto de Veracruz, avalando con ello su actuaci\u00f3n durante la jornada electoral en la que result\u00f3 ganadora la abanderada por la alianza del PAN-PRI-PRD, Patricia Lobeira. Castillo Guti\u00e9rrez fue denunciado por MORENA y por [&hellip;]\" \/>\n<meta property=\"og:url\" content=\"https:\/\/lospoliticosveracruz.com\/?p=82519\" \/>\n<meta property=\"og:site_name\" content=\"Los pol\u00edticos Veracruz\" \/>\n<meta property=\"article:publisher\" content=\"https:\/\/www.facebook.com\/people\/Notimemes-de-los-Polticos\/61565672886568\/\" \/>\n<meta property=\"article:published_time\" content=\"2021-11-27T18:49:39+00:00\" \/>\n<meta property=\"article:modified_time\" content=\"2021-11-27T18:49:45+00:00\" \/>\n<meta property=\"og:image\" content=\"https:\/\/lospoliticosveracruz.com\/wp-content\/uploads\/2021\/11\/E41CE48E-0968-4A47-A1FB-72B7A1A56822.jpeg\" \/>\n\t<meta property=\"og:image:width\" content=\"600\" \/>\n\t<meta property=\"og:image:height\" content=\"320\" \/>\n\t<meta property=\"og:image:type\" content=\"image\/jpeg\" \/>\n<meta name=\"author\" content=\"Lo viste en Los Pol\u00edticos\" \/>\n<meta name=\"twitter:card\" content=\"summary_large_image\" \/>\n<meta name=\"twitter:creator\" content=\"@LosPoliticosVer\" \/>\n<meta name=\"twitter:site\" content=\"@LosPoliticosVer\" \/>\n<meta name=\"twitter:label1\" content=\"Escrito por\" \/>\n\t<meta name=\"twitter:data1\" content=\"Lo viste en Los Pol\u00edticos\" \/>\n\t<meta name=\"twitter:label2\" content=\"Tiempo de lectura\" \/>\n\t<meta name=\"twitter:data2\" content=\"1 minuto\" \/>\n<script type=\"application\/ld+json\" class=\"yoast-schema-graph\">{\"@context\":\"https:\\\/\\\/schema.org\",\"@graph\":[{\"@type\":\"Article\",\"@id\":\"https:\\\/\\\/lospoliticosveracruz.com\\\/?p=82519#article\",\"isPartOf\":{\"@id\":\"https:\\\/\\\/lospoliticosveracruz.com\\\/?p=82519\"},\"author\":{\"name\":\"Lo viste en Los Pol\u00edticos\",\"@id\":\"https:\\\/\\\/lospoliticosveracruz.com\\\/#\\\/schema\\\/person\\\/b8702bb0e538456e6efd07080bf2a4a2\"},\"headline\":\"Otro palo a Exsome!!!\",\"datePublished\":\"2021-11-27T18:49:39+00:00\",\"dateModified\":\"2021-11-27T18:49:45+00:00\",\"mainEntityOfPage\":{\"@id\":\"https:\\\/\\\/lospoliticosveracruz.com\\\/?p=82519\"},\"wordCount\":217,\"publisher\":{\"@id\":\"https:\\\/\\\/lospoliticosveracruz.com\\\/#organization\"},\"image\":{\"@id\":\"https:\\\/\\\/lospoliticosveracruz.com\\\/?p=82519#primaryimage\"},\"thumbnailUrl\":\"https:\\\/\\\/lospoliticosveracruz.com\\\/wp-content\\\/uploads\\\/2021\\\/11\\\/E41CE48E-0968-4A47-A1FB-72B7A1A56822.jpeg\",\"keywords\":[\"del Trabajo\",\"Encuentro Solidario\",\"Morena\",\"OPLE\",\"PAN-PRI-PRD\",\"Patricia Lobeira\",\"Redes Sociales Progresistas\",\"Ricardo Exsome Zapata\",\"Roberto Castillo Guti\u00e9rrez\",\"Unidad Ciudadana\"],\"articleSection\":[\"La Nota\"],\"inLanguage\":\"es\"},{\"@type\":\"WebPage\",\"@id\":\"https:\\\/\\\/lospoliticosveracruz.com\\\/?p=82519\",\"url\":\"https:\\\/\\\/lospoliticosveracruz.com\\\/?p=82519\",\"name\":\"Otro palo a Exsome!!! - Los pol\u00edticos Veracruz\",\"isPartOf\":{\"@id\":\"https:\\\/\\\/lospoliticosveracruz.com\\\/#website\"},\"primaryImageOfPage\":{\"@id\":\"https:\\\/\\\/lospoliticosveracruz.com\\\/?p=82519#primaryimage\"},\"image\":{\"@id\":\"https:\\\/\\\/lospoliticosveracruz.com\\\/?p=82519#primaryimage\"},\"thumbnailUrl\":\"https:\\\/\\\/lospoliticosveracruz.com\\\/wp-content\\\/uploads\\\/2021\\\/11\\\/E41CE48E-0968-4A47-A1FB-72B7A1A56822.jpeg\",\"datePublished\":\"2021-11-27T18:49:39+00:00\",\"dateModified\":\"2021-11-27T18:49:45+00:00\",\"breadcrumb\":{\"@id\":\"https:\\\/\\\/lospoliticosveracruz.com\\\/?p=82519#breadcrumb\"},\"inLanguage\":\"es\",\"potentialAction\":[{\"@type\":\"ReadAction\",\"target\":[\"https:\\\/\\\/lospoliticosveracruz.com\\\/?p=82519\"]}]},{\"@type\":\"ImageObject\",\"inLanguage\":\"es\",\"@id\":\"https:\\\/\\\/lospoliticosveracruz.com\\\/?p=82519#primaryimage\",\"url\":\"https:\\\/\\\/lospoliticosveracruz.com\\\/wp-content\\\/uploads\\\/2021\\\/11\\\/E41CE48E-0968-4A47-A1FB-72B7A1A56822.jpeg\",\"contentUrl\":\"https:\\\/\\\/lospoliticosveracruz.com\\\/wp-content\\\/uploads\\\/2021\\\/11\\\/E41CE48E-0968-4A47-A1FB-72B7A1A56822.jpeg\",\"width\":600,\"height\":320},{\"@type\":\"BreadcrumbList\",\"@id\":\"https:\\\/\\\/lospoliticosveracruz.com\\\/?p=82519#breadcrumb\",\"itemListElement\":[{\"@type\":\"ListItem\",\"position\":1,\"name\":\"Portada\",\"item\":\"https:\\\/\\\/lospoliticosveracruz.com\\\/\"},{\"@type\":\"ListItem\",\"position\":2,\"name\":\"Otro palo a Exsome!!!\"}]},{\"@type\":\"WebSite\",\"@id\":\"https:\\\/\\\/lospoliticosveracruz.com\\\/#website\",\"url\":\"https:\\\/\\\/lospoliticosveracruz.com\\\/\",\"name\":\"Los pol\u00edticos Veracruz\",\"description\":\"\",\"publisher\":{\"@id\":\"https:\\\/\\\/lospoliticosveracruz.com\\\/#organization\"},\"potentialAction\":[{\"@type\":\"SearchAction\",\"target\":{\"@type\":\"EntryPoint\",\"urlTemplate\":\"https:\\\/\\\/lospoliticosveracruz.com\\\/?s={search_term_string}\"},\"query-input\":{\"@type\":\"PropertyValueSpecification\",\"valueRequired\":true,\"valueName\":\"search_term_string\"}}],\"inLanguage\":\"es\"},{\"@type\":\"Organization\",\"@id\":\"https:\\\/\\\/lospoliticosveracruz.com\\\/#organization\",\"name\":\"Los pol\u00edticos Veracruz\",\"url\":\"https:\\\/\\\/lospoliticosveracruz.com\\\/\",\"logo\":{\"@type\":\"ImageObject\",\"inLanguage\":\"es\",\"@id\":\"https:\\\/\\\/lospoliticosveracruz.com\\\/#\\\/schema\\\/logo\\\/image\\\/\",\"url\":\"https:\\\/\\\/lospoliticosveracruz.com\\\/wp-content\\\/uploads\\\/2025\\\/12\\\/Logo-Nuevo-LOS-POLITICOS-1.jpg\",\"contentUrl\":\"https:\\\/\\\/lospoliticosveracruz.com\\\/wp-content\\\/uploads\\\/2025\\\/12\\\/Logo-Nuevo-LOS-POLITICOS-1.jpg\",\"width\":260,\"height\":70,\"caption\":\"Los pol\u00edticos Veracruz\"},\"image\":{\"@id\":\"https:\\\/\\\/lospoliticosveracruz.com\\\/#\\\/schema\\\/logo\\\/image\\\/\"},\"sameAs\":[\"https:\\\/\\\/www.facebook.com\\\/people\\\/Notimemes-de-los-Polticos\\\/61565672886568\\\/\",\"https:\\\/\\\/x.com\\\/LosPoliticosVer\"]},{\"@type\":\"Person\",\"@id\":\"https:\\\/\\\/lospoliticosveracruz.com\\\/#\\\/schema\\\/person\\\/b8702bb0e538456e6efd07080bf2a4a2\",\"name\":\"Lo viste en Los Pol\u00edticos\",\"image\":{\"@type\":\"ImageObject\",\"inLanguage\":\"es\",\"@id\":\"https:\\\/\\\/secure.gravatar.com\\\/avatar\\\/3a8de04a2656d44082be478bd6c086daa447c4651605818287b9532d3d0bd435?s=96&d=mm&r=g\",\"url\":\"https:\\\/\\\/secure.gravatar.com\\\/avatar\\\/3a8de04a2656d44082be478bd6c086daa447c4651605818287b9532d3d0bd435?s=96&d=mm&r=g\",\"contentUrl\":\"https:\\\/\\\/secure.gravatar.com\\\/avatar\\\/3a8de04a2656d44082be478bd6c086daa447c4651605818287b9532d3d0bd435?s=96&d=mm&r=g\",\"caption\":\"Lo viste en Los Pol\u00edticos\"},\"url\":\"https:\\\/\\\/lospoliticosveracruz.com\\\/?author=2\"}]}<\/script>\n<!-- \/ Yoast SEO plugin. -->","yoast_head_json":{"title":"Otro palo a Exsome!!! - Los pol\u00edticos Veracruz","robots":{"index":"index","follow":"follow","max-snippet":"max-snippet:-1","max-image-preview":"max-image-preview:large","max-video-preview":"max-video-preview:-1"},"canonical":"https:\/\/lospoliticosveracruz.com\/?p=82519","og_locale":"es_ES","og_type":"article","og_title":"Otro palo a Exsome!!! - Los pol\u00edticos Veracruz","og_description":"Xalapa El Consejo General del OPLE, determin\u00f3 improcedente la remoci\u00f3n del funcionario electoral, Roberto Castillo Guti\u00e9rrez, Presidente del Consejo Municipal del Puerto de Veracruz, avalando con ello su actuaci\u00f3n durante la jornada electoral en la que result\u00f3 ganadora la abanderada por la alianza del PAN-PRI-PRD, Patricia Lobeira. Castillo Guti\u00e9rrez fue denunciado por MORENA y por [&hellip;]","og_url":"https:\/\/lospoliticosveracruz.com\/?p=82519","og_site_name":"Los pol\u00edticos Veracruz","article_publisher":"https:\/\/www.facebook.com\/people\/Notimemes-de-los-Polticos\/61565672886568\/","article_published_time":"2021-11-27T18:49:39+00:00","article_modified_time":"2021-11-27T18:49:45+00:00","og_image":[{"width":600,"height":320,"url":"https:\/\/lospoliticosveracruz.com\/wp-content\/uploads\/2021\/11\/E41CE48E-0968-4A47-A1FB-72B7A1A56822.jpeg","type":"image\/jpeg"}],"author":"Lo viste en Los Pol\u00edticos","twitter_card":"summary_large_image","twitter_creator":"@LosPoliticosVer","twitter_site":"@LosPoliticosVer","twitter_misc":{"Escrito por":"Lo viste en Los Pol\u00edticos","Tiempo de lectura":"1 minuto"},"schema":{"@context":"https:\/\/schema.org","@graph":[{"@type":"Article","@id":"https:\/\/lospoliticosveracruz.com\/?p=82519#article","isPartOf":{"@id":"https:\/\/lospoliticosveracruz.com\/?p=82519"},"author":{"name":"Lo viste en Los Pol\u00edticos","@id":"https:\/\/lospoliticosveracruz.com\/#\/schema\/person\/b8702bb0e538456e6efd07080bf2a4a2"},"headline":"Otro palo a Exsome!!!","datePublished":"2021-11-27T18:49:39+00:00","dateModified":"2021-11-27T18:49:45+00:00","mainEntityOfPage":{"@id":"https:\/\/lospoliticosveracruz.com\/?p=82519"},"wordCount":217,"publisher":{"@id":"https:\/\/lospoliticosveracruz.com\/#organization"},"image":{"@id":"https:\/\/lospoliticosveracruz.com\/?p=82519#primaryimage"},"thumbnailUrl":"https:\/\/lospoliticosveracruz.com\/wp-content\/uploads\/2021\/11\/E41CE48E-0968-4A47-A1FB-72B7A1A56822.jpeg","keywords":["del Trabajo","Encuentro Solidario","Morena","OPLE","PAN-PRI-PRD","Patricia Lobeira","Redes Sociales Progresistas","Ricardo Exsome Zapata","Roberto Castillo Guti\u00e9rrez","Unidad Ciudadana"],"articleSection":["La Nota"],"inLanguage":"es"},{"@type":"WebPage","@id":"https:\/\/lospoliticosveracruz.com\/?p=82519","url":"https:\/\/lospoliticosveracruz.com\/?p=82519","name":"Otro palo a Exsome!!! - Los pol\u00edticos Veracruz","isPartOf":{"@id":"https:\/\/lospoliticosveracruz.com\/#website"},"primaryImageOfPage":{"@id":"https:\/\/lospoliticosveracruz.com\/?p=82519#primaryimage"},"image":{"@id":"https:\/\/lospoliticosveracruz.com\/?p=82519#primaryimage"},"thumbnailUrl":"https:\/\/lospoliticosveracruz.com\/wp-content\/uploads\/2021\/11\/E41CE48E-0968-4A47-A1FB-72B7A1A56822.jpeg","datePublished":"2021-11-27T18:49:39+00:00","dateModified":"2021-11-27T18:49:45+00:00","breadcrumb":{"@id":"https:\/\/lospoliticosveracruz.com\/?p=82519#breadcrumb"},"inLanguage":"es","potentialAction":[{"@type":"ReadAction","target":["https:\/\/lospoliticosveracruz.com\/?p=82519"]}]},{"@type":"ImageObject","inLanguage":"es","@id":"https:\/\/lospoliticosveracruz.com\/?p=82519#primaryimage","url":"https:\/\/lospoliticosveracruz.com\/wp-content\/uploads\/2021\/11\/E41CE48E-0968-4A47-A1FB-72B7A1A56822.jpeg","contentUrl":"https:\/\/lospoliticosveracruz.com\/wp-content\/uploads\/2021\/11\/E41CE48E-0968-4A47-A1FB-72B7A1A56822.jpeg","width":600,"height":320},{"@type":"BreadcrumbList","@id":"https:\/\/lospoliticosveracruz.com\/?p=82519#breadcrumb","itemListElement":[{"@type":"ListItem","position":1,"name":"Portada","item":"https:\/\/lospoliticosveracruz.com\/"},{"@type":"ListItem","position":2,"name":"Otro palo a Exsome!!!"}]},{"@type":"WebSite","@id":"https:\/\/lospoliticosveracruz.com\/#website","url":"https:\/\/lospoliticosveracruz.com\/","name":"Los pol\u00edticos Veracruz","description":"","publisher":{"@id":"https:\/\/lospoliticosveracruz.com\/#organization"},"potentialAction":[{"@type":"SearchAction","target":{"@type":"EntryPoint","urlTemplate":"https:\/\/lospoliticosveracruz.com\/?s={search_term_string}"},"query-input":{"@type":"PropertyValueSpecification","valueRequired":true,"valueName":"search_term_string"}}],"inLanguage":"es"},{"@type":"Organization","@id":"https:\/\/lospoliticosveracruz.com\/#organization","name":"Los pol\u00edticos Veracruz","url":"https:\/\/lospoliticosveracruz.com\/","logo":{"@type":"ImageObject","inLanguage":"es","@id":"https:\/\/lospoliticosveracruz.com\/#\/schema\/logo\/image\/","url":"https:\/\/lospoliticosveracruz.com\/wp-content\/uploads\/2025\/12\/Logo-Nuevo-LOS-POLITICOS-1.jpg","contentUrl":"https:\/\/lospoliticosveracruz.com\/wp-content\/uploads\/2025\/12\/Logo-Nuevo-LOS-POLITICOS-1.jpg","width":260,"height":70,"caption":"Los pol\u00edticos Veracruz"},"image":{"@id":"https:\/\/lospoliticosveracruz.com\/#\/schema\/logo\/image\/"},"sameAs":["https:\/\/www.facebook.com\/people\/Notimemes-de-los-Polticos\/61565672886568\/","https:\/\/x.com\/LosPoliticosVer"]},{"@type":"Person","@id":"https:\/\/lospoliticosveracruz.com\/#\/schema\/person\/b8702bb0e538456e6efd07080bf2a4a2","name":"Lo viste en Los Pol\u00edticos","image":{"@type":"ImageObject","inLanguage":"es","@id":"https:\/\/secure.gravatar.com\/avatar\/3a8de04a2656d44082be478bd6c086daa447c4651605818287b9532d3d0bd435?s=96&d=mm&r=g","url":"https:\/\/secure.gravatar.com\/avatar\/3a8de04a2656d44082be478bd6c086daa447c4651605818287b9532d3d0bd435?s=96&d=mm&r=g","contentUrl":"https:\/\/secure.gravatar.com\/avatar\/3a8de04a2656d44082be478bd6c086daa447c4651605818287b9532d3d0bd435?s=96&d=mm&r=g","caption":"Lo viste en Los Pol\u00edticos"},"url":"https:\/\/lospoliticosveracruz.com\/?author=2"}]}},"_links":{"self":[{"href":"https:\/\/lospoliticosveracruz.com\/index.php?rest_route=\/wp\/v2\/posts\/82519","targetHints":{"allow":["GET"]}}],"collection":[{"href":"https:\/\/lospoliticosveracruz.com\/index.php?rest_route=\/wp\/v2\/posts"}],"about":[{"href":"https:\/\/lospoliticosveracruz.com\/index.php?rest_route=\/wp\/v2\/types\/post"}],"author":[{"embeddable":true,"href":"https:\/\/lospoliticosveracruz.com\/index.php?rest_route=\/wp\/v2\/users\/2"}],"replies":[{"embeddable":true,"href":"https:\/\/lospoliticosveracruz.com\/index.php?rest_route=%2Fwp%2Fv2%2Fcomments&post=82519"}],"version-history":[{"count":1,"href":"https:\/\/lospoliticosveracruz.com\/index.php?rest_route=\/wp\/v2\/posts\/82519\/revisions"}],"predecessor-version":[{"id":82521,"href":"https:\/\/lospoliticosveracruz.com\/index.php?rest_route=\/wp\/v2\/posts\/82519\/revisions\/82521"}],"wp:featuredmedia":[{"embeddable":true,"href":"https:\/\/lospoliticosveracruz.com\/index.php?rest_route=\/wp\/v2\/media\/82520"}],"wp:attachment":[{"href":"https:\/\/lospoliticosveracruz.com\/index.php?rest_route=%2Fwp%2Fv2%2Fmedia&parent=82519"}],"wp:term":[{"taxonomy":"category","embeddable":true,"href":"https:\/\/lospoliticosveracruz.com\/index.php?rest_route=%2Fwp%2Fv2%2Fcategories&post=82519"},{"taxonomy":"post_tag","embeddable":true,"href":"https:\/\/lospoliticosveracruz.com\/index.php?rest_route=%2Fwp%2Fv2%2Ftags&post=82519"}],"curies":[{"name":"wp","href":"https:\/\/api.w.org\/{rel}","templated":true}]}}