{"id":82837,"date":"2021-12-03T07:59:40","date_gmt":"2021-12-03T13:59:40","guid":{"rendered":"https:\/\/lospoliticosveracruz.com.mx\/?p=82837"},"modified":"2021-12-03T07:59:46","modified_gmt":"2021-12-03T13:59:46","slug":"pri-oposicion-de-3-que-parecen-30","status":"publish","type":"post","link":"https:\/\/lospoliticosveracruz.com\/?p=82837","title":{"rendered":"PRI, oposici\u00f3n de 3 que parecen 30"},"content":{"rendered":"\n<p><\/p>\n\n\n\n<p><\/p>\n\n\n\n<p>Si no votan al menos 30 millones<br>por la no revocaci\u00f3n de AMLO, la consulta ser\u00e1 un desastre<br>Germ\u00e1n Mart\u00ednez C\u00e1zares, senador<\/p>\n\n\n\n<p><strong>Omar Z\u00fa\u00f1iga<br><\/strong><em>De Primera Mano Taj\u00edn<\/em><\/p>\n\n\n\n<p>A pesar de los pesares y a diferencia de la anterior que fue como caca de perico (sin olor ni hedor), esta Legislatura en Veracruz est\u00e1 dando de qu\u00e9 hablar, sobre todo por la oposici\u00f3n, que entre PRI y PAN han levantado la mano, se han subido al ring y han repartido candela.<br>Incluso la amenza velada que, dicen los que saben, se ha cernido sobre la cabeza del morenista presidente de la Jucopo, Juan Javier G\u00f3mez Cazar\u00edn, a trav\u00e9s de la detenci\u00f3n del alcalde electo de Lerdo de Tejada tambi\u00e9n morenista, de nombre Fabi\u00e1n con apellido del famos\u00edsimo se\u00f1or \u201cN\u201d, y as\u00ed lo dejaremos para respetar el debido proceso y que si es culpable del delito de secuestro agravado que le imputa la FGE, no vaya a salir por una tonter\u00eda.<\/p>\n\n\n\n<div class=\"wp-block-image\"><figure class=\"alignleft size-full is-resized\"><a href=\"https:\/\/lospoliticosveracruz.com.mx\/wp-content\/uploads\/2021\/10\/Zacauilt.jpg\"><img loading=\"lazy\" decoding=\"async\" src=\"https:\/\/lospoliticosveracruz.com.mx\/wp-content\/uploads\/2021\/10\/Zacauilt.jpg\" alt=\"\" class=\"wp-image-80558\" width=\"250\" height=\"500\"\/><\/a><\/figure><\/div>\n\n\n\n<p><br>Y le dec\u00edamos que se ha tomado como un calambre, pues Fabi\u00e1n es amigo y pertenece al equipo de Cazar\u00edn\u2026, no cabe duda de que cuando la perra es brava, hasta a los de casa muerde,<br>Pero bueno, el tema es que, de vuelta a los temas legislativos, menciono a PRI y PAN, pues el Verde como partido aliado del gobierno, solamente Citlali Medell\u00edn levant\u00f3 la mano con la madriza que le peg\u00f3 a X\u00f3chitl Arbes\u00fa \u2013que seguramente tendr\u00e1 consecuencias-; y Movimiento Ciudadano, a pesar del gran crecimiento que tuvo como partido, las diputadas Maribel Ram\u00edrez y la cachorra del maestro Juan Nicol\u00e1s, Ruth Callejas, han pasado sin pena ni gloria, el caso m\u00e1s pat\u00e9tico quiz\u00e1 es el de Maribel que (y nadie me lo platic\u00f3) est\u00e1 m\u00e1s preocupada por el outfit, la pose y el maldito oropel, que por legislar, y si estoy equivocado, por favor d\u00edganlo y lo charlamos.<br>Pues bien en este contexto, los que salieron m\u00e1s bravos, que bonitos, salvo Marlon Ram\u00edrez, (jeje) son los diputados de la bancada tricolor, coordinados por Anil\u00fa Ingram, y Ariana \u00c1ngeles que completa la tercia, que han dado muestras de que a esta tercia ni una quintilla la mata, pues acostumbrados a ser parte de la aplanadora de anta\u00f1o, hoy s\u00f3lo son tres, poquitos, pero picosos, dicho por ellos mismos, y vaya que le han hecho ver su suerte a los secretarios en el marco de la glosa por el \u00bfInforme? del gobernador.<br>Por ejemplo, la coordinadora Anil\u00fa Ingram le reclam\u00f3 en su cara al titular de Gobierno Eric Cisneros al entregarle un listado de empleados de la Segob acusados de coso sexual a lo que el secretario Patrocinio atin\u00f3 a exhibir las fotograf\u00edas de la esposa de Rogelio Franco (actualmente recluido) golpeada, argumentando el sonsonete que \u201cellos no son iguales\u201d, dicho que no por justo y bien trovado, deja de ser puro cuento, pues as\u00ed, el flamante secretario revictimiz\u00f3 a la v\u00edctima, uuuffff.<br>Marlon Ram\u00edrez, exhibi\u00f3 a Jos\u00e9 Luis Lima Franco, titular de la Secretar\u00eda de Finanzas, al argumentarle que hasta el d\u00eda de la comparecencia la semana anterior y faltando pr\u00e1cticamente 30 d\u00edas para el cierre del a\u00f1o fiscal, hab\u00eda \u00a12 mil 900 millones de pesos sin programar!, s\u00ed ley\u00f3 bien, casi 3 mil millones de pesos, a lo que el secretario solamente pudo aceptarlo, balbuceante, sin poder articular una respuesta coherente (porque no la hay), y de hecho en la comparecencia de ayer del secretario de Seguridad P\u00fablica, Marlon propuso que esa lana deber\u00eda al menos designarse para ponerle bisagras nuevas a las puertas de las patrullas, que est\u00e1n pa\u00b4l perro.<br>La propuesta inicial del grupo parlamentario del PRI era designar esos millonarios recursos para crear un fondo destinado a apoyar a las v\u00edctimas indirectas del Covid. Tampoco hubo respuesta.<br>Estos son s\u00f3lo unos ejemplos. El lunes abordaremos el caso del PAN, que tambi\u00e9n est\u00e1 interesante.<br>Insisto, entre esta docena de diputados, le est\u00e1n poniendo sabor, con inteligencia y argumentos, a esta la Legislatura. \u00a1Bien!<\/p>\n\n\n\n<hr class=\"wp-block-separator\"\/>\n\n\n\n<p>Para ponerse a pensar muy seriamente el nombramiento de un General de Divisi\u00f3n en la direcci\u00f3n general de Biol\u00f3gicos y Reactivos de M\u00e9xico (Birmex), la empresa del gobierno de M\u00e9xico que, entre otras cosas, es la encargada de producir y distribuir las vacunas contra el Covid. M\u00e1s que evidente la militarizaci\u00f3n del pa\u00eds. S\u00f3lo como contexto hist\u00f3rico y proporciones guardadas, fue un general en el poder quien fund\u00f3 el partido que gobern\u00f3 por m\u00e1s de 70 a\u00f1os en M\u00e9xico\u2026<\/p>\n\n\n\n<hr class=\"wp-block-separator\"\/>\n\n\n\n<p>Ayer jueves por la ma\u00f1ana la diputada del PVEM Citlali Medell\u00edn Careaga particip\u00f3 en la Sesi\u00f3n Solemne por el Octag\u00e9simo Aniversario de la Asociaci\u00f3n de Municipalidades Ecuatorianas (AME) que preside el alcalde Franklin Galarza y en la que fue invitada especial y diplom\u00e1tica del Presidente de Ecuador, Guillermo Alberto Santiago Lasso Mendoza, junto al Secretario Ejecutivo de FLACMA Sergio Arredondo. Enhorabuena. Al t\u00e9rmino del acto, Citlali abord\u00f3 el avi\u00f3n de Quito a CDMX y de ah\u00ed en chinga a la patria chica, para participar en la sesi\u00f3n solemne en que la Legislatura impondr\u00e1 la Medalla Adolfo Ruiz Cortines a Luis Antonio Rodr\u00edguez Pulido \u201cpor representar un impulso en la creaci\u00f3n de un Centro Cultural en la ribera del r\u00edo Tonto, que une a los pueblos de Oaxaca y Veracruz\u201d. Ok\u2026<\/p>\n\n\n\n<p>\u00a1Qu\u00e9 barbaridad!<br>deprimera.mano2020@gmail.com<\/p>\n","protected":false},"excerpt":{"rendered":"<p>Si no votan al menos 30 millonespor la no revocaci\u00f3n de AMLO, la consulta ser\u00e1 un desastreGerm\u00e1n Mart\u00ednez C\u00e1zares, senador Omar Z\u00fa\u00f1igaDe Primera Mano Taj\u00edn A pesar de los pesares y a diferencia de la anterior que fue como caca de perico (sin olor ni hedor), esta Legislatura en Veracruz est\u00e1 dando de qu\u00e9 hablar, [&hellip;]<\/p>\n","protected":false},"author":2,"featured_media":0,"comment_status":"closed","ping_status":"closed","sticky":false,"template":"","format":"standard","meta":{"tdm_status":"","tdm_grid_status":"","footnotes":""},"categories":[70],"tags":[1872,17124,12299,31478,13713,12695,9418,10808,2908,2327,28705,266,251,808,195],"class_list":{"0":"post-82837","1":"post","2":"type-post","3":"status-publish","4":"format-standard","6":"category-de-opinion","7":"tag-anilu-ingram-vallines","8":"tag-citlali-medellin","9":"tag-eric-cisneros-burgos","10":"tag-fabian-n","11":"tag-jose-luis-lima-franco","12":"tag-juan-javier-gomez-cazarin","13":"tag-jucopo","14":"tag-maribel-ramirez-topete","15":"tag-marlon-ramirez-marin","16":"tag-movimiento-ciudadano","17":"tag-omar-zuniga","18":"tag-pan","19":"tag-pri","20":"tag-rogelio-franco-castan","21":"tag-veracruz"},"yoast_head":"<!-- This site is optimized with the Yoast SEO plugin v27.4 - https:\/\/yoast.com\/product\/yoast-seo-wordpress\/ -->\n<title>PRI, oposici\u00f3n de 3 que parecen 30 - Los pol\u00edticos Veracruz<\/title>\n<meta name=\"robots\" content=\"index, follow, max-snippet:-1, max-image-preview:large, max-video-preview:-1\" \/>\n<link rel=\"canonical\" href=\"https:\/\/lospoliticosveracruz.com\/?p=82837\" \/>\n<meta property=\"og:locale\" content=\"es_ES\" \/>\n<meta property=\"og:type\" content=\"article\" \/>\n<meta property=\"og:title\" content=\"PRI, oposici\u00f3n de 3 que parecen 30 - Los pol\u00edticos Veracruz\" \/>\n<meta property=\"og:description\" content=\"Si no votan al menos 30 millonespor la no revocaci\u00f3n de AMLO, la consulta ser\u00e1 un desastreGerm\u00e1n Mart\u00ednez C\u00e1zares, senador Omar Z\u00fa\u00f1igaDe Primera Mano Taj\u00edn A pesar de los pesares y a diferencia de la anterior que fue como caca de perico (sin olor ni hedor), esta Legislatura en Veracruz est\u00e1 dando de qu\u00e9 hablar, [&hellip;]\" \/>\n<meta property=\"og:url\" content=\"https:\/\/lospoliticosveracruz.com\/?p=82837\" \/>\n<meta property=\"og:site_name\" content=\"Los pol\u00edticos Veracruz\" \/>\n<meta property=\"article:publisher\" content=\"https:\/\/www.facebook.com\/people\/Notimemes-de-los-Polticos\/61565672886568\/\" \/>\n<meta property=\"article:published_time\" content=\"2021-12-03T13:59:40+00:00\" \/>\n<meta property=\"article:modified_time\" content=\"2021-12-03T13:59:46+00:00\" \/>\n<meta property=\"og:image\" content=\"https:\/\/lospoliticosveracruz.com.mx\/wp-content\/uploads\/2021\/10\/Zacauilt.jpg\" \/>\n<meta name=\"author\" content=\"Lo viste en Los Pol\u00edticos\" \/>\n<meta name=\"twitter:card\" content=\"summary_large_image\" \/>\n<meta name=\"twitter:creator\" content=\"@LosPoliticosVer\" \/>\n<meta name=\"twitter:site\" content=\"@LosPoliticosVer\" \/>\n<meta name=\"twitter:label1\" content=\"Escrito por\" \/>\n\t<meta name=\"twitter:data1\" content=\"Lo viste en Los Pol\u00edticos\" \/>\n\t<meta name=\"twitter:label2\" content=\"Tiempo de lectura\" \/>\n\t<meta name=\"twitter:data2\" content=\"5 minutos\" \/>\n<script type=\"application\/ld+json\" class=\"yoast-schema-graph\">{\"@context\":\"https:\\\/\\\/schema.org\",\"@graph\":[{\"@type\":\"Article\",\"@id\":\"https:\\\/\\\/lospoliticosveracruz.com\\\/?p=82837#article\",\"isPartOf\":{\"@id\":\"https:\\\/\\\/lospoliticosveracruz.com\\\/?p=82837\"},\"author\":{\"name\":\"Lo viste en Los Pol\u00edticos\",\"@id\":\"https:\\\/\\\/lospoliticosveracruz.com\\\/#\\\/schema\\\/person\\\/b8702bb0e538456e6efd07080bf2a4a2\"},\"headline\":\"PRI, oposici\u00f3n de 3 que parecen 30\",\"datePublished\":\"2021-12-03T13:59:40+00:00\",\"dateModified\":\"2021-12-03T13:59:46+00:00\",\"mainEntityOfPage\":{\"@id\":\"https:\\\/\\\/lospoliticosveracruz.com\\\/?p=82837\"},\"wordCount\":944,\"publisher\":{\"@id\":\"https:\\\/\\\/lospoliticosveracruz.com\\\/#organization\"},\"image\":{\"@id\":\"https:\\\/\\\/lospoliticosveracruz.com\\\/?p=82837#primaryimage\"},\"thumbnailUrl\":\"https:\\\/\\\/lospoliticosveracruz.com.mx\\\/wp-content\\\/uploads\\\/2021\\\/10\\\/Zacauilt.jpg\",\"keywords\":[\"Anil\u00fa Ingram Vallines\",\"Citlali Medell\u00edn\",\"Eric Cisneros Burgos\",\"Fabi\u00e1n N\",\"Jos\u00e9 Luis Lima Franco\",\"Juan Javier G\u00f3mez Cazar\u00edn\",\"Jucopo\",\"Maribel Ram\u00edrez Topete\",\"Marlon Ram\u00edrez Mar\u00edn\",\"Movimiento Ciudadano\",\"Omar Z\u00fa\u00f1iga\",\"PAN\",\"PRI\",\"Rogelio Franco Cast\u00e1n\",\"Veracruz\"],\"articleSection\":[\"De Opini\u00f3n\"],\"inLanguage\":\"es\"},{\"@type\":\"WebPage\",\"@id\":\"https:\\\/\\\/lospoliticosveracruz.com\\\/?p=82837\",\"url\":\"https:\\\/\\\/lospoliticosveracruz.com\\\/?p=82837\",\"name\":\"PRI, oposici\u00f3n de 3 que parecen 30 - Los pol\u00edticos Veracruz\",\"isPartOf\":{\"@id\":\"https:\\\/\\\/lospoliticosveracruz.com\\\/#website\"},\"primaryImageOfPage\":{\"@id\":\"https:\\\/\\\/lospoliticosveracruz.com\\\/?p=82837#primaryimage\"},\"image\":{\"@id\":\"https:\\\/\\\/lospoliticosveracruz.com\\\/?p=82837#primaryimage\"},\"thumbnailUrl\":\"https:\\\/\\\/lospoliticosveracruz.com.mx\\\/wp-content\\\/uploads\\\/2021\\\/10\\\/Zacauilt.jpg\",\"datePublished\":\"2021-12-03T13:59:40+00:00\",\"dateModified\":\"2021-12-03T13:59:46+00:00\",\"breadcrumb\":{\"@id\":\"https:\\\/\\\/lospoliticosveracruz.com\\\/?p=82837#breadcrumb\"},\"inLanguage\":\"es\",\"potentialAction\":[{\"@type\":\"ReadAction\",\"target\":[\"https:\\\/\\\/lospoliticosveracruz.com\\\/?p=82837\"]}]},{\"@type\":\"ImageObject\",\"inLanguage\":\"es\",\"@id\":\"https:\\\/\\\/lospoliticosveracruz.com\\\/?p=82837#primaryimage\",\"url\":\"https:\\\/\\\/lospoliticosveracruz.com.mx\\\/wp-content\\\/uploads\\\/2021\\\/10\\\/Zacauilt.jpg\",\"contentUrl\":\"https:\\\/\\\/lospoliticosveracruz.com.mx\\\/wp-content\\\/uploads\\\/2021\\\/10\\\/Zacauilt.jpg\"},{\"@type\":\"BreadcrumbList\",\"@id\":\"https:\\\/\\\/lospoliticosveracruz.com\\\/?p=82837#breadcrumb\",\"itemListElement\":[{\"@type\":\"ListItem\",\"position\":1,\"name\":\"Portada\",\"item\":\"https:\\\/\\\/lospoliticosveracruz.com\\\/\"},{\"@type\":\"ListItem\",\"position\":2,\"name\":\"PRI, oposici\u00f3n de 3 que parecen 30\"}]},{\"@type\":\"WebSite\",\"@id\":\"https:\\\/\\\/lospoliticosveracruz.com\\\/#website\",\"url\":\"https:\\\/\\\/lospoliticosveracruz.com\\\/\",\"name\":\"Los pol\u00edticos Veracruz\",\"description\":\"\",\"publisher\":{\"@id\":\"https:\\\/\\\/lospoliticosveracruz.com\\\/#organization\"},\"potentialAction\":[{\"@type\":\"SearchAction\",\"target\":{\"@type\":\"EntryPoint\",\"urlTemplate\":\"https:\\\/\\\/lospoliticosveracruz.com\\\/?s={search_term_string}\"},\"query-input\":{\"@type\":\"PropertyValueSpecification\",\"valueRequired\":true,\"valueName\":\"search_term_string\"}}],\"inLanguage\":\"es\"},{\"@type\":\"Organization\",\"@id\":\"https:\\\/\\\/lospoliticosveracruz.com\\\/#organization\",\"name\":\"Los pol\u00edticos Veracruz\",\"url\":\"https:\\\/\\\/lospoliticosveracruz.com\\\/\",\"logo\":{\"@type\":\"ImageObject\",\"inLanguage\":\"es\",\"@id\":\"https:\\\/\\\/lospoliticosveracruz.com\\\/#\\\/schema\\\/logo\\\/image\\\/\",\"url\":\"https:\\\/\\\/lospoliticosveracruz.com\\\/wp-content\\\/uploads\\\/2025\\\/12\\\/Logo-Nuevo-LOS-POLITICOS-1.jpg\",\"contentUrl\":\"https:\\\/\\\/lospoliticosveracruz.com\\\/wp-content\\\/uploads\\\/2025\\\/12\\\/Logo-Nuevo-LOS-POLITICOS-1.jpg\",\"width\":260,\"height\":70,\"caption\":\"Los pol\u00edticos Veracruz\"},\"image\":{\"@id\":\"https:\\\/\\\/lospoliticosveracruz.com\\\/#\\\/schema\\\/logo\\\/image\\\/\"},\"sameAs\":[\"https:\\\/\\\/www.facebook.com\\\/people\\\/Notimemes-de-los-Polticos\\\/61565672886568\\\/\",\"https:\\\/\\\/x.com\\\/LosPoliticosVer\"]},{\"@type\":\"Person\",\"@id\":\"https:\\\/\\\/lospoliticosveracruz.com\\\/#\\\/schema\\\/person\\\/b8702bb0e538456e6efd07080bf2a4a2\",\"name\":\"Lo viste en Los Pol\u00edticos\",\"image\":{\"@type\":\"ImageObject\",\"inLanguage\":\"es\",\"@id\":\"https:\\\/\\\/secure.gravatar.com\\\/avatar\\\/3a8de04a2656d44082be478bd6c086daa447c4651605818287b9532d3d0bd435?s=96&d=mm&r=g\",\"url\":\"https:\\\/\\\/secure.gravatar.com\\\/avatar\\\/3a8de04a2656d44082be478bd6c086daa447c4651605818287b9532d3d0bd435?s=96&d=mm&r=g\",\"contentUrl\":\"https:\\\/\\\/secure.gravatar.com\\\/avatar\\\/3a8de04a2656d44082be478bd6c086daa447c4651605818287b9532d3d0bd435?s=96&d=mm&r=g\",\"caption\":\"Lo viste en Los Pol\u00edticos\"},\"url\":\"https:\\\/\\\/lospoliticosveracruz.com\\\/?author=2\"}]}<\/script>\n<!-- \/ Yoast SEO plugin. -->","yoast_head_json":{"title":"PRI, oposici\u00f3n de 3 que parecen 30 - Los pol\u00edticos Veracruz","robots":{"index":"index","follow":"follow","max-snippet":"max-snippet:-1","max-image-preview":"max-image-preview:large","max-video-preview":"max-video-preview:-1"},"canonical":"https:\/\/lospoliticosveracruz.com\/?p=82837","og_locale":"es_ES","og_type":"article","og_title":"PRI, oposici\u00f3n de 3 que parecen 30 - Los pol\u00edticos Veracruz","og_description":"Si no votan al menos 30 millonespor la no revocaci\u00f3n de AMLO, la consulta ser\u00e1 un desastreGerm\u00e1n Mart\u00ednez C\u00e1zares, senador Omar Z\u00fa\u00f1igaDe Primera Mano Taj\u00edn A pesar de los pesares y a diferencia de la anterior que fue como caca de perico (sin olor ni hedor), esta Legislatura en Veracruz est\u00e1 dando de qu\u00e9 hablar, [&hellip;]","og_url":"https:\/\/lospoliticosveracruz.com\/?p=82837","og_site_name":"Los pol\u00edticos Veracruz","article_publisher":"https:\/\/www.facebook.com\/people\/Notimemes-de-los-Polticos\/61565672886568\/","article_published_time":"2021-12-03T13:59:40+00:00","article_modified_time":"2021-12-03T13:59:46+00:00","og_image":[{"url":"https:\/\/lospoliticosveracruz.com.mx\/wp-content\/uploads\/2021\/10\/Zacauilt.jpg","type":"","width":"","height":""}],"author":"Lo viste en Los Pol\u00edticos","twitter_card":"summary_large_image","twitter_creator":"@LosPoliticosVer","twitter_site":"@LosPoliticosVer","twitter_misc":{"Escrito por":"Lo viste en Los Pol\u00edticos","Tiempo de lectura":"5 minutos"},"schema":{"@context":"https:\/\/schema.org","@graph":[{"@type":"Article","@id":"https:\/\/lospoliticosveracruz.com\/?p=82837#article","isPartOf":{"@id":"https:\/\/lospoliticosveracruz.com\/?p=82837"},"author":{"name":"Lo viste en Los Pol\u00edticos","@id":"https:\/\/lospoliticosveracruz.com\/#\/schema\/person\/b8702bb0e538456e6efd07080bf2a4a2"},"headline":"PRI, oposici\u00f3n de 3 que parecen 30","datePublished":"2021-12-03T13:59:40+00:00","dateModified":"2021-12-03T13:59:46+00:00","mainEntityOfPage":{"@id":"https:\/\/lospoliticosveracruz.com\/?p=82837"},"wordCount":944,"publisher":{"@id":"https:\/\/lospoliticosveracruz.com\/#organization"},"image":{"@id":"https:\/\/lospoliticosveracruz.com\/?p=82837#primaryimage"},"thumbnailUrl":"https:\/\/lospoliticosveracruz.com.mx\/wp-content\/uploads\/2021\/10\/Zacauilt.jpg","keywords":["Anil\u00fa Ingram Vallines","Citlali Medell\u00edn","Eric Cisneros Burgos","Fabi\u00e1n N","Jos\u00e9 Luis Lima Franco","Juan Javier G\u00f3mez Cazar\u00edn","Jucopo","Maribel Ram\u00edrez Topete","Marlon Ram\u00edrez Mar\u00edn","Movimiento Ciudadano","Omar Z\u00fa\u00f1iga","PAN","PRI","Rogelio Franco Cast\u00e1n","Veracruz"],"articleSection":["De Opini\u00f3n"],"inLanguage":"es"},{"@type":"WebPage","@id":"https:\/\/lospoliticosveracruz.com\/?p=82837","url":"https:\/\/lospoliticosveracruz.com\/?p=82837","name":"PRI, oposici\u00f3n de 3 que parecen 30 - Los pol\u00edticos Veracruz","isPartOf":{"@id":"https:\/\/lospoliticosveracruz.com\/#website"},"primaryImageOfPage":{"@id":"https:\/\/lospoliticosveracruz.com\/?p=82837#primaryimage"},"image":{"@id":"https:\/\/lospoliticosveracruz.com\/?p=82837#primaryimage"},"thumbnailUrl":"https:\/\/lospoliticosveracruz.com.mx\/wp-content\/uploads\/2021\/10\/Zacauilt.jpg","datePublished":"2021-12-03T13:59:40+00:00","dateModified":"2021-12-03T13:59:46+00:00","breadcrumb":{"@id":"https:\/\/lospoliticosveracruz.com\/?p=82837#breadcrumb"},"inLanguage":"es","potentialAction":[{"@type":"ReadAction","target":["https:\/\/lospoliticosveracruz.com\/?p=82837"]}]},{"@type":"ImageObject","inLanguage":"es","@id":"https:\/\/lospoliticosveracruz.com\/?p=82837#primaryimage","url":"https:\/\/lospoliticosveracruz.com.mx\/wp-content\/uploads\/2021\/10\/Zacauilt.jpg","contentUrl":"https:\/\/lospoliticosveracruz.com.mx\/wp-content\/uploads\/2021\/10\/Zacauilt.jpg"},{"@type":"BreadcrumbList","@id":"https:\/\/lospoliticosveracruz.com\/?p=82837#breadcrumb","itemListElement":[{"@type":"ListItem","position":1,"name":"Portada","item":"https:\/\/lospoliticosveracruz.com\/"},{"@type":"ListItem","position":2,"name":"PRI, oposici\u00f3n de 3 que parecen 30"}]},{"@type":"WebSite","@id":"https:\/\/lospoliticosveracruz.com\/#website","url":"https:\/\/lospoliticosveracruz.com\/","name":"Los pol\u00edticos Veracruz","description":"","publisher":{"@id":"https:\/\/lospoliticosveracruz.com\/#organization"},"potentialAction":[{"@type":"SearchAction","target":{"@type":"EntryPoint","urlTemplate":"https:\/\/lospoliticosveracruz.com\/?s={search_term_string}"},"query-input":{"@type":"PropertyValueSpecification","valueRequired":true,"valueName":"search_term_string"}}],"inLanguage":"es"},{"@type":"Organization","@id":"https:\/\/lospoliticosveracruz.com\/#organization","name":"Los pol\u00edticos Veracruz","url":"https:\/\/lospoliticosveracruz.com\/","logo":{"@type":"ImageObject","inLanguage":"es","@id":"https:\/\/lospoliticosveracruz.com\/#\/schema\/logo\/image\/","url":"https:\/\/lospoliticosveracruz.com\/wp-content\/uploads\/2025\/12\/Logo-Nuevo-LOS-POLITICOS-1.jpg","contentUrl":"https:\/\/lospoliticosveracruz.com\/wp-content\/uploads\/2025\/12\/Logo-Nuevo-LOS-POLITICOS-1.jpg","width":260,"height":70,"caption":"Los pol\u00edticos Veracruz"},"image":{"@id":"https:\/\/lospoliticosveracruz.com\/#\/schema\/logo\/image\/"},"sameAs":["https:\/\/www.facebook.com\/people\/Notimemes-de-los-Polticos\/61565672886568\/","https:\/\/x.com\/LosPoliticosVer"]},{"@type":"Person","@id":"https:\/\/lospoliticosveracruz.com\/#\/schema\/person\/b8702bb0e538456e6efd07080bf2a4a2","name":"Lo viste en Los Pol\u00edticos","image":{"@type":"ImageObject","inLanguage":"es","@id":"https:\/\/secure.gravatar.com\/avatar\/3a8de04a2656d44082be478bd6c086daa447c4651605818287b9532d3d0bd435?s=96&d=mm&r=g","url":"https:\/\/secure.gravatar.com\/avatar\/3a8de04a2656d44082be478bd6c086daa447c4651605818287b9532d3d0bd435?s=96&d=mm&r=g","contentUrl":"https:\/\/secure.gravatar.com\/avatar\/3a8de04a2656d44082be478bd6c086daa447c4651605818287b9532d3d0bd435?s=96&d=mm&r=g","caption":"Lo viste en Los Pol\u00edticos"},"url":"https:\/\/lospoliticosveracruz.com\/?author=2"}]}},"_links":{"self":[{"href":"https:\/\/lospoliticosveracruz.com\/index.php?rest_route=\/wp\/v2\/posts\/82837","targetHints":{"allow":["GET"]}}],"collection":[{"href":"https:\/\/lospoliticosveracruz.com\/index.php?rest_route=\/wp\/v2\/posts"}],"about":[{"href":"https:\/\/lospoliticosveracruz.com\/index.php?rest_route=\/wp\/v2\/types\/post"}],"author":[{"embeddable":true,"href":"https:\/\/lospoliticosveracruz.com\/index.php?rest_route=\/wp\/v2\/users\/2"}],"replies":[{"embeddable":true,"href":"https:\/\/lospoliticosveracruz.com\/index.php?rest_route=%2Fwp%2Fv2%2Fcomments&post=82837"}],"version-history":[{"count":1,"href":"https:\/\/lospoliticosveracruz.com\/index.php?rest_route=\/wp\/v2\/posts\/82837\/revisions"}],"predecessor-version":[{"id":82839,"href":"https:\/\/lospoliticosveracruz.com\/index.php?rest_route=\/wp\/v2\/posts\/82837\/revisions\/82839"}],"wp:attachment":[{"href":"https:\/\/lospoliticosveracruz.com\/index.php?rest_route=%2Fwp%2Fv2%2Fmedia&parent=82837"}],"wp:term":[{"taxonomy":"category","embeddable":true,"href":"https:\/\/lospoliticosveracruz.com\/index.php?rest_route=%2Fwp%2Fv2%2Fcategories&post=82837"},{"taxonomy":"post_tag","embeddable":true,"href":"https:\/\/lospoliticosveracruz.com\/index.php?rest_route=%2Fwp%2Fv2%2Ftags&post=82837"}],"curies":[{"name":"wp","href":"https:\/\/api.w.org\/{rel}","templated":true}]}}