{"id":82846,"date":"2021-12-03T10:07:35","date_gmt":"2021-12-03T16:07:35","guid":{"rendered":"https:\/\/lospoliticosveracruz.com.mx\/?p=82846"},"modified":"2021-12-03T10:08:02","modified_gmt":"2021-12-03T16:08:02","slug":"pemex-un-polvorin-en-la-cuenca","status":"publish","type":"post","link":"https:\/\/lospoliticosveracruz.com\/?p=82846","title":{"rendered":"Pemex, un polvor\u00edn en la Cuenca"},"content":{"rendered":"\n<p><\/p>\n\n\n\n<p><\/p>\n\n\n\n<p><strong>Ignacio Alvarez<\/strong><br><em>Pluma Negra<\/em><\/p>\n\n\n\n<p><br><\/p>\n\n\n\n<p>El pasado mi\u00e9rcoles, a solicitud de COMESA, empresa concesionaria de PEMEX, en los trabajos de exploraci\u00f3n y explotaci\u00f3n de hidrocarburos en la Cuenca del Papaloapan, fueron desalojados m\u00e1s de 150 manifestantes que ten\u00edan ocho d\u00edas de plant\u00f3n afuera del Campamento de Los Naranjos en Tres Valles para exigir reparaci\u00f3n de da\u00f1os de la empresa, 11 fueron detenidos y ahora, los pobladores de comunidades de Tres Valles y Tierra Blanca, advierten que podr\u00edan haber violencia contra la empresa, sino liberan a sus compa\u00f1eros y cumplen con los compromisos.<\/p>\n\n\n\n<p>Desde hace m\u00e1s de dos a\u00f1os, la empresa COMESA que trabaja para PEMEX realiza trabajos de exploraci\u00f3n y explotaci\u00f3n a ra\u00edz del descubrimiento de la plataforma m\u00e1s grande de hidrocarburos en tierra firme de Am\u00e9rica Latina con el pozo piloto que es Ixachi ubicado en la comunidad de La Barah\u00fanda en el municipio de Tierra Blanca.<\/p>\n\n\n\n<p>Desde su llegada, ocupan predios y parcelas con convenios ventajosos para la empresa, no generan empleos para los habitantes locales, no cumplen en tiempo y forma con las indemnizaciones que se comprometen, contaminan con descargas de aguas residuales en los ca\u00f1ales y destrizan los caminos con sus veh\u00edculos pesados.<\/p>\n\n\n\n<p>Por esos problemas, PEMEX y COMESA han acumulado demandas que tampoco avanzan, por lo que los campesinos se unieron sin ning\u00fan liderazgo visible y protestaron, pero fueron reprimidos y ahora exigen en el Palacio de Tres Valles la liberaci\u00f3n de sus compa\u00f1eros.<\/p>\n\n\n\n<p>M\u00e1s de 200 personas de diferentes comunidades de Tres Valles y Tierra Blanca se organizan para exigir en otros t\u00e9rminos la liberaci\u00f3n de sus compa\u00f1eros, sin que existan puentes de comunicaci\u00f3n de PEMEX ni de COMESA.<\/p>\n\n\n\n<p><strong>Tito N, mismo destino que Rogelio N<\/strong><\/p>\n\n\n\n<p>El presunto criminal Tito N se perfila hacia el mismo destino de Rogelio N, es decir puede ganar la elecci\u00f3n interna del PAN del 19 de diciembre, desde su condici\u00f3n legal de prisi\u00f3n preventiva, pero no tomar protesta como presidente del Comit\u00e9 Directivo Estatal de ese partido. Una salida a tiempo es suspender la elecci\u00f3n interna.<\/p>\n\n\n\n<p>El 1 de septiembre, el ex secretario de Gobierno de Veracruz en la administraci\u00f3n de Miguel Angel Yunes Linares, el perredista Rogelio N no pudo tomar protesta como diputado federal plurinominal<\/p>\n\n\n\n<p>Los estatutos del PAN no contemplan situaciones de emergencia como la que padece Tito, por lo tanto, no hay sustituci\u00f3n del candidato y tampoco puede ocupar su lugar la candidata a Secretar\u00eda General, mientras no sea condenado Tito.<\/p>\n\n\n\n<p>La situaci\u00f3n podr\u00eda resolverse en caso de Tito N gane la elecci\u00f3n y sea condenado a una sentencia en prisi\u00f3n, lo que significa que perder\u00eda sus derechos pol\u00edticos y por lo tanto quedar\u00eda a cargo del partido la incondicional de los Yunes, la senadora con licencia, Indira Rosales.<\/p>\n\n\n\n<p>La suerte aun est\u00e1 en veremos, faltan unos d\u00edas para la elecci\u00f3n interna del PAN y mientras en el equipo de Joaqu\u00edn Guzm\u00e1n Avil\u00e9s, trabajan duro para recuperar el terreno que les hab\u00eda ganado ya, Tito N.<\/p>\n\n\n\n<p>Una \u00faltima salida que analiza en el CEN del PAN con Marko Cort\u00e9s, es que se suspenda el proceso interno en Veracruz, hasta que existan las condiciones y se reconcilien los grupos, ya que a ra\u00edz de la detenci\u00f3n de Tito N por presunto incumplimiento de un deber legal y obras fraudulentas como alcalde Tierra Blanca, la familia azul ha mostrado sus diferencias a los veracruzanos y eso tiene molesto al dirigente nacional.<\/p>\n","protected":false},"excerpt":{"rendered":"<p>Ignacio AlvarezPluma Negra El pasado mi\u00e9rcoles, a solicitud de COMESA, empresa concesionaria de PEMEX, en los trabajos de exploraci\u00f3n y explotaci\u00f3n de hidrocarburos en la Cuenca del Papaloapan, fueron desalojados m\u00e1s de 150 manifestantes que ten\u00edan ocho d\u00edas de plant\u00f3n afuera del Campamento de Los Naranjos en Tres Valles para exigir reparaci\u00f3n de da\u00f1os de [&hellip;]<\/p>\n","protected":false},"author":2,"featured_media":0,"comment_status":"closed","ping_status":"closed","sticky":false,"template":"","format":"standard","meta":{"tdm_status":"","tdm_grid_status":"","footnotes":""},"categories":[70],"tags":[29879,3683,28674,3288,12956,372,7518],"class_list":{"0":"post-82846","1":"post","2":"type-post","3":"status-publish","4":"format-standard","6":"category-de-opinion","7":"tag-comesa","8":"tag-franco-castan","9":"tag-ignacio-alvarez","10":"tag-joaquin-guzman-aviles","11":"tag-papaloapan","12":"tag-pemex","13":"tag-tito-delfin-cano"},"yoast_head":"<!-- This site is optimized with the Yoast SEO plugin v27.4 - https:\/\/yoast.com\/product\/yoast-seo-wordpress\/ -->\n<title>Pemex, un polvor\u00edn en la Cuenca - Los pol\u00edticos Veracruz<\/title>\n<meta name=\"robots\" content=\"index, follow, max-snippet:-1, max-image-preview:large, max-video-preview:-1\" \/>\n<link rel=\"canonical\" href=\"https:\/\/lospoliticosveracruz.com\/?p=82846\" \/>\n<meta property=\"og:locale\" content=\"es_ES\" \/>\n<meta property=\"og:type\" content=\"article\" \/>\n<meta property=\"og:title\" content=\"Pemex, un polvor\u00edn en la Cuenca - Los pol\u00edticos Veracruz\" \/>\n<meta property=\"og:description\" content=\"Ignacio AlvarezPluma Negra El pasado mi\u00e9rcoles, a solicitud de COMESA, empresa concesionaria de PEMEX, en los trabajos de exploraci\u00f3n y explotaci\u00f3n de hidrocarburos en la Cuenca del Papaloapan, fueron desalojados m\u00e1s de 150 manifestantes que ten\u00edan ocho d\u00edas de plant\u00f3n afuera del Campamento de Los Naranjos en Tres Valles para exigir reparaci\u00f3n de da\u00f1os de [&hellip;]\" \/>\n<meta property=\"og:url\" content=\"https:\/\/lospoliticosveracruz.com\/?p=82846\" \/>\n<meta property=\"og:site_name\" content=\"Los pol\u00edticos Veracruz\" \/>\n<meta property=\"article:publisher\" content=\"https:\/\/www.facebook.com\/people\/Notimemes-de-los-Polticos\/61565672886568\/\" \/>\n<meta property=\"article:published_time\" content=\"2021-12-03T16:07:35+00:00\" \/>\n<meta property=\"article:modified_time\" content=\"2021-12-03T16:08:02+00:00\" \/>\n<meta property=\"og:image\" content=\"https:\/\/lospoliticosveracruz.com\/wp-content\/uploads\/2016\/07\/Logo-Dor.jpg\" \/>\n\t<meta property=\"og:image:width\" content=\"200\" \/>\n\t<meta property=\"og:image:height\" content=\"200\" \/>\n\t<meta property=\"og:image:type\" content=\"image\/jpeg\" \/>\n<meta name=\"author\" content=\"Lo viste en Los Pol\u00edticos\" \/>\n<meta name=\"twitter:card\" content=\"summary_large_image\" \/>\n<meta name=\"twitter:creator\" content=\"@LosPoliticosVer\" \/>\n<meta name=\"twitter:site\" content=\"@LosPoliticosVer\" \/>\n<meta name=\"twitter:label1\" content=\"Escrito por\" \/>\n\t<meta name=\"twitter:data1\" content=\"Lo viste en Los Pol\u00edticos\" \/>\n\t<meta name=\"twitter:label2\" content=\"Tiempo de lectura\" \/>\n\t<meta name=\"twitter:data2\" content=\"3 minutos\" \/>\n<script type=\"application\/ld+json\" class=\"yoast-schema-graph\">{\"@context\":\"https:\\\/\\\/schema.org\",\"@graph\":[{\"@type\":\"Article\",\"@id\":\"https:\\\/\\\/lospoliticosveracruz.com\\\/?p=82846#article\",\"isPartOf\":{\"@id\":\"https:\\\/\\\/lospoliticosveracruz.com\\\/?p=82846\"},\"author\":{\"name\":\"Lo viste en Los Pol\u00edticos\",\"@id\":\"https:\\\/\\\/lospoliticosveracruz.com\\\/#\\\/schema\\\/person\\\/b8702bb0e538456e6efd07080bf2a4a2\"},\"headline\":\"Pemex, un polvor\u00edn en la Cuenca\",\"datePublished\":\"2021-12-03T16:07:35+00:00\",\"dateModified\":\"2021-12-03T16:08:02+00:00\",\"mainEntityOfPage\":{\"@id\":\"https:\\\/\\\/lospoliticosveracruz.com\\\/?p=82846\"},\"wordCount\":618,\"publisher\":{\"@id\":\"https:\\\/\\\/lospoliticosveracruz.com\\\/#organization\"},\"keywords\":[\"COMESA\",\"Franco Cast\u00e1n\",\"Ignacio Alvarez\",\"Joaqu\u00edn Guzm\u00e1n Avil\u00e9s\",\"Papaloapan\",\"Pemex\",\"Tito Delf\u00edn Cano\"],\"articleSection\":[\"De Opini\u00f3n\"],\"inLanguage\":\"es\"},{\"@type\":\"WebPage\",\"@id\":\"https:\\\/\\\/lospoliticosveracruz.com\\\/?p=82846\",\"url\":\"https:\\\/\\\/lospoliticosveracruz.com\\\/?p=82846\",\"name\":\"Pemex, un polvor\u00edn en la Cuenca - Los pol\u00edticos Veracruz\",\"isPartOf\":{\"@id\":\"https:\\\/\\\/lospoliticosveracruz.com\\\/#website\"},\"datePublished\":\"2021-12-03T16:07:35+00:00\",\"dateModified\":\"2021-12-03T16:08:02+00:00\",\"breadcrumb\":{\"@id\":\"https:\\\/\\\/lospoliticosveracruz.com\\\/?p=82846#breadcrumb\"},\"inLanguage\":\"es\",\"potentialAction\":[{\"@type\":\"ReadAction\",\"target\":[\"https:\\\/\\\/lospoliticosveracruz.com\\\/?p=82846\"]}]},{\"@type\":\"BreadcrumbList\",\"@id\":\"https:\\\/\\\/lospoliticosveracruz.com\\\/?p=82846#breadcrumb\",\"itemListElement\":[{\"@type\":\"ListItem\",\"position\":1,\"name\":\"Portada\",\"item\":\"https:\\\/\\\/lospoliticosveracruz.com\\\/\"},{\"@type\":\"ListItem\",\"position\":2,\"name\":\"Pemex, un polvor\u00edn en la Cuenca\"}]},{\"@type\":\"WebSite\",\"@id\":\"https:\\\/\\\/lospoliticosveracruz.com\\\/#website\",\"url\":\"https:\\\/\\\/lospoliticosveracruz.com\\\/\",\"name\":\"Los pol\u00edticos Veracruz\",\"description\":\"\",\"publisher\":{\"@id\":\"https:\\\/\\\/lospoliticosveracruz.com\\\/#organization\"},\"potentialAction\":[{\"@type\":\"SearchAction\",\"target\":{\"@type\":\"EntryPoint\",\"urlTemplate\":\"https:\\\/\\\/lospoliticosveracruz.com\\\/?s={search_term_string}\"},\"query-input\":{\"@type\":\"PropertyValueSpecification\",\"valueRequired\":true,\"valueName\":\"search_term_string\"}}],\"inLanguage\":\"es\"},{\"@type\":\"Organization\",\"@id\":\"https:\\\/\\\/lospoliticosveracruz.com\\\/#organization\",\"name\":\"Los pol\u00edticos Veracruz\",\"url\":\"https:\\\/\\\/lospoliticosveracruz.com\\\/\",\"logo\":{\"@type\":\"ImageObject\",\"inLanguage\":\"es\",\"@id\":\"https:\\\/\\\/lospoliticosveracruz.com\\\/#\\\/schema\\\/logo\\\/image\\\/\",\"url\":\"https:\\\/\\\/lospoliticosveracruz.com\\\/wp-content\\\/uploads\\\/2025\\\/12\\\/Logo-Nuevo-LOS-POLITICOS-1.jpg\",\"contentUrl\":\"https:\\\/\\\/lospoliticosveracruz.com\\\/wp-content\\\/uploads\\\/2025\\\/12\\\/Logo-Nuevo-LOS-POLITICOS-1.jpg\",\"width\":260,\"height\":70,\"caption\":\"Los pol\u00edticos Veracruz\"},\"image\":{\"@id\":\"https:\\\/\\\/lospoliticosveracruz.com\\\/#\\\/schema\\\/logo\\\/image\\\/\"},\"sameAs\":[\"https:\\\/\\\/www.facebook.com\\\/people\\\/Notimemes-de-los-Polticos\\\/61565672886568\\\/\",\"https:\\\/\\\/x.com\\\/LosPoliticosVer\"]},{\"@type\":\"Person\",\"@id\":\"https:\\\/\\\/lospoliticosveracruz.com\\\/#\\\/schema\\\/person\\\/b8702bb0e538456e6efd07080bf2a4a2\",\"name\":\"Lo viste en Los Pol\u00edticos\",\"image\":{\"@type\":\"ImageObject\",\"inLanguage\":\"es\",\"@id\":\"https:\\\/\\\/secure.gravatar.com\\\/avatar\\\/3a8de04a2656d44082be478bd6c086daa447c4651605818287b9532d3d0bd435?s=96&d=mm&r=g\",\"url\":\"https:\\\/\\\/secure.gravatar.com\\\/avatar\\\/3a8de04a2656d44082be478bd6c086daa447c4651605818287b9532d3d0bd435?s=96&d=mm&r=g\",\"contentUrl\":\"https:\\\/\\\/secure.gravatar.com\\\/avatar\\\/3a8de04a2656d44082be478bd6c086daa447c4651605818287b9532d3d0bd435?s=96&d=mm&r=g\",\"caption\":\"Lo viste en Los Pol\u00edticos\"},\"url\":\"https:\\\/\\\/lospoliticosveracruz.com\\\/?author=2\"}]}<\/script>\n<!-- \/ Yoast SEO plugin. -->","yoast_head_json":{"title":"Pemex, un polvor\u00edn en la Cuenca - Los pol\u00edticos Veracruz","robots":{"index":"index","follow":"follow","max-snippet":"max-snippet:-1","max-image-preview":"max-image-preview:large","max-video-preview":"max-video-preview:-1"},"canonical":"https:\/\/lospoliticosveracruz.com\/?p=82846","og_locale":"es_ES","og_type":"article","og_title":"Pemex, un polvor\u00edn en la Cuenca - Los pol\u00edticos Veracruz","og_description":"Ignacio AlvarezPluma Negra El pasado mi\u00e9rcoles, a solicitud de COMESA, empresa concesionaria de PEMEX, en los trabajos de exploraci\u00f3n y explotaci\u00f3n de hidrocarburos en la Cuenca del Papaloapan, fueron desalojados m\u00e1s de 150 manifestantes que ten\u00edan ocho d\u00edas de plant\u00f3n afuera del Campamento de Los Naranjos en Tres Valles para exigir reparaci\u00f3n de da\u00f1os de [&hellip;]","og_url":"https:\/\/lospoliticosveracruz.com\/?p=82846","og_site_name":"Los pol\u00edticos Veracruz","article_publisher":"https:\/\/www.facebook.com\/people\/Notimemes-de-los-Polticos\/61565672886568\/","article_published_time":"2021-12-03T16:07:35+00:00","article_modified_time":"2021-12-03T16:08:02+00:00","og_image":[{"width":200,"height":200,"url":"https:\/\/lospoliticosveracruz.com\/wp-content\/uploads\/2016\/07\/Logo-Dor.jpg","type":"image\/jpeg"}],"author":"Lo viste en Los Pol\u00edticos","twitter_card":"summary_large_image","twitter_creator":"@LosPoliticosVer","twitter_site":"@LosPoliticosVer","twitter_misc":{"Escrito por":"Lo viste en Los Pol\u00edticos","Tiempo de lectura":"3 minutos"},"schema":{"@context":"https:\/\/schema.org","@graph":[{"@type":"Article","@id":"https:\/\/lospoliticosveracruz.com\/?p=82846#article","isPartOf":{"@id":"https:\/\/lospoliticosveracruz.com\/?p=82846"},"author":{"name":"Lo viste en Los Pol\u00edticos","@id":"https:\/\/lospoliticosveracruz.com\/#\/schema\/person\/b8702bb0e538456e6efd07080bf2a4a2"},"headline":"Pemex, un polvor\u00edn en la Cuenca","datePublished":"2021-12-03T16:07:35+00:00","dateModified":"2021-12-03T16:08:02+00:00","mainEntityOfPage":{"@id":"https:\/\/lospoliticosveracruz.com\/?p=82846"},"wordCount":618,"publisher":{"@id":"https:\/\/lospoliticosveracruz.com\/#organization"},"keywords":["COMESA","Franco Cast\u00e1n","Ignacio Alvarez","Joaqu\u00edn Guzm\u00e1n Avil\u00e9s","Papaloapan","Pemex","Tito Delf\u00edn Cano"],"articleSection":["De Opini\u00f3n"],"inLanguage":"es"},{"@type":"WebPage","@id":"https:\/\/lospoliticosveracruz.com\/?p=82846","url":"https:\/\/lospoliticosveracruz.com\/?p=82846","name":"Pemex, un polvor\u00edn en la Cuenca - Los pol\u00edticos Veracruz","isPartOf":{"@id":"https:\/\/lospoliticosveracruz.com\/#website"},"datePublished":"2021-12-03T16:07:35+00:00","dateModified":"2021-12-03T16:08:02+00:00","breadcrumb":{"@id":"https:\/\/lospoliticosveracruz.com\/?p=82846#breadcrumb"},"inLanguage":"es","potentialAction":[{"@type":"ReadAction","target":["https:\/\/lospoliticosveracruz.com\/?p=82846"]}]},{"@type":"BreadcrumbList","@id":"https:\/\/lospoliticosveracruz.com\/?p=82846#breadcrumb","itemListElement":[{"@type":"ListItem","position":1,"name":"Portada","item":"https:\/\/lospoliticosveracruz.com\/"},{"@type":"ListItem","position":2,"name":"Pemex, un polvor\u00edn en la Cuenca"}]},{"@type":"WebSite","@id":"https:\/\/lospoliticosveracruz.com\/#website","url":"https:\/\/lospoliticosveracruz.com\/","name":"Los pol\u00edticos Veracruz","description":"","publisher":{"@id":"https:\/\/lospoliticosveracruz.com\/#organization"},"potentialAction":[{"@type":"SearchAction","target":{"@type":"EntryPoint","urlTemplate":"https:\/\/lospoliticosveracruz.com\/?s={search_term_string}"},"query-input":{"@type":"PropertyValueSpecification","valueRequired":true,"valueName":"search_term_string"}}],"inLanguage":"es"},{"@type":"Organization","@id":"https:\/\/lospoliticosveracruz.com\/#organization","name":"Los pol\u00edticos Veracruz","url":"https:\/\/lospoliticosveracruz.com\/","logo":{"@type":"ImageObject","inLanguage":"es","@id":"https:\/\/lospoliticosveracruz.com\/#\/schema\/logo\/image\/","url":"https:\/\/lospoliticosveracruz.com\/wp-content\/uploads\/2025\/12\/Logo-Nuevo-LOS-POLITICOS-1.jpg","contentUrl":"https:\/\/lospoliticosveracruz.com\/wp-content\/uploads\/2025\/12\/Logo-Nuevo-LOS-POLITICOS-1.jpg","width":260,"height":70,"caption":"Los pol\u00edticos Veracruz"},"image":{"@id":"https:\/\/lospoliticosveracruz.com\/#\/schema\/logo\/image\/"},"sameAs":["https:\/\/www.facebook.com\/people\/Notimemes-de-los-Polticos\/61565672886568\/","https:\/\/x.com\/LosPoliticosVer"]},{"@type":"Person","@id":"https:\/\/lospoliticosveracruz.com\/#\/schema\/person\/b8702bb0e538456e6efd07080bf2a4a2","name":"Lo viste en Los Pol\u00edticos","image":{"@type":"ImageObject","inLanguage":"es","@id":"https:\/\/secure.gravatar.com\/avatar\/3a8de04a2656d44082be478bd6c086daa447c4651605818287b9532d3d0bd435?s=96&d=mm&r=g","url":"https:\/\/secure.gravatar.com\/avatar\/3a8de04a2656d44082be478bd6c086daa447c4651605818287b9532d3d0bd435?s=96&d=mm&r=g","contentUrl":"https:\/\/secure.gravatar.com\/avatar\/3a8de04a2656d44082be478bd6c086daa447c4651605818287b9532d3d0bd435?s=96&d=mm&r=g","caption":"Lo viste en Los Pol\u00edticos"},"url":"https:\/\/lospoliticosveracruz.com\/?author=2"}]}},"_links":{"self":[{"href":"https:\/\/lospoliticosveracruz.com\/index.php?rest_route=\/wp\/v2\/posts\/82846","targetHints":{"allow":["GET"]}}],"collection":[{"href":"https:\/\/lospoliticosveracruz.com\/index.php?rest_route=\/wp\/v2\/posts"}],"about":[{"href":"https:\/\/lospoliticosveracruz.com\/index.php?rest_route=\/wp\/v2\/types\/post"}],"author":[{"embeddable":true,"href":"https:\/\/lospoliticosveracruz.com\/index.php?rest_route=\/wp\/v2\/users\/2"}],"replies":[{"embeddable":true,"href":"https:\/\/lospoliticosveracruz.com\/index.php?rest_route=%2Fwp%2Fv2%2Fcomments&post=82846"}],"version-history":[{"count":1,"href":"https:\/\/lospoliticosveracruz.com\/index.php?rest_route=\/wp\/v2\/posts\/82846\/revisions"}],"predecessor-version":[{"id":82848,"href":"https:\/\/lospoliticosveracruz.com\/index.php?rest_route=\/wp\/v2\/posts\/82846\/revisions\/82848"}],"wp:attachment":[{"href":"https:\/\/lospoliticosveracruz.com\/index.php?rest_route=%2Fwp%2Fv2%2Fmedia&parent=82846"}],"wp:term":[{"taxonomy":"category","embeddable":true,"href":"https:\/\/lospoliticosveracruz.com\/index.php?rest_route=%2Fwp%2Fv2%2Fcategories&post=82846"},{"taxonomy":"post_tag","embeddable":true,"href":"https:\/\/lospoliticosveracruz.com\/index.php?rest_route=%2Fwp%2Fv2%2Ftags&post=82846"}],"curies":[{"name":"wp","href":"https:\/\/api.w.org\/{rel}","templated":true}]}}