{"id":82861,"date":"2021-12-03T15:47:16","date_gmt":"2021-12-03T21:47:16","guid":{"rendered":"https:\/\/lospoliticosveracruz.com.mx\/?p=82861"},"modified":"2021-12-03T15:47:22","modified_gmt":"2021-12-03T21:47:22","slug":"lideres-por-un-dia","status":"publish","type":"post","link":"https:\/\/lospoliticosveracruz.com\/?p=82861","title":{"rendered":"L\u00edderes por un d\u00eda!"},"content":{"rendered":"\n<p><\/p>\n\n\n\n<p><strong>Xalapa<\/strong><\/p>\n\n\n\n<p><br>Evelia Yukunda Pe\u00f1a Mart\u00ednez, del municipio de Papantla, y Rom\u00e1n Hern\u00e1ndez Sol\u00eds, de Minatitl\u00e1n, rindieron protesta por un d\u00eda, como presidenta y secretario general del Comit\u00e9 Directivo Estatal del PRI en Veracruz, en el marco del D\u00eda Internacional de las Personas con Discapacidad, declarado el 3 de diciembre de 1992, por la Asamblea General de las Naciones Unidas.<\/p>\n\n\n\n<p>\u201cEste d\u00eda con esta designaci\u00f3n damos un gran paso, porque estamos demostrando al pa\u00eds algo que nunca se hab\u00eda dado. Quiero que mi mensaje llegue a Marlon Ram\u00edrez Mar\u00edn, y Arianna Angeles Aguirre, presidente y secretaria general del PRI en Veracruz, en agradecimiento por haberme nombrado parte de la Comisi\u00f3n de Equidad y Acciones Afirmativas que tiene este partido, es un camino muy largo que no ha terminado, pero hemos abierto esta brecha\u201d, expres\u00f3 Evelia Yukunda.<\/p>\n\n\n\n<p>Por su parte, Rom\u00e1n Hern\u00e1ndez Sol\u00eds, dijo que \u201cser discapacitado nos etiqueta con la sociedad, nos ven raros, eso tenemos que cambiarlo\u201d, adem\u00e1s agradeci\u00f3 todo el apoyo y apertura de parte de Marlon Ram\u00edrez Mar\u00edn y Arianna Angeles Aguirre, as\u00ed como de Ponciano V\u00e1zquez Parissi, secretario de Organizaci\u00f3n, por todo el apoyo que les han brindado.<\/p>\n\n\n\n<p>Gracias al trabajo y a la convocatoria de Mart\u00edn Pineda Selvas, secretario de Asuntos de las Personas con Discapacidad del CDE, se realiz\u00f3 esta actividad \u00fanica en el pa\u00eds, en la que los dirigentes del partido por un d\u00eda, leyeron un Dec\u00e1logo de Inclusi\u00f3n que buscan sea promovido y aplicado en el partido y sus estructuras.<\/p>\n\n\n\n<p><em><strong>Morena y sus programas electoreros<\/strong><\/em><\/p>\n\n\n\n<p>En posterior conferencia de prensa, Evelia Yukunda, refiri\u00f3 que ha mantenido una lucha constante por m\u00e1s de 20 a\u00f1os, y es lamentable que hoy con el actual gobierno de Morena, muchos de los programas que estaban destinados a personas con discapacidad hayan desaparecido, por ejemplo, el Consejo Nacional para el Desarrollo y la Inclusi\u00f3n (CONADIS). \u201cNos encontramos con el problema de los deportistas con discapacidad, han perdido todo el apoyo y son quienes m\u00e1s medallas traen a M\u00e9xico. Creo que las pol\u00edticas p\u00fablicas en este sentido han perdido mucha fuerza.\u201d<\/p>\n\n\n\n<p>En este sentido, Rom\u00e1n Hern\u00e1ndez Sol\u00eds, critic\u00f3 que solamente con la presi\u00f3n de un amparo, es que el Gobierno del Estado emiti\u00f3 el Reglamento para la Ley de Personas con Discapacidad de Veracruz, adem\u00e1s de que con la actual administraci\u00f3n morenista, no existen apoyos para personas con discapacidad, y si los hay, son \u00fanicamente para los \u201celegidos.\u201d<\/p>\n\n\n\n<p>Por su parte, Mart\u00edn Pineda Selvas, secretario de Asuntos de las Personas con Discapacidad del CDE, se\u00f1al\u00f3 que la pol\u00edtica social del Gobierno Federal es regalar dinero con fines electorales, \u201cque haciendo cuentas, son 42 pesos diarios, no digo que este mal, pero es insuficiente, porque se requieren pol\u00edticas p\u00fablicas incluyentes y transversales que promuevan el derecho a la salud, educaci\u00f3n, al empleo y no \u00fanicamente regalar dinero.\u201d<\/p>\n\n\n\n<p>Reconoci\u00f3 el trabajo de Norma Angelica Aceves Garc\u00eda, diputada federal del PRI, quien present\u00f3 una iniciativa enfocada a etiquetar recursos a municipios en favor a personas con discapacidad, propuso la creaci\u00f3n del Instituto Nacional de Inclusi\u00f3n de las Personas con Discapacidad, propuestas que fueron ignoradas por los diputados de Morena, del PVEM y del PT, \u201cque no escucharon, ni razonaron qu\u00e9 tan bondadosa era la propuesta y si iba a beneficiar a sectores vulnerables como las personas con discapacidad.\u201d<\/p>\n\n\n\n<p>Consider\u00f3 que se les puede proponer a las diputadas y diputados federales, una reforma a la ley electoral del pa\u00eds, para que exista una cuota, incluso, que en la propia Constituci\u00f3n se establezca esta cuota, como sucede con la cuota de g\u00e9nero y que se garantice un porcentaje de candidaturas a personas con discapacidad.<\/p>\n\n\n\n<p>Al final de la jornada de actividades, Marlon Ram\u00edrez Mar\u00edn, diputado local, acompa\u00f1ado de Ram\u00f3n Alberto Reyes Viveros, secretario de Comunicaci\u00f3n Institucional y Estrategia del CDE del PRI, asisti\u00f3 al Taller para Generar Acciones Inclusivas que Fortalezcan los Derechos Humanos y Pol\u00edticos de las Personas con Discapacidad, y dialog\u00f3 con la presidenta y el secretario general del CDE del PRI por un d\u00eda; a quienes reconoci\u00f3 como gentes de bien, con una convicci\u00f3n pol\u00edtica con la que coincide, y en donde expres\u00f3 a Mart\u00edn Pineda, que lo respeta, y lo reconoce como un priista destacado y comprometido con las causas del partido.<\/p>\n\n\n\n<p>\u201cCreo que, as\u00ed como este partido ha sido pionero en la inclusi\u00f3n de la juventud, vanguardista y constitucional en la paridad de g\u00e9nero, y se ha reconocido los derechos de pueblos originarios, se debe dar el espacio desde a ra\u00edz a personas que tiene una discapacidad; parte de la inclusi\u00f3n es eso tratar a las personas por igual\u00bb, manifest\u00f3.<\/p>\n\n\n\n<p>En la toma de protesta estuvo presente: Eliseo Islas Chagoya, secretario de Cultura, en representaci\u00f3n de Arianna Angeles Aguirre, secretaria general; as\u00ed como Ernesto Alarc\u00f3n Trujillo, secretario de Atenci\u00f3n a Municipios en Oposici\u00f3n quien dio el mensaje de clausura, e invit\u00f3 a los presentes a ser inclusivos en nuestra vida diaria, no \u00fanicamente por un d\u00eda, \u201cque sea una manera de vida, con familia, vecinos y centros de trabajo.\u201d<\/p>\n\n\n\n<p>Adem\u00e1s, participaron Claudia Ram\u00f3n Perea, secretaria de Asuntos Internacionales y Migratorios; Alejandro Gonz\u00e1lez Mart\u00ednez, subsecretario de Afiliaci\u00f3n y Registro Partidario; Carlos Molina, presidente del Comit\u00e9 Municipal del PRI en Papantla, secretarios, subsecretarios, integrantes del Comit\u00e9 y militantes.<\/p>\n","protected":false},"excerpt":{"rendered":"<p>Xalapa Evelia Yukunda Pe\u00f1a Mart\u00ednez, del municipio de Papantla, y Rom\u00e1n Hern\u00e1ndez Sol\u00eds, de Minatitl\u00e1n, rindieron protesta por un d\u00eda, como presidenta y secretario general del Comit\u00e9 Directivo Estatal del PRI en Veracruz, en el marco del D\u00eda Internacional de las Personas con Discapacidad, declarado el 3 de diciembre de 1992, por la Asamblea General [&hellip;]<\/p>\n","protected":false},"author":2,"featured_media":0,"comment_status":"closed","ping_status":"closed","sticky":false,"template":"","format":"standard","meta":{"tdm_status":"","tdm_grid_status":"","footnotes":""},"categories":[73],"tags":[5934,31488,2908,1026,3951,251,31489,195],"class_list":{"0":"post-82861","1":"post","2":"type-post","3":"status-publish","4":"format-standard","6":"category-de-boleto","7":"tag-discapacidad","8":"tag-evelia-yukunda-pena-martinez","9":"tag-marlon-ramirez-marin","10":"tag-morena","11":"tag-ponciano-vazquez-parissi","12":"tag-pri","13":"tag-roman-hernandez-solis","14":"tag-veracruz"},"yoast_head":"<!-- This site is optimized with the Yoast SEO plugin v27.4 - https:\/\/yoast.com\/product\/yoast-seo-wordpress\/ -->\n<title>L\u00edderes por un d\u00eda! - Los pol\u00edticos Veracruz<\/title>\n<meta name=\"robots\" content=\"index, follow, max-snippet:-1, max-image-preview:large, max-video-preview:-1\" \/>\n<link rel=\"canonical\" href=\"https:\/\/lospoliticosveracruz.com\/?p=82861\" \/>\n<meta property=\"og:locale\" content=\"es_ES\" \/>\n<meta property=\"og:type\" content=\"article\" \/>\n<meta property=\"og:title\" content=\"L\u00edderes por un d\u00eda! - Los pol\u00edticos Veracruz\" \/>\n<meta property=\"og:description\" content=\"Xalapa Evelia Yukunda Pe\u00f1a Mart\u00ednez, del municipio de Papantla, y Rom\u00e1n Hern\u00e1ndez Sol\u00eds, de Minatitl\u00e1n, rindieron protesta por un d\u00eda, como presidenta y secretario general del Comit\u00e9 Directivo Estatal del PRI en Veracruz, en el marco del D\u00eda Internacional de las Personas con Discapacidad, declarado el 3 de diciembre de 1992, por la Asamblea General [&hellip;]\" \/>\n<meta property=\"og:url\" content=\"https:\/\/lospoliticosveracruz.com\/?p=82861\" \/>\n<meta property=\"og:site_name\" content=\"Los pol\u00edticos Veracruz\" \/>\n<meta property=\"article:publisher\" content=\"https:\/\/www.facebook.com\/people\/Notimemes-de-los-Polticos\/61565672886568\/\" \/>\n<meta property=\"article:published_time\" content=\"2021-12-03T21:47:16+00:00\" \/>\n<meta property=\"article:modified_time\" content=\"2021-12-03T21:47:22+00:00\" \/>\n<meta property=\"og:image\" content=\"https:\/\/lospoliticosveracruz.com\/wp-content\/uploads\/2016\/07\/Logo-Dor.jpg\" \/>\n\t<meta property=\"og:image:width\" content=\"200\" \/>\n\t<meta property=\"og:image:height\" content=\"200\" \/>\n\t<meta property=\"og:image:type\" content=\"image\/jpeg\" \/>\n<meta name=\"author\" content=\"Lo viste en Los Pol\u00edticos\" \/>\n<meta name=\"twitter:card\" content=\"summary_large_image\" \/>\n<meta name=\"twitter:creator\" content=\"@LosPoliticosVer\" \/>\n<meta name=\"twitter:site\" content=\"@LosPoliticosVer\" \/>\n<meta name=\"twitter:label1\" content=\"Escrito por\" \/>\n\t<meta name=\"twitter:data1\" content=\"Lo viste en Los Pol\u00edticos\" \/>\n\t<meta name=\"twitter:label2\" content=\"Tiempo de lectura\" \/>\n\t<meta name=\"twitter:data2\" content=\"5 minutos\" \/>\n<script type=\"application\/ld+json\" class=\"yoast-schema-graph\">{\"@context\":\"https:\\\/\\\/schema.org\",\"@graph\":[{\"@type\":\"Article\",\"@id\":\"https:\\\/\\\/lospoliticosveracruz.com\\\/?p=82861#article\",\"isPartOf\":{\"@id\":\"https:\\\/\\\/lospoliticosveracruz.com\\\/?p=82861\"},\"author\":{\"name\":\"Lo viste en Los Pol\u00edticos\",\"@id\":\"https:\\\/\\\/lospoliticosveracruz.com\\\/#\\\/schema\\\/person\\\/b8702bb0e538456e6efd07080bf2a4a2\"},\"headline\":\"L\u00edderes por un d\u00eda!\",\"datePublished\":\"2021-12-03T21:47:16+00:00\",\"dateModified\":\"2021-12-03T21:47:22+00:00\",\"mainEntityOfPage\":{\"@id\":\"https:\\\/\\\/lospoliticosveracruz.com\\\/?p=82861\"},\"wordCount\":946,\"publisher\":{\"@id\":\"https:\\\/\\\/lospoliticosveracruz.com\\\/#organization\"},\"keywords\":[\"Discapacidad\",\"Evelia Yukunda Pe\u00f1a Mart\u00ednez\",\"Marlon Ram\u00edrez Mar\u00edn\",\"Morena\",\"Ponciano V\u00e1zquez Parissi\",\"PRI\",\"Rom\u00e1n Hern\u00e1ndez Sol\u00eds\",\"Veracruz\"],\"articleSection\":[\"De Boleto\"],\"inLanguage\":\"es\"},{\"@type\":\"WebPage\",\"@id\":\"https:\\\/\\\/lospoliticosveracruz.com\\\/?p=82861\",\"url\":\"https:\\\/\\\/lospoliticosveracruz.com\\\/?p=82861\",\"name\":\"L\u00edderes por un d\u00eda! - Los pol\u00edticos Veracruz\",\"isPartOf\":{\"@id\":\"https:\\\/\\\/lospoliticosveracruz.com\\\/#website\"},\"datePublished\":\"2021-12-03T21:47:16+00:00\",\"dateModified\":\"2021-12-03T21:47:22+00:00\",\"breadcrumb\":{\"@id\":\"https:\\\/\\\/lospoliticosveracruz.com\\\/?p=82861#breadcrumb\"},\"inLanguage\":\"es\",\"potentialAction\":[{\"@type\":\"ReadAction\",\"target\":[\"https:\\\/\\\/lospoliticosveracruz.com\\\/?p=82861\"]}]},{\"@type\":\"BreadcrumbList\",\"@id\":\"https:\\\/\\\/lospoliticosveracruz.com\\\/?p=82861#breadcrumb\",\"itemListElement\":[{\"@type\":\"ListItem\",\"position\":1,\"name\":\"Portada\",\"item\":\"https:\\\/\\\/lospoliticosveracruz.com\\\/\"},{\"@type\":\"ListItem\",\"position\":2,\"name\":\"L\u00edderes por un d\u00eda!\"}]},{\"@type\":\"WebSite\",\"@id\":\"https:\\\/\\\/lospoliticosveracruz.com\\\/#website\",\"url\":\"https:\\\/\\\/lospoliticosveracruz.com\\\/\",\"name\":\"Los pol\u00edticos Veracruz\",\"description\":\"\",\"publisher\":{\"@id\":\"https:\\\/\\\/lospoliticosveracruz.com\\\/#organization\"},\"potentialAction\":[{\"@type\":\"SearchAction\",\"target\":{\"@type\":\"EntryPoint\",\"urlTemplate\":\"https:\\\/\\\/lospoliticosveracruz.com\\\/?s={search_term_string}\"},\"query-input\":{\"@type\":\"PropertyValueSpecification\",\"valueRequired\":true,\"valueName\":\"search_term_string\"}}],\"inLanguage\":\"es\"},{\"@type\":\"Organization\",\"@id\":\"https:\\\/\\\/lospoliticosveracruz.com\\\/#organization\",\"name\":\"Los pol\u00edticos Veracruz\",\"url\":\"https:\\\/\\\/lospoliticosveracruz.com\\\/\",\"logo\":{\"@type\":\"ImageObject\",\"inLanguage\":\"es\",\"@id\":\"https:\\\/\\\/lospoliticosveracruz.com\\\/#\\\/schema\\\/logo\\\/image\\\/\",\"url\":\"https:\\\/\\\/lospoliticosveracruz.com\\\/wp-content\\\/uploads\\\/2025\\\/12\\\/Logo-Nuevo-LOS-POLITICOS-1.jpg\",\"contentUrl\":\"https:\\\/\\\/lospoliticosveracruz.com\\\/wp-content\\\/uploads\\\/2025\\\/12\\\/Logo-Nuevo-LOS-POLITICOS-1.jpg\",\"width\":260,\"height\":70,\"caption\":\"Los pol\u00edticos Veracruz\"},\"image\":{\"@id\":\"https:\\\/\\\/lospoliticosveracruz.com\\\/#\\\/schema\\\/logo\\\/image\\\/\"},\"sameAs\":[\"https:\\\/\\\/www.facebook.com\\\/people\\\/Notimemes-de-los-Polticos\\\/61565672886568\\\/\",\"https:\\\/\\\/x.com\\\/LosPoliticosVer\"]},{\"@type\":\"Person\",\"@id\":\"https:\\\/\\\/lospoliticosveracruz.com\\\/#\\\/schema\\\/person\\\/b8702bb0e538456e6efd07080bf2a4a2\",\"name\":\"Lo viste en Los Pol\u00edticos\",\"image\":{\"@type\":\"ImageObject\",\"inLanguage\":\"es\",\"@id\":\"https:\\\/\\\/secure.gravatar.com\\\/avatar\\\/3a8de04a2656d44082be478bd6c086daa447c4651605818287b9532d3d0bd435?s=96&d=mm&r=g\",\"url\":\"https:\\\/\\\/secure.gravatar.com\\\/avatar\\\/3a8de04a2656d44082be478bd6c086daa447c4651605818287b9532d3d0bd435?s=96&d=mm&r=g\",\"contentUrl\":\"https:\\\/\\\/secure.gravatar.com\\\/avatar\\\/3a8de04a2656d44082be478bd6c086daa447c4651605818287b9532d3d0bd435?s=96&d=mm&r=g\",\"caption\":\"Lo viste en Los Pol\u00edticos\"},\"url\":\"https:\\\/\\\/lospoliticosveracruz.com\\\/?author=2\"}]}<\/script>\n<!-- \/ Yoast SEO plugin. -->","yoast_head_json":{"title":"L\u00edderes por un d\u00eda! - Los pol\u00edticos Veracruz","robots":{"index":"index","follow":"follow","max-snippet":"max-snippet:-1","max-image-preview":"max-image-preview:large","max-video-preview":"max-video-preview:-1"},"canonical":"https:\/\/lospoliticosveracruz.com\/?p=82861","og_locale":"es_ES","og_type":"article","og_title":"L\u00edderes por un d\u00eda! - Los pol\u00edticos Veracruz","og_description":"Xalapa Evelia Yukunda Pe\u00f1a Mart\u00ednez, del municipio de Papantla, y Rom\u00e1n Hern\u00e1ndez Sol\u00eds, de Minatitl\u00e1n, rindieron protesta por un d\u00eda, como presidenta y secretario general del Comit\u00e9 Directivo Estatal del PRI en Veracruz, en el marco del D\u00eda Internacional de las Personas con Discapacidad, declarado el 3 de diciembre de 1992, por la Asamblea General [&hellip;]","og_url":"https:\/\/lospoliticosveracruz.com\/?p=82861","og_site_name":"Los pol\u00edticos Veracruz","article_publisher":"https:\/\/www.facebook.com\/people\/Notimemes-de-los-Polticos\/61565672886568\/","article_published_time":"2021-12-03T21:47:16+00:00","article_modified_time":"2021-12-03T21:47:22+00:00","og_image":[{"width":200,"height":200,"url":"https:\/\/lospoliticosveracruz.com\/wp-content\/uploads\/2016\/07\/Logo-Dor.jpg","type":"image\/jpeg"}],"author":"Lo viste en Los Pol\u00edticos","twitter_card":"summary_large_image","twitter_creator":"@LosPoliticosVer","twitter_site":"@LosPoliticosVer","twitter_misc":{"Escrito por":"Lo viste en Los Pol\u00edticos","Tiempo de lectura":"5 minutos"},"schema":{"@context":"https:\/\/schema.org","@graph":[{"@type":"Article","@id":"https:\/\/lospoliticosveracruz.com\/?p=82861#article","isPartOf":{"@id":"https:\/\/lospoliticosveracruz.com\/?p=82861"},"author":{"name":"Lo viste en Los Pol\u00edticos","@id":"https:\/\/lospoliticosveracruz.com\/#\/schema\/person\/b8702bb0e538456e6efd07080bf2a4a2"},"headline":"L\u00edderes por un d\u00eda!","datePublished":"2021-12-03T21:47:16+00:00","dateModified":"2021-12-03T21:47:22+00:00","mainEntityOfPage":{"@id":"https:\/\/lospoliticosveracruz.com\/?p=82861"},"wordCount":946,"publisher":{"@id":"https:\/\/lospoliticosveracruz.com\/#organization"},"keywords":["Discapacidad","Evelia Yukunda Pe\u00f1a Mart\u00ednez","Marlon Ram\u00edrez Mar\u00edn","Morena","Ponciano V\u00e1zquez Parissi","PRI","Rom\u00e1n Hern\u00e1ndez Sol\u00eds","Veracruz"],"articleSection":["De Boleto"],"inLanguage":"es"},{"@type":"WebPage","@id":"https:\/\/lospoliticosveracruz.com\/?p=82861","url":"https:\/\/lospoliticosveracruz.com\/?p=82861","name":"L\u00edderes por un d\u00eda! - Los pol\u00edticos Veracruz","isPartOf":{"@id":"https:\/\/lospoliticosveracruz.com\/#website"},"datePublished":"2021-12-03T21:47:16+00:00","dateModified":"2021-12-03T21:47:22+00:00","breadcrumb":{"@id":"https:\/\/lospoliticosveracruz.com\/?p=82861#breadcrumb"},"inLanguage":"es","potentialAction":[{"@type":"ReadAction","target":["https:\/\/lospoliticosveracruz.com\/?p=82861"]}]},{"@type":"BreadcrumbList","@id":"https:\/\/lospoliticosveracruz.com\/?p=82861#breadcrumb","itemListElement":[{"@type":"ListItem","position":1,"name":"Portada","item":"https:\/\/lospoliticosveracruz.com\/"},{"@type":"ListItem","position":2,"name":"L\u00edderes por un d\u00eda!"}]},{"@type":"WebSite","@id":"https:\/\/lospoliticosveracruz.com\/#website","url":"https:\/\/lospoliticosveracruz.com\/","name":"Los pol\u00edticos Veracruz","description":"","publisher":{"@id":"https:\/\/lospoliticosveracruz.com\/#organization"},"potentialAction":[{"@type":"SearchAction","target":{"@type":"EntryPoint","urlTemplate":"https:\/\/lospoliticosveracruz.com\/?s={search_term_string}"},"query-input":{"@type":"PropertyValueSpecification","valueRequired":true,"valueName":"search_term_string"}}],"inLanguage":"es"},{"@type":"Organization","@id":"https:\/\/lospoliticosveracruz.com\/#organization","name":"Los pol\u00edticos Veracruz","url":"https:\/\/lospoliticosveracruz.com\/","logo":{"@type":"ImageObject","inLanguage":"es","@id":"https:\/\/lospoliticosveracruz.com\/#\/schema\/logo\/image\/","url":"https:\/\/lospoliticosveracruz.com\/wp-content\/uploads\/2025\/12\/Logo-Nuevo-LOS-POLITICOS-1.jpg","contentUrl":"https:\/\/lospoliticosveracruz.com\/wp-content\/uploads\/2025\/12\/Logo-Nuevo-LOS-POLITICOS-1.jpg","width":260,"height":70,"caption":"Los pol\u00edticos Veracruz"},"image":{"@id":"https:\/\/lospoliticosveracruz.com\/#\/schema\/logo\/image\/"},"sameAs":["https:\/\/www.facebook.com\/people\/Notimemes-de-los-Polticos\/61565672886568\/","https:\/\/x.com\/LosPoliticosVer"]},{"@type":"Person","@id":"https:\/\/lospoliticosveracruz.com\/#\/schema\/person\/b8702bb0e538456e6efd07080bf2a4a2","name":"Lo viste en Los Pol\u00edticos","image":{"@type":"ImageObject","inLanguage":"es","@id":"https:\/\/secure.gravatar.com\/avatar\/3a8de04a2656d44082be478bd6c086daa447c4651605818287b9532d3d0bd435?s=96&d=mm&r=g","url":"https:\/\/secure.gravatar.com\/avatar\/3a8de04a2656d44082be478bd6c086daa447c4651605818287b9532d3d0bd435?s=96&d=mm&r=g","contentUrl":"https:\/\/secure.gravatar.com\/avatar\/3a8de04a2656d44082be478bd6c086daa447c4651605818287b9532d3d0bd435?s=96&d=mm&r=g","caption":"Lo viste en Los Pol\u00edticos"},"url":"https:\/\/lospoliticosveracruz.com\/?author=2"}]}},"_links":{"self":[{"href":"https:\/\/lospoliticosveracruz.com\/index.php?rest_route=\/wp\/v2\/posts\/82861","targetHints":{"allow":["GET"]}}],"collection":[{"href":"https:\/\/lospoliticosveracruz.com\/index.php?rest_route=\/wp\/v2\/posts"}],"about":[{"href":"https:\/\/lospoliticosveracruz.com\/index.php?rest_route=\/wp\/v2\/types\/post"}],"author":[{"embeddable":true,"href":"https:\/\/lospoliticosveracruz.com\/index.php?rest_route=\/wp\/v2\/users\/2"}],"replies":[{"embeddable":true,"href":"https:\/\/lospoliticosveracruz.com\/index.php?rest_route=%2Fwp%2Fv2%2Fcomments&post=82861"}],"version-history":[{"count":1,"href":"https:\/\/lospoliticosveracruz.com\/index.php?rest_route=\/wp\/v2\/posts\/82861\/revisions"}],"predecessor-version":[{"id":82863,"href":"https:\/\/lospoliticosveracruz.com\/index.php?rest_route=\/wp\/v2\/posts\/82861\/revisions\/82863"}],"wp:attachment":[{"href":"https:\/\/lospoliticosveracruz.com\/index.php?rest_route=%2Fwp%2Fv2%2Fmedia&parent=82861"}],"wp:term":[{"taxonomy":"category","embeddable":true,"href":"https:\/\/lospoliticosveracruz.com\/index.php?rest_route=%2Fwp%2Fv2%2Fcategories&post=82861"},{"taxonomy":"post_tag","embeddable":true,"href":"https:\/\/lospoliticosveracruz.com\/index.php?rest_route=%2Fwp%2Fv2%2Ftags&post=82861"}],"curies":[{"name":"wp","href":"https:\/\/api.w.org\/{rel}","templated":true}]}}