{"id":82865,"date":"2021-12-03T16:33:30","date_gmt":"2021-12-03T22:33:30","guid":{"rendered":"https:\/\/lospoliticosveracruz.com.mx\/?p=82865"},"modified":"2021-12-03T18:37:48","modified_gmt":"2021-12-04T00:37:48","slug":"les-dan-calorcito","status":"publish","type":"post","link":"https:\/\/lospoliticosveracruz.com\/?p=82865","title":{"rendered":"Les dan calorcito!"},"content":{"rendered":"\n<p><\/p>\n\n\n\n<p><\/p>\n\n\n\n<p><strong>Xalapa<\/strong><\/p>\n\n\n\n<p><br>En el Instituto Mexicano del Seguro Social (IMSS) en Veracruz Norte se hizo entrega de la Condecoraci\u00f3n Miguel Hidalgo en Grado Banda a 156 trabajadoras y trabadores de la salud del estado del R\u00e9gimen Ordinario, de la Unidad M\u00e9dica de Alta Especialidad (UMAE) y de IMSS-Bienestar, inform\u00f3 la doctora Mar\u00eda de Lourdes Carranza Bernal.<\/p>\n\n\n\n<p>Quien adem\u00e1s record\u00f3, \u201cque la Condecoraci\u00f3n Miguel Hidalgo, es para enaltecer a los profesionales de la salud que forman la primera l\u00ednea de batalla de atenci\u00f3n a la pandemia por SARS-CoV-2 (COVID-19), y subray\u00f3, que la elecci\u00f3n para este premio, es entre los propios compa\u00f1eros de trabajo\u201d.<\/p>\n\n\n\n<p>El galard\u00f3n en menci\u00f3n, \u201ces la m\u00e1s alta presea que puede recibir un mexicano por parte del Estado, por sus obras y por sus acciones de hero\u00edsmo, lo cual ha sido manifiesto entre el personal del IMSS para atender a la poblaci\u00f3n durante la emergencia sanitaria, y que por lo tanto, se les reconoce y se les agradece su actitud de servicio\u201d, enfatiz\u00f3 la doctora Carranza Bernal en su mensaje de bienvenida.<\/p>\n\n\n\n<p>Cabe destacar que se cont\u00f3 con la presencia del Secretario T\u00e9cnico de la Comisi\u00f3n de Conmemoraciones del IMSS, doctor Clicerio Coello Garc\u00e9s, quien en su oportunidad felicit\u00f3 y agradeci\u00f3 a los galardonados por su encomiable desempe\u00f1o durante la pandemia por COVID-19.<\/p>\n\n\n\n<p>\u201cCondecoraciones de esta categor\u00eda honran y comprometen, haci\u00e9ndonos sentir que su posesi\u00f3n, tan enaltecedora, nos obliga a mantenernos siempre dentro de las pautas que dieron origen a su creaci\u00f3n\u201d, expres\u00f3 el doctor Eustaquio Garc\u00e9s Garc\u00eda en nombre de sus compa\u00f1eros, quien adem\u00e1s agradeci\u00f3 tal distinci\u00f3n.<\/p>\n\n\n\n<p>Durante la ceremonia tambi\u00e9n estuvieron presentes el director de Protecci\u00f3n contra Riesgos Sanitarios de SESVER, doctor Bartolo Avenda\u00f1o Borromero; la jefa de Prestaciones M\u00e9dicas, doctora Ingrid Zaragoza Ruiz; el secretario general de la Secci\u00f3n IX del SNTSS, Jos\u00e9 Mart\u00edn Sosa Nepomuceno; el director de UMAE, doctor V\u00edctor Bernal Dolores; integrantes del H. Consejo Consultivo Delegacional; Cuerpo de Gobierno, entre otras autoridades civiles y militares.<\/p>\n","protected":false},"excerpt":{"rendered":"<p>Xalapa En el Instituto Mexicano del Seguro Social (IMSS) en Veracruz Norte se hizo entrega de la Condecoraci\u00f3n Miguel Hidalgo en Grado Banda a 156 trabajadoras y trabadores de la salud del estado del R\u00e9gimen Ordinario, de la Unidad M\u00e9dica de Alta Especialidad (UMAE) y de IMSS-Bienestar, inform\u00f3 la doctora Mar\u00eda de Lourdes Carranza Bernal. [&hellip;]<\/p>\n","protected":false},"author":2,"featured_media":0,"comment_status":"closed","ping_status":"closed","sticky":false,"template":"","format":"standard","meta":{"tdm_status":"","tdm_grid_status":"","footnotes":""},"categories":[73],"tags":[31490,31491,24841,13470,16513],"class_list":{"0":"post-82865","1":"post","2":"type-post","3":"status-publish","4":"format-standard","6":"category-de-boleto","7":"tag-clicerio-coello-garces","8":"tag-condecoracion-miguel-hidalgo-2","9":"tag-grado-banda","10":"tag-imss-bienestar","11":"tag-maria-de-lourdes-carranza-bernal"},"yoast_head":"<!-- This site is optimized with the Yoast SEO plugin v27.4 - https:\/\/yoast.com\/product\/yoast-seo-wordpress\/ -->\n<title>Les dan calorcito! - Los pol\u00edticos Veracruz<\/title>\n<meta name=\"robots\" content=\"index, follow, max-snippet:-1, max-image-preview:large, max-video-preview:-1\" \/>\n<link rel=\"canonical\" href=\"https:\/\/lospoliticosveracruz.com\/?p=82865\" \/>\n<meta property=\"og:locale\" content=\"es_ES\" \/>\n<meta property=\"og:type\" content=\"article\" \/>\n<meta property=\"og:title\" content=\"Les dan calorcito! - Los pol\u00edticos Veracruz\" \/>\n<meta property=\"og:description\" content=\"Xalapa En el Instituto Mexicano del Seguro Social (IMSS) en Veracruz Norte se hizo entrega de la Condecoraci\u00f3n Miguel Hidalgo en Grado Banda a 156 trabajadoras y trabadores de la salud del estado del R\u00e9gimen Ordinario, de la Unidad M\u00e9dica de Alta Especialidad (UMAE) y de IMSS-Bienestar, inform\u00f3 la doctora Mar\u00eda de Lourdes Carranza Bernal. [&hellip;]\" \/>\n<meta property=\"og:url\" content=\"https:\/\/lospoliticosveracruz.com\/?p=82865\" \/>\n<meta property=\"og:site_name\" content=\"Los pol\u00edticos Veracruz\" \/>\n<meta property=\"article:publisher\" content=\"https:\/\/www.facebook.com\/people\/Notimemes-de-los-Polticos\/61565672886568\/\" \/>\n<meta property=\"article:published_time\" content=\"2021-12-03T22:33:30+00:00\" \/>\n<meta property=\"article:modified_time\" content=\"2021-12-04T00:37:48+00:00\" \/>\n<meta property=\"og:image\" content=\"https:\/\/lospoliticosveracruz.com\/wp-content\/uploads\/2016\/07\/Logo-Dor.jpg\" \/>\n\t<meta property=\"og:image:width\" content=\"200\" \/>\n\t<meta property=\"og:image:height\" content=\"200\" \/>\n\t<meta property=\"og:image:type\" content=\"image\/jpeg\" \/>\n<meta name=\"author\" content=\"Lo viste en Los Pol\u00edticos\" \/>\n<meta name=\"twitter:card\" content=\"summary_large_image\" \/>\n<meta name=\"twitter:creator\" content=\"@LosPoliticosVer\" \/>\n<meta name=\"twitter:site\" content=\"@LosPoliticosVer\" \/>\n<meta name=\"twitter:label1\" content=\"Escrito por\" \/>\n\t<meta name=\"twitter:data1\" content=\"Lo viste en Los Pol\u00edticos\" \/>\n\t<meta name=\"twitter:label2\" content=\"Tiempo de lectura\" \/>\n\t<meta name=\"twitter:data2\" content=\"2 minutos\" \/>\n<script type=\"application\/ld+json\" class=\"yoast-schema-graph\">{\"@context\":\"https:\\\/\\\/schema.org\",\"@graph\":[{\"@type\":\"Article\",\"@id\":\"https:\\\/\\\/lospoliticosveracruz.com\\\/?p=82865#article\",\"isPartOf\":{\"@id\":\"https:\\\/\\\/lospoliticosveracruz.com\\\/?p=82865\"},\"author\":{\"name\":\"Lo viste en Los Pol\u00edticos\",\"@id\":\"https:\\\/\\\/lospoliticosveracruz.com\\\/#\\\/schema\\\/person\\\/b8702bb0e538456e6efd07080bf2a4a2\"},\"headline\":\"Les dan calorcito!\",\"datePublished\":\"2021-12-03T22:33:30+00:00\",\"dateModified\":\"2021-12-04T00:37:48+00:00\",\"mainEntityOfPage\":{\"@id\":\"https:\\\/\\\/lospoliticosveracruz.com\\\/?p=82865\"},\"wordCount\":361,\"publisher\":{\"@id\":\"https:\\\/\\\/lospoliticosveracruz.com\\\/#organization\"},\"keywords\":[\"Clicerio Coello Garc\u00e9s\",\"Condecoraci\u00f3n Miguel Hidalgo\",\"grado Banda\",\"IMSS-Bienestar\",\"Mar\u00eda de Lourdes Carranza Bernal\"],\"articleSection\":[\"De Boleto\"],\"inLanguage\":\"es\"},{\"@type\":\"WebPage\",\"@id\":\"https:\\\/\\\/lospoliticosveracruz.com\\\/?p=82865\",\"url\":\"https:\\\/\\\/lospoliticosveracruz.com\\\/?p=82865\",\"name\":\"Les dan calorcito! - Los pol\u00edticos Veracruz\",\"isPartOf\":{\"@id\":\"https:\\\/\\\/lospoliticosveracruz.com\\\/#website\"},\"datePublished\":\"2021-12-03T22:33:30+00:00\",\"dateModified\":\"2021-12-04T00:37:48+00:00\",\"breadcrumb\":{\"@id\":\"https:\\\/\\\/lospoliticosveracruz.com\\\/?p=82865#breadcrumb\"},\"inLanguage\":\"es\",\"potentialAction\":[{\"@type\":\"ReadAction\",\"target\":[\"https:\\\/\\\/lospoliticosveracruz.com\\\/?p=82865\"]}]},{\"@type\":\"BreadcrumbList\",\"@id\":\"https:\\\/\\\/lospoliticosveracruz.com\\\/?p=82865#breadcrumb\",\"itemListElement\":[{\"@type\":\"ListItem\",\"position\":1,\"name\":\"Portada\",\"item\":\"https:\\\/\\\/lospoliticosveracruz.com\\\/\"},{\"@type\":\"ListItem\",\"position\":2,\"name\":\"Les dan calorcito!\"}]},{\"@type\":\"WebSite\",\"@id\":\"https:\\\/\\\/lospoliticosveracruz.com\\\/#website\",\"url\":\"https:\\\/\\\/lospoliticosveracruz.com\\\/\",\"name\":\"Los pol\u00edticos Veracruz\",\"description\":\"\",\"publisher\":{\"@id\":\"https:\\\/\\\/lospoliticosveracruz.com\\\/#organization\"},\"potentialAction\":[{\"@type\":\"SearchAction\",\"target\":{\"@type\":\"EntryPoint\",\"urlTemplate\":\"https:\\\/\\\/lospoliticosveracruz.com\\\/?s={search_term_string}\"},\"query-input\":{\"@type\":\"PropertyValueSpecification\",\"valueRequired\":true,\"valueName\":\"search_term_string\"}}],\"inLanguage\":\"es\"},{\"@type\":\"Organization\",\"@id\":\"https:\\\/\\\/lospoliticosveracruz.com\\\/#organization\",\"name\":\"Los pol\u00edticos Veracruz\",\"url\":\"https:\\\/\\\/lospoliticosveracruz.com\\\/\",\"logo\":{\"@type\":\"ImageObject\",\"inLanguage\":\"es\",\"@id\":\"https:\\\/\\\/lospoliticosveracruz.com\\\/#\\\/schema\\\/logo\\\/image\\\/\",\"url\":\"https:\\\/\\\/lospoliticosveracruz.com\\\/wp-content\\\/uploads\\\/2025\\\/12\\\/Logo-Nuevo-LOS-POLITICOS-1.jpg\",\"contentUrl\":\"https:\\\/\\\/lospoliticosveracruz.com\\\/wp-content\\\/uploads\\\/2025\\\/12\\\/Logo-Nuevo-LOS-POLITICOS-1.jpg\",\"width\":260,\"height\":70,\"caption\":\"Los pol\u00edticos Veracruz\"},\"image\":{\"@id\":\"https:\\\/\\\/lospoliticosveracruz.com\\\/#\\\/schema\\\/logo\\\/image\\\/\"},\"sameAs\":[\"https:\\\/\\\/www.facebook.com\\\/people\\\/Notimemes-de-los-Polticos\\\/61565672886568\\\/\",\"https:\\\/\\\/x.com\\\/LosPoliticosVer\"]},{\"@type\":\"Person\",\"@id\":\"https:\\\/\\\/lospoliticosveracruz.com\\\/#\\\/schema\\\/person\\\/b8702bb0e538456e6efd07080bf2a4a2\",\"name\":\"Lo viste en Los Pol\u00edticos\",\"image\":{\"@type\":\"ImageObject\",\"inLanguage\":\"es\",\"@id\":\"https:\\\/\\\/secure.gravatar.com\\\/avatar\\\/3a8de04a2656d44082be478bd6c086daa447c4651605818287b9532d3d0bd435?s=96&d=mm&r=g\",\"url\":\"https:\\\/\\\/secure.gravatar.com\\\/avatar\\\/3a8de04a2656d44082be478bd6c086daa447c4651605818287b9532d3d0bd435?s=96&d=mm&r=g\",\"contentUrl\":\"https:\\\/\\\/secure.gravatar.com\\\/avatar\\\/3a8de04a2656d44082be478bd6c086daa447c4651605818287b9532d3d0bd435?s=96&d=mm&r=g\",\"caption\":\"Lo viste en Los Pol\u00edticos\"},\"url\":\"https:\\\/\\\/lospoliticosveracruz.com\\\/?author=2\"}]}<\/script>\n<!-- \/ Yoast SEO plugin. -->","yoast_head_json":{"title":"Les dan calorcito! - Los pol\u00edticos Veracruz","robots":{"index":"index","follow":"follow","max-snippet":"max-snippet:-1","max-image-preview":"max-image-preview:large","max-video-preview":"max-video-preview:-1"},"canonical":"https:\/\/lospoliticosveracruz.com\/?p=82865","og_locale":"es_ES","og_type":"article","og_title":"Les dan calorcito! - Los pol\u00edticos Veracruz","og_description":"Xalapa En el Instituto Mexicano del Seguro Social (IMSS) en Veracruz Norte se hizo entrega de la Condecoraci\u00f3n Miguel Hidalgo en Grado Banda a 156 trabajadoras y trabadores de la salud del estado del R\u00e9gimen Ordinario, de la Unidad M\u00e9dica de Alta Especialidad (UMAE) y de IMSS-Bienestar, inform\u00f3 la doctora Mar\u00eda de Lourdes Carranza Bernal. [&hellip;]","og_url":"https:\/\/lospoliticosveracruz.com\/?p=82865","og_site_name":"Los pol\u00edticos Veracruz","article_publisher":"https:\/\/www.facebook.com\/people\/Notimemes-de-los-Polticos\/61565672886568\/","article_published_time":"2021-12-03T22:33:30+00:00","article_modified_time":"2021-12-04T00:37:48+00:00","og_image":[{"width":200,"height":200,"url":"https:\/\/lospoliticosveracruz.com\/wp-content\/uploads\/2016\/07\/Logo-Dor.jpg","type":"image\/jpeg"}],"author":"Lo viste en Los Pol\u00edticos","twitter_card":"summary_large_image","twitter_creator":"@LosPoliticosVer","twitter_site":"@LosPoliticosVer","twitter_misc":{"Escrito por":"Lo viste en Los Pol\u00edticos","Tiempo de lectura":"2 minutos"},"schema":{"@context":"https:\/\/schema.org","@graph":[{"@type":"Article","@id":"https:\/\/lospoliticosveracruz.com\/?p=82865#article","isPartOf":{"@id":"https:\/\/lospoliticosveracruz.com\/?p=82865"},"author":{"name":"Lo viste en Los Pol\u00edticos","@id":"https:\/\/lospoliticosveracruz.com\/#\/schema\/person\/b8702bb0e538456e6efd07080bf2a4a2"},"headline":"Les dan calorcito!","datePublished":"2021-12-03T22:33:30+00:00","dateModified":"2021-12-04T00:37:48+00:00","mainEntityOfPage":{"@id":"https:\/\/lospoliticosveracruz.com\/?p=82865"},"wordCount":361,"publisher":{"@id":"https:\/\/lospoliticosveracruz.com\/#organization"},"keywords":["Clicerio Coello Garc\u00e9s","Condecoraci\u00f3n Miguel Hidalgo","grado Banda","IMSS-Bienestar","Mar\u00eda de Lourdes Carranza Bernal"],"articleSection":["De Boleto"],"inLanguage":"es"},{"@type":"WebPage","@id":"https:\/\/lospoliticosveracruz.com\/?p=82865","url":"https:\/\/lospoliticosveracruz.com\/?p=82865","name":"Les dan calorcito! - Los pol\u00edticos Veracruz","isPartOf":{"@id":"https:\/\/lospoliticosveracruz.com\/#website"},"datePublished":"2021-12-03T22:33:30+00:00","dateModified":"2021-12-04T00:37:48+00:00","breadcrumb":{"@id":"https:\/\/lospoliticosveracruz.com\/?p=82865#breadcrumb"},"inLanguage":"es","potentialAction":[{"@type":"ReadAction","target":["https:\/\/lospoliticosveracruz.com\/?p=82865"]}]},{"@type":"BreadcrumbList","@id":"https:\/\/lospoliticosveracruz.com\/?p=82865#breadcrumb","itemListElement":[{"@type":"ListItem","position":1,"name":"Portada","item":"https:\/\/lospoliticosveracruz.com\/"},{"@type":"ListItem","position":2,"name":"Les dan calorcito!"}]},{"@type":"WebSite","@id":"https:\/\/lospoliticosveracruz.com\/#website","url":"https:\/\/lospoliticosveracruz.com\/","name":"Los pol\u00edticos Veracruz","description":"","publisher":{"@id":"https:\/\/lospoliticosveracruz.com\/#organization"},"potentialAction":[{"@type":"SearchAction","target":{"@type":"EntryPoint","urlTemplate":"https:\/\/lospoliticosveracruz.com\/?s={search_term_string}"},"query-input":{"@type":"PropertyValueSpecification","valueRequired":true,"valueName":"search_term_string"}}],"inLanguage":"es"},{"@type":"Organization","@id":"https:\/\/lospoliticosveracruz.com\/#organization","name":"Los pol\u00edticos Veracruz","url":"https:\/\/lospoliticosveracruz.com\/","logo":{"@type":"ImageObject","inLanguage":"es","@id":"https:\/\/lospoliticosveracruz.com\/#\/schema\/logo\/image\/","url":"https:\/\/lospoliticosveracruz.com\/wp-content\/uploads\/2025\/12\/Logo-Nuevo-LOS-POLITICOS-1.jpg","contentUrl":"https:\/\/lospoliticosveracruz.com\/wp-content\/uploads\/2025\/12\/Logo-Nuevo-LOS-POLITICOS-1.jpg","width":260,"height":70,"caption":"Los pol\u00edticos Veracruz"},"image":{"@id":"https:\/\/lospoliticosveracruz.com\/#\/schema\/logo\/image\/"},"sameAs":["https:\/\/www.facebook.com\/people\/Notimemes-de-los-Polticos\/61565672886568\/","https:\/\/x.com\/LosPoliticosVer"]},{"@type":"Person","@id":"https:\/\/lospoliticosveracruz.com\/#\/schema\/person\/b8702bb0e538456e6efd07080bf2a4a2","name":"Lo viste en Los Pol\u00edticos","image":{"@type":"ImageObject","inLanguage":"es","@id":"https:\/\/secure.gravatar.com\/avatar\/3a8de04a2656d44082be478bd6c086daa447c4651605818287b9532d3d0bd435?s=96&d=mm&r=g","url":"https:\/\/secure.gravatar.com\/avatar\/3a8de04a2656d44082be478bd6c086daa447c4651605818287b9532d3d0bd435?s=96&d=mm&r=g","contentUrl":"https:\/\/secure.gravatar.com\/avatar\/3a8de04a2656d44082be478bd6c086daa447c4651605818287b9532d3d0bd435?s=96&d=mm&r=g","caption":"Lo viste en Los Pol\u00edticos"},"url":"https:\/\/lospoliticosveracruz.com\/?author=2"}]}},"_links":{"self":[{"href":"https:\/\/lospoliticosveracruz.com\/index.php?rest_route=\/wp\/v2\/posts\/82865","targetHints":{"allow":["GET"]}}],"collection":[{"href":"https:\/\/lospoliticosveracruz.com\/index.php?rest_route=\/wp\/v2\/posts"}],"about":[{"href":"https:\/\/lospoliticosveracruz.com\/index.php?rest_route=\/wp\/v2\/types\/post"}],"author":[{"embeddable":true,"href":"https:\/\/lospoliticosveracruz.com\/index.php?rest_route=\/wp\/v2\/users\/2"}],"replies":[{"embeddable":true,"href":"https:\/\/lospoliticosveracruz.com\/index.php?rest_route=%2Fwp%2Fv2%2Fcomments&post=82865"}],"version-history":[{"count":1,"href":"https:\/\/lospoliticosveracruz.com\/index.php?rest_route=\/wp\/v2\/posts\/82865\/revisions"}],"predecessor-version":[{"id":82867,"href":"https:\/\/lospoliticosveracruz.com\/index.php?rest_route=\/wp\/v2\/posts\/82865\/revisions\/82867"}],"wp:attachment":[{"href":"https:\/\/lospoliticosveracruz.com\/index.php?rest_route=%2Fwp%2Fv2%2Fmedia&parent=82865"}],"wp:term":[{"taxonomy":"category","embeddable":true,"href":"https:\/\/lospoliticosveracruz.com\/index.php?rest_route=%2Fwp%2Fv2%2Fcategories&post=82865"},{"taxonomy":"post_tag","embeddable":true,"href":"https:\/\/lospoliticosveracruz.com\/index.php?rest_route=%2Fwp%2Fv2%2Ftags&post=82865"}],"curies":[{"name":"wp","href":"https:\/\/api.w.org\/{rel}","templated":true}]}}