{"id":82964,"date":"2021-12-06T10:41:00","date_gmt":"2021-12-06T16:41:00","guid":{"rendered":"https:\/\/lospoliticosveracruz.com.mx\/?p=82964"},"modified":"2021-12-06T10:41:08","modified_gmt":"2021-12-06T16:41:08","slug":"othon-hernandez-factor-de-unidad-en-el-pan","status":"publish","type":"post","link":"https:\/\/lospoliticosveracruz.com\/?p=82964","title":{"rendered":"Oth\u00f3n Hern\u00e1ndez, factor de unidad en el PAN"},"content":{"rendered":"\n<p><\/p>\n\n\n\n<p><strong>Omar Z\u00fa\u00f1iga<\/strong><\/p>\n\n\n\n<p><em>De Primera Mano Taj\u00edn<\/em><\/p>\n\n\n\n<p><\/p>\n\n\n\n<p>Seguimos con el tema de la oposici\u00f3n responsable en el Congreso del Estado. La entrega anterior le comentamos sobre el PRI, esos que son \u201cpoquitos pero picosos\u201d.<\/p>\n\n\n\n<p>Pues bien, toca el turno a la fracci\u00f3n legislativa del <strong>Partido Acci\u00f3n Nacional<\/strong>, liderados por el ex alcalde misanteco <strong>Oth\u00f3n Hern\u00e1ndez Candanedo<\/strong>, que literalmente se ha fajado para mantener la cohesi\u00f3n al interior del grupo parlamentario.<\/p>\n\n\n\n<p>La semana anterior cuando estableci\u00f3 la postura oficial sobre la detenci\u00f3n de <strong>Tito Delf\u00edn<\/strong>, aspirante a la dirigencia estatal del blanquiazul, los legisladores acordaron que fuera precisamente Oth\u00f3n Hern\u00e1ndez como su coordinador quien diera la postura: <strong>unidad al interior<\/strong>.<\/p>\n\n\n\n<p>Sin embargo en un berrinche digno de americanista que perdi\u00f3 ante Pumas, el chamaco Bingen se salt\u00f3 las trancas y se present\u00f3 a la conferencia, caliente por los se\u00f1alamientos que la soltadora de los Yunes, la senadora con licencia y candidata a la secretar\u00eda general de la f\u00f3rmula con Tito, <strong>Indira Rosales <\/strong>se le fue encima a <strong>Julen Rementer\u00eda<\/strong>, -pap\u00e1 de Bingen- y al mismo <strong>Joaqu\u00edn Guzm\u00e1n <\/strong>de ser los art\u00edfices junto con el gobierno del estado de la detenci\u00f3n del terrablanquense, cuando es de todos sabido que la denuncia fue puesta en el gobierno del tristemente c\u00e9lebre <strong>Miguel \u00c1ngel Yunes<\/strong> y el gris y entreguista hoy pr\u00f3fugo de la justicia <strong>Jorge Winclker<\/strong>, pero ese es otro rollo.<\/p>\n\n\n\n<p>El tema es que Oth\u00f3n debi\u00f3 meter al orden a Bingen en p\u00fablico; posteriormente, en un (muy) breve video aparecieron ambos a los abrazos, pero nadie les crey\u00f3.<\/p>\n\n\n\n<p>Sin embargo en un junta que se dio por la tarde-noche, sabemos <strong><em>De Primera Mano <\/em><\/strong>que Bingen Rementer\u00eda finalmente cay\u00f3 en madurez y ofreci\u00f3 una sincera disculpa a sus compa\u00f1eros y sobre todo a su coordinador legislativo Oth\u00f3n Hern\u00e1ndez, pues los argumentos de \u00e9ste sobre la unidad que debe prevalecer no s\u00f3lo al interior del grupo legislativo, sino del blanquiazul en su conjunto, pesaron sobre todas las cosas.<\/p>\n\n\n\n<p>Y as\u00ed deben permanecer, pues la divisi\u00f3n es precisamente lo que buscan quienes revivieron la denuncia en contra de Tito, con el consabido resultado cuando se da una situaci\u00f3n de esta naturaleza: el debilitamiento de la oposici\u00f3n y si no lo creen , que le pregunten la PRI; aunque a fuerza de decir la verdad, lo mejor es que boten a esos grupos que llegaron con <strong><em>Pipo<\/em> V\u00e1zquez <\/strong>y que le han dado en su madre al blanquiazul.<\/p>\n\n\n\n<p>Por v\u00eda de mientras y ante la situaci\u00f3n que prevalece, Oth\u00f3n se convierte en factor de unidad en el PAN Veracruz y debe estar preparado para todo lo que venga.<\/p>\n\n\n\n<p>*****<\/p>\n\n\n\n<p>El fin de semana fue sin lugar a dudas llenos de noticias. Una de ellas fue la elecci\u00f3n de la compa\u00f1era y amiga <strong>Eleaney Sesma <\/strong>como secretaria general del PVEM Veracruz. Mujer capaz y bragada, forjada en el campo de las batallas period\u00edsticas, har\u00e1 sin lugar a dudas un extraordinario papel como la lideresa que necesitaba el Verde. \u201cEs tiempo de las mujeres\u201d, dijo Eleaney en su toma de protesta.<\/p>\n\n\n\n<p>Si alguien ha pensado que por apoyarla puede mangonearla se van a topar con pared. Al tiempo.<\/p>\n\n\n\n<p>*****<\/p>\n\n\n\n<p><strong>Marcelo Ruiz <\/strong>el dirigente saliente, se va a una nueva encomienda, como coordinador nacional del PVEM en la Tercera Circunscripci\u00f3n, siguiendo siempre los pasos y a la sombra de <strong>Javier Herrera Borunda<\/strong>, hoy secretario de Organizaci\u00f3n del mismo partido a nivel nacional. Es la coordinaci\u00f3n una alta responsabilidad sin lugar a dudas, donde adem\u00e1s de capacidad se necesita sensibilidad, y las mentiras o verdades a medias, no son necesariamente parte de \u00e9sta. Quienes buscan emular a Fidel Herrera, hay que recordarle que la empat\u00eda, la cultura y el oficio pol\u00edtico no se adquieren por designaci\u00f3n ni por invitaci\u00f3n.<\/p>\n\n\n\n<p>*****<\/p>\n\n\n\n<p>Desatada la administraci\u00f3n de <strong>Hip\u00f3lito Rodr\u00edguez Herrero<\/strong> en los estertores de su alcald\u00eda, pues desde la CMAS han ordenado un aut\u00e9ntica campa\u00f1a de terror, Ante cualquier atraso en los pagos de los contribuyentes varias cuadrillas recorren la ciudad con la consigna de cortar el suministro de agua potable, \u201cdesesperados por sacar recursos hasta debajo de las piedras, ante la posibilidad real de que no les alcance para pagar los aguinaldos\u201d, dicho por los mismos trabajadores, que obviamente, piden el anonimato por temor a represalias.<\/p>\n\n\n\n<p>*****<\/p>\n\n\n\n<p>Fue confirmada la regidur\u00eda para <strong>Alfonso Garc\u00eda<\/strong>, joven abogado que trabaj\u00f3 fuerte \u2013como la mayor\u00eda del equipo- en la campa\u00f1a de <strong>Ra\u00fal Arias Lovillo<\/strong> a la presidencia municipal de Xalapa. Alfonso ha dado muestras del talento y sensibilidad pol\u00edtica para llegar al equilibrio necesario, para hacer un papel destacado en la administraci\u00f3n municipal 2022-2026 y, para algo m\u00e1s\u2026 Enhorabuena<\/p>\n\n\n\n<p>*****<\/p>\n\n\n\n<p>Otra joven, talentosa y guapa abogada que dio ese equipo de trabajo es <strong>Nadia Liz Burgos<\/strong>, que ayer estuvo de pl\u00e1cemes por su cumple. \u00a1Felicidades y que sigan los \u00e9xitos!<\/p>\n\n\n\n<p>\u00a1Qu\u00e9 barbaridad!<\/p>\n\n\n\n<p>deprimera.mano2020@gmail.com<\/p>\n","protected":false},"excerpt":{"rendered":"<p>Omar Z\u00fa\u00f1iga De Primera Mano Taj\u00edn Seguimos con el tema de la oposici\u00f3n responsable en el Congreso del Estado. La entrega anterior le comentamos sobre el PRI, esos que son \u201cpoquitos pero picosos\u201d. Pues bien, toca el turno a la fracci\u00f3n legislativa del Partido Acci\u00f3n Nacional, liderados por el ex alcalde misanteco Oth\u00f3n Hern\u00e1ndez Candanedo, [&hellip;]<\/p>\n","protected":false},"author":2,"featured_media":0,"comment_status":"closed","ping_status":"closed","sticky":false,"template":"","format":"standard","meta":{"tdm_status":"","tdm_grid_status":"","footnotes":""},"categories":[70],"tags":[4684,2842,7620,5506,1124,3288,1130,31517,28705,28838,4564,264,12621,7518],"class_list":{"0":"post-82964","1":"post","2":"type-post","3":"status-publish","4":"format-standard","6":"category-de-opinion","7":"tag-bingen-rementeria","8":"tag-eleaney-sesma","9":"tag-hipolito-rodriguez-herrero","10":"tag-indira-rosales-san-roman","11":"tag-javier-herrera-borunda","12":"tag-joaquin-guzman-aviles","13":"tag-julen-rementeria","14":"tag-nadia-liz-burgos","15":"tag-omar-zuniga","16":"tag-othon-hernandez-candanedo-2","17":"tag-pipo-vazquez-cuevas","18":"tag-pvem","19":"tag-raul-arias-lovillo","20":"tag-tito-delfin-cano"},"yoast_head":"<!-- This site is optimized with the Yoast SEO plugin v27.4 - https:\/\/yoast.com\/product\/yoast-seo-wordpress\/ -->\n<title>Oth\u00f3n Hern\u00e1ndez, factor de unidad en el PAN - Los pol\u00edticos Veracruz<\/title>\n<meta name=\"robots\" content=\"index, follow, max-snippet:-1, max-image-preview:large, max-video-preview:-1\" \/>\n<link rel=\"canonical\" href=\"https:\/\/lospoliticosveracruz.com\/?p=82964\" \/>\n<meta property=\"og:locale\" content=\"es_ES\" \/>\n<meta property=\"og:type\" content=\"article\" \/>\n<meta property=\"og:title\" content=\"Oth\u00f3n Hern\u00e1ndez, factor de unidad en el PAN - Los pol\u00edticos Veracruz\" \/>\n<meta property=\"og:description\" content=\"Omar Z\u00fa\u00f1iga De Primera Mano Taj\u00edn Seguimos con el tema de la oposici\u00f3n responsable en el Congreso del Estado. La entrega anterior le comentamos sobre el PRI, esos que son \u201cpoquitos pero picosos\u201d. Pues bien, toca el turno a la fracci\u00f3n legislativa del Partido Acci\u00f3n Nacional, liderados por el ex alcalde misanteco Oth\u00f3n Hern\u00e1ndez Candanedo, [&hellip;]\" \/>\n<meta property=\"og:url\" content=\"https:\/\/lospoliticosveracruz.com\/?p=82964\" \/>\n<meta property=\"og:site_name\" content=\"Los pol\u00edticos Veracruz\" \/>\n<meta property=\"article:publisher\" content=\"https:\/\/www.facebook.com\/people\/Notimemes-de-los-Polticos\/61565672886568\/\" \/>\n<meta property=\"article:published_time\" content=\"2021-12-06T16:41:00+00:00\" \/>\n<meta property=\"article:modified_time\" content=\"2021-12-06T16:41:08+00:00\" \/>\n<meta property=\"og:image\" content=\"https:\/\/lospoliticosveracruz.com\/wp-content\/uploads\/2016\/07\/Logo-Dor.jpg\" \/>\n\t<meta property=\"og:image:width\" content=\"200\" \/>\n\t<meta property=\"og:image:height\" content=\"200\" \/>\n\t<meta property=\"og:image:type\" content=\"image\/jpeg\" \/>\n<meta name=\"author\" content=\"Lo viste en Los Pol\u00edticos\" \/>\n<meta name=\"twitter:card\" content=\"summary_large_image\" \/>\n<meta name=\"twitter:creator\" content=\"@LosPoliticosVer\" \/>\n<meta name=\"twitter:site\" content=\"@LosPoliticosVer\" \/>\n<meta name=\"twitter:label1\" content=\"Escrito por\" \/>\n\t<meta name=\"twitter:data1\" content=\"Lo viste en Los Pol\u00edticos\" \/>\n\t<meta name=\"twitter:label2\" content=\"Tiempo de lectura\" \/>\n\t<meta name=\"twitter:data2\" content=\"4 minutos\" \/>\n<script type=\"application\/ld+json\" class=\"yoast-schema-graph\">{\"@context\":\"https:\\\/\\\/schema.org\",\"@graph\":[{\"@type\":\"Article\",\"@id\":\"https:\\\/\\\/lospoliticosveracruz.com\\\/?p=82964#article\",\"isPartOf\":{\"@id\":\"https:\\\/\\\/lospoliticosveracruz.com\\\/?p=82964\"},\"author\":{\"name\":\"Lo viste en Los Pol\u00edticos\",\"@id\":\"https:\\\/\\\/lospoliticosveracruz.com\\\/#\\\/schema\\\/person\\\/b8702bb0e538456e6efd07080bf2a4a2\"},\"headline\":\"Oth\u00f3n Hern\u00e1ndez, factor de unidad en el PAN\",\"datePublished\":\"2021-12-06T16:41:00+00:00\",\"dateModified\":\"2021-12-06T16:41:08+00:00\",\"mainEntityOfPage\":{\"@id\":\"https:\\\/\\\/lospoliticosveracruz.com\\\/?p=82964\"},\"wordCount\":865,\"publisher\":{\"@id\":\"https:\\\/\\\/lospoliticosveracruz.com\\\/#organization\"},\"keywords\":[\"Bingen Rementer\u00eda\",\"Eleaney Sesma\",\"Hip\u00f3lito Rodr\u00edguez Herrero\",\"Indira Rosales San Rom\u00e1n\",\"Javier Herrera Borunda\",\"Joaqu\u00edn Guzm\u00e1n Avil\u00e9s\",\"Julen Rementer\u00eda\",\"Nadia Liz Burgos\",\"Omar Z\u00fa\u00f1iga\",\"Othon Hern\u00e1ndez Candanedo\",\"Pipo V\u00e1zquez Cuevas\",\"PVEM\",\"Ra\u00fal Arias Lovillo\",\"Tito Delf\u00edn Cano\"],\"articleSection\":[\"De Opini\u00f3n\"],\"inLanguage\":\"es\"},{\"@type\":\"WebPage\",\"@id\":\"https:\\\/\\\/lospoliticosveracruz.com\\\/?p=82964\",\"url\":\"https:\\\/\\\/lospoliticosveracruz.com\\\/?p=82964\",\"name\":\"Oth\u00f3n Hern\u00e1ndez, factor de unidad en el PAN - Los pol\u00edticos Veracruz\",\"isPartOf\":{\"@id\":\"https:\\\/\\\/lospoliticosveracruz.com\\\/#website\"},\"datePublished\":\"2021-12-06T16:41:00+00:00\",\"dateModified\":\"2021-12-06T16:41:08+00:00\",\"breadcrumb\":{\"@id\":\"https:\\\/\\\/lospoliticosveracruz.com\\\/?p=82964#breadcrumb\"},\"inLanguage\":\"es\",\"potentialAction\":[{\"@type\":\"ReadAction\",\"target\":[\"https:\\\/\\\/lospoliticosveracruz.com\\\/?p=82964\"]}]},{\"@type\":\"BreadcrumbList\",\"@id\":\"https:\\\/\\\/lospoliticosveracruz.com\\\/?p=82964#breadcrumb\",\"itemListElement\":[{\"@type\":\"ListItem\",\"position\":1,\"name\":\"Portada\",\"item\":\"https:\\\/\\\/lospoliticosveracruz.com\\\/\"},{\"@type\":\"ListItem\",\"position\":2,\"name\":\"Oth\u00f3n Hern\u00e1ndez, factor de unidad en el PAN\"}]},{\"@type\":\"WebSite\",\"@id\":\"https:\\\/\\\/lospoliticosveracruz.com\\\/#website\",\"url\":\"https:\\\/\\\/lospoliticosveracruz.com\\\/\",\"name\":\"Los pol\u00edticos Veracruz\",\"description\":\"\",\"publisher\":{\"@id\":\"https:\\\/\\\/lospoliticosveracruz.com\\\/#organization\"},\"potentialAction\":[{\"@type\":\"SearchAction\",\"target\":{\"@type\":\"EntryPoint\",\"urlTemplate\":\"https:\\\/\\\/lospoliticosveracruz.com\\\/?s={search_term_string}\"},\"query-input\":{\"@type\":\"PropertyValueSpecification\",\"valueRequired\":true,\"valueName\":\"search_term_string\"}}],\"inLanguage\":\"es\"},{\"@type\":\"Organization\",\"@id\":\"https:\\\/\\\/lospoliticosveracruz.com\\\/#organization\",\"name\":\"Los pol\u00edticos Veracruz\",\"url\":\"https:\\\/\\\/lospoliticosveracruz.com\\\/\",\"logo\":{\"@type\":\"ImageObject\",\"inLanguage\":\"es\",\"@id\":\"https:\\\/\\\/lospoliticosveracruz.com\\\/#\\\/schema\\\/logo\\\/image\\\/\",\"url\":\"https:\\\/\\\/lospoliticosveracruz.com\\\/wp-content\\\/uploads\\\/2025\\\/12\\\/Logo-Nuevo-LOS-POLITICOS-1.jpg\",\"contentUrl\":\"https:\\\/\\\/lospoliticosveracruz.com\\\/wp-content\\\/uploads\\\/2025\\\/12\\\/Logo-Nuevo-LOS-POLITICOS-1.jpg\",\"width\":260,\"height\":70,\"caption\":\"Los pol\u00edticos Veracruz\"},\"image\":{\"@id\":\"https:\\\/\\\/lospoliticosveracruz.com\\\/#\\\/schema\\\/logo\\\/image\\\/\"},\"sameAs\":[\"https:\\\/\\\/www.facebook.com\\\/people\\\/Notimemes-de-los-Polticos\\\/61565672886568\\\/\",\"https:\\\/\\\/x.com\\\/LosPoliticosVer\"]},{\"@type\":\"Person\",\"@id\":\"https:\\\/\\\/lospoliticosveracruz.com\\\/#\\\/schema\\\/person\\\/b8702bb0e538456e6efd07080bf2a4a2\",\"name\":\"Lo viste en Los Pol\u00edticos\",\"image\":{\"@type\":\"ImageObject\",\"inLanguage\":\"es\",\"@id\":\"https:\\\/\\\/secure.gravatar.com\\\/avatar\\\/3a8de04a2656d44082be478bd6c086daa447c4651605818287b9532d3d0bd435?s=96&d=mm&r=g\",\"url\":\"https:\\\/\\\/secure.gravatar.com\\\/avatar\\\/3a8de04a2656d44082be478bd6c086daa447c4651605818287b9532d3d0bd435?s=96&d=mm&r=g\",\"contentUrl\":\"https:\\\/\\\/secure.gravatar.com\\\/avatar\\\/3a8de04a2656d44082be478bd6c086daa447c4651605818287b9532d3d0bd435?s=96&d=mm&r=g\",\"caption\":\"Lo viste en Los Pol\u00edticos\"},\"url\":\"https:\\\/\\\/lospoliticosveracruz.com\\\/?author=2\"}]}<\/script>\n<!-- \/ Yoast SEO plugin. -->","yoast_head_json":{"title":"Oth\u00f3n Hern\u00e1ndez, factor de unidad en el PAN - Los pol\u00edticos Veracruz","robots":{"index":"index","follow":"follow","max-snippet":"max-snippet:-1","max-image-preview":"max-image-preview:large","max-video-preview":"max-video-preview:-1"},"canonical":"https:\/\/lospoliticosveracruz.com\/?p=82964","og_locale":"es_ES","og_type":"article","og_title":"Oth\u00f3n Hern\u00e1ndez, factor de unidad en el PAN - Los pol\u00edticos Veracruz","og_description":"Omar Z\u00fa\u00f1iga De Primera Mano Taj\u00edn Seguimos con el tema de la oposici\u00f3n responsable en el Congreso del Estado. La entrega anterior le comentamos sobre el PRI, esos que son \u201cpoquitos pero picosos\u201d. Pues bien, toca el turno a la fracci\u00f3n legislativa del Partido Acci\u00f3n Nacional, liderados por el ex alcalde misanteco Oth\u00f3n Hern\u00e1ndez Candanedo, [&hellip;]","og_url":"https:\/\/lospoliticosveracruz.com\/?p=82964","og_site_name":"Los pol\u00edticos Veracruz","article_publisher":"https:\/\/www.facebook.com\/people\/Notimemes-de-los-Polticos\/61565672886568\/","article_published_time":"2021-12-06T16:41:00+00:00","article_modified_time":"2021-12-06T16:41:08+00:00","og_image":[{"width":200,"height":200,"url":"https:\/\/lospoliticosveracruz.com\/wp-content\/uploads\/2016\/07\/Logo-Dor.jpg","type":"image\/jpeg"}],"author":"Lo viste en Los Pol\u00edticos","twitter_card":"summary_large_image","twitter_creator":"@LosPoliticosVer","twitter_site":"@LosPoliticosVer","twitter_misc":{"Escrito por":"Lo viste en Los Pol\u00edticos","Tiempo de lectura":"4 minutos"},"schema":{"@context":"https:\/\/schema.org","@graph":[{"@type":"Article","@id":"https:\/\/lospoliticosveracruz.com\/?p=82964#article","isPartOf":{"@id":"https:\/\/lospoliticosveracruz.com\/?p=82964"},"author":{"name":"Lo viste en Los Pol\u00edticos","@id":"https:\/\/lospoliticosveracruz.com\/#\/schema\/person\/b8702bb0e538456e6efd07080bf2a4a2"},"headline":"Oth\u00f3n Hern\u00e1ndez, factor de unidad en el PAN","datePublished":"2021-12-06T16:41:00+00:00","dateModified":"2021-12-06T16:41:08+00:00","mainEntityOfPage":{"@id":"https:\/\/lospoliticosveracruz.com\/?p=82964"},"wordCount":865,"publisher":{"@id":"https:\/\/lospoliticosveracruz.com\/#organization"},"keywords":["Bingen Rementer\u00eda","Eleaney Sesma","Hip\u00f3lito Rodr\u00edguez Herrero","Indira Rosales San Rom\u00e1n","Javier Herrera Borunda","Joaqu\u00edn Guzm\u00e1n Avil\u00e9s","Julen Rementer\u00eda","Nadia Liz Burgos","Omar Z\u00fa\u00f1iga","Othon Hern\u00e1ndez Candanedo","Pipo V\u00e1zquez Cuevas","PVEM","Ra\u00fal Arias Lovillo","Tito Delf\u00edn Cano"],"articleSection":["De Opini\u00f3n"],"inLanguage":"es"},{"@type":"WebPage","@id":"https:\/\/lospoliticosveracruz.com\/?p=82964","url":"https:\/\/lospoliticosveracruz.com\/?p=82964","name":"Oth\u00f3n Hern\u00e1ndez, factor de unidad en el PAN - Los pol\u00edticos Veracruz","isPartOf":{"@id":"https:\/\/lospoliticosveracruz.com\/#website"},"datePublished":"2021-12-06T16:41:00+00:00","dateModified":"2021-12-06T16:41:08+00:00","breadcrumb":{"@id":"https:\/\/lospoliticosveracruz.com\/?p=82964#breadcrumb"},"inLanguage":"es","potentialAction":[{"@type":"ReadAction","target":["https:\/\/lospoliticosveracruz.com\/?p=82964"]}]},{"@type":"BreadcrumbList","@id":"https:\/\/lospoliticosveracruz.com\/?p=82964#breadcrumb","itemListElement":[{"@type":"ListItem","position":1,"name":"Portada","item":"https:\/\/lospoliticosveracruz.com\/"},{"@type":"ListItem","position":2,"name":"Oth\u00f3n Hern\u00e1ndez, factor de unidad en el PAN"}]},{"@type":"WebSite","@id":"https:\/\/lospoliticosveracruz.com\/#website","url":"https:\/\/lospoliticosveracruz.com\/","name":"Los pol\u00edticos Veracruz","description":"","publisher":{"@id":"https:\/\/lospoliticosveracruz.com\/#organization"},"potentialAction":[{"@type":"SearchAction","target":{"@type":"EntryPoint","urlTemplate":"https:\/\/lospoliticosveracruz.com\/?s={search_term_string}"},"query-input":{"@type":"PropertyValueSpecification","valueRequired":true,"valueName":"search_term_string"}}],"inLanguage":"es"},{"@type":"Organization","@id":"https:\/\/lospoliticosveracruz.com\/#organization","name":"Los pol\u00edticos Veracruz","url":"https:\/\/lospoliticosveracruz.com\/","logo":{"@type":"ImageObject","inLanguage":"es","@id":"https:\/\/lospoliticosveracruz.com\/#\/schema\/logo\/image\/","url":"https:\/\/lospoliticosveracruz.com\/wp-content\/uploads\/2025\/12\/Logo-Nuevo-LOS-POLITICOS-1.jpg","contentUrl":"https:\/\/lospoliticosveracruz.com\/wp-content\/uploads\/2025\/12\/Logo-Nuevo-LOS-POLITICOS-1.jpg","width":260,"height":70,"caption":"Los pol\u00edticos Veracruz"},"image":{"@id":"https:\/\/lospoliticosveracruz.com\/#\/schema\/logo\/image\/"},"sameAs":["https:\/\/www.facebook.com\/people\/Notimemes-de-los-Polticos\/61565672886568\/","https:\/\/x.com\/LosPoliticosVer"]},{"@type":"Person","@id":"https:\/\/lospoliticosveracruz.com\/#\/schema\/person\/b8702bb0e538456e6efd07080bf2a4a2","name":"Lo viste en Los Pol\u00edticos","image":{"@type":"ImageObject","inLanguage":"es","@id":"https:\/\/secure.gravatar.com\/avatar\/3a8de04a2656d44082be478bd6c086daa447c4651605818287b9532d3d0bd435?s=96&d=mm&r=g","url":"https:\/\/secure.gravatar.com\/avatar\/3a8de04a2656d44082be478bd6c086daa447c4651605818287b9532d3d0bd435?s=96&d=mm&r=g","contentUrl":"https:\/\/secure.gravatar.com\/avatar\/3a8de04a2656d44082be478bd6c086daa447c4651605818287b9532d3d0bd435?s=96&d=mm&r=g","caption":"Lo viste en Los Pol\u00edticos"},"url":"https:\/\/lospoliticosveracruz.com\/?author=2"}]}},"_links":{"self":[{"href":"https:\/\/lospoliticosveracruz.com\/index.php?rest_route=\/wp\/v2\/posts\/82964","targetHints":{"allow":["GET"]}}],"collection":[{"href":"https:\/\/lospoliticosveracruz.com\/index.php?rest_route=\/wp\/v2\/posts"}],"about":[{"href":"https:\/\/lospoliticosveracruz.com\/index.php?rest_route=\/wp\/v2\/types\/post"}],"author":[{"embeddable":true,"href":"https:\/\/lospoliticosveracruz.com\/index.php?rest_route=\/wp\/v2\/users\/2"}],"replies":[{"embeddable":true,"href":"https:\/\/lospoliticosveracruz.com\/index.php?rest_route=%2Fwp%2Fv2%2Fcomments&post=82964"}],"version-history":[{"count":1,"href":"https:\/\/lospoliticosveracruz.com\/index.php?rest_route=\/wp\/v2\/posts\/82964\/revisions"}],"predecessor-version":[{"id":82966,"href":"https:\/\/lospoliticosveracruz.com\/index.php?rest_route=\/wp\/v2\/posts\/82964\/revisions\/82966"}],"wp:attachment":[{"href":"https:\/\/lospoliticosveracruz.com\/index.php?rest_route=%2Fwp%2Fv2%2Fmedia&parent=82964"}],"wp:term":[{"taxonomy":"category","embeddable":true,"href":"https:\/\/lospoliticosveracruz.com\/index.php?rest_route=%2Fwp%2Fv2%2Fcategories&post=82964"},{"taxonomy":"post_tag","embeddable":true,"href":"https:\/\/lospoliticosveracruz.com\/index.php?rest_route=%2Fwp%2Fv2%2Ftags&post=82964"}],"curies":[{"name":"wp","href":"https:\/\/api.w.org\/{rel}","templated":true}]}}