{"id":82971,"date":"2021-12-06T12:43:50","date_gmt":"2021-12-06T18:43:50","guid":{"rendered":"https:\/\/lospoliticosveracruz.com.mx\/?p=82971"},"modified":"2021-12-06T12:43:56","modified_gmt":"2021-12-06T18:43:56","slug":"la-nueva-cara-del-sol","status":"publish","type":"post","link":"https:\/\/lospoliticosveracruz.com\/?p=82971","title":{"rendered":"La nueva cara del Sol!"},"content":{"rendered":"\n<p><\/p>\n\n\n\n<p><strong>Ciudad de M\u00e9xico<\/strong><\/p>\n\n\n\n<p><br>En una sesi\u00f3n hist\u00f3rica que marc\u00f3 el nuevo rumbo del PRD, el presidente de la Direcci\u00f3n Estatal de Veracruz, Sergio Cadena Mart\u00ednez, encabez\u00f3 la delegaci\u00f3n de congresistas veracruzanos que particip\u00f3 en el XVIII Congreso Nacional que se celebr\u00f3 en la Ciudad de M\u00e9xico el pasado fin de semana.<\/p>\n\n\n\n<p>El dirigente resalt\u00f3 la importancia de la reorientaci\u00f3n del partido del Sol Azteca hacia la corriente socialdem\u00f3crata, para dejar atr\u00e1s el corporativismo y la izquierda radical, con la finalidad de impulsar la construcci\u00f3n de un estado democr\u00e1tico. Destac\u00f3 el impulso al empoderamiento de las mujeres en reconocimiento a su talento, capacidad y trabajo en todos los \u00e1mbitos,<\/p>\n\n\n\n<p>Inform\u00f3 que, durante los trabajos de las mesas tem\u00e1ticas, el perredismo de Veracruz present\u00f3 un resolutivo especial para pedir al Congreso Nacional y a sus integrantes, entre ellos diputados federales y senadores, su apoyo para lograr que se derogue la Ley de ultrajes a la autoridad por considerarla inconstitucional, as\u00ed como para exigir la libertad del exdirigente Rogelio Franco Cast\u00e1n y otros perredistas detenidos tanto en la entidad como en otros estados.<\/p>\n\n\n\n<p>\u201cSe trat\u00f3 de sesiones de trabajo intensas y productivas donde se resalt\u00f3 la val\u00eda del trabajo de las mujeres, dar m\u00e1s apertura a los j\u00f3venes, reorientar el partido hacia la socialdemocracia, se oficializ\u00f3 la salida del Foro de Sao Paulo y un punto destacado para Veracruz fue la solicitud para la derogaci\u00f3n de la la Ley de ultrajes a la autoridad por considerarla inconstitucional, lo que permitir\u00eda a nuestros compa\u00f1eros detenidos de manera injusta obtener su libertad\u201d.<\/p>\n\n\n\n<p>Agreg\u00f3 que para ello se intensificar\u00e1n las gestiones legales para encontrar hacer valer la ley y lograr la libertad de los militantes del partido del Sol Azteca, as\u00ed como de otros ciudadanos injustamente detenidos, adem\u00e1s de que insistir\u00e1n ante el gobierno que cesen los actos represivos en contra de autoridades emanadas del PRD.<\/p>\n\n\n\n<p>Asimismo, inform\u00f3 que el Partido de la Revoluci\u00f3n Democr\u00e1tica abandona formalmente el Foro de Sao Paulo, ya que este se ha caracterizado por respaldar gobiernos populistas y dictatoriales, con lo que se deslinda de la izquierda autoritaria que respalda a gobiernos de pa\u00edses de car\u00e1cter dictatorial, como son el caso de Venezuela, Nicaragua y Cuba y al que pertenecen el partido Morena y del Trabajo (PT), pero se mantendr\u00e1 en la Alianza Progresista, con sede en Berl\u00edn, y en la Comisi\u00f3n Permanente de Partidos Pol\u00edticos de Am\u00e9rica Latina (Copppal).<\/p>\n","protected":false},"excerpt":{"rendered":"<p>Ciudad de M\u00e9xico En una sesi\u00f3n hist\u00f3rica que marc\u00f3 el nuevo rumbo del PRD, el presidente de la Direcci\u00f3n Estatal de Veracruz, Sergio Cadena Mart\u00ednez, encabez\u00f3 la delegaci\u00f3n de congresistas veracruzanos que particip\u00f3 en el XVIII Congreso Nacional que se celebr\u00f3 en la Ciudad de M\u00e9xico el pasado fin de semana. El dirigente resalt\u00f3 la [&hellip;]<\/p>\n","protected":false},"author":2,"featured_media":0,"comment_status":"closed","ping_status":"closed","sticky":false,"template":"","format":"standard","meta":{"tdm_status":"","tdm_grid_status":"","footnotes":""},"categories":[73],"tags":[31518,107,808,7887,14641,195],"class_list":{"0":"post-82971","1":"post","2":"type-post","3":"status-publish","4":"format-standard","6":"category-de-boleto","7":"tag-copppal","8":"tag-prd","9":"tag-rogelio-franco-castan","10":"tag-sergio-cadena-martinez","11":"tag-sol-azteca","12":"tag-veracruz"},"yoast_head":"<!-- This site is optimized with the Yoast SEO plugin v27.4 - https:\/\/yoast.com\/product\/yoast-seo-wordpress\/ -->\n<title>La nueva cara del Sol! - Los pol\u00edticos Veracruz<\/title>\n<meta name=\"robots\" content=\"index, follow, max-snippet:-1, max-image-preview:large, max-video-preview:-1\" \/>\n<link rel=\"canonical\" href=\"https:\/\/lospoliticosveracruz.com\/?p=82971\" \/>\n<meta property=\"og:locale\" content=\"es_ES\" \/>\n<meta property=\"og:type\" content=\"article\" \/>\n<meta property=\"og:title\" content=\"La nueva cara del Sol! - Los pol\u00edticos Veracruz\" \/>\n<meta property=\"og:description\" content=\"Ciudad de M\u00e9xico En una sesi\u00f3n hist\u00f3rica que marc\u00f3 el nuevo rumbo del PRD, el presidente de la Direcci\u00f3n Estatal de Veracruz, Sergio Cadena Mart\u00ednez, encabez\u00f3 la delegaci\u00f3n de congresistas veracruzanos que particip\u00f3 en el XVIII Congreso Nacional que se celebr\u00f3 en la Ciudad de M\u00e9xico el pasado fin de semana. El dirigente resalt\u00f3 la [&hellip;]\" \/>\n<meta property=\"og:url\" content=\"https:\/\/lospoliticosveracruz.com\/?p=82971\" \/>\n<meta property=\"og:site_name\" content=\"Los pol\u00edticos Veracruz\" \/>\n<meta property=\"article:publisher\" content=\"https:\/\/www.facebook.com\/people\/Notimemes-de-los-Polticos\/61565672886568\/\" \/>\n<meta property=\"article:published_time\" content=\"2021-12-06T18:43:50+00:00\" \/>\n<meta property=\"article:modified_time\" content=\"2021-12-06T18:43:56+00:00\" \/>\n<meta property=\"og:image\" content=\"https:\/\/lospoliticosveracruz.com\/wp-content\/uploads\/2016\/07\/Logo-Dor.jpg\" \/>\n\t<meta property=\"og:image:width\" content=\"200\" \/>\n\t<meta property=\"og:image:height\" content=\"200\" \/>\n\t<meta property=\"og:image:type\" content=\"image\/jpeg\" \/>\n<meta name=\"author\" content=\"Lo viste en Los Pol\u00edticos\" \/>\n<meta name=\"twitter:card\" content=\"summary_large_image\" \/>\n<meta name=\"twitter:creator\" content=\"@LosPoliticosVer\" \/>\n<meta name=\"twitter:site\" content=\"@LosPoliticosVer\" \/>\n<meta name=\"twitter:label1\" content=\"Escrito por\" \/>\n\t<meta name=\"twitter:data1\" content=\"Lo viste en Los Pol\u00edticos\" \/>\n\t<meta name=\"twitter:label2\" content=\"Tiempo de lectura\" \/>\n\t<meta name=\"twitter:data2\" content=\"2 minutos\" \/>\n<script type=\"application\/ld+json\" class=\"yoast-schema-graph\">{\"@context\":\"https:\\\/\\\/schema.org\",\"@graph\":[{\"@type\":\"Article\",\"@id\":\"https:\\\/\\\/lospoliticosveracruz.com\\\/?p=82971#article\",\"isPartOf\":{\"@id\":\"https:\\\/\\\/lospoliticosveracruz.com\\\/?p=82971\"},\"author\":{\"name\":\"Lo viste en Los Pol\u00edticos\",\"@id\":\"https:\\\/\\\/lospoliticosveracruz.com\\\/#\\\/schema\\\/person\\\/b8702bb0e538456e6efd07080bf2a4a2\"},\"headline\":\"La nueva cara del Sol!\",\"datePublished\":\"2021-12-06T18:43:50+00:00\",\"dateModified\":\"2021-12-06T18:43:56+00:00\",\"mainEntityOfPage\":{\"@id\":\"https:\\\/\\\/lospoliticosveracruz.com\\\/?p=82971\"},\"wordCount\":435,\"publisher\":{\"@id\":\"https:\\\/\\\/lospoliticosveracruz.com\\\/#organization\"},\"keywords\":[\"Copppal\",\"PRD\",\"Rogelio Franco Cast\u00e1n\",\"Sergio Cadena Mart\u00ednez\",\"Sol Azteca\",\"Veracruz\"],\"articleSection\":[\"De Boleto\"],\"inLanguage\":\"es\"},{\"@type\":\"WebPage\",\"@id\":\"https:\\\/\\\/lospoliticosveracruz.com\\\/?p=82971\",\"url\":\"https:\\\/\\\/lospoliticosveracruz.com\\\/?p=82971\",\"name\":\"La nueva cara del Sol! - Los pol\u00edticos Veracruz\",\"isPartOf\":{\"@id\":\"https:\\\/\\\/lospoliticosveracruz.com\\\/#website\"},\"datePublished\":\"2021-12-06T18:43:50+00:00\",\"dateModified\":\"2021-12-06T18:43:56+00:00\",\"breadcrumb\":{\"@id\":\"https:\\\/\\\/lospoliticosveracruz.com\\\/?p=82971#breadcrumb\"},\"inLanguage\":\"es\",\"potentialAction\":[{\"@type\":\"ReadAction\",\"target\":[\"https:\\\/\\\/lospoliticosveracruz.com\\\/?p=82971\"]}]},{\"@type\":\"BreadcrumbList\",\"@id\":\"https:\\\/\\\/lospoliticosveracruz.com\\\/?p=82971#breadcrumb\",\"itemListElement\":[{\"@type\":\"ListItem\",\"position\":1,\"name\":\"Portada\",\"item\":\"https:\\\/\\\/lospoliticosveracruz.com\\\/\"},{\"@type\":\"ListItem\",\"position\":2,\"name\":\"La nueva cara del Sol!\"}]},{\"@type\":\"WebSite\",\"@id\":\"https:\\\/\\\/lospoliticosveracruz.com\\\/#website\",\"url\":\"https:\\\/\\\/lospoliticosveracruz.com\\\/\",\"name\":\"Los pol\u00edticos Veracruz\",\"description\":\"\",\"publisher\":{\"@id\":\"https:\\\/\\\/lospoliticosveracruz.com\\\/#organization\"},\"potentialAction\":[{\"@type\":\"SearchAction\",\"target\":{\"@type\":\"EntryPoint\",\"urlTemplate\":\"https:\\\/\\\/lospoliticosveracruz.com\\\/?s={search_term_string}\"},\"query-input\":{\"@type\":\"PropertyValueSpecification\",\"valueRequired\":true,\"valueName\":\"search_term_string\"}}],\"inLanguage\":\"es\"},{\"@type\":\"Organization\",\"@id\":\"https:\\\/\\\/lospoliticosveracruz.com\\\/#organization\",\"name\":\"Los pol\u00edticos Veracruz\",\"url\":\"https:\\\/\\\/lospoliticosveracruz.com\\\/\",\"logo\":{\"@type\":\"ImageObject\",\"inLanguage\":\"es\",\"@id\":\"https:\\\/\\\/lospoliticosveracruz.com\\\/#\\\/schema\\\/logo\\\/image\\\/\",\"url\":\"https:\\\/\\\/lospoliticosveracruz.com\\\/wp-content\\\/uploads\\\/2025\\\/12\\\/Logo-Nuevo-LOS-POLITICOS-1.jpg\",\"contentUrl\":\"https:\\\/\\\/lospoliticosveracruz.com\\\/wp-content\\\/uploads\\\/2025\\\/12\\\/Logo-Nuevo-LOS-POLITICOS-1.jpg\",\"width\":260,\"height\":70,\"caption\":\"Los pol\u00edticos Veracruz\"},\"image\":{\"@id\":\"https:\\\/\\\/lospoliticosveracruz.com\\\/#\\\/schema\\\/logo\\\/image\\\/\"},\"sameAs\":[\"https:\\\/\\\/www.facebook.com\\\/people\\\/Notimemes-de-los-Polticos\\\/61565672886568\\\/\",\"https:\\\/\\\/x.com\\\/LosPoliticosVer\"]},{\"@type\":\"Person\",\"@id\":\"https:\\\/\\\/lospoliticosveracruz.com\\\/#\\\/schema\\\/person\\\/b8702bb0e538456e6efd07080bf2a4a2\",\"name\":\"Lo viste en Los Pol\u00edticos\",\"image\":{\"@type\":\"ImageObject\",\"inLanguage\":\"es\",\"@id\":\"https:\\\/\\\/secure.gravatar.com\\\/avatar\\\/3a8de04a2656d44082be478bd6c086daa447c4651605818287b9532d3d0bd435?s=96&d=mm&r=g\",\"url\":\"https:\\\/\\\/secure.gravatar.com\\\/avatar\\\/3a8de04a2656d44082be478bd6c086daa447c4651605818287b9532d3d0bd435?s=96&d=mm&r=g\",\"contentUrl\":\"https:\\\/\\\/secure.gravatar.com\\\/avatar\\\/3a8de04a2656d44082be478bd6c086daa447c4651605818287b9532d3d0bd435?s=96&d=mm&r=g\",\"caption\":\"Lo viste en Los Pol\u00edticos\"},\"url\":\"https:\\\/\\\/lospoliticosveracruz.com\\\/?author=2\"}]}<\/script>\n<!-- \/ Yoast SEO plugin. -->","yoast_head_json":{"title":"La nueva cara del Sol! - Los pol\u00edticos Veracruz","robots":{"index":"index","follow":"follow","max-snippet":"max-snippet:-1","max-image-preview":"max-image-preview:large","max-video-preview":"max-video-preview:-1"},"canonical":"https:\/\/lospoliticosveracruz.com\/?p=82971","og_locale":"es_ES","og_type":"article","og_title":"La nueva cara del Sol! - Los pol\u00edticos Veracruz","og_description":"Ciudad de M\u00e9xico En una sesi\u00f3n hist\u00f3rica que marc\u00f3 el nuevo rumbo del PRD, el presidente de la Direcci\u00f3n Estatal de Veracruz, Sergio Cadena Mart\u00ednez, encabez\u00f3 la delegaci\u00f3n de congresistas veracruzanos que particip\u00f3 en el XVIII Congreso Nacional que se celebr\u00f3 en la Ciudad de M\u00e9xico el pasado fin de semana. El dirigente resalt\u00f3 la [&hellip;]","og_url":"https:\/\/lospoliticosveracruz.com\/?p=82971","og_site_name":"Los pol\u00edticos Veracruz","article_publisher":"https:\/\/www.facebook.com\/people\/Notimemes-de-los-Polticos\/61565672886568\/","article_published_time":"2021-12-06T18:43:50+00:00","article_modified_time":"2021-12-06T18:43:56+00:00","og_image":[{"width":200,"height":200,"url":"https:\/\/lospoliticosveracruz.com\/wp-content\/uploads\/2016\/07\/Logo-Dor.jpg","type":"image\/jpeg"}],"author":"Lo viste en Los Pol\u00edticos","twitter_card":"summary_large_image","twitter_creator":"@LosPoliticosVer","twitter_site":"@LosPoliticosVer","twitter_misc":{"Escrito por":"Lo viste en Los Pol\u00edticos","Tiempo de lectura":"2 minutos"},"schema":{"@context":"https:\/\/schema.org","@graph":[{"@type":"Article","@id":"https:\/\/lospoliticosveracruz.com\/?p=82971#article","isPartOf":{"@id":"https:\/\/lospoliticosveracruz.com\/?p=82971"},"author":{"name":"Lo viste en Los Pol\u00edticos","@id":"https:\/\/lospoliticosveracruz.com\/#\/schema\/person\/b8702bb0e538456e6efd07080bf2a4a2"},"headline":"La nueva cara del Sol!","datePublished":"2021-12-06T18:43:50+00:00","dateModified":"2021-12-06T18:43:56+00:00","mainEntityOfPage":{"@id":"https:\/\/lospoliticosveracruz.com\/?p=82971"},"wordCount":435,"publisher":{"@id":"https:\/\/lospoliticosveracruz.com\/#organization"},"keywords":["Copppal","PRD","Rogelio Franco Cast\u00e1n","Sergio Cadena Mart\u00ednez","Sol Azteca","Veracruz"],"articleSection":["De Boleto"],"inLanguage":"es"},{"@type":"WebPage","@id":"https:\/\/lospoliticosveracruz.com\/?p=82971","url":"https:\/\/lospoliticosveracruz.com\/?p=82971","name":"La nueva cara del Sol! - Los pol\u00edticos Veracruz","isPartOf":{"@id":"https:\/\/lospoliticosveracruz.com\/#website"},"datePublished":"2021-12-06T18:43:50+00:00","dateModified":"2021-12-06T18:43:56+00:00","breadcrumb":{"@id":"https:\/\/lospoliticosveracruz.com\/?p=82971#breadcrumb"},"inLanguage":"es","potentialAction":[{"@type":"ReadAction","target":["https:\/\/lospoliticosveracruz.com\/?p=82971"]}]},{"@type":"BreadcrumbList","@id":"https:\/\/lospoliticosveracruz.com\/?p=82971#breadcrumb","itemListElement":[{"@type":"ListItem","position":1,"name":"Portada","item":"https:\/\/lospoliticosveracruz.com\/"},{"@type":"ListItem","position":2,"name":"La nueva cara del Sol!"}]},{"@type":"WebSite","@id":"https:\/\/lospoliticosveracruz.com\/#website","url":"https:\/\/lospoliticosveracruz.com\/","name":"Los pol\u00edticos Veracruz","description":"","publisher":{"@id":"https:\/\/lospoliticosveracruz.com\/#organization"},"potentialAction":[{"@type":"SearchAction","target":{"@type":"EntryPoint","urlTemplate":"https:\/\/lospoliticosveracruz.com\/?s={search_term_string}"},"query-input":{"@type":"PropertyValueSpecification","valueRequired":true,"valueName":"search_term_string"}}],"inLanguage":"es"},{"@type":"Organization","@id":"https:\/\/lospoliticosveracruz.com\/#organization","name":"Los pol\u00edticos Veracruz","url":"https:\/\/lospoliticosveracruz.com\/","logo":{"@type":"ImageObject","inLanguage":"es","@id":"https:\/\/lospoliticosveracruz.com\/#\/schema\/logo\/image\/","url":"https:\/\/lospoliticosveracruz.com\/wp-content\/uploads\/2025\/12\/Logo-Nuevo-LOS-POLITICOS-1.jpg","contentUrl":"https:\/\/lospoliticosveracruz.com\/wp-content\/uploads\/2025\/12\/Logo-Nuevo-LOS-POLITICOS-1.jpg","width":260,"height":70,"caption":"Los pol\u00edticos Veracruz"},"image":{"@id":"https:\/\/lospoliticosveracruz.com\/#\/schema\/logo\/image\/"},"sameAs":["https:\/\/www.facebook.com\/people\/Notimemes-de-los-Polticos\/61565672886568\/","https:\/\/x.com\/LosPoliticosVer"]},{"@type":"Person","@id":"https:\/\/lospoliticosveracruz.com\/#\/schema\/person\/b8702bb0e538456e6efd07080bf2a4a2","name":"Lo viste en Los Pol\u00edticos","image":{"@type":"ImageObject","inLanguage":"es","@id":"https:\/\/secure.gravatar.com\/avatar\/3a8de04a2656d44082be478bd6c086daa447c4651605818287b9532d3d0bd435?s=96&d=mm&r=g","url":"https:\/\/secure.gravatar.com\/avatar\/3a8de04a2656d44082be478bd6c086daa447c4651605818287b9532d3d0bd435?s=96&d=mm&r=g","contentUrl":"https:\/\/secure.gravatar.com\/avatar\/3a8de04a2656d44082be478bd6c086daa447c4651605818287b9532d3d0bd435?s=96&d=mm&r=g","caption":"Lo viste en Los Pol\u00edticos"},"url":"https:\/\/lospoliticosveracruz.com\/?author=2"}]}},"_links":{"self":[{"href":"https:\/\/lospoliticosveracruz.com\/index.php?rest_route=\/wp\/v2\/posts\/82971","targetHints":{"allow":["GET"]}}],"collection":[{"href":"https:\/\/lospoliticosveracruz.com\/index.php?rest_route=\/wp\/v2\/posts"}],"about":[{"href":"https:\/\/lospoliticosveracruz.com\/index.php?rest_route=\/wp\/v2\/types\/post"}],"author":[{"embeddable":true,"href":"https:\/\/lospoliticosveracruz.com\/index.php?rest_route=\/wp\/v2\/users\/2"}],"replies":[{"embeddable":true,"href":"https:\/\/lospoliticosveracruz.com\/index.php?rest_route=%2Fwp%2Fv2%2Fcomments&post=82971"}],"version-history":[{"count":1,"href":"https:\/\/lospoliticosveracruz.com\/index.php?rest_route=\/wp\/v2\/posts\/82971\/revisions"}],"predecessor-version":[{"id":82973,"href":"https:\/\/lospoliticosveracruz.com\/index.php?rest_route=\/wp\/v2\/posts\/82971\/revisions\/82973"}],"wp:attachment":[{"href":"https:\/\/lospoliticosveracruz.com\/index.php?rest_route=%2Fwp%2Fv2%2Fmedia&parent=82971"}],"wp:term":[{"taxonomy":"category","embeddable":true,"href":"https:\/\/lospoliticosveracruz.com\/index.php?rest_route=%2Fwp%2Fv2%2Fcategories&post=82971"},{"taxonomy":"post_tag","embeddable":true,"href":"https:\/\/lospoliticosveracruz.com\/index.php?rest_route=%2Fwp%2Fv2%2Ftags&post=82971"}],"curies":[{"name":"wp","href":"https:\/\/api.w.org\/{rel}","templated":true}]}}