{"id":82986,"date":"2021-12-06T15:30:43","date_gmt":"2021-12-06T21:30:43","guid":{"rendered":"https:\/\/lospoliticosveracruz.com.mx\/?p=82986"},"modified":"2021-12-06T15:30:50","modified_gmt":"2021-12-06T21:30:50","slug":"se-receta-marlon-a-ramos-alor","status":"publish","type":"post","link":"https:\/\/lospoliticosveracruz.com\/?p=82986","title":{"rendered":"Se receta Marlon a Ramos Alor!"},"content":{"rendered":"\n<p>Xalapa<br>De acuerdo a documentos oficiales obtenidos de transparencia y del \u00d3rgano de Fiscalizaci\u00f3n Superior (ORFIS), la Secretar\u00eda de Salud, entreg\u00f3 adjudicaciones directas para la adquisici\u00f3n de medicamentos y materiales quir\u00fargicos, a diversas empresas de reciente creaci\u00f3n, as\u00ed como a empresas con giros de construcci\u00f3n, mobiliario de oficina e incluso veterinarias, situaci\u00f3n que cuestion\u00f3 el diputado local Marlon Ram\u00edrez Mar\u00edn al titular de la dependencia, Roberto Ramos Alor.<\/p>\n\n\n\n<p>\u201cPareciera que se le entreg\u00f3 dinero a personas que no estaban dedicadas al giro y una vez que cobraron anticipos, van con mayoristas que son proveedores y se los venden a la secretar\u00eda a su cargo, \u00bften\u00eda conocimiento de esto? porque de acuerdo a documentos oficiales que est\u00e1n en los portales de transparencia, emitidos por el ORFIS hay una observaci\u00f3n muy clara a esta pr\u00e1ctica, dijo el diputado quien compar\u00f3 esta situaci\u00f3n con una incubadora de empresas a costillas de los veracruzanos.<\/p>\n\n\n\n<p>Durante la comparecencia de Roberto Ramos Alor, ante la Comisi\u00f3n de Salud y Asistencia de la LXVI Legislatura, Marlon Ram\u00edrez Mar\u00edn, subray\u00f3 que es el \u00fanico funcionario de este gobierno que tiene dos cargos: Secretario de Salud y Director General del Organismo P\u00fablico Descentralizado de los Servicios de Salud de Veracruz, lo que lo lleva a tener una doble revisi\u00f3n y fiscalizaci\u00f3n por la naturaleza de sus encargos, la de la Contralor\u00eda General del \u00d3rgano Superior de Fiscalizaci\u00f3n, y la Auditor\u00eda Superior de la Federaci\u00f3n.<\/p>\n\n\n\n<p>Por ello, luego de solicitar lectura de los art\u00edculos 32 Fracc. 9 y 14 de la Ley Org\u00e1nica del Poder Ejecutivo y 18 Fracc. II, III, XX, XXII y XXVII del Reglamento Interior de Servicios de Salud de Veracruz, cuestion\u00f3 al secretario si \u00bfest\u00e1 consciente sobre el principio de legalidad y respecto de este marco jur\u00eddico que norma su desempe\u00f1o?<\/p>\n\n\n\n<p>\u201cPor supuesto que estoy enterad\u00edsimo de los alcances de mi cargo, aparte de m\u00e9dico pediatra, soy licenciado en Derecho por la Universidad Veracruzana. Si hay alg\u00fan cargo o cargos que son observados con lupa es precisamente los que tengo, todos los entes fiscalizadores est\u00e1n pendientes de mi cargo y nombramiento, estamos apegados a derecho. Le recuerdo que mi cargo obedece a un decreto que la legislatura del estado en tiempo pasado aprob\u00f3\u201d, respondi\u00f3 el secretario.<\/p>\n\n\n\n<p>En este contexto, el diputado Marlon Ram\u00edrez Mar\u00edn, le pidi\u00f3 explicara los alcances del decreto publicado el 7 de abril de 2020, emitido con relaci\u00f3n a la emergencia del Covid-19, y dio a conocer algunos hallazgos como la entrega de contratos por adjudicaci\u00f3n directa previa a la publicaci\u00f3n del decreto con fecha de 7 de abril de 2020, entregaron contratos a empresas de personas f\u00edsicas sin experiencia en el ramo ni actividades relacionadas con el mismo.<\/p>\n\n\n\n<p>Ejemplific\u00f3 que: Infraestructura y Construcci\u00f3n Lumssy, empresa dedicada a la obra civil y pesada, y recibi\u00f3 un contrato para suministrar cortinas antibacteriales, por un monto de 392 mil pesos; adem\u00e1s a Araly Rodr\u00edguez Vez, que fue beneficiada con 7 contratos con n\u00famero de proveedor 32804, con actividad comercial de bienes inform\u00e1ticos, muebles, mobiliario de oficina, y ahora vendi\u00f3 batas quir\u00fargicas y overoles por el orden de 34 millones de pesos.<\/p>\n\n\n\n<p>De igual forma, la empresa SOPRICOM Comercializadora y Servicios, cuyo giro comercial est\u00e1 relacionado con la venta de medicamentos veterinarios, y ahora vende medicina para humanos por un monto de 1 mill\u00f3n 740 mil pesos. \u201c\u00bfUsted ten\u00eda conocimiento de estas actividades y qu\u00e9 acciones ha tomado al respecto?\u201d<\/p>\n\n\n\n<p><em>Admite irregularidades<\/em><\/p>\n\n\n\n<p>Roberto Ramos Alor, indic\u00f3 que, respecto al decreto de 7 de abril, y ya que la emergencia sanitaria a\u00fan no ha pasado, se autoriz\u00f3 a la Secretar\u00eda de Salud, la realizaci\u00f3n de compras por adjudicaci\u00f3n directa, para no invertir tiempo en procesos tard\u00edos de licitaciones y realizaci\u00f3n de tr\u00e1mites burocr\u00e1ticos, que habr\u00edan propiciado demoras peligrosas en atenci\u00f3n de la poblaci\u00f3n.<\/p>\n\n\n\n<p>\u201cLas compras directas efectuadas al amparo de dicho decreto se han realizado como lo exige la Ley de Adquisiciones de nuestro estado, y siempre ponderando el derecho humano a la salud de las y los veracruzanos. De ah\u00ed que no deben estigmatizarse o vistas como designaciones arbitrarias\u201d, agreg\u00f3.<\/p>\n\n\n\n<p>Se\u00f1al\u00f3 que las adquisiciones para atender la emergencia sanitaria se realizaron con los proveedores que ten\u00edan los bienes e insumos para entrega inmediata durante la pandemia, considerando el cumplimiento de las especificaciones que los m\u00e9dicos indicaban y anteponiendo el mejor precio en el mercado. \u201cNo existieron ni existir\u00e1n las acciones basadas en beneficios personales.\u201d<\/p>\n\n\n\n<p>Marlon Ram\u00edrez Mar\u00edn, reiter\u00f3 que adem\u00e1s de la gaceta de fecha 7 de abril, un subcomit\u00e9 que realiz\u00f3 una serie de contratos de manera previa a la emisi\u00f3n del decreto, \u201cme parece que est\u00e1 consciente porque adem\u00e1s el ORFIS le hizo del conocimiento estas observaciones, entonces le vuelvo a insistir, \u00bfusted ten\u00eda conocimiento de estas acciones?<\/p>\n\n\n\n<p>\u201cDel Grupo Legislativo del PRI tanto en materia de seguridad, como de educaci\u00f3n y otras m\u00e1s, no intentamos politizar el tema de salvaguardar la salud de los veracruzanos, el manejo administrativo es una cuesti\u00f3n completamente distinta, y esa ha dicho usted se\u00f1or secretario, que la entiende perfectamente.\u201d<\/p>\n\n\n\n<p>Al respecto, Ramos Alor dijo que operaron con \u201cceleridad y sentido de prioridad\u201d, con el prop\u00f3sito de responder a la emergencia sanitaria por el virus SARS Cov2; \u201cacepto se\u00f1or diputado que pudiera haber observaciones, lo entendemos, pero era prioritario para nosotros, salvar la vida de una persona y despu\u00e9s responder a tr\u00e1mites (\u2026) pero quiero decirle se\u00f1or diputado, nunca, nunca da\u00f1o patrimonial.\u201d<\/p>\n\n\n\n<p>Para finalizar, el diputado Ram\u00edrez Mar\u00edn puntualiz\u00f3: \u201cnunca lo he acusado a usted de da\u00f1o patrimonial, no soy autoridad fiscalizadora en t\u00e9rminos penales\u201d, y entreg\u00f3 al secretario, un listado de empresas de reciente creaci\u00f3n, a las que se les ha asignado un monto importante de recursos de la dependencia.<\/p>\n\n\n\n<p>Asimismo, entreg\u00f3 un sobre con todos los hallazgos a la diputada Adriana Esther Mart\u00ednez S\u00e1nchez, presidenta de la Comisi\u00f3n, mismo que ya fue entregado al diputado federal Pablo Angulo Brice\u00f1o, presidente de la Comisi\u00f3n de Vigilancia de la Auditor\u00eda Superior de la Federaci\u00f3n, para que tambi\u00e9n proceda a hacer una revisi\u00f3n puntual en su caso.<\/p>\n","protected":false},"excerpt":{"rendered":"<p>XalapaDe acuerdo a documentos oficiales obtenidos de transparencia y del \u00d3rgano de Fiscalizaci\u00f3n Superior (ORFIS), la Secretar\u00eda de Salud, entreg\u00f3 adjudicaciones directas para la adquisici\u00f3n de medicamentos y materiales quir\u00fargicos, a diversas empresas de reciente creaci\u00f3n, as\u00ed como a empresas con giros de construcci\u00f3n, mobiliario de oficina e incluso veterinarias, situaci\u00f3n que cuestion\u00f3 el diputado [&hellip;]<\/p>\n","protected":false},"author":2,"featured_media":0,"comment_status":"closed","ping_status":"closed","sticky":false,"template":"","format":"standard","meta":{"tdm_status":"","tdm_grid_status":"","footnotes":""},"categories":[73],"tags":[16673,2908,1026,251,12606,195],"class_list":{"0":"post-82986","1":"post","2":"type-post","3":"status-publish","4":"format-standard","6":"category-de-boleto","7":"tag-covid-19","8":"tag-marlon-ramirez-marin","9":"tag-morena","10":"tag-pri","11":"tag-roberto-ramos-alor","12":"tag-veracruz"},"yoast_head":"<!-- This site is optimized with the Yoast SEO plugin v27.4 - https:\/\/yoast.com\/product\/yoast-seo-wordpress\/ -->\n<title>Se receta Marlon a Ramos Alor! - Los pol\u00edticos Veracruz<\/title>\n<meta name=\"robots\" content=\"index, follow, max-snippet:-1, max-image-preview:large, max-video-preview:-1\" \/>\n<link rel=\"canonical\" href=\"https:\/\/lospoliticosveracruz.com\/?p=82986\" \/>\n<meta property=\"og:locale\" content=\"es_ES\" \/>\n<meta property=\"og:type\" content=\"article\" \/>\n<meta property=\"og:title\" content=\"Se receta Marlon a Ramos Alor! - Los pol\u00edticos Veracruz\" \/>\n<meta property=\"og:description\" content=\"XalapaDe acuerdo a documentos oficiales obtenidos de transparencia y del \u00d3rgano de Fiscalizaci\u00f3n Superior (ORFIS), la Secretar\u00eda de Salud, entreg\u00f3 adjudicaciones directas para la adquisici\u00f3n de medicamentos y materiales quir\u00fargicos, a diversas empresas de reciente creaci\u00f3n, as\u00ed como a empresas con giros de construcci\u00f3n, mobiliario de oficina e incluso veterinarias, situaci\u00f3n que cuestion\u00f3 el diputado [&hellip;]\" \/>\n<meta property=\"og:url\" content=\"https:\/\/lospoliticosveracruz.com\/?p=82986\" \/>\n<meta property=\"og:site_name\" content=\"Los pol\u00edticos Veracruz\" \/>\n<meta property=\"article:publisher\" content=\"https:\/\/www.facebook.com\/people\/Notimemes-de-los-Polticos\/61565672886568\/\" \/>\n<meta property=\"article:published_time\" content=\"2021-12-06T21:30:43+00:00\" \/>\n<meta property=\"article:modified_time\" content=\"2021-12-06T21:30:50+00:00\" \/>\n<meta property=\"og:image\" content=\"https:\/\/lospoliticosveracruz.com\/wp-content\/uploads\/2016\/07\/Logo-Dor.jpg\" \/>\n\t<meta property=\"og:image:width\" content=\"200\" \/>\n\t<meta property=\"og:image:height\" content=\"200\" \/>\n\t<meta property=\"og:image:type\" content=\"image\/jpeg\" \/>\n<meta name=\"author\" content=\"Lo viste en Los Pol\u00edticos\" \/>\n<meta name=\"twitter:card\" content=\"summary_large_image\" \/>\n<meta name=\"twitter:creator\" content=\"@LosPoliticosVer\" \/>\n<meta name=\"twitter:site\" content=\"@LosPoliticosVer\" \/>\n<meta name=\"twitter:label1\" content=\"Escrito por\" \/>\n\t<meta name=\"twitter:data1\" content=\"Lo viste en Los Pol\u00edticos\" \/>\n\t<meta name=\"twitter:label2\" content=\"Tiempo de lectura\" \/>\n\t<meta name=\"twitter:data2\" content=\"5 minutos\" \/>\n<script type=\"application\/ld+json\" class=\"yoast-schema-graph\">{\"@context\":\"https:\\\/\\\/schema.org\",\"@graph\":[{\"@type\":\"Article\",\"@id\":\"https:\\\/\\\/lospoliticosveracruz.com\\\/?p=82986#article\",\"isPartOf\":{\"@id\":\"https:\\\/\\\/lospoliticosveracruz.com\\\/?p=82986\"},\"author\":{\"name\":\"Lo viste en Los Pol\u00edticos\",\"@id\":\"https:\\\/\\\/lospoliticosveracruz.com\\\/#\\\/schema\\\/person\\\/b8702bb0e538456e6efd07080bf2a4a2\"},\"headline\":\"Se receta Marlon a Ramos Alor!\",\"datePublished\":\"2021-12-06T21:30:43+00:00\",\"dateModified\":\"2021-12-06T21:30:50+00:00\",\"mainEntityOfPage\":{\"@id\":\"https:\\\/\\\/lospoliticosveracruz.com\\\/?p=82986\"},\"wordCount\":1077,\"publisher\":{\"@id\":\"https:\\\/\\\/lospoliticosveracruz.com\\\/#organization\"},\"keywords\":[\"Covid 19\",\"Marlon Ram\u00edrez Mar\u00edn\",\"Morena\",\"PRI\",\"Roberto Ramos Alor\",\"Veracruz\"],\"articleSection\":[\"De Boleto\"],\"inLanguage\":\"es\"},{\"@type\":\"WebPage\",\"@id\":\"https:\\\/\\\/lospoliticosveracruz.com\\\/?p=82986\",\"url\":\"https:\\\/\\\/lospoliticosveracruz.com\\\/?p=82986\",\"name\":\"Se receta Marlon a Ramos Alor! - Los pol\u00edticos Veracruz\",\"isPartOf\":{\"@id\":\"https:\\\/\\\/lospoliticosveracruz.com\\\/#website\"},\"datePublished\":\"2021-12-06T21:30:43+00:00\",\"dateModified\":\"2021-12-06T21:30:50+00:00\",\"breadcrumb\":{\"@id\":\"https:\\\/\\\/lospoliticosveracruz.com\\\/?p=82986#breadcrumb\"},\"inLanguage\":\"es\",\"potentialAction\":[{\"@type\":\"ReadAction\",\"target\":[\"https:\\\/\\\/lospoliticosveracruz.com\\\/?p=82986\"]}]},{\"@type\":\"BreadcrumbList\",\"@id\":\"https:\\\/\\\/lospoliticosveracruz.com\\\/?p=82986#breadcrumb\",\"itemListElement\":[{\"@type\":\"ListItem\",\"position\":1,\"name\":\"Portada\",\"item\":\"https:\\\/\\\/lospoliticosveracruz.com\\\/\"},{\"@type\":\"ListItem\",\"position\":2,\"name\":\"Se receta Marlon a Ramos Alor!\"}]},{\"@type\":\"WebSite\",\"@id\":\"https:\\\/\\\/lospoliticosveracruz.com\\\/#website\",\"url\":\"https:\\\/\\\/lospoliticosveracruz.com\\\/\",\"name\":\"Los pol\u00edticos Veracruz\",\"description\":\"\",\"publisher\":{\"@id\":\"https:\\\/\\\/lospoliticosveracruz.com\\\/#organization\"},\"potentialAction\":[{\"@type\":\"SearchAction\",\"target\":{\"@type\":\"EntryPoint\",\"urlTemplate\":\"https:\\\/\\\/lospoliticosveracruz.com\\\/?s={search_term_string}\"},\"query-input\":{\"@type\":\"PropertyValueSpecification\",\"valueRequired\":true,\"valueName\":\"search_term_string\"}}],\"inLanguage\":\"es\"},{\"@type\":\"Organization\",\"@id\":\"https:\\\/\\\/lospoliticosveracruz.com\\\/#organization\",\"name\":\"Los pol\u00edticos Veracruz\",\"url\":\"https:\\\/\\\/lospoliticosveracruz.com\\\/\",\"logo\":{\"@type\":\"ImageObject\",\"inLanguage\":\"es\",\"@id\":\"https:\\\/\\\/lospoliticosveracruz.com\\\/#\\\/schema\\\/logo\\\/image\\\/\",\"url\":\"https:\\\/\\\/lospoliticosveracruz.com\\\/wp-content\\\/uploads\\\/2025\\\/12\\\/Logo-Nuevo-LOS-POLITICOS-1.jpg\",\"contentUrl\":\"https:\\\/\\\/lospoliticosveracruz.com\\\/wp-content\\\/uploads\\\/2025\\\/12\\\/Logo-Nuevo-LOS-POLITICOS-1.jpg\",\"width\":260,\"height\":70,\"caption\":\"Los pol\u00edticos Veracruz\"},\"image\":{\"@id\":\"https:\\\/\\\/lospoliticosveracruz.com\\\/#\\\/schema\\\/logo\\\/image\\\/\"},\"sameAs\":[\"https:\\\/\\\/www.facebook.com\\\/people\\\/Notimemes-de-los-Polticos\\\/61565672886568\\\/\",\"https:\\\/\\\/x.com\\\/LosPoliticosVer\"]},{\"@type\":\"Person\",\"@id\":\"https:\\\/\\\/lospoliticosveracruz.com\\\/#\\\/schema\\\/person\\\/b8702bb0e538456e6efd07080bf2a4a2\",\"name\":\"Lo viste en Los Pol\u00edticos\",\"image\":{\"@type\":\"ImageObject\",\"inLanguage\":\"es\",\"@id\":\"https:\\\/\\\/secure.gravatar.com\\\/avatar\\\/3a8de04a2656d44082be478bd6c086daa447c4651605818287b9532d3d0bd435?s=96&d=mm&r=g\",\"url\":\"https:\\\/\\\/secure.gravatar.com\\\/avatar\\\/3a8de04a2656d44082be478bd6c086daa447c4651605818287b9532d3d0bd435?s=96&d=mm&r=g\",\"contentUrl\":\"https:\\\/\\\/secure.gravatar.com\\\/avatar\\\/3a8de04a2656d44082be478bd6c086daa447c4651605818287b9532d3d0bd435?s=96&d=mm&r=g\",\"caption\":\"Lo viste en Los Pol\u00edticos\"},\"url\":\"https:\\\/\\\/lospoliticosveracruz.com\\\/?author=2\"}]}<\/script>\n<!-- \/ Yoast SEO plugin. -->","yoast_head_json":{"title":"Se receta Marlon a Ramos Alor! - Los pol\u00edticos Veracruz","robots":{"index":"index","follow":"follow","max-snippet":"max-snippet:-1","max-image-preview":"max-image-preview:large","max-video-preview":"max-video-preview:-1"},"canonical":"https:\/\/lospoliticosveracruz.com\/?p=82986","og_locale":"es_ES","og_type":"article","og_title":"Se receta Marlon a Ramos Alor! - Los pol\u00edticos Veracruz","og_description":"XalapaDe acuerdo a documentos oficiales obtenidos de transparencia y del \u00d3rgano de Fiscalizaci\u00f3n Superior (ORFIS), la Secretar\u00eda de Salud, entreg\u00f3 adjudicaciones directas para la adquisici\u00f3n de medicamentos y materiales quir\u00fargicos, a diversas empresas de reciente creaci\u00f3n, as\u00ed como a empresas con giros de construcci\u00f3n, mobiliario de oficina e incluso veterinarias, situaci\u00f3n que cuestion\u00f3 el diputado [&hellip;]","og_url":"https:\/\/lospoliticosveracruz.com\/?p=82986","og_site_name":"Los pol\u00edticos Veracruz","article_publisher":"https:\/\/www.facebook.com\/people\/Notimemes-de-los-Polticos\/61565672886568\/","article_published_time":"2021-12-06T21:30:43+00:00","article_modified_time":"2021-12-06T21:30:50+00:00","og_image":[{"width":200,"height":200,"url":"https:\/\/lospoliticosveracruz.com\/wp-content\/uploads\/2016\/07\/Logo-Dor.jpg","type":"image\/jpeg"}],"author":"Lo viste en Los Pol\u00edticos","twitter_card":"summary_large_image","twitter_creator":"@LosPoliticosVer","twitter_site":"@LosPoliticosVer","twitter_misc":{"Escrito por":"Lo viste en Los Pol\u00edticos","Tiempo de lectura":"5 minutos"},"schema":{"@context":"https:\/\/schema.org","@graph":[{"@type":"Article","@id":"https:\/\/lospoliticosveracruz.com\/?p=82986#article","isPartOf":{"@id":"https:\/\/lospoliticosveracruz.com\/?p=82986"},"author":{"name":"Lo viste en Los Pol\u00edticos","@id":"https:\/\/lospoliticosveracruz.com\/#\/schema\/person\/b8702bb0e538456e6efd07080bf2a4a2"},"headline":"Se receta Marlon a Ramos Alor!","datePublished":"2021-12-06T21:30:43+00:00","dateModified":"2021-12-06T21:30:50+00:00","mainEntityOfPage":{"@id":"https:\/\/lospoliticosveracruz.com\/?p=82986"},"wordCount":1077,"publisher":{"@id":"https:\/\/lospoliticosveracruz.com\/#organization"},"keywords":["Covid 19","Marlon Ram\u00edrez Mar\u00edn","Morena","PRI","Roberto Ramos Alor","Veracruz"],"articleSection":["De Boleto"],"inLanguage":"es"},{"@type":"WebPage","@id":"https:\/\/lospoliticosveracruz.com\/?p=82986","url":"https:\/\/lospoliticosveracruz.com\/?p=82986","name":"Se receta Marlon a Ramos Alor! - Los pol\u00edticos Veracruz","isPartOf":{"@id":"https:\/\/lospoliticosveracruz.com\/#website"},"datePublished":"2021-12-06T21:30:43+00:00","dateModified":"2021-12-06T21:30:50+00:00","breadcrumb":{"@id":"https:\/\/lospoliticosveracruz.com\/?p=82986#breadcrumb"},"inLanguage":"es","potentialAction":[{"@type":"ReadAction","target":["https:\/\/lospoliticosveracruz.com\/?p=82986"]}]},{"@type":"BreadcrumbList","@id":"https:\/\/lospoliticosveracruz.com\/?p=82986#breadcrumb","itemListElement":[{"@type":"ListItem","position":1,"name":"Portada","item":"https:\/\/lospoliticosveracruz.com\/"},{"@type":"ListItem","position":2,"name":"Se receta Marlon a Ramos Alor!"}]},{"@type":"WebSite","@id":"https:\/\/lospoliticosveracruz.com\/#website","url":"https:\/\/lospoliticosveracruz.com\/","name":"Los pol\u00edticos Veracruz","description":"","publisher":{"@id":"https:\/\/lospoliticosveracruz.com\/#organization"},"potentialAction":[{"@type":"SearchAction","target":{"@type":"EntryPoint","urlTemplate":"https:\/\/lospoliticosveracruz.com\/?s={search_term_string}"},"query-input":{"@type":"PropertyValueSpecification","valueRequired":true,"valueName":"search_term_string"}}],"inLanguage":"es"},{"@type":"Organization","@id":"https:\/\/lospoliticosveracruz.com\/#organization","name":"Los pol\u00edticos Veracruz","url":"https:\/\/lospoliticosveracruz.com\/","logo":{"@type":"ImageObject","inLanguage":"es","@id":"https:\/\/lospoliticosveracruz.com\/#\/schema\/logo\/image\/","url":"https:\/\/lospoliticosveracruz.com\/wp-content\/uploads\/2025\/12\/Logo-Nuevo-LOS-POLITICOS-1.jpg","contentUrl":"https:\/\/lospoliticosveracruz.com\/wp-content\/uploads\/2025\/12\/Logo-Nuevo-LOS-POLITICOS-1.jpg","width":260,"height":70,"caption":"Los pol\u00edticos Veracruz"},"image":{"@id":"https:\/\/lospoliticosveracruz.com\/#\/schema\/logo\/image\/"},"sameAs":["https:\/\/www.facebook.com\/people\/Notimemes-de-los-Polticos\/61565672886568\/","https:\/\/x.com\/LosPoliticosVer"]},{"@type":"Person","@id":"https:\/\/lospoliticosveracruz.com\/#\/schema\/person\/b8702bb0e538456e6efd07080bf2a4a2","name":"Lo viste en Los Pol\u00edticos","image":{"@type":"ImageObject","inLanguage":"es","@id":"https:\/\/secure.gravatar.com\/avatar\/3a8de04a2656d44082be478bd6c086daa447c4651605818287b9532d3d0bd435?s=96&d=mm&r=g","url":"https:\/\/secure.gravatar.com\/avatar\/3a8de04a2656d44082be478bd6c086daa447c4651605818287b9532d3d0bd435?s=96&d=mm&r=g","contentUrl":"https:\/\/secure.gravatar.com\/avatar\/3a8de04a2656d44082be478bd6c086daa447c4651605818287b9532d3d0bd435?s=96&d=mm&r=g","caption":"Lo viste en Los Pol\u00edticos"},"url":"https:\/\/lospoliticosveracruz.com\/?author=2"}]}},"_links":{"self":[{"href":"https:\/\/lospoliticosveracruz.com\/index.php?rest_route=\/wp\/v2\/posts\/82986","targetHints":{"allow":["GET"]}}],"collection":[{"href":"https:\/\/lospoliticosveracruz.com\/index.php?rest_route=\/wp\/v2\/posts"}],"about":[{"href":"https:\/\/lospoliticosveracruz.com\/index.php?rest_route=\/wp\/v2\/types\/post"}],"author":[{"embeddable":true,"href":"https:\/\/lospoliticosveracruz.com\/index.php?rest_route=\/wp\/v2\/users\/2"}],"replies":[{"embeddable":true,"href":"https:\/\/lospoliticosveracruz.com\/index.php?rest_route=%2Fwp%2Fv2%2Fcomments&post=82986"}],"version-history":[{"count":1,"href":"https:\/\/lospoliticosveracruz.com\/index.php?rest_route=\/wp\/v2\/posts\/82986\/revisions"}],"predecessor-version":[{"id":82988,"href":"https:\/\/lospoliticosveracruz.com\/index.php?rest_route=\/wp\/v2\/posts\/82986\/revisions\/82988"}],"wp:attachment":[{"href":"https:\/\/lospoliticosveracruz.com\/index.php?rest_route=%2Fwp%2Fv2%2Fmedia&parent=82986"}],"wp:term":[{"taxonomy":"category","embeddable":true,"href":"https:\/\/lospoliticosveracruz.com\/index.php?rest_route=%2Fwp%2Fv2%2Fcategories&post=82986"},{"taxonomy":"post_tag","embeddable":true,"href":"https:\/\/lospoliticosveracruz.com\/index.php?rest_route=%2Fwp%2Fv2%2Ftags&post=82986"}],"curies":[{"name":"wp","href":"https:\/\/api.w.org\/{rel}","templated":true}]}}