{"id":83038,"date":"2021-12-07T10:04:18","date_gmt":"2021-12-07T16:04:18","guid":{"rendered":"https:\/\/lospoliticosveracruz.com.mx\/?p=83038"},"modified":"2021-12-07T10:04:29","modified_gmt":"2021-12-07T16:04:29","slug":"jardines-infiltrantes-de-xalapa-salud-fisica-y-mental","status":"publish","type":"post","link":"https:\/\/lospoliticosveracruz.com\/?p=83038","title":{"rendered":"Jardines infiltrantes de Xalapa, salud f\u00edsica y mental"},"content":{"rendered":"\n<p><\/p>\n\n\n\n<p>Xalapa<\/p>\n\n\n\n<p><br>Los jardines infiltrantes impulsados por la ONU en la avenida Ruiz Cortines de la ciudad de Xalapa, adem\u00e1s de recuperar servicios ambientales (filtraci\u00f3n de agua al subsuelo), son espacios de bienestar f\u00edsico y psicol\u00f3gico para sus habitantes.<\/p>\n\n\n\n<p>La iniciativa CityAdapt ONU implementada en Xalapa (2017-2021), no s\u00f3lo busca la construcci\u00f3n de resiliencia clim\u00e1tica en sistemas urbanos, sino tambi\u00e9n construir espacios verdes citadinos que aporten beneficios al bienestar f\u00edsico y emocional de sus habitantes.<\/p>\n\n\n\n<p>En las \u00faltimas seis d\u00e9cadas la mancha urbana en Xalapa creci\u00f3 700 por ciento y con ello la p\u00e9rdida de m\u00e1s del 6 por ciento de su capital verde, de all\u00ed que CityAdapt, realiza proyectos piloto de reforestaci\u00f3n para recuperar y preservar su bosque de niebla y, evitar problemas de inundaci\u00f3n con la infraestructura verde de jardines infiltrantes.<\/p>\n\n\n\n<p>El proyecto prev\u00e9 que el gobierno municipal de Xalapa construya para 2030 jardines infiltrantes, al menos en el 30 por ciento de sus \u00e1reas verdes urbanas.<\/p>\n\n\n\n<p>El coordinador de CityAdapt M\u00e9xico, Sergio Arg\u00f3n record\u00f3 que diversos estudios han documentado los beneficios sociales que proporciona la realizaci\u00f3n de infraestructura verde o naturaleza urbana.<\/p>\n\n\n\n<p>Los espacios verdes ofrecen salud f\u00edsica, salud mental, mejora la salud comunitaria, proporciona espacios para conectar a las personas con la naturaleza y ofrecer educaci\u00f3n ambiental, preserva y fomenta valores culturales, \u00e9ticos y espirituales, entre otros.<\/p>\n\n\n\n<p>\u201cLos jardines no s\u00f3lo son soluciones ecosist\u00e9micas, tambi\u00e9n son espacios de relajaci\u00f3n para las personas que por all\u00ed transitan, especialmente a las personas que asisten al nosocomio (CEM \u201cDr. Rafael Lucio\u201d), quienes pasan largas horas e incluso d\u00edas a las afueras del hospital, sin ning\u00fan tipo de infraestructura que les haga m\u00e1s llevadera sus largas horas de espera\u201d, dijo.<\/p>\n\n\n\n<p>Se integraron al dise\u00f1o de jardines infiltrantes de Ruiz Cortines una serie de bancas en banquetas y otras en el camell\u00f3n central, para que las personas puedan descansar entre plantas y \u00e1rboles y al mismo tiempo lean las se\u00f1al\u00e9ticas con c\u00f3digo QR que dar\u00e1n mayor informaci\u00f3n tanto de los jardines como de otros proyectos de Soluciones basados en la Naturaleza (SbN), que lleva a cabo CityAdapt en Xalapa.<\/p>\n\n\n\n<p>La Organizaci\u00f3n Mundial de la Salud (OMS) estim\u00f3 que cada persona debe contar con un m\u00ednimo de 10 y hasta 15 metros cuadrados de espacio verde para vivir en un entorno saludable.<\/p>\n\n\n\n<p>La iniciativa CityAdapt ONU dice que Am\u00e9rica Latina y el Caribe es la segunda regi\u00f3n m\u00e1s urbanizada del mundo, con 80 por ciento de la poblaci\u00f3n viviendo en ciudades y en dos d\u00e9cadas la cifra ser\u00e1 del 85 por ciento, lo que reducir\u00e1 a\u00fan m\u00e1s los espacios verdes y bosques.<\/p>\n\n\n\n<p>De all\u00ed que, con financiamiento de 6 millones de d\u00f3lares del fondo para el medio ambiente mundial (GEF por sus siglas en ingl\u00e9s), realiza proyectos para reducir la vulnerabilidad de efectos actuales y futuros del cambio clim\u00e1tico en las ciudades de San Salvador (El Salvador), Kingston (Jamaica) y Xalapa (M\u00e9xico).<\/p>\n","protected":false},"excerpt":{"rendered":"<p>Xalapa Los jardines infiltrantes impulsados por la ONU en la avenida Ruiz Cortines de la ciudad de Xalapa, adem\u00e1s de recuperar servicios ambientales (filtraci\u00f3n de agua al subsuelo), son espacios de bienestar f\u00edsico y psicol\u00f3gico para sus habitantes. La iniciativa CityAdapt ONU implementada en Xalapa (2017-2021), no s\u00f3lo busca la construcci\u00f3n de resiliencia clim\u00e1tica en [&hellip;]<\/p>\n","protected":false},"author":2,"featured_media":0,"comment_status":"closed","ping_status":"closed","sticky":false,"template":"","format":"standard","meta":{"tdm_status":"","tdm_grid_status":"","footnotes":""},"categories":[73],"tags":[31280,31544,30487,385,31546,96],"class_list":{"0":"post-83038","1":"post","2":"type-post","3":"status-publish","4":"format-standard","6":"category-de-boleto","7":"tag-cityadapt-onu","8":"tag-filtracion-de-agua","9":"tag-jardines-infiltrantes","10":"tag-onu","11":"tag-sergio-argon","12":"tag-xalapa"},"yoast_head":"<!-- This site is optimized with the Yoast SEO plugin v27.4 - https:\/\/yoast.com\/product\/yoast-seo-wordpress\/ -->\n<title>Jardines infiltrantes de Xalapa, salud f\u00edsica y mental - Los pol\u00edticos Veracruz<\/title>\n<meta name=\"robots\" content=\"index, follow, max-snippet:-1, max-image-preview:large, max-video-preview:-1\" \/>\n<link rel=\"canonical\" href=\"https:\/\/lospoliticosveracruz.com\/?p=83038\" \/>\n<meta property=\"og:locale\" content=\"es_ES\" \/>\n<meta property=\"og:type\" content=\"article\" \/>\n<meta property=\"og:title\" content=\"Jardines infiltrantes de Xalapa, salud f\u00edsica y mental - Los pol\u00edticos Veracruz\" \/>\n<meta property=\"og:description\" content=\"Xalapa Los jardines infiltrantes impulsados por la ONU en la avenida Ruiz Cortines de la ciudad de Xalapa, adem\u00e1s de recuperar servicios ambientales (filtraci\u00f3n de agua al subsuelo), son espacios de bienestar f\u00edsico y psicol\u00f3gico para sus habitantes. La iniciativa CityAdapt ONU implementada en Xalapa (2017-2021), no s\u00f3lo busca la construcci\u00f3n de resiliencia clim\u00e1tica en [&hellip;]\" \/>\n<meta property=\"og:url\" content=\"https:\/\/lospoliticosveracruz.com\/?p=83038\" \/>\n<meta property=\"og:site_name\" content=\"Los pol\u00edticos Veracruz\" \/>\n<meta property=\"article:publisher\" content=\"https:\/\/www.facebook.com\/people\/Notimemes-de-los-Polticos\/61565672886568\/\" \/>\n<meta property=\"article:published_time\" content=\"2021-12-07T16:04:18+00:00\" \/>\n<meta property=\"article:modified_time\" content=\"2021-12-07T16:04:29+00:00\" \/>\n<meta property=\"og:image\" content=\"https:\/\/lospoliticosveracruz.com\/wp-content\/uploads\/2016\/07\/Logo-Dor.jpg\" \/>\n\t<meta property=\"og:image:width\" content=\"200\" \/>\n\t<meta property=\"og:image:height\" content=\"200\" \/>\n\t<meta property=\"og:image:type\" content=\"image\/jpeg\" \/>\n<meta name=\"author\" content=\"Lo viste en Los Pol\u00edticos\" \/>\n<meta name=\"twitter:card\" content=\"summary_large_image\" \/>\n<meta name=\"twitter:creator\" content=\"@LosPoliticosVer\" \/>\n<meta name=\"twitter:site\" content=\"@LosPoliticosVer\" \/>\n<meta name=\"twitter:label1\" content=\"Escrito por\" \/>\n\t<meta name=\"twitter:data1\" content=\"Lo viste en Los Pol\u00edticos\" \/>\n\t<meta name=\"twitter:label2\" content=\"Tiempo de lectura\" \/>\n\t<meta name=\"twitter:data2\" content=\"3 minutos\" \/>\n<script type=\"application\/ld+json\" class=\"yoast-schema-graph\">{\"@context\":\"https:\\\/\\\/schema.org\",\"@graph\":[{\"@type\":\"Article\",\"@id\":\"https:\\\/\\\/lospoliticosveracruz.com\\\/?p=83038#article\",\"isPartOf\":{\"@id\":\"https:\\\/\\\/lospoliticosveracruz.com\\\/?p=83038\"},\"author\":{\"name\":\"Lo viste en Los Pol\u00edticos\",\"@id\":\"https:\\\/\\\/lospoliticosveracruz.com\\\/#\\\/schema\\\/person\\\/b8702bb0e538456e6efd07080bf2a4a2\"},\"headline\":\"Jardines infiltrantes de Xalapa, salud f\u00edsica y mental\",\"datePublished\":\"2021-12-07T16:04:18+00:00\",\"dateModified\":\"2021-12-07T16:04:29+00:00\",\"mainEntityOfPage\":{\"@id\":\"https:\\\/\\\/lospoliticosveracruz.com\\\/?p=83038\"},\"wordCount\":525,\"publisher\":{\"@id\":\"https:\\\/\\\/lospoliticosveracruz.com\\\/#organization\"},\"keywords\":[\"CityAdapt ONU\",\"filtraci\u00f3n de agua\",\"jardines infiltrantes\",\"ONU\",\"Sergio Arg\u00f3n\",\"Xalapa\"],\"articleSection\":[\"De Boleto\"],\"inLanguage\":\"es\"},{\"@type\":\"WebPage\",\"@id\":\"https:\\\/\\\/lospoliticosveracruz.com\\\/?p=83038\",\"url\":\"https:\\\/\\\/lospoliticosveracruz.com\\\/?p=83038\",\"name\":\"Jardines infiltrantes de Xalapa, salud f\u00edsica y mental - Los pol\u00edticos Veracruz\",\"isPartOf\":{\"@id\":\"https:\\\/\\\/lospoliticosveracruz.com\\\/#website\"},\"datePublished\":\"2021-12-07T16:04:18+00:00\",\"dateModified\":\"2021-12-07T16:04:29+00:00\",\"breadcrumb\":{\"@id\":\"https:\\\/\\\/lospoliticosveracruz.com\\\/?p=83038#breadcrumb\"},\"inLanguage\":\"es\",\"potentialAction\":[{\"@type\":\"ReadAction\",\"target\":[\"https:\\\/\\\/lospoliticosveracruz.com\\\/?p=83038\"]}]},{\"@type\":\"BreadcrumbList\",\"@id\":\"https:\\\/\\\/lospoliticosveracruz.com\\\/?p=83038#breadcrumb\",\"itemListElement\":[{\"@type\":\"ListItem\",\"position\":1,\"name\":\"Portada\",\"item\":\"https:\\\/\\\/lospoliticosveracruz.com\\\/\"},{\"@type\":\"ListItem\",\"position\":2,\"name\":\"Jardines infiltrantes de Xalapa, salud f\u00edsica y mental\"}]},{\"@type\":\"WebSite\",\"@id\":\"https:\\\/\\\/lospoliticosveracruz.com\\\/#website\",\"url\":\"https:\\\/\\\/lospoliticosveracruz.com\\\/\",\"name\":\"Los pol\u00edticos Veracruz\",\"description\":\"\",\"publisher\":{\"@id\":\"https:\\\/\\\/lospoliticosveracruz.com\\\/#organization\"},\"potentialAction\":[{\"@type\":\"SearchAction\",\"target\":{\"@type\":\"EntryPoint\",\"urlTemplate\":\"https:\\\/\\\/lospoliticosveracruz.com\\\/?s={search_term_string}\"},\"query-input\":{\"@type\":\"PropertyValueSpecification\",\"valueRequired\":true,\"valueName\":\"search_term_string\"}}],\"inLanguage\":\"es\"},{\"@type\":\"Organization\",\"@id\":\"https:\\\/\\\/lospoliticosveracruz.com\\\/#organization\",\"name\":\"Los pol\u00edticos Veracruz\",\"url\":\"https:\\\/\\\/lospoliticosveracruz.com\\\/\",\"logo\":{\"@type\":\"ImageObject\",\"inLanguage\":\"es\",\"@id\":\"https:\\\/\\\/lospoliticosveracruz.com\\\/#\\\/schema\\\/logo\\\/image\\\/\",\"url\":\"https:\\\/\\\/lospoliticosveracruz.com\\\/wp-content\\\/uploads\\\/2025\\\/12\\\/Logo-Nuevo-LOS-POLITICOS-1.jpg\",\"contentUrl\":\"https:\\\/\\\/lospoliticosveracruz.com\\\/wp-content\\\/uploads\\\/2025\\\/12\\\/Logo-Nuevo-LOS-POLITICOS-1.jpg\",\"width\":260,\"height\":70,\"caption\":\"Los pol\u00edticos Veracruz\"},\"image\":{\"@id\":\"https:\\\/\\\/lospoliticosveracruz.com\\\/#\\\/schema\\\/logo\\\/image\\\/\"},\"sameAs\":[\"https:\\\/\\\/www.facebook.com\\\/people\\\/Notimemes-de-los-Polticos\\\/61565672886568\\\/\",\"https:\\\/\\\/x.com\\\/LosPoliticosVer\"]},{\"@type\":\"Person\",\"@id\":\"https:\\\/\\\/lospoliticosveracruz.com\\\/#\\\/schema\\\/person\\\/b8702bb0e538456e6efd07080bf2a4a2\",\"name\":\"Lo viste en Los Pol\u00edticos\",\"image\":{\"@type\":\"ImageObject\",\"inLanguage\":\"es\",\"@id\":\"https:\\\/\\\/secure.gravatar.com\\\/avatar\\\/3a8de04a2656d44082be478bd6c086daa447c4651605818287b9532d3d0bd435?s=96&d=mm&r=g\",\"url\":\"https:\\\/\\\/secure.gravatar.com\\\/avatar\\\/3a8de04a2656d44082be478bd6c086daa447c4651605818287b9532d3d0bd435?s=96&d=mm&r=g\",\"contentUrl\":\"https:\\\/\\\/secure.gravatar.com\\\/avatar\\\/3a8de04a2656d44082be478bd6c086daa447c4651605818287b9532d3d0bd435?s=96&d=mm&r=g\",\"caption\":\"Lo viste en Los Pol\u00edticos\"},\"url\":\"https:\\\/\\\/lospoliticosveracruz.com\\\/?author=2\"}]}<\/script>\n<!-- \/ Yoast SEO plugin. -->","yoast_head_json":{"title":"Jardines infiltrantes de Xalapa, salud f\u00edsica y mental - Los pol\u00edticos Veracruz","robots":{"index":"index","follow":"follow","max-snippet":"max-snippet:-1","max-image-preview":"max-image-preview:large","max-video-preview":"max-video-preview:-1"},"canonical":"https:\/\/lospoliticosveracruz.com\/?p=83038","og_locale":"es_ES","og_type":"article","og_title":"Jardines infiltrantes de Xalapa, salud f\u00edsica y mental - Los pol\u00edticos Veracruz","og_description":"Xalapa Los jardines infiltrantes impulsados por la ONU en la avenida Ruiz Cortines de la ciudad de Xalapa, adem\u00e1s de recuperar servicios ambientales (filtraci\u00f3n de agua al subsuelo), son espacios de bienestar f\u00edsico y psicol\u00f3gico para sus habitantes. La iniciativa CityAdapt ONU implementada en Xalapa (2017-2021), no s\u00f3lo busca la construcci\u00f3n de resiliencia clim\u00e1tica en [&hellip;]","og_url":"https:\/\/lospoliticosveracruz.com\/?p=83038","og_site_name":"Los pol\u00edticos Veracruz","article_publisher":"https:\/\/www.facebook.com\/people\/Notimemes-de-los-Polticos\/61565672886568\/","article_published_time":"2021-12-07T16:04:18+00:00","article_modified_time":"2021-12-07T16:04:29+00:00","og_image":[{"width":200,"height":200,"url":"https:\/\/lospoliticosveracruz.com\/wp-content\/uploads\/2016\/07\/Logo-Dor.jpg","type":"image\/jpeg"}],"author":"Lo viste en Los Pol\u00edticos","twitter_card":"summary_large_image","twitter_creator":"@LosPoliticosVer","twitter_site":"@LosPoliticosVer","twitter_misc":{"Escrito por":"Lo viste en Los Pol\u00edticos","Tiempo de lectura":"3 minutos"},"schema":{"@context":"https:\/\/schema.org","@graph":[{"@type":"Article","@id":"https:\/\/lospoliticosveracruz.com\/?p=83038#article","isPartOf":{"@id":"https:\/\/lospoliticosveracruz.com\/?p=83038"},"author":{"name":"Lo viste en Los Pol\u00edticos","@id":"https:\/\/lospoliticosveracruz.com\/#\/schema\/person\/b8702bb0e538456e6efd07080bf2a4a2"},"headline":"Jardines infiltrantes de Xalapa, salud f\u00edsica y mental","datePublished":"2021-12-07T16:04:18+00:00","dateModified":"2021-12-07T16:04:29+00:00","mainEntityOfPage":{"@id":"https:\/\/lospoliticosveracruz.com\/?p=83038"},"wordCount":525,"publisher":{"@id":"https:\/\/lospoliticosveracruz.com\/#organization"},"keywords":["CityAdapt ONU","filtraci\u00f3n de agua","jardines infiltrantes","ONU","Sergio Arg\u00f3n","Xalapa"],"articleSection":["De Boleto"],"inLanguage":"es"},{"@type":"WebPage","@id":"https:\/\/lospoliticosveracruz.com\/?p=83038","url":"https:\/\/lospoliticosveracruz.com\/?p=83038","name":"Jardines infiltrantes de Xalapa, salud f\u00edsica y mental - Los pol\u00edticos Veracruz","isPartOf":{"@id":"https:\/\/lospoliticosveracruz.com\/#website"},"datePublished":"2021-12-07T16:04:18+00:00","dateModified":"2021-12-07T16:04:29+00:00","breadcrumb":{"@id":"https:\/\/lospoliticosveracruz.com\/?p=83038#breadcrumb"},"inLanguage":"es","potentialAction":[{"@type":"ReadAction","target":["https:\/\/lospoliticosveracruz.com\/?p=83038"]}]},{"@type":"BreadcrumbList","@id":"https:\/\/lospoliticosveracruz.com\/?p=83038#breadcrumb","itemListElement":[{"@type":"ListItem","position":1,"name":"Portada","item":"https:\/\/lospoliticosveracruz.com\/"},{"@type":"ListItem","position":2,"name":"Jardines infiltrantes de Xalapa, salud f\u00edsica y mental"}]},{"@type":"WebSite","@id":"https:\/\/lospoliticosveracruz.com\/#website","url":"https:\/\/lospoliticosveracruz.com\/","name":"Los pol\u00edticos Veracruz","description":"","publisher":{"@id":"https:\/\/lospoliticosveracruz.com\/#organization"},"potentialAction":[{"@type":"SearchAction","target":{"@type":"EntryPoint","urlTemplate":"https:\/\/lospoliticosveracruz.com\/?s={search_term_string}"},"query-input":{"@type":"PropertyValueSpecification","valueRequired":true,"valueName":"search_term_string"}}],"inLanguage":"es"},{"@type":"Organization","@id":"https:\/\/lospoliticosveracruz.com\/#organization","name":"Los pol\u00edticos Veracruz","url":"https:\/\/lospoliticosveracruz.com\/","logo":{"@type":"ImageObject","inLanguage":"es","@id":"https:\/\/lospoliticosveracruz.com\/#\/schema\/logo\/image\/","url":"https:\/\/lospoliticosveracruz.com\/wp-content\/uploads\/2025\/12\/Logo-Nuevo-LOS-POLITICOS-1.jpg","contentUrl":"https:\/\/lospoliticosveracruz.com\/wp-content\/uploads\/2025\/12\/Logo-Nuevo-LOS-POLITICOS-1.jpg","width":260,"height":70,"caption":"Los pol\u00edticos Veracruz"},"image":{"@id":"https:\/\/lospoliticosveracruz.com\/#\/schema\/logo\/image\/"},"sameAs":["https:\/\/www.facebook.com\/people\/Notimemes-de-los-Polticos\/61565672886568\/","https:\/\/x.com\/LosPoliticosVer"]},{"@type":"Person","@id":"https:\/\/lospoliticosveracruz.com\/#\/schema\/person\/b8702bb0e538456e6efd07080bf2a4a2","name":"Lo viste en Los Pol\u00edticos","image":{"@type":"ImageObject","inLanguage":"es","@id":"https:\/\/secure.gravatar.com\/avatar\/3a8de04a2656d44082be478bd6c086daa447c4651605818287b9532d3d0bd435?s=96&d=mm&r=g","url":"https:\/\/secure.gravatar.com\/avatar\/3a8de04a2656d44082be478bd6c086daa447c4651605818287b9532d3d0bd435?s=96&d=mm&r=g","contentUrl":"https:\/\/secure.gravatar.com\/avatar\/3a8de04a2656d44082be478bd6c086daa447c4651605818287b9532d3d0bd435?s=96&d=mm&r=g","caption":"Lo viste en Los Pol\u00edticos"},"url":"https:\/\/lospoliticosveracruz.com\/?author=2"}]}},"_links":{"self":[{"href":"https:\/\/lospoliticosveracruz.com\/index.php?rest_route=\/wp\/v2\/posts\/83038","targetHints":{"allow":["GET"]}}],"collection":[{"href":"https:\/\/lospoliticosveracruz.com\/index.php?rest_route=\/wp\/v2\/posts"}],"about":[{"href":"https:\/\/lospoliticosveracruz.com\/index.php?rest_route=\/wp\/v2\/types\/post"}],"author":[{"embeddable":true,"href":"https:\/\/lospoliticosveracruz.com\/index.php?rest_route=\/wp\/v2\/users\/2"}],"replies":[{"embeddable":true,"href":"https:\/\/lospoliticosveracruz.com\/index.php?rest_route=%2Fwp%2Fv2%2Fcomments&post=83038"}],"version-history":[{"count":1,"href":"https:\/\/lospoliticosveracruz.com\/index.php?rest_route=\/wp\/v2\/posts\/83038\/revisions"}],"predecessor-version":[{"id":83040,"href":"https:\/\/lospoliticosveracruz.com\/index.php?rest_route=\/wp\/v2\/posts\/83038\/revisions\/83040"}],"wp:attachment":[{"href":"https:\/\/lospoliticosveracruz.com\/index.php?rest_route=%2Fwp%2Fv2%2Fmedia&parent=83038"}],"wp:term":[{"taxonomy":"category","embeddable":true,"href":"https:\/\/lospoliticosveracruz.com\/index.php?rest_route=%2Fwp%2Fv2%2Fcategories&post=83038"},{"taxonomy":"post_tag","embeddable":true,"href":"https:\/\/lospoliticosveracruz.com\/index.php?rest_route=%2Fwp%2Fv2%2Ftags&post=83038"}],"curies":[{"name":"wp","href":"https:\/\/api.w.org\/{rel}","templated":true}]}}