{"id":83041,"date":"2021-12-07T16:56:10","date_gmt":"2021-12-07T22:56:10","guid":{"rendered":"https:\/\/lospoliticosveracruz.com.mx\/?p=83041"},"modified":"2021-12-07T16:56:14","modified_gmt":"2021-12-07T22:56:14","slug":"veracruz-a-las-grandes-ligas-sergio","status":"publish","type":"post","link":"https:\/\/lospoliticosveracruz.com\/?p=83041","title":{"rendered":"Veracruz, a las grandes ligas: Sergio"},"content":{"rendered":"\n<p><\/p>\n\n\n\n<p><\/p>\n\n\n\n<p>Ciudad de M\u00e9xico<\/p>\n\n\n\n<p><br>El presidente de la C\u00e1mara de Diputados, el veracruzano, Sergio Guti\u00e9rrez Luna resalt\u00f3 que en el Presupuesto de Egresos de la Federaci\u00f3n 2022 se aprobaron m\u00e1s de diez mil millones de pesos para el Corredor Interoce\u00e1nico del Istmo de Tehuantepec que permitir\u00e1 a Veracruz ser jugador internacional en el comercio mar\u00edtimo mundial.<br>El legislador minatitleco y una comitiva de integrantes de la LXV Legislatura federal junto con el secretario de Marina, Rafael Ojeda Dur\u00e1n, recorrer\u00e1n este mi\u00e9rcoles las obras que se realizan en el puerto de Salina Cruz, Oaxaca, y el Astillero de Marina.<br>El pasado 22 de noviembre el almirante Ojeda Dur\u00e1n, invit\u00f3 a los diputados a visitar la obra del Corredor Interoce\u00e1nico del Istmo de Tehuantepec en el marco del convenio de colaboraci\u00f3n entre la C\u00e1mara de Diputados y la Secretaria de Marina.<br>El presidente de la C\u00e1mara de Diputados indic\u00f3 que el convenio con la Semar contempla la capacitaci\u00f3n, mejora, formaci\u00f3n, profesionalizaci\u00f3n y acercamiento entre ambas instancias.<br>El proyecto del Corredor Interoce\u00e1nico del Istmo de Tehuantepec (CIIT) busca enlazar comercialmente al Oc\u00e9ano Pac\u00edfico con el Oc\u00e9ano Atl\u00e1ntico, a trav\u00e9s del cruce interoce\u00e1nico y terrestre, usando barcos y un tren de carga y de pasajeros entre los puertos de Coatzacoalcos y Salina Cruz.<br>El proyecto del Corredor Interoce\u00e1nico se compone de cinco tramos y el avance global es del 63% a finales de septiembre, seg\u00fan una evaluaci\u00f3n realizada en esa fecha en una visita que realiz\u00f3 la Comisi\u00f3n Intersecretarial ante el CIIT.<br>Guti\u00e9rrez Luna explic\u00f3 que, entre otros beneficios, el Corredor permitir\u00e1 que los agroproductores veracruzanos puedan ingresar a mercados de Asia, Europa y la costa este de Estados Unidos de Norteam\u00e9rica en mejores condiciones y con ventajas competitivas.<br>\u201cEl Corredor permitir\u00e1 insertar a Veracruz como un jugador internacional en el comercio mar\u00edtimo mundial\u201d reiter\u00f3 el minatitleco.<br>El pasado 4 de octubre, al conmemorarse los 200 a\u00f1os de la Armada de M\u00e9xico, el presidente de la Rep\u00fablica, Andr\u00e9s Manuel L\u00f3pez Obrador destac\u00f3 en la fortaleza de San Juan de Ul\u00faa las tareas y servicios brindados al pa\u00eds por parte de la Semar y las responsabilidades que ahora tiene como la administraci\u00f3n de puertos y la vigilancia del Corredor Interoce\u00e1nico del Istmo de Tehuantepec, entre otros.<\/p>\n","protected":false},"excerpt":{"rendered":"<p>Ciudad de M\u00e9xico El presidente de la C\u00e1mara de Diputados, el veracruzano, Sergio Guti\u00e9rrez Luna resalt\u00f3 que en el Presupuesto de Egresos de la Federaci\u00f3n 2022 se aprobaron m\u00e1s de diez mil millones de pesos para el Corredor Interoce\u00e1nico del Istmo de Tehuantepec que permitir\u00e1 a Veracruz ser jugador internacional en el comercio mar\u00edtimo mundial.El [&hellip;]<\/p>\n","protected":false},"author":2,"featured_media":0,"comment_status":"closed","ping_status":"closed","sticky":false,"template":"","format":"standard","meta":{"tdm_status":"","tdm_grid_status":"","footnotes":""},"categories":[73],"tags":[21078,21079,1026,7036,16147,195],"class_list":{"0":"post-83041","1":"post","2":"type-post","3":"status-publish","4":"format-standard","6":"category-de-boleto","7":"tag-corredor-interoceanico","8":"tag-istmo-de-tehuantepec","9":"tag-morena","10":"tag-presupuesto-de-egresos","11":"tag-sergio-gutierrez-luna","12":"tag-veracruz"},"yoast_head":"<!-- This site is optimized with the Yoast SEO plugin v27.4 - https:\/\/yoast.com\/product\/yoast-seo-wordpress\/ -->\n<title>Veracruz, a las grandes ligas: Sergio - Los pol\u00edticos Veracruz<\/title>\n<meta name=\"robots\" content=\"index, follow, max-snippet:-1, max-image-preview:large, max-video-preview:-1\" \/>\n<link rel=\"canonical\" href=\"https:\/\/lospoliticosveracruz.com\/?p=83041\" \/>\n<meta property=\"og:locale\" content=\"es_ES\" \/>\n<meta property=\"og:type\" content=\"article\" \/>\n<meta property=\"og:title\" content=\"Veracruz, a las grandes ligas: Sergio - Los pol\u00edticos Veracruz\" \/>\n<meta property=\"og:description\" content=\"Ciudad de M\u00e9xico El presidente de la C\u00e1mara de Diputados, el veracruzano, Sergio Guti\u00e9rrez Luna resalt\u00f3 que en el Presupuesto de Egresos de la Federaci\u00f3n 2022 se aprobaron m\u00e1s de diez mil millones de pesos para el Corredor Interoce\u00e1nico del Istmo de Tehuantepec que permitir\u00e1 a Veracruz ser jugador internacional en el comercio mar\u00edtimo mundial.El [&hellip;]\" \/>\n<meta property=\"og:url\" content=\"https:\/\/lospoliticosveracruz.com\/?p=83041\" \/>\n<meta property=\"og:site_name\" content=\"Los pol\u00edticos Veracruz\" \/>\n<meta property=\"article:publisher\" content=\"https:\/\/www.facebook.com\/people\/Notimemes-de-los-Polticos\/61565672886568\/\" \/>\n<meta property=\"article:published_time\" content=\"2021-12-07T22:56:10+00:00\" \/>\n<meta property=\"article:modified_time\" content=\"2021-12-07T22:56:14+00:00\" \/>\n<meta property=\"og:image\" content=\"https:\/\/lospoliticosveracruz.com\/wp-content\/uploads\/2016\/07\/Logo-Dor.jpg\" \/>\n\t<meta property=\"og:image:width\" content=\"200\" \/>\n\t<meta property=\"og:image:height\" content=\"200\" \/>\n\t<meta property=\"og:image:type\" content=\"image\/jpeg\" \/>\n<meta name=\"author\" content=\"Lo viste en Los Pol\u00edticos\" \/>\n<meta name=\"twitter:card\" content=\"summary_large_image\" \/>\n<meta name=\"twitter:creator\" content=\"@LosPoliticosVer\" \/>\n<meta name=\"twitter:site\" content=\"@LosPoliticosVer\" \/>\n<meta name=\"twitter:label1\" content=\"Escrito por\" \/>\n\t<meta name=\"twitter:data1\" content=\"Lo viste en Los Pol\u00edticos\" \/>\n\t<meta name=\"twitter:label2\" content=\"Tiempo de lectura\" \/>\n\t<meta name=\"twitter:data2\" content=\"2 minutos\" \/>\n<script type=\"application\/ld+json\" class=\"yoast-schema-graph\">{\"@context\":\"https:\\\/\\\/schema.org\",\"@graph\":[{\"@type\":\"Article\",\"@id\":\"https:\\\/\\\/lospoliticosveracruz.com\\\/?p=83041#article\",\"isPartOf\":{\"@id\":\"https:\\\/\\\/lospoliticosveracruz.com\\\/?p=83041\"},\"author\":{\"name\":\"Lo viste en Los Pol\u00edticos\",\"@id\":\"https:\\\/\\\/lospoliticosveracruz.com\\\/#\\\/schema\\\/person\\\/b8702bb0e538456e6efd07080bf2a4a2\"},\"headline\":\"Veracruz, a las grandes ligas: Sergio\",\"datePublished\":\"2021-12-07T22:56:10+00:00\",\"dateModified\":\"2021-12-07T22:56:14+00:00\",\"mainEntityOfPage\":{\"@id\":\"https:\\\/\\\/lospoliticosveracruz.com\\\/?p=83041\"},\"wordCount\":412,\"publisher\":{\"@id\":\"https:\\\/\\\/lospoliticosveracruz.com\\\/#organization\"},\"keywords\":[\"Corredor Interoce\u00e1nico\",\"Istmo de Tehuantepec\",\"Morena\",\"Presupuesto de Egresos\",\"Sergio Guti\u00e9rrez Luna\",\"Veracruz\"],\"articleSection\":[\"De Boleto\"],\"inLanguage\":\"es\"},{\"@type\":\"WebPage\",\"@id\":\"https:\\\/\\\/lospoliticosveracruz.com\\\/?p=83041\",\"url\":\"https:\\\/\\\/lospoliticosveracruz.com\\\/?p=83041\",\"name\":\"Veracruz, a las grandes ligas: Sergio - Los pol\u00edticos Veracruz\",\"isPartOf\":{\"@id\":\"https:\\\/\\\/lospoliticosveracruz.com\\\/#website\"},\"datePublished\":\"2021-12-07T22:56:10+00:00\",\"dateModified\":\"2021-12-07T22:56:14+00:00\",\"breadcrumb\":{\"@id\":\"https:\\\/\\\/lospoliticosveracruz.com\\\/?p=83041#breadcrumb\"},\"inLanguage\":\"es\",\"potentialAction\":[{\"@type\":\"ReadAction\",\"target\":[\"https:\\\/\\\/lospoliticosveracruz.com\\\/?p=83041\"]}]},{\"@type\":\"BreadcrumbList\",\"@id\":\"https:\\\/\\\/lospoliticosveracruz.com\\\/?p=83041#breadcrumb\",\"itemListElement\":[{\"@type\":\"ListItem\",\"position\":1,\"name\":\"Portada\",\"item\":\"https:\\\/\\\/lospoliticosveracruz.com\\\/\"},{\"@type\":\"ListItem\",\"position\":2,\"name\":\"Veracruz, a las grandes ligas: Sergio\"}]},{\"@type\":\"WebSite\",\"@id\":\"https:\\\/\\\/lospoliticosveracruz.com\\\/#website\",\"url\":\"https:\\\/\\\/lospoliticosveracruz.com\\\/\",\"name\":\"Los pol\u00edticos Veracruz\",\"description\":\"\",\"publisher\":{\"@id\":\"https:\\\/\\\/lospoliticosveracruz.com\\\/#organization\"},\"potentialAction\":[{\"@type\":\"SearchAction\",\"target\":{\"@type\":\"EntryPoint\",\"urlTemplate\":\"https:\\\/\\\/lospoliticosveracruz.com\\\/?s={search_term_string}\"},\"query-input\":{\"@type\":\"PropertyValueSpecification\",\"valueRequired\":true,\"valueName\":\"search_term_string\"}}],\"inLanguage\":\"es\"},{\"@type\":\"Organization\",\"@id\":\"https:\\\/\\\/lospoliticosveracruz.com\\\/#organization\",\"name\":\"Los pol\u00edticos Veracruz\",\"url\":\"https:\\\/\\\/lospoliticosveracruz.com\\\/\",\"logo\":{\"@type\":\"ImageObject\",\"inLanguage\":\"es\",\"@id\":\"https:\\\/\\\/lospoliticosveracruz.com\\\/#\\\/schema\\\/logo\\\/image\\\/\",\"url\":\"https:\\\/\\\/lospoliticosveracruz.com\\\/wp-content\\\/uploads\\\/2025\\\/12\\\/Logo-Nuevo-LOS-POLITICOS-1.jpg\",\"contentUrl\":\"https:\\\/\\\/lospoliticosveracruz.com\\\/wp-content\\\/uploads\\\/2025\\\/12\\\/Logo-Nuevo-LOS-POLITICOS-1.jpg\",\"width\":260,\"height\":70,\"caption\":\"Los pol\u00edticos Veracruz\"},\"image\":{\"@id\":\"https:\\\/\\\/lospoliticosveracruz.com\\\/#\\\/schema\\\/logo\\\/image\\\/\"},\"sameAs\":[\"https:\\\/\\\/www.facebook.com\\\/people\\\/Notimemes-de-los-Polticos\\\/61565672886568\\\/\",\"https:\\\/\\\/x.com\\\/LosPoliticosVer\"]},{\"@type\":\"Person\",\"@id\":\"https:\\\/\\\/lospoliticosveracruz.com\\\/#\\\/schema\\\/person\\\/b8702bb0e538456e6efd07080bf2a4a2\",\"name\":\"Lo viste en Los Pol\u00edticos\",\"image\":{\"@type\":\"ImageObject\",\"inLanguage\":\"es\",\"@id\":\"https:\\\/\\\/secure.gravatar.com\\\/avatar\\\/3a8de04a2656d44082be478bd6c086daa447c4651605818287b9532d3d0bd435?s=96&d=mm&r=g\",\"url\":\"https:\\\/\\\/secure.gravatar.com\\\/avatar\\\/3a8de04a2656d44082be478bd6c086daa447c4651605818287b9532d3d0bd435?s=96&d=mm&r=g\",\"contentUrl\":\"https:\\\/\\\/secure.gravatar.com\\\/avatar\\\/3a8de04a2656d44082be478bd6c086daa447c4651605818287b9532d3d0bd435?s=96&d=mm&r=g\",\"caption\":\"Lo viste en Los Pol\u00edticos\"},\"url\":\"https:\\\/\\\/lospoliticosveracruz.com\\\/?author=2\"}]}<\/script>\n<!-- \/ Yoast SEO plugin. -->","yoast_head_json":{"title":"Veracruz, a las grandes ligas: Sergio - Los pol\u00edticos Veracruz","robots":{"index":"index","follow":"follow","max-snippet":"max-snippet:-1","max-image-preview":"max-image-preview:large","max-video-preview":"max-video-preview:-1"},"canonical":"https:\/\/lospoliticosveracruz.com\/?p=83041","og_locale":"es_ES","og_type":"article","og_title":"Veracruz, a las grandes ligas: Sergio - Los pol\u00edticos Veracruz","og_description":"Ciudad de M\u00e9xico El presidente de la C\u00e1mara de Diputados, el veracruzano, Sergio Guti\u00e9rrez Luna resalt\u00f3 que en el Presupuesto de Egresos de la Federaci\u00f3n 2022 se aprobaron m\u00e1s de diez mil millones de pesos para el Corredor Interoce\u00e1nico del Istmo de Tehuantepec que permitir\u00e1 a Veracruz ser jugador internacional en el comercio mar\u00edtimo mundial.El [&hellip;]","og_url":"https:\/\/lospoliticosveracruz.com\/?p=83041","og_site_name":"Los pol\u00edticos Veracruz","article_publisher":"https:\/\/www.facebook.com\/people\/Notimemes-de-los-Polticos\/61565672886568\/","article_published_time":"2021-12-07T22:56:10+00:00","article_modified_time":"2021-12-07T22:56:14+00:00","og_image":[{"width":200,"height":200,"url":"https:\/\/lospoliticosveracruz.com\/wp-content\/uploads\/2016\/07\/Logo-Dor.jpg","type":"image\/jpeg"}],"author":"Lo viste en Los Pol\u00edticos","twitter_card":"summary_large_image","twitter_creator":"@LosPoliticosVer","twitter_site":"@LosPoliticosVer","twitter_misc":{"Escrito por":"Lo viste en Los Pol\u00edticos","Tiempo de lectura":"2 minutos"},"schema":{"@context":"https:\/\/schema.org","@graph":[{"@type":"Article","@id":"https:\/\/lospoliticosveracruz.com\/?p=83041#article","isPartOf":{"@id":"https:\/\/lospoliticosveracruz.com\/?p=83041"},"author":{"name":"Lo viste en Los Pol\u00edticos","@id":"https:\/\/lospoliticosveracruz.com\/#\/schema\/person\/b8702bb0e538456e6efd07080bf2a4a2"},"headline":"Veracruz, a las grandes ligas: Sergio","datePublished":"2021-12-07T22:56:10+00:00","dateModified":"2021-12-07T22:56:14+00:00","mainEntityOfPage":{"@id":"https:\/\/lospoliticosveracruz.com\/?p=83041"},"wordCount":412,"publisher":{"@id":"https:\/\/lospoliticosveracruz.com\/#organization"},"keywords":["Corredor Interoce\u00e1nico","Istmo de Tehuantepec","Morena","Presupuesto de Egresos","Sergio Guti\u00e9rrez Luna","Veracruz"],"articleSection":["De Boleto"],"inLanguage":"es"},{"@type":"WebPage","@id":"https:\/\/lospoliticosveracruz.com\/?p=83041","url":"https:\/\/lospoliticosveracruz.com\/?p=83041","name":"Veracruz, a las grandes ligas: Sergio - Los pol\u00edticos Veracruz","isPartOf":{"@id":"https:\/\/lospoliticosveracruz.com\/#website"},"datePublished":"2021-12-07T22:56:10+00:00","dateModified":"2021-12-07T22:56:14+00:00","breadcrumb":{"@id":"https:\/\/lospoliticosveracruz.com\/?p=83041#breadcrumb"},"inLanguage":"es","potentialAction":[{"@type":"ReadAction","target":["https:\/\/lospoliticosveracruz.com\/?p=83041"]}]},{"@type":"BreadcrumbList","@id":"https:\/\/lospoliticosveracruz.com\/?p=83041#breadcrumb","itemListElement":[{"@type":"ListItem","position":1,"name":"Portada","item":"https:\/\/lospoliticosveracruz.com\/"},{"@type":"ListItem","position":2,"name":"Veracruz, a las grandes ligas: Sergio"}]},{"@type":"WebSite","@id":"https:\/\/lospoliticosveracruz.com\/#website","url":"https:\/\/lospoliticosveracruz.com\/","name":"Los pol\u00edticos Veracruz","description":"","publisher":{"@id":"https:\/\/lospoliticosveracruz.com\/#organization"},"potentialAction":[{"@type":"SearchAction","target":{"@type":"EntryPoint","urlTemplate":"https:\/\/lospoliticosveracruz.com\/?s={search_term_string}"},"query-input":{"@type":"PropertyValueSpecification","valueRequired":true,"valueName":"search_term_string"}}],"inLanguage":"es"},{"@type":"Organization","@id":"https:\/\/lospoliticosveracruz.com\/#organization","name":"Los pol\u00edticos Veracruz","url":"https:\/\/lospoliticosveracruz.com\/","logo":{"@type":"ImageObject","inLanguage":"es","@id":"https:\/\/lospoliticosveracruz.com\/#\/schema\/logo\/image\/","url":"https:\/\/lospoliticosveracruz.com\/wp-content\/uploads\/2025\/12\/Logo-Nuevo-LOS-POLITICOS-1.jpg","contentUrl":"https:\/\/lospoliticosveracruz.com\/wp-content\/uploads\/2025\/12\/Logo-Nuevo-LOS-POLITICOS-1.jpg","width":260,"height":70,"caption":"Los pol\u00edticos Veracruz"},"image":{"@id":"https:\/\/lospoliticosveracruz.com\/#\/schema\/logo\/image\/"},"sameAs":["https:\/\/www.facebook.com\/people\/Notimemes-de-los-Polticos\/61565672886568\/","https:\/\/x.com\/LosPoliticosVer"]},{"@type":"Person","@id":"https:\/\/lospoliticosveracruz.com\/#\/schema\/person\/b8702bb0e538456e6efd07080bf2a4a2","name":"Lo viste en Los Pol\u00edticos","image":{"@type":"ImageObject","inLanguage":"es","@id":"https:\/\/secure.gravatar.com\/avatar\/3a8de04a2656d44082be478bd6c086daa447c4651605818287b9532d3d0bd435?s=96&d=mm&r=g","url":"https:\/\/secure.gravatar.com\/avatar\/3a8de04a2656d44082be478bd6c086daa447c4651605818287b9532d3d0bd435?s=96&d=mm&r=g","contentUrl":"https:\/\/secure.gravatar.com\/avatar\/3a8de04a2656d44082be478bd6c086daa447c4651605818287b9532d3d0bd435?s=96&d=mm&r=g","caption":"Lo viste en Los Pol\u00edticos"},"url":"https:\/\/lospoliticosveracruz.com\/?author=2"}]}},"_links":{"self":[{"href":"https:\/\/lospoliticosveracruz.com\/index.php?rest_route=\/wp\/v2\/posts\/83041","targetHints":{"allow":["GET"]}}],"collection":[{"href":"https:\/\/lospoliticosveracruz.com\/index.php?rest_route=\/wp\/v2\/posts"}],"about":[{"href":"https:\/\/lospoliticosveracruz.com\/index.php?rest_route=\/wp\/v2\/types\/post"}],"author":[{"embeddable":true,"href":"https:\/\/lospoliticosveracruz.com\/index.php?rest_route=\/wp\/v2\/users\/2"}],"replies":[{"embeddable":true,"href":"https:\/\/lospoliticosveracruz.com\/index.php?rest_route=%2Fwp%2Fv2%2Fcomments&post=83041"}],"version-history":[{"count":2,"href":"https:\/\/lospoliticosveracruz.com\/index.php?rest_route=\/wp\/v2\/posts\/83041\/revisions"}],"predecessor-version":[{"id":83044,"href":"https:\/\/lospoliticosveracruz.com\/index.php?rest_route=\/wp\/v2\/posts\/83041\/revisions\/83044"}],"wp:attachment":[{"href":"https:\/\/lospoliticosveracruz.com\/index.php?rest_route=%2Fwp%2Fv2%2Fmedia&parent=83041"}],"wp:term":[{"taxonomy":"category","embeddable":true,"href":"https:\/\/lospoliticosveracruz.com\/index.php?rest_route=%2Fwp%2Fv2%2Fcategories&post=83041"},{"taxonomy":"post_tag","embeddable":true,"href":"https:\/\/lospoliticosveracruz.com\/index.php?rest_route=%2Fwp%2Fv2%2Ftags&post=83041"}],"curies":[{"name":"wp","href":"https:\/\/api.w.org\/{rel}","templated":true}]}}