{"id":83045,"date":"2021-12-07T17:00:52","date_gmt":"2021-12-07T23:00:52","guid":{"rendered":"https:\/\/lospoliticosveracruz.com.mx\/?p=83045"},"modified":"2021-12-07T17:01:07","modified_gmt":"2021-12-07T23:01:07","slug":"sedema-duro-contra-ecolocos","status":"publish","type":"post","link":"https:\/\/lospoliticosveracruz.com\/?p=83045","title":{"rendered":"Sedema, duro contra ecolocos!"},"content":{"rendered":"\n<p><\/p>\n\n\n\n<p><\/p>\n\n\n\n<p><strong>Xalapa<\/strong><\/p>\n\n\n\n<p><br>En la entidad se combate la corrupci\u00f3n y se frenan las obras que atentan contra el medio ambiente, porque el precepto es que ning\u00fan inter\u00e9s econ\u00f3mico privado est\u00e9 por encima de la ley que lo protege, declar\u00f3 el diputado por Morena, Paul Mart\u00ednez Marie, al participar en la comparecencia del titular de la Secretar\u00eda de Medio Ambiente (SEDEMA), Juan Carlos Contreras Bautista.<\/p>\n\n\n\n<p>Durante la ronda de preguntas, el legislador del Distrito IX con cabecera en Perote se pronunci\u00f3 a favor de los protocolos que ejecuta la dependencia para hacer valer los marcos jur\u00eddicos que defienden al entorno, como es el caso de la Torre Centro ubicada en el puerto de Veracruz, obra que es muestra de colusi\u00f3n y negligencia de las autoridades de aquel tiempo, que brindaron las facilidades para su construcci\u00f3n.<\/p>\n\n\n\n<p>Celebr\u00f3 que la SEDEMA detectara que la obra era realizada sin ning\u00fan permiso de las autoridades competentes, puesto que no hay documentaci\u00f3n que la respalde en materia de protecci\u00f3n civil y medio ambiente, as\u00ed como la inspecci\u00f3n de la misma, donde se encontr\u00f3 diversas irregularidades que procedieron a la clausura el pasado 19 de agosto del a\u00f1o en curso.<\/p>\n\n\n\n<p>Tambi\u00e9n destac\u00f3 el actuar de la dependencia, la cual al dar seguimiento legal contra quien resultara culpable y responder a la demanda de amparo ante juzgados federales, se descubri\u00f3 que el juez federal se encontraba impedido para proceder, puesto que existe una l\u00ednea de parentesco con el quejoso, quien adem\u00e1s adquiri\u00f3 el inmueble excus\u00e1ndose, no sin antes haber concedido la medida cautelar a efecto de que se retiraran los sellos de la clausura favoreciendo el inter\u00e9s econ\u00f3mico del particular por encima al inter\u00e9s p\u00fablico al medio ambiente. Actualmente el caso se encuentra en manos del juzgado correspondiente, quien determinar\u00e1 lo que proceda.<\/p>\n\n\n\n<p>Otros cuestionamientos por parte del legislador al funcionario estatal fueron respecto de las estrategias que se llevan a cabo para combatir la tala clandestina que afecta considerablemente al ecosistema del Cofre de Perote; al respecto, Contreras Bautista detall\u00f3 que se realiza una mesa de trabajo con 15 dependencias del orden federal y estatal, en materia de medio ambiente y seguridad, acci\u00f3n que contribuy\u00f3 a la disminuci\u00f3n de puntos de extracci\u00f3n y de la regularizaci\u00f3n de los permisos correspondientes y la detenci\u00f3n de cinco presuntos implicados en dicho il\u00edcito.<\/p>\n\n\n\n<p>Finalmente, Mart\u00ednez Marie felicit\u00f3 la forma en como se ha conducido la SEDEMA y exhort\u00f3 a redoblar esfuerzos para seguir contribuyendo en la preservaci\u00f3n del medio ambiente, adem\u00e1s de que reiter\u00f3 su respaldo a sumarse a todas las acciones y recorridos que realicen en la mesa de trabajo referida.<\/p>\n","protected":false},"excerpt":{"rendered":"<p>Xalapa En la entidad se combate la corrupci\u00f3n y se frenan las obras que atentan contra el medio ambiente, porque el precepto es que ning\u00fan inter\u00e9s econ\u00f3mico privado est\u00e9 por encima de la ley que lo protege, declar\u00f3 el diputado por Morena, Paul Mart\u00ednez Marie, al participar en la comparecencia del titular de la Secretar\u00eda [&hellip;]<\/p>\n","protected":false},"author":2,"featured_media":0,"comment_status":"closed","ping_status":"closed","sticky":false,"template":"","format":"standard","meta":{"tdm_status":"","tdm_grid_status":"","footnotes":""},"categories":[73],"tags":[29118,1026,4148,195],"class_list":{"0":"post-83045","1":"post","2":"type-post","3":"status-publish","4":"format-standard","6":"category-de-boleto","7":"tag-juan-carlos-contreras-bautista","8":"tag-morena","9":"tag-paul-martinez-marie","10":"tag-veracruz"},"yoast_head":"<!-- This site is optimized with the Yoast SEO plugin v27.4 - https:\/\/yoast.com\/product\/yoast-seo-wordpress\/ -->\n<title>Sedema, duro contra ecolocos! - Los pol\u00edticos Veracruz<\/title>\n<meta name=\"robots\" content=\"index, follow, max-snippet:-1, max-image-preview:large, max-video-preview:-1\" \/>\n<link rel=\"canonical\" href=\"https:\/\/lospoliticosveracruz.com\/?p=83045\" \/>\n<meta property=\"og:locale\" content=\"es_ES\" \/>\n<meta property=\"og:type\" content=\"article\" \/>\n<meta property=\"og:title\" content=\"Sedema, duro contra ecolocos! - Los pol\u00edticos Veracruz\" \/>\n<meta property=\"og:description\" content=\"Xalapa En la entidad se combate la corrupci\u00f3n y se frenan las obras que atentan contra el medio ambiente, porque el precepto es que ning\u00fan inter\u00e9s econ\u00f3mico privado est\u00e9 por encima de la ley que lo protege, declar\u00f3 el diputado por Morena, Paul Mart\u00ednez Marie, al participar en la comparecencia del titular de la Secretar\u00eda [&hellip;]\" \/>\n<meta property=\"og:url\" content=\"https:\/\/lospoliticosveracruz.com\/?p=83045\" \/>\n<meta property=\"og:site_name\" content=\"Los pol\u00edticos Veracruz\" \/>\n<meta property=\"article:publisher\" content=\"https:\/\/www.facebook.com\/people\/Notimemes-de-los-Polticos\/61565672886568\/\" \/>\n<meta property=\"article:published_time\" content=\"2021-12-07T23:00:52+00:00\" \/>\n<meta property=\"article:modified_time\" content=\"2021-12-07T23:01:07+00:00\" \/>\n<meta property=\"og:image\" content=\"https:\/\/lospoliticosveracruz.com\/wp-content\/uploads\/2016\/07\/Logo-Dor.jpg\" \/>\n\t<meta property=\"og:image:width\" content=\"200\" \/>\n\t<meta property=\"og:image:height\" content=\"200\" \/>\n\t<meta property=\"og:image:type\" content=\"image\/jpeg\" \/>\n<meta name=\"author\" content=\"Lo viste en Los Pol\u00edticos\" \/>\n<meta name=\"twitter:card\" content=\"summary_large_image\" \/>\n<meta name=\"twitter:creator\" content=\"@LosPoliticosVer\" \/>\n<meta name=\"twitter:site\" content=\"@LosPoliticosVer\" \/>\n<meta name=\"twitter:label1\" content=\"Escrito por\" \/>\n\t<meta name=\"twitter:data1\" content=\"Lo viste en Los Pol\u00edticos\" \/>\n\t<meta name=\"twitter:label2\" content=\"Tiempo de lectura\" \/>\n\t<meta name=\"twitter:data2\" content=\"2 minutos\" \/>\n<script type=\"application\/ld+json\" class=\"yoast-schema-graph\">{\"@context\":\"https:\\\/\\\/schema.org\",\"@graph\":[{\"@type\":\"Article\",\"@id\":\"https:\\\/\\\/lospoliticosveracruz.com\\\/?p=83045#article\",\"isPartOf\":{\"@id\":\"https:\\\/\\\/lospoliticosveracruz.com\\\/?p=83045\"},\"author\":{\"name\":\"Lo viste en Los Pol\u00edticos\",\"@id\":\"https:\\\/\\\/lospoliticosveracruz.com\\\/#\\\/schema\\\/person\\\/b8702bb0e538456e6efd07080bf2a4a2\"},\"headline\":\"Sedema, duro contra ecolocos!\",\"datePublished\":\"2021-12-07T23:00:52+00:00\",\"dateModified\":\"2021-12-07T23:01:07+00:00\",\"mainEntityOfPage\":{\"@id\":\"https:\\\/\\\/lospoliticosveracruz.com\\\/?p=83045\"},\"wordCount\":464,\"publisher\":{\"@id\":\"https:\\\/\\\/lospoliticosveracruz.com\\\/#organization\"},\"keywords\":[\"Juan Carlos Contreras Bautista\",\"Morena\",\"Paul Mart\u00ednez Marie\",\"Veracruz\"],\"articleSection\":[\"De Boleto\"],\"inLanguage\":\"es\"},{\"@type\":\"WebPage\",\"@id\":\"https:\\\/\\\/lospoliticosveracruz.com\\\/?p=83045\",\"url\":\"https:\\\/\\\/lospoliticosveracruz.com\\\/?p=83045\",\"name\":\"Sedema, duro contra ecolocos! - Los pol\u00edticos Veracruz\",\"isPartOf\":{\"@id\":\"https:\\\/\\\/lospoliticosveracruz.com\\\/#website\"},\"datePublished\":\"2021-12-07T23:00:52+00:00\",\"dateModified\":\"2021-12-07T23:01:07+00:00\",\"breadcrumb\":{\"@id\":\"https:\\\/\\\/lospoliticosveracruz.com\\\/?p=83045#breadcrumb\"},\"inLanguage\":\"es\",\"potentialAction\":[{\"@type\":\"ReadAction\",\"target\":[\"https:\\\/\\\/lospoliticosveracruz.com\\\/?p=83045\"]}]},{\"@type\":\"BreadcrumbList\",\"@id\":\"https:\\\/\\\/lospoliticosveracruz.com\\\/?p=83045#breadcrumb\",\"itemListElement\":[{\"@type\":\"ListItem\",\"position\":1,\"name\":\"Portada\",\"item\":\"https:\\\/\\\/lospoliticosveracruz.com\\\/\"},{\"@type\":\"ListItem\",\"position\":2,\"name\":\"Sedema, duro contra ecolocos!\"}]},{\"@type\":\"WebSite\",\"@id\":\"https:\\\/\\\/lospoliticosveracruz.com\\\/#website\",\"url\":\"https:\\\/\\\/lospoliticosveracruz.com\\\/\",\"name\":\"Los pol\u00edticos Veracruz\",\"description\":\"\",\"publisher\":{\"@id\":\"https:\\\/\\\/lospoliticosveracruz.com\\\/#organization\"},\"potentialAction\":[{\"@type\":\"SearchAction\",\"target\":{\"@type\":\"EntryPoint\",\"urlTemplate\":\"https:\\\/\\\/lospoliticosveracruz.com\\\/?s={search_term_string}\"},\"query-input\":{\"@type\":\"PropertyValueSpecification\",\"valueRequired\":true,\"valueName\":\"search_term_string\"}}],\"inLanguage\":\"es\"},{\"@type\":\"Organization\",\"@id\":\"https:\\\/\\\/lospoliticosveracruz.com\\\/#organization\",\"name\":\"Los pol\u00edticos Veracruz\",\"url\":\"https:\\\/\\\/lospoliticosveracruz.com\\\/\",\"logo\":{\"@type\":\"ImageObject\",\"inLanguage\":\"es\",\"@id\":\"https:\\\/\\\/lospoliticosveracruz.com\\\/#\\\/schema\\\/logo\\\/image\\\/\",\"url\":\"https:\\\/\\\/lospoliticosveracruz.com\\\/wp-content\\\/uploads\\\/2025\\\/12\\\/Logo-Nuevo-LOS-POLITICOS-1.jpg\",\"contentUrl\":\"https:\\\/\\\/lospoliticosveracruz.com\\\/wp-content\\\/uploads\\\/2025\\\/12\\\/Logo-Nuevo-LOS-POLITICOS-1.jpg\",\"width\":260,\"height\":70,\"caption\":\"Los pol\u00edticos Veracruz\"},\"image\":{\"@id\":\"https:\\\/\\\/lospoliticosveracruz.com\\\/#\\\/schema\\\/logo\\\/image\\\/\"},\"sameAs\":[\"https:\\\/\\\/www.facebook.com\\\/people\\\/Notimemes-de-los-Polticos\\\/61565672886568\\\/\",\"https:\\\/\\\/x.com\\\/LosPoliticosVer\"]},{\"@type\":\"Person\",\"@id\":\"https:\\\/\\\/lospoliticosveracruz.com\\\/#\\\/schema\\\/person\\\/b8702bb0e538456e6efd07080bf2a4a2\",\"name\":\"Lo viste en Los Pol\u00edticos\",\"image\":{\"@type\":\"ImageObject\",\"inLanguage\":\"es\",\"@id\":\"https:\\\/\\\/secure.gravatar.com\\\/avatar\\\/3a8de04a2656d44082be478bd6c086daa447c4651605818287b9532d3d0bd435?s=96&d=mm&r=g\",\"url\":\"https:\\\/\\\/secure.gravatar.com\\\/avatar\\\/3a8de04a2656d44082be478bd6c086daa447c4651605818287b9532d3d0bd435?s=96&d=mm&r=g\",\"contentUrl\":\"https:\\\/\\\/secure.gravatar.com\\\/avatar\\\/3a8de04a2656d44082be478bd6c086daa447c4651605818287b9532d3d0bd435?s=96&d=mm&r=g\",\"caption\":\"Lo viste en Los Pol\u00edticos\"},\"url\":\"https:\\\/\\\/lospoliticosveracruz.com\\\/?author=2\"}]}<\/script>\n<!-- \/ Yoast SEO plugin. -->","yoast_head_json":{"title":"Sedema, duro contra ecolocos! - Los pol\u00edticos Veracruz","robots":{"index":"index","follow":"follow","max-snippet":"max-snippet:-1","max-image-preview":"max-image-preview:large","max-video-preview":"max-video-preview:-1"},"canonical":"https:\/\/lospoliticosveracruz.com\/?p=83045","og_locale":"es_ES","og_type":"article","og_title":"Sedema, duro contra ecolocos! - Los pol\u00edticos Veracruz","og_description":"Xalapa En la entidad se combate la corrupci\u00f3n y se frenan las obras que atentan contra el medio ambiente, porque el precepto es que ning\u00fan inter\u00e9s econ\u00f3mico privado est\u00e9 por encima de la ley que lo protege, declar\u00f3 el diputado por Morena, Paul Mart\u00ednez Marie, al participar en la comparecencia del titular de la Secretar\u00eda [&hellip;]","og_url":"https:\/\/lospoliticosveracruz.com\/?p=83045","og_site_name":"Los pol\u00edticos Veracruz","article_publisher":"https:\/\/www.facebook.com\/people\/Notimemes-de-los-Polticos\/61565672886568\/","article_published_time":"2021-12-07T23:00:52+00:00","article_modified_time":"2021-12-07T23:01:07+00:00","og_image":[{"width":200,"height":200,"url":"https:\/\/lospoliticosveracruz.com\/wp-content\/uploads\/2016\/07\/Logo-Dor.jpg","type":"image\/jpeg"}],"author":"Lo viste en Los Pol\u00edticos","twitter_card":"summary_large_image","twitter_creator":"@LosPoliticosVer","twitter_site":"@LosPoliticosVer","twitter_misc":{"Escrito por":"Lo viste en Los Pol\u00edticos","Tiempo de lectura":"2 minutos"},"schema":{"@context":"https:\/\/schema.org","@graph":[{"@type":"Article","@id":"https:\/\/lospoliticosveracruz.com\/?p=83045#article","isPartOf":{"@id":"https:\/\/lospoliticosveracruz.com\/?p=83045"},"author":{"name":"Lo viste en Los Pol\u00edticos","@id":"https:\/\/lospoliticosveracruz.com\/#\/schema\/person\/b8702bb0e538456e6efd07080bf2a4a2"},"headline":"Sedema, duro contra ecolocos!","datePublished":"2021-12-07T23:00:52+00:00","dateModified":"2021-12-07T23:01:07+00:00","mainEntityOfPage":{"@id":"https:\/\/lospoliticosveracruz.com\/?p=83045"},"wordCount":464,"publisher":{"@id":"https:\/\/lospoliticosveracruz.com\/#organization"},"keywords":["Juan Carlos Contreras Bautista","Morena","Paul Mart\u00ednez Marie","Veracruz"],"articleSection":["De Boleto"],"inLanguage":"es"},{"@type":"WebPage","@id":"https:\/\/lospoliticosveracruz.com\/?p=83045","url":"https:\/\/lospoliticosveracruz.com\/?p=83045","name":"Sedema, duro contra ecolocos! - Los pol\u00edticos Veracruz","isPartOf":{"@id":"https:\/\/lospoliticosveracruz.com\/#website"},"datePublished":"2021-12-07T23:00:52+00:00","dateModified":"2021-12-07T23:01:07+00:00","breadcrumb":{"@id":"https:\/\/lospoliticosveracruz.com\/?p=83045#breadcrumb"},"inLanguage":"es","potentialAction":[{"@type":"ReadAction","target":["https:\/\/lospoliticosveracruz.com\/?p=83045"]}]},{"@type":"BreadcrumbList","@id":"https:\/\/lospoliticosveracruz.com\/?p=83045#breadcrumb","itemListElement":[{"@type":"ListItem","position":1,"name":"Portada","item":"https:\/\/lospoliticosveracruz.com\/"},{"@type":"ListItem","position":2,"name":"Sedema, duro contra ecolocos!"}]},{"@type":"WebSite","@id":"https:\/\/lospoliticosveracruz.com\/#website","url":"https:\/\/lospoliticosveracruz.com\/","name":"Los pol\u00edticos Veracruz","description":"","publisher":{"@id":"https:\/\/lospoliticosveracruz.com\/#organization"},"potentialAction":[{"@type":"SearchAction","target":{"@type":"EntryPoint","urlTemplate":"https:\/\/lospoliticosveracruz.com\/?s={search_term_string}"},"query-input":{"@type":"PropertyValueSpecification","valueRequired":true,"valueName":"search_term_string"}}],"inLanguage":"es"},{"@type":"Organization","@id":"https:\/\/lospoliticosveracruz.com\/#organization","name":"Los pol\u00edticos Veracruz","url":"https:\/\/lospoliticosveracruz.com\/","logo":{"@type":"ImageObject","inLanguage":"es","@id":"https:\/\/lospoliticosveracruz.com\/#\/schema\/logo\/image\/","url":"https:\/\/lospoliticosveracruz.com\/wp-content\/uploads\/2025\/12\/Logo-Nuevo-LOS-POLITICOS-1.jpg","contentUrl":"https:\/\/lospoliticosveracruz.com\/wp-content\/uploads\/2025\/12\/Logo-Nuevo-LOS-POLITICOS-1.jpg","width":260,"height":70,"caption":"Los pol\u00edticos Veracruz"},"image":{"@id":"https:\/\/lospoliticosveracruz.com\/#\/schema\/logo\/image\/"},"sameAs":["https:\/\/www.facebook.com\/people\/Notimemes-de-los-Polticos\/61565672886568\/","https:\/\/x.com\/LosPoliticosVer"]},{"@type":"Person","@id":"https:\/\/lospoliticosveracruz.com\/#\/schema\/person\/b8702bb0e538456e6efd07080bf2a4a2","name":"Lo viste en Los Pol\u00edticos","image":{"@type":"ImageObject","inLanguage":"es","@id":"https:\/\/secure.gravatar.com\/avatar\/3a8de04a2656d44082be478bd6c086daa447c4651605818287b9532d3d0bd435?s=96&d=mm&r=g","url":"https:\/\/secure.gravatar.com\/avatar\/3a8de04a2656d44082be478bd6c086daa447c4651605818287b9532d3d0bd435?s=96&d=mm&r=g","contentUrl":"https:\/\/secure.gravatar.com\/avatar\/3a8de04a2656d44082be478bd6c086daa447c4651605818287b9532d3d0bd435?s=96&d=mm&r=g","caption":"Lo viste en Los Pol\u00edticos"},"url":"https:\/\/lospoliticosveracruz.com\/?author=2"}]}},"_links":{"self":[{"href":"https:\/\/lospoliticosveracruz.com\/index.php?rest_route=\/wp\/v2\/posts\/83045","targetHints":{"allow":["GET"]}}],"collection":[{"href":"https:\/\/lospoliticosveracruz.com\/index.php?rest_route=\/wp\/v2\/posts"}],"about":[{"href":"https:\/\/lospoliticosveracruz.com\/index.php?rest_route=\/wp\/v2\/types\/post"}],"author":[{"embeddable":true,"href":"https:\/\/lospoliticosveracruz.com\/index.php?rest_route=\/wp\/v2\/users\/2"}],"replies":[{"embeddable":true,"href":"https:\/\/lospoliticosveracruz.com\/index.php?rest_route=%2Fwp%2Fv2%2Fcomments&post=83045"}],"version-history":[{"count":1,"href":"https:\/\/lospoliticosveracruz.com\/index.php?rest_route=\/wp\/v2\/posts\/83045\/revisions"}],"predecessor-version":[{"id":83047,"href":"https:\/\/lospoliticosveracruz.com\/index.php?rest_route=\/wp\/v2\/posts\/83045\/revisions\/83047"}],"wp:attachment":[{"href":"https:\/\/lospoliticosveracruz.com\/index.php?rest_route=%2Fwp%2Fv2%2Fmedia&parent=83045"}],"wp:term":[{"taxonomy":"category","embeddable":true,"href":"https:\/\/lospoliticosveracruz.com\/index.php?rest_route=%2Fwp%2Fv2%2Fcategories&post=83045"},{"taxonomy":"post_tag","embeddable":true,"href":"https:\/\/lospoliticosveracruz.com\/index.php?rest_route=%2Fwp%2Fv2%2Ftags&post=83045"}],"curies":[{"name":"wp","href":"https:\/\/api.w.org\/{rel}","templated":true}]}}