{"id":83049,"date":"2021-12-08T05:16:00","date_gmt":"2021-12-08T11:16:00","guid":{"rendered":"https:\/\/lospoliticosveracruz.com.mx\/?p=83049"},"modified":"2021-12-07T17:22:43","modified_gmt":"2021-12-07T23:22:43","slug":"paty-y-exsome-el-peor-escenario","status":"publish","type":"post","link":"https:\/\/lospoliticosveracruz.com\/?p=83049","title":{"rendered":"Paty y Exsome: el peor escenario"},"content":{"rendered":"\n<p><strong>Salvador Mu\u00f1oz<br><\/strong><em>Los Pol\u00edticos<\/em><\/p>\n\n\n\n<p><\/p>\n\n\n\n<p>Si una indicaci\u00f3n hab\u00eda que obedecer en la redacci\u00f3n del peri\u00f3dico Pol\u00edtica, era no dejar de poner Magistrado (as\u00ed, con may\u00fascula) al de la toga, porque dec\u00eda Yayo Guti\u00e9rrez que era una forma de darles su lugar pero a la vez, ellos se sent\u00edan empoderados con el t\u00edtulo, ganado a pulso, hombres y mujeres con conocimiento de causa y sobre todo, con libre albedr\u00edo, autonom\u00eda y sentido del honor que convidaba el y al Poder Judicial\u2026 hasta que Yolanda Casta\u00f1eda vino a exponer una nueva realidad en el Palacio de la Justicia: \u201cCualquier pendejo o pendeja puede ser magistrado\u201d. La min\u00fascula es m\u00eda.<\/p>\n\n\n\n<div class=\"wp-block-image\"><figure class=\"alignleft size-large is-resized\"><a href=\"https:\/\/lospoliticosveracruz.com.mx\/wp-content\/uploads\/2021\/10\/WhatsApp-Image-2021-10-02-at-15.20.25.jpeg\"><img loading=\"lazy\" decoding=\"async\" src=\"https:\/\/lospoliticosveracruz.com.mx\/wp-content\/uploads\/2021\/10\/WhatsApp-Image-2021-10-02-at-15.20.25-724x1024.jpeg\" alt=\"\" class=\"wp-image-80177\" width=\"250\" height=\"350\"\/><\/a><\/figure><\/div>\n\n\n\n<p><br>Quienes est\u00e1n inmersos en los recovecos de las leyes, tienen una percepci\u00f3n de muchos de la nueva camada de magistrados (no s\u00f3lo en el Palacio de Justicia sobre L\u00e1zaro C\u00e1rdenas): son como las galletas de animalitos\u2026 por supuesto, igual consideran que debe de haber un garbanzo de a libra\u2026 con ese sentido del honor al que platicaba Yayo.<br>II<br>En el 2018, se refer\u00eda a un candidato como El Se\u00f1or. En aras de quedar bien, no se puede entender de otra manera, tuvo el empacho de preguntarle en alguna ocasi\u00f3n c\u00f3mo quer\u00eda que se acomodara el Podium del debate entre candidatos a la Gubernatura. Lo que son las cosas. De la atenci\u00f3n desmedida de en ese entonces una Consejera, pas\u00f3 a una Magistrada exigente con su trabajo, en especial en el caso de la elecci\u00f3n de Veracruz\u2026 \u00a1claro que su posici\u00f3n puede tener muchas aristas! Para algunos, da gusto el profesionalismo de la Magistrada\u2026 para otros, no es m\u00e1s que el abaratamiento de la toga.<br>III<br>No se trata estar a favor de los Yunes o de Exsome, sino de contemplar los escenarios y en pol\u00edtica, mal hace quien s\u00f3lo celebra los positivos\u2026 porque embrutecen al que los recibe y genera confianza falsa. La regla dice: siempre hay que asumir el peor escenario, por eso, \u00bfqu\u00e9 pasa si pasadas las 48 horas del caso Veracruz, se resuelve anular la elecci\u00f3n municipal?<br>Para los Yunes, el escenario se tendr\u00eda que concentrar en la Sala Superior\u2026<br>Y si el resultado fuera negativo para Exsome\u2026 \u00bfse tendr\u00eda que concentrar en la Sala Superior tambi\u00e9n?<br>IV<br>Hasta el momento, pudiera parecer un escenario adverso para los Yunes\u2026 y si lo not\u00f3, se dar\u00e1 cuenta que nos referimos a una familia, no a un partido\u2026 pero, \u00bfqu\u00e9 pasa si el primero de enero, Patricia Lobeira despacha en palacio municipal? De cierto modo se podr\u00e1 hablar de la oportunidad de una familia de recomponer sus esquemas, de conformar nuevas formas de hacer pol\u00edtica, e iniciar la reposici\u00f3n de sus piezas, sea con el PAN o con quien haya que hacerlo\u2026 porque a partir del 2022, inicia otro frente de batalla.<\/p>\n\n\n\n<p><strong>El miedo no anda en Elio<br><\/strong>Tras la renuncia del director general de Caminos y Carreteras Estatales, Gerardo G\u00f3mez Salazar, la l\u00f3gica conlleva a que haya algunos movimientos en esa subdirecci\u00f3n as\u00ed como en jefes de departamento\u2026 \u00bfpero solicitar renuncias en pleno cierre administrativo y posible subejercicio adem\u00e1s de la exhibida que le dieron a Elio de que pagaba obras sin concluir?<br>Algo debe estar preocupando a Elio Hern\u00e1ndez tras la renuncia de G\u00f3mez Salazar y m\u00e1s cuando se rumora que fue por una cuesti\u00f3n de \u00e9tica por la que el hoy ex funcionario opt\u00f3 por hacerse a un lado\u2026 mientras, los despidos est\u00e1n a la orden del d\u00eda en SIOP, como si acomodaran las cosas para que en la pr\u00f3xima comparecencia del gobernador no haya algo con lo que puedan incomodarlo.<\/p>\n\n\n\n<p><strong>\u00bfY los diputados del PAN?<br><\/strong>Al interior del PAN (es decir, de los militantes) la coincidencia es que hac\u00eda a\u00f1os que no se ve\u00eda una bancada tan pobre durante las comparecencias\u2026<br>Si en algo se caracteriz\u00f3 en las \u00faltimas legislaturas la bancada del PAN, era el Staff de Asesores as\u00ed como de Prensa con los que contaba\u2026<br>Esos tiros de precisi\u00f3n de la fracci\u00f3n pri\u00edsta que hace que secretarios como Ramos Alor se descompongan, eran los que destacaban antes al panismo\u2026<br>Por supuesto, su opacidad durante las comparecencias, a veces con intentos aislados de un Miguel Hermida o Bingen Rementer\u00eda, no es culpa de esos asesores o prensa panista, sino del mismo grupo legislativo que, en sus disputas internas, en su lucha por la dirigencia, olvidan el papel que les toca jugar como Oposici\u00f3n.<br>Desde la pasada Legislatura, el PAN jug\u00f3 a los Pap\u00e1s Divorciados, tratando como ni\u00f1os a su prensa y asesores\u2026 \u201csi le hablas a fulano, eres traidor\u201d, \u201cvente a trabajar con nosotros y no con ellos\u201d\u2026<br>A\u00f1os de preparaci\u00f3n y experiencia legislativa est\u00e1n desperdiciados por las rencillas de grupos al interior del PAN\u2026 lo mejor que le puede pasar a esta bancada azul es que ya acaben las comparecencias as\u00ed como su elecci\u00f3n interna en espera de que con ello, igual concluya el juego de Pap\u00e1s Divorciados\u2026 ni asesores, ni prensa, ni panistas se lo merecen\u2026<\/p>\n\n\n\n<p>smcainito@gmail.com<\/p>\n","protected":false},"excerpt":{"rendered":"<p>Salvador Mu\u00f1ozLos Pol\u00edticos Si una indicaci\u00f3n hab\u00eda que obedecer en la redacci\u00f3n del peri\u00f3dico Pol\u00edtica, era no dejar de poner Magistrado (as\u00ed, con may\u00fascula) al de la toga, porque dec\u00eda Yayo Guti\u00e9rrez que era una forma de darles su lugar pero a la vez, ellos se sent\u00edan empoderados con el t\u00edtulo, ganado a pulso, hombres [&hellip;]<\/p>\n","protected":false},"author":2,"featured_media":0,"comment_status":"closed","ping_status":"closed","sticky":false,"template":"","format":"standard","meta":{"tdm_status":"","tdm_grid_status":"","footnotes":""},"categories":[70],"tags":[4684,15828,31548,25954,266,28686,20649,13435,2646,342,195],"class_list":{"0":"post-83049","1":"post","2":"type-post","3":"status-publish","4":"format-standard","6":"category-de-opinion","7":"tag-bingen-rementeria","8":"tag-elio-hernandez","9":"tag-gerardo-gomez-salazar","10":"tag-miguel-hermida","11":"tag-pan","12":"tag-patricia-lobeira-de-yunes","13":"tag-ramos-alor","14":"tag-ricardo-exsome-zapata","15":"tag-salvador-munoz","16":"tag-siop","17":"tag-veracruz"},"yoast_head":"<!-- This site is optimized with the Yoast SEO plugin v27.4 - https:\/\/yoast.com\/product\/yoast-seo-wordpress\/ -->\n<title>Paty y Exsome: el peor escenario - Los pol\u00edticos Veracruz<\/title>\n<meta name=\"robots\" content=\"index, follow, max-snippet:-1, max-image-preview:large, max-video-preview:-1\" \/>\n<link rel=\"canonical\" href=\"https:\/\/lospoliticosveracruz.com\/?p=83049\" \/>\n<meta property=\"og:locale\" content=\"es_ES\" \/>\n<meta property=\"og:type\" content=\"article\" \/>\n<meta property=\"og:title\" content=\"Paty y Exsome: el peor escenario - Los pol\u00edticos Veracruz\" \/>\n<meta property=\"og:description\" content=\"Salvador Mu\u00f1ozLos Pol\u00edticos Si una indicaci\u00f3n hab\u00eda que obedecer en la redacci\u00f3n del peri\u00f3dico Pol\u00edtica, era no dejar de poner Magistrado (as\u00ed, con may\u00fascula) al de la toga, porque dec\u00eda Yayo Guti\u00e9rrez que era una forma de darles su lugar pero a la vez, ellos se sent\u00edan empoderados con el t\u00edtulo, ganado a pulso, hombres [&hellip;]\" \/>\n<meta property=\"og:url\" content=\"https:\/\/lospoliticosveracruz.com\/?p=83049\" \/>\n<meta property=\"og:site_name\" content=\"Los pol\u00edticos Veracruz\" \/>\n<meta property=\"article:publisher\" content=\"https:\/\/www.facebook.com\/people\/Notimemes-de-los-Polticos\/61565672886568\/\" \/>\n<meta property=\"article:published_time\" content=\"2021-12-08T11:16:00+00:00\" \/>\n<meta property=\"og:image\" content=\"https:\/\/lospoliticosveracruz.com.mx\/wp-content\/uploads\/2021\/10\/WhatsApp-Image-2021-10-02-at-15.20.25-724x1024.jpeg\" \/>\n<meta name=\"author\" content=\"Lo viste en Los Pol\u00edticos\" \/>\n<meta name=\"twitter:card\" content=\"summary_large_image\" \/>\n<meta name=\"twitter:creator\" content=\"@LosPoliticosVer\" \/>\n<meta name=\"twitter:site\" content=\"@LosPoliticosVer\" \/>\n<meta name=\"twitter:label1\" content=\"Escrito por\" \/>\n\t<meta name=\"twitter:data1\" content=\"Lo viste en Los Pol\u00edticos\" \/>\n\t<meta name=\"twitter:label2\" content=\"Tiempo de lectura\" \/>\n\t<meta name=\"twitter:data2\" content=\"4 minutos\" \/>\n<script type=\"application\/ld+json\" class=\"yoast-schema-graph\">{\"@context\":\"https:\\\/\\\/schema.org\",\"@graph\":[{\"@type\":\"Article\",\"@id\":\"https:\\\/\\\/lospoliticosveracruz.com\\\/?p=83049#article\",\"isPartOf\":{\"@id\":\"https:\\\/\\\/lospoliticosveracruz.com\\\/?p=83049\"},\"author\":{\"name\":\"Lo viste en Los Pol\u00edticos\",\"@id\":\"https:\\\/\\\/lospoliticosveracruz.com\\\/#\\\/schema\\\/person\\\/b8702bb0e538456e6efd07080bf2a4a2\"},\"headline\":\"Paty y Exsome: el peor escenario\",\"datePublished\":\"2021-12-08T11:16:00+00:00\",\"mainEntityOfPage\":{\"@id\":\"https:\\\/\\\/lospoliticosveracruz.com\\\/?p=83049\"},\"wordCount\":890,\"publisher\":{\"@id\":\"https:\\\/\\\/lospoliticosveracruz.com\\\/#organization\"},\"image\":{\"@id\":\"https:\\\/\\\/lospoliticosveracruz.com\\\/?p=83049#primaryimage\"},\"thumbnailUrl\":\"https:\\\/\\\/lospoliticosveracruz.com.mx\\\/wp-content\\\/uploads\\\/2021\\\/10\\\/WhatsApp-Image-2021-10-02-at-15.20.25-724x1024.jpeg\",\"keywords\":[\"Bingen Rementer\u00eda\",\"Elio Hern\u00e1ndez\",\"Gerardo G\u00f3mez Salazar\",\"Miguel Hermida\",\"PAN\",\"Patricia Lobeira de Yunes\",\"Ramos Alor\",\"Ricardo Exsome Zapata\",\"Salvador Mu\u00f1oz\",\"SIOP\",\"Veracruz\"],\"articleSection\":[\"De Opini\u00f3n\"],\"inLanguage\":\"es\"},{\"@type\":\"WebPage\",\"@id\":\"https:\\\/\\\/lospoliticosveracruz.com\\\/?p=83049\",\"url\":\"https:\\\/\\\/lospoliticosveracruz.com\\\/?p=83049\",\"name\":\"Paty y Exsome: el peor escenario - Los pol\u00edticos Veracruz\",\"isPartOf\":{\"@id\":\"https:\\\/\\\/lospoliticosveracruz.com\\\/#website\"},\"primaryImageOfPage\":{\"@id\":\"https:\\\/\\\/lospoliticosveracruz.com\\\/?p=83049#primaryimage\"},\"image\":{\"@id\":\"https:\\\/\\\/lospoliticosveracruz.com\\\/?p=83049#primaryimage\"},\"thumbnailUrl\":\"https:\\\/\\\/lospoliticosveracruz.com.mx\\\/wp-content\\\/uploads\\\/2021\\\/10\\\/WhatsApp-Image-2021-10-02-at-15.20.25-724x1024.jpeg\",\"datePublished\":\"2021-12-08T11:16:00+00:00\",\"breadcrumb\":{\"@id\":\"https:\\\/\\\/lospoliticosveracruz.com\\\/?p=83049#breadcrumb\"},\"inLanguage\":\"es\",\"potentialAction\":[{\"@type\":\"ReadAction\",\"target\":[\"https:\\\/\\\/lospoliticosveracruz.com\\\/?p=83049\"]}]},{\"@type\":\"ImageObject\",\"inLanguage\":\"es\",\"@id\":\"https:\\\/\\\/lospoliticosveracruz.com\\\/?p=83049#primaryimage\",\"url\":\"https:\\\/\\\/lospoliticosveracruz.com.mx\\\/wp-content\\\/uploads\\\/2021\\\/10\\\/WhatsApp-Image-2021-10-02-at-15.20.25-724x1024.jpeg\",\"contentUrl\":\"https:\\\/\\\/lospoliticosveracruz.com.mx\\\/wp-content\\\/uploads\\\/2021\\\/10\\\/WhatsApp-Image-2021-10-02-at-15.20.25-724x1024.jpeg\"},{\"@type\":\"BreadcrumbList\",\"@id\":\"https:\\\/\\\/lospoliticosveracruz.com\\\/?p=83049#breadcrumb\",\"itemListElement\":[{\"@type\":\"ListItem\",\"position\":1,\"name\":\"Portada\",\"item\":\"https:\\\/\\\/lospoliticosveracruz.com\\\/\"},{\"@type\":\"ListItem\",\"position\":2,\"name\":\"Paty y Exsome: el peor escenario\"}]},{\"@type\":\"WebSite\",\"@id\":\"https:\\\/\\\/lospoliticosveracruz.com\\\/#website\",\"url\":\"https:\\\/\\\/lospoliticosveracruz.com\\\/\",\"name\":\"Los pol\u00edticos Veracruz\",\"description\":\"\",\"publisher\":{\"@id\":\"https:\\\/\\\/lospoliticosveracruz.com\\\/#organization\"},\"potentialAction\":[{\"@type\":\"SearchAction\",\"target\":{\"@type\":\"EntryPoint\",\"urlTemplate\":\"https:\\\/\\\/lospoliticosveracruz.com\\\/?s={search_term_string}\"},\"query-input\":{\"@type\":\"PropertyValueSpecification\",\"valueRequired\":true,\"valueName\":\"search_term_string\"}}],\"inLanguage\":\"es\"},{\"@type\":\"Organization\",\"@id\":\"https:\\\/\\\/lospoliticosveracruz.com\\\/#organization\",\"name\":\"Los pol\u00edticos Veracruz\",\"url\":\"https:\\\/\\\/lospoliticosveracruz.com\\\/\",\"logo\":{\"@type\":\"ImageObject\",\"inLanguage\":\"es\",\"@id\":\"https:\\\/\\\/lospoliticosveracruz.com\\\/#\\\/schema\\\/logo\\\/image\\\/\",\"url\":\"https:\\\/\\\/lospoliticosveracruz.com\\\/wp-content\\\/uploads\\\/2025\\\/12\\\/Logo-Nuevo-LOS-POLITICOS-1.jpg\",\"contentUrl\":\"https:\\\/\\\/lospoliticosveracruz.com\\\/wp-content\\\/uploads\\\/2025\\\/12\\\/Logo-Nuevo-LOS-POLITICOS-1.jpg\",\"width\":260,\"height\":70,\"caption\":\"Los pol\u00edticos Veracruz\"},\"image\":{\"@id\":\"https:\\\/\\\/lospoliticosveracruz.com\\\/#\\\/schema\\\/logo\\\/image\\\/\"},\"sameAs\":[\"https:\\\/\\\/www.facebook.com\\\/people\\\/Notimemes-de-los-Polticos\\\/61565672886568\\\/\",\"https:\\\/\\\/x.com\\\/LosPoliticosVer\"]},{\"@type\":\"Person\",\"@id\":\"https:\\\/\\\/lospoliticosveracruz.com\\\/#\\\/schema\\\/person\\\/b8702bb0e538456e6efd07080bf2a4a2\",\"name\":\"Lo viste en Los Pol\u00edticos\",\"image\":{\"@type\":\"ImageObject\",\"inLanguage\":\"es\",\"@id\":\"https:\\\/\\\/secure.gravatar.com\\\/avatar\\\/3a8de04a2656d44082be478bd6c086daa447c4651605818287b9532d3d0bd435?s=96&d=mm&r=g\",\"url\":\"https:\\\/\\\/secure.gravatar.com\\\/avatar\\\/3a8de04a2656d44082be478bd6c086daa447c4651605818287b9532d3d0bd435?s=96&d=mm&r=g\",\"contentUrl\":\"https:\\\/\\\/secure.gravatar.com\\\/avatar\\\/3a8de04a2656d44082be478bd6c086daa447c4651605818287b9532d3d0bd435?s=96&d=mm&r=g\",\"caption\":\"Lo viste en Los Pol\u00edticos\"},\"url\":\"https:\\\/\\\/lospoliticosveracruz.com\\\/?author=2\"}]}<\/script>\n<!-- \/ Yoast SEO plugin. -->","yoast_head_json":{"title":"Paty y Exsome: el peor escenario - Los pol\u00edticos Veracruz","robots":{"index":"index","follow":"follow","max-snippet":"max-snippet:-1","max-image-preview":"max-image-preview:large","max-video-preview":"max-video-preview:-1"},"canonical":"https:\/\/lospoliticosveracruz.com\/?p=83049","og_locale":"es_ES","og_type":"article","og_title":"Paty y Exsome: el peor escenario - Los pol\u00edticos Veracruz","og_description":"Salvador Mu\u00f1ozLos Pol\u00edticos Si una indicaci\u00f3n hab\u00eda que obedecer en la redacci\u00f3n del peri\u00f3dico Pol\u00edtica, era no dejar de poner Magistrado (as\u00ed, con may\u00fascula) al de la toga, porque dec\u00eda Yayo Guti\u00e9rrez que era una forma de darles su lugar pero a la vez, ellos se sent\u00edan empoderados con el t\u00edtulo, ganado a pulso, hombres [&hellip;]","og_url":"https:\/\/lospoliticosveracruz.com\/?p=83049","og_site_name":"Los pol\u00edticos Veracruz","article_publisher":"https:\/\/www.facebook.com\/people\/Notimemes-de-los-Polticos\/61565672886568\/","article_published_time":"2021-12-08T11:16:00+00:00","og_image":[{"url":"https:\/\/lospoliticosveracruz.com.mx\/wp-content\/uploads\/2021\/10\/WhatsApp-Image-2021-10-02-at-15.20.25-724x1024.jpeg","type":"","width":"","height":""}],"author":"Lo viste en Los Pol\u00edticos","twitter_card":"summary_large_image","twitter_creator":"@LosPoliticosVer","twitter_site":"@LosPoliticosVer","twitter_misc":{"Escrito por":"Lo viste en Los Pol\u00edticos","Tiempo de lectura":"4 minutos"},"schema":{"@context":"https:\/\/schema.org","@graph":[{"@type":"Article","@id":"https:\/\/lospoliticosveracruz.com\/?p=83049#article","isPartOf":{"@id":"https:\/\/lospoliticosveracruz.com\/?p=83049"},"author":{"name":"Lo viste en Los Pol\u00edticos","@id":"https:\/\/lospoliticosveracruz.com\/#\/schema\/person\/b8702bb0e538456e6efd07080bf2a4a2"},"headline":"Paty y Exsome: el peor escenario","datePublished":"2021-12-08T11:16:00+00:00","mainEntityOfPage":{"@id":"https:\/\/lospoliticosveracruz.com\/?p=83049"},"wordCount":890,"publisher":{"@id":"https:\/\/lospoliticosveracruz.com\/#organization"},"image":{"@id":"https:\/\/lospoliticosveracruz.com\/?p=83049#primaryimage"},"thumbnailUrl":"https:\/\/lospoliticosveracruz.com.mx\/wp-content\/uploads\/2021\/10\/WhatsApp-Image-2021-10-02-at-15.20.25-724x1024.jpeg","keywords":["Bingen Rementer\u00eda","Elio Hern\u00e1ndez","Gerardo G\u00f3mez Salazar","Miguel Hermida","PAN","Patricia Lobeira de Yunes","Ramos Alor","Ricardo Exsome Zapata","Salvador Mu\u00f1oz","SIOP","Veracruz"],"articleSection":["De Opini\u00f3n"],"inLanguage":"es"},{"@type":"WebPage","@id":"https:\/\/lospoliticosveracruz.com\/?p=83049","url":"https:\/\/lospoliticosveracruz.com\/?p=83049","name":"Paty y Exsome: el peor escenario - Los pol\u00edticos Veracruz","isPartOf":{"@id":"https:\/\/lospoliticosveracruz.com\/#website"},"primaryImageOfPage":{"@id":"https:\/\/lospoliticosveracruz.com\/?p=83049#primaryimage"},"image":{"@id":"https:\/\/lospoliticosveracruz.com\/?p=83049#primaryimage"},"thumbnailUrl":"https:\/\/lospoliticosveracruz.com.mx\/wp-content\/uploads\/2021\/10\/WhatsApp-Image-2021-10-02-at-15.20.25-724x1024.jpeg","datePublished":"2021-12-08T11:16:00+00:00","breadcrumb":{"@id":"https:\/\/lospoliticosveracruz.com\/?p=83049#breadcrumb"},"inLanguage":"es","potentialAction":[{"@type":"ReadAction","target":["https:\/\/lospoliticosveracruz.com\/?p=83049"]}]},{"@type":"ImageObject","inLanguage":"es","@id":"https:\/\/lospoliticosveracruz.com\/?p=83049#primaryimage","url":"https:\/\/lospoliticosveracruz.com.mx\/wp-content\/uploads\/2021\/10\/WhatsApp-Image-2021-10-02-at-15.20.25-724x1024.jpeg","contentUrl":"https:\/\/lospoliticosveracruz.com.mx\/wp-content\/uploads\/2021\/10\/WhatsApp-Image-2021-10-02-at-15.20.25-724x1024.jpeg"},{"@type":"BreadcrumbList","@id":"https:\/\/lospoliticosveracruz.com\/?p=83049#breadcrumb","itemListElement":[{"@type":"ListItem","position":1,"name":"Portada","item":"https:\/\/lospoliticosveracruz.com\/"},{"@type":"ListItem","position":2,"name":"Paty y Exsome: el peor escenario"}]},{"@type":"WebSite","@id":"https:\/\/lospoliticosveracruz.com\/#website","url":"https:\/\/lospoliticosveracruz.com\/","name":"Los pol\u00edticos Veracruz","description":"","publisher":{"@id":"https:\/\/lospoliticosveracruz.com\/#organization"},"potentialAction":[{"@type":"SearchAction","target":{"@type":"EntryPoint","urlTemplate":"https:\/\/lospoliticosveracruz.com\/?s={search_term_string}"},"query-input":{"@type":"PropertyValueSpecification","valueRequired":true,"valueName":"search_term_string"}}],"inLanguage":"es"},{"@type":"Organization","@id":"https:\/\/lospoliticosveracruz.com\/#organization","name":"Los pol\u00edticos Veracruz","url":"https:\/\/lospoliticosveracruz.com\/","logo":{"@type":"ImageObject","inLanguage":"es","@id":"https:\/\/lospoliticosveracruz.com\/#\/schema\/logo\/image\/","url":"https:\/\/lospoliticosveracruz.com\/wp-content\/uploads\/2025\/12\/Logo-Nuevo-LOS-POLITICOS-1.jpg","contentUrl":"https:\/\/lospoliticosveracruz.com\/wp-content\/uploads\/2025\/12\/Logo-Nuevo-LOS-POLITICOS-1.jpg","width":260,"height":70,"caption":"Los pol\u00edticos Veracruz"},"image":{"@id":"https:\/\/lospoliticosveracruz.com\/#\/schema\/logo\/image\/"},"sameAs":["https:\/\/www.facebook.com\/people\/Notimemes-de-los-Polticos\/61565672886568\/","https:\/\/x.com\/LosPoliticosVer"]},{"@type":"Person","@id":"https:\/\/lospoliticosveracruz.com\/#\/schema\/person\/b8702bb0e538456e6efd07080bf2a4a2","name":"Lo viste en Los Pol\u00edticos","image":{"@type":"ImageObject","inLanguage":"es","@id":"https:\/\/secure.gravatar.com\/avatar\/3a8de04a2656d44082be478bd6c086daa447c4651605818287b9532d3d0bd435?s=96&d=mm&r=g","url":"https:\/\/secure.gravatar.com\/avatar\/3a8de04a2656d44082be478bd6c086daa447c4651605818287b9532d3d0bd435?s=96&d=mm&r=g","contentUrl":"https:\/\/secure.gravatar.com\/avatar\/3a8de04a2656d44082be478bd6c086daa447c4651605818287b9532d3d0bd435?s=96&d=mm&r=g","caption":"Lo viste en Los Pol\u00edticos"},"url":"https:\/\/lospoliticosveracruz.com\/?author=2"}]}},"_links":{"self":[{"href":"https:\/\/lospoliticosveracruz.com\/index.php?rest_route=\/wp\/v2\/posts\/83049","targetHints":{"allow":["GET"]}}],"collection":[{"href":"https:\/\/lospoliticosveracruz.com\/index.php?rest_route=\/wp\/v2\/posts"}],"about":[{"href":"https:\/\/lospoliticosveracruz.com\/index.php?rest_route=\/wp\/v2\/types\/post"}],"author":[{"embeddable":true,"href":"https:\/\/lospoliticosveracruz.com\/index.php?rest_route=\/wp\/v2\/users\/2"}],"replies":[{"embeddable":true,"href":"https:\/\/lospoliticosveracruz.com\/index.php?rest_route=%2Fwp%2Fv2%2Fcomments&post=83049"}],"version-history":[{"count":1,"href":"https:\/\/lospoliticosveracruz.com\/index.php?rest_route=\/wp\/v2\/posts\/83049\/revisions"}],"predecessor-version":[{"id":83051,"href":"https:\/\/lospoliticosveracruz.com\/index.php?rest_route=\/wp\/v2\/posts\/83049\/revisions\/83051"}],"wp:attachment":[{"href":"https:\/\/lospoliticosveracruz.com\/index.php?rest_route=%2Fwp%2Fv2%2Fmedia&parent=83049"}],"wp:term":[{"taxonomy":"category","embeddable":true,"href":"https:\/\/lospoliticosveracruz.com\/index.php?rest_route=%2Fwp%2Fv2%2Fcategories&post=83049"},{"taxonomy":"post_tag","embeddable":true,"href":"https:\/\/lospoliticosveracruz.com\/index.php?rest_route=%2Fwp%2Fv2%2Ftags&post=83049"}],"curies":[{"name":"wp","href":"https:\/\/api.w.org\/{rel}","templated":true}]}}