{"id":83060,"date":"2021-12-08T05:33:00","date_gmt":"2021-12-08T11:33:00","guid":{"rendered":"https:\/\/lospoliticosveracruz.com.mx\/?p=83060"},"modified":"2021-12-07T21:40:30","modified_gmt":"2021-12-08T03:40:30","slug":"la-inevitable-evolucion-etica","status":"publish","type":"post","link":"https:\/\/lospoliticosveracruz.com\/?p=83060","title":{"rendered":"La inevitable evoluci\u00f3n \u00e9tica"},"content":{"rendered":"\n<p><strong>Luis Ernesto Gonz\u00e1lez<br><\/strong><em>Reflexiones desde el Movimiento Consciencia<\/em><\/p>\n\n\n\n<p><\/p>\n\n\n\n<p>La Tierra fue plana, los indios no ten\u00edan alma, los arios deb\u00edan gobernar el mundo por su superioridad racial y los toros amaban sufrir en el ruedo con tal de demostrar su trap\u00edo. Y no s\u00f3lo eso: la esclavitud era un formidable sistema de gobierno, los p\u00e1jaros se sent\u00edan muy seguros en sus jaulas y no extra\u00f1aban su h\u00e1bitat, las mujeres se realizaban cuando estaban detr\u00e1s de un gran hombre y la camisa planchada era el signo de la victoriosa sumisi\u00f3n. Y no s\u00f3lo eso\u2026<br>Pero no quiero aburrirte, amable lector. Debo ser un aguafiestas y decir que\u2026 estamos en el siglo XXI y ahora s\u00f3lo un negacionista extremo (los hay, \u00bfeh?) dir\u00eda que la Tierra es plana. El mundo (a\u00fan) no acepta de regreso el racismo de Gobineau que abri\u00f3 paso a los nazis; los negros, los indios, los oprimidos, las mujeres ya no alzan la camisa blanca como signo de victoria ni tampoco de paz: ahora luchan por la libertad, la equidad, los derechos humanos\u2026<\/p>\n\n\n\n<div class=\"wp-block-image\"><figure class=\"alignleft size-medium\"><a href=\"https:\/\/lospoliticosveracruz.com.mx\/wp-content\/uploads\/2021\/12\/tauromaquia-2.jpg\"><img decoding=\"async\" src=\"https:\/\/lospoliticosveracruz.com.mx\/wp-content\/uploads\/2021\/12\/tauromaquia-2-300x169.jpg\" alt=\"\" class=\"wp-image-83064\"\/><\/a><\/figure><\/div>\n\n\n\n<p><br>Tristemente, el silencio de los animales, su nobleza, su natural sabidur\u00eda para eludir el dolor se suman a la sordera y la soberbia humanas y ellos se han quedado atr\u00e1s en la lucha por el mundo mejor. Es a nosotros, semidiosecillos del miedo y la ambici\u00f3n, a quienes toca darles el sitio, no s\u00f3lo que merecen, sino que hab\u00eda sido suyo antes de que los invadi\u00e9ramos y los crey\u00e9ramos s\u00edmbolo antes que ser vivo y sintiente. D\u00e1ndoles su sitio, nos lo damos tambi\u00e9n a nosotros.<br>La Tierra ya no es redonda, la serpiente ya no es la chismosa vitri\u00f3lica, el burro ya no es el tonto y el cerdo ya no es el ambicioso sin llenadera. As\u00ed son las cosas en el camino al futuro mejor.<br>En M\u00e9xico, el asunto de la tortura y el \u00abmalestar\u00bb animal est\u00e1 muy lejos, no ya de resolverse, sino siquiera de ser visible. Los comemos, los humillamos, los maltratamos, los enjaulamos, los sometemos\u2026 y creemos que eso est\u00e1 bien. La gente asiste a las corridas de toros convencida de estar viendo un espect\u00e1culo, un arte, una representaci\u00f3n mitol\u00f3gica del hombre venciendo a las fuerzas del mal.<br>Por eso, y por el actual escenario pol\u00edtico partidista nacional, esta en\u00e9sima intentona de prohibir las corridas en la capital despierta a la vez esperanza y suspicacias. \u00bfMorena traicion\u00f3 a los toros en comisiones? \u00bfEl Verde s\u00ed les cumple siempre de los siempres? Hasta los animalistas se dividen en ej\u00e9rcitos de palabrer\u00eda. S\u00ed, de Morena depende, dado que es el partido mayoritario, el destino final de este dictamen antitaurino que subir\u00e1 al Pleno gracias a su aprobaci\u00f3n en la Comisi\u00f3n de Bienestar Animal de la Ciudad de M\u00e9xico.<\/p>\n\n\n\n<div class=\"wp-block-image\"><figure class=\"alignleft size-medium\"><a href=\"https:\/\/lospoliticosveracruz.com.mx\/wp-content\/uploads\/2021\/12\/tauromaquia-1.jpg\"><img decoding=\"async\" src=\"https:\/\/lospoliticosveracruz.com.mx\/wp-content\/uploads\/2021\/12\/tauromaquia-1-300x200.jpg\" alt=\"\" class=\"wp-image-83063\"\/><\/a><\/figure><\/div>\n\n\n\n<p><br>\u00bfQu\u00e9 n\u00fameros, qu\u00e9 c\u00e1lculos pol\u00edticos est\u00e1n en esta trama y su trastrama? No lo sabemos. A veces, quien est\u00e1 a favor vota en contra o se abstiene, seg\u00fan tiempos, ganancias y botines o motines. A veces hay votos favorables aunque la mano alzada ame la pegajosa sensaci\u00f3n de mancharse de sangre inocente reci\u00e9n banderillada.<br>Los toros no saben que hay gente que desea para ellos un final diferente que la tortura y la implacable insolaci\u00f3n del ruedo. Ellos pacen tranquilos hasta que los se\u00f1ores en quienes conf\u00edan los mandan con sus verdugos. Ellos no atacar\u00e1n mientras no los provoquen\u2026 y entonces ser\u00e1 tarde, pues los seviciosos llegar\u00e1n armados, en traje de luces y con el m\u00e9dico tras bambalinas, con el instrumental de lenta muerte listo y reluciente. Lo \u00faltimo que escuchar\u00e1n ser\u00e1n enfebrecidos oles, gritos de alegr\u00eda y emoci\u00f3n, apoteosis.<br>Su silencio noble exige de nosotros estar dignamente cerca: a su mirada honda de universo sin estrellas, nuestra voz, nuestra presi\u00f3n, nuestra empat\u00eda. Y no, el diputado Quadri se equivoca: no hay que ser 100% veganos para entender que no es lo mismo (a estas alturas del comienzo de nuestro despertar \u00e9tico) comer cad\u00e1veres reci\u00e9n salidos del refri, que gozar con un espect\u00e1culo infernal en vivo, en herido, en muerto y a todo color, y llamarlo arte. Pero llegar\u00e1 el d\u00eda en que s\u00ed sean lo mismo. Llegar\u00e1 el d\u00eda de la bondad, a no dudarlo. Seamos su cimiento.<\/p>\n\n\n\n<p>Luis Ernesto Gonz\u00e1lez Soto, poeta, editor y periodista, miembro de la Red de artistas e intelectuales por la abolici\u00f3n de la tauromaquia<\/p>\n","protected":false},"excerpt":{"rendered":"<p>Luis Ernesto Gonz\u00e1lezReflexiones desde el Movimiento Consciencia La Tierra fue plana, los indios no ten\u00edan alma, los arios deb\u00edan gobernar el mundo por su superioridad racial y los toros amaban sufrir en el ruedo con tal de demostrar su trap\u00edo. Y no s\u00f3lo eso: la esclavitud era un formidable sistema de gobierno, los p\u00e1jaros se [&hellip;]<\/p>\n","protected":false},"author":2,"featured_media":0,"comment_status":"closed","ping_status":"closed","sticky":false,"template":"","format":"standard","meta":{"tdm_status":"","tdm_grid_status":"","footnotes":""},"categories":[6451],"tags":[8447,31551,8706],"class_list":{"0":"post-83060","1":"post","2":"type-post","3":"status-publish","4":"format-standard","6":"category-historias_de_amigos","7":"tag-gabriel-quadri-de-la-torre","8":"tag-luis-ernesto-gonzalez-soto","9":"tag-tauromaquia"},"yoast_head":"<!-- This site is optimized with the Yoast SEO plugin v27.4 - https:\/\/yoast.com\/product\/yoast-seo-wordpress\/ -->\n<title>La inevitable evoluci\u00f3n \u00e9tica - Los pol\u00edticos Veracruz<\/title>\n<meta name=\"robots\" content=\"index, follow, max-snippet:-1, max-image-preview:large, max-video-preview:-1\" \/>\n<link rel=\"canonical\" href=\"https:\/\/lospoliticosveracruz.com\/?p=83060\" \/>\n<meta property=\"og:locale\" content=\"es_ES\" \/>\n<meta property=\"og:type\" content=\"article\" \/>\n<meta property=\"og:title\" content=\"La inevitable evoluci\u00f3n \u00e9tica - Los pol\u00edticos Veracruz\" \/>\n<meta property=\"og:description\" content=\"Luis Ernesto Gonz\u00e1lezReflexiones desde el Movimiento Consciencia La Tierra fue plana, los indios no ten\u00edan alma, los arios deb\u00edan gobernar el mundo por su superioridad racial y los toros amaban sufrir en el ruedo con tal de demostrar su trap\u00edo. Y no s\u00f3lo eso: la esclavitud era un formidable sistema de gobierno, los p\u00e1jaros se [&hellip;]\" \/>\n<meta property=\"og:url\" content=\"https:\/\/lospoliticosveracruz.com\/?p=83060\" \/>\n<meta property=\"og:site_name\" content=\"Los pol\u00edticos Veracruz\" \/>\n<meta property=\"article:publisher\" content=\"https:\/\/www.facebook.com\/people\/Notimemes-de-los-Polticos\/61565672886568\/\" \/>\n<meta property=\"article:published_time\" content=\"2021-12-08T11:33:00+00:00\" \/>\n<meta property=\"og:image\" content=\"https:\/\/lospoliticosveracruz.com.mx\/wp-content\/uploads\/2021\/12\/tauromaquia-2-300x169.jpg\" \/>\n<meta name=\"author\" content=\"Lo viste en Los Pol\u00edticos\" \/>\n<meta name=\"twitter:card\" content=\"summary_large_image\" \/>\n<meta name=\"twitter:creator\" content=\"@LosPoliticosVer\" \/>\n<meta name=\"twitter:site\" content=\"@LosPoliticosVer\" \/>\n<meta name=\"twitter:label1\" content=\"Escrito por\" \/>\n\t<meta name=\"twitter:data1\" content=\"Lo viste en Los Pol\u00edticos\" \/>\n\t<meta name=\"twitter:label2\" content=\"Tiempo de lectura\" \/>\n\t<meta name=\"twitter:data2\" content=\"4 minutos\" \/>\n<script type=\"application\/ld+json\" class=\"yoast-schema-graph\">{\"@context\":\"https:\\\/\\\/schema.org\",\"@graph\":[{\"@type\":\"Article\",\"@id\":\"https:\\\/\\\/lospoliticosveracruz.com\\\/?p=83060#article\",\"isPartOf\":{\"@id\":\"https:\\\/\\\/lospoliticosveracruz.com\\\/?p=83060\"},\"author\":{\"name\":\"Lo viste en Los Pol\u00edticos\",\"@id\":\"https:\\\/\\\/lospoliticosveracruz.com\\\/#\\\/schema\\\/person\\\/b8702bb0e538456e6efd07080bf2a4a2\"},\"headline\":\"La inevitable evoluci\u00f3n \u00e9tica\",\"datePublished\":\"2021-12-08T11:33:00+00:00\",\"mainEntityOfPage\":{\"@id\":\"https:\\\/\\\/lospoliticosveracruz.com\\\/?p=83060\"},\"wordCount\":783,\"publisher\":{\"@id\":\"https:\\\/\\\/lospoliticosveracruz.com\\\/#organization\"},\"image\":{\"@id\":\"https:\\\/\\\/lospoliticosveracruz.com\\\/?p=83060#primaryimage\"},\"thumbnailUrl\":\"https:\\\/\\\/lospoliticosveracruz.com.mx\\\/wp-content\\\/uploads\\\/2021\\\/12\\\/tauromaquia-2-300x169.jpg\",\"keywords\":[\"Gabriel Quadri de la Torre\",\"Luis Ernesto Gonz\u00e1lez Soto\",\"Tauromaquia\"],\"articleSection\":[\"Historias de Amigos\"],\"inLanguage\":\"es\"},{\"@type\":\"WebPage\",\"@id\":\"https:\\\/\\\/lospoliticosveracruz.com\\\/?p=83060\",\"url\":\"https:\\\/\\\/lospoliticosveracruz.com\\\/?p=83060\",\"name\":\"La inevitable evoluci\u00f3n \u00e9tica - Los pol\u00edticos Veracruz\",\"isPartOf\":{\"@id\":\"https:\\\/\\\/lospoliticosveracruz.com\\\/#website\"},\"primaryImageOfPage\":{\"@id\":\"https:\\\/\\\/lospoliticosveracruz.com\\\/?p=83060#primaryimage\"},\"image\":{\"@id\":\"https:\\\/\\\/lospoliticosveracruz.com\\\/?p=83060#primaryimage\"},\"thumbnailUrl\":\"https:\\\/\\\/lospoliticosveracruz.com.mx\\\/wp-content\\\/uploads\\\/2021\\\/12\\\/tauromaquia-2-300x169.jpg\",\"datePublished\":\"2021-12-08T11:33:00+00:00\",\"breadcrumb\":{\"@id\":\"https:\\\/\\\/lospoliticosveracruz.com\\\/?p=83060#breadcrumb\"},\"inLanguage\":\"es\",\"potentialAction\":[{\"@type\":\"ReadAction\",\"target\":[\"https:\\\/\\\/lospoliticosveracruz.com\\\/?p=83060\"]}]},{\"@type\":\"ImageObject\",\"inLanguage\":\"es\",\"@id\":\"https:\\\/\\\/lospoliticosveracruz.com\\\/?p=83060#primaryimage\",\"url\":\"https:\\\/\\\/lospoliticosveracruz.com.mx\\\/wp-content\\\/uploads\\\/2021\\\/12\\\/tauromaquia-2-300x169.jpg\",\"contentUrl\":\"https:\\\/\\\/lospoliticosveracruz.com.mx\\\/wp-content\\\/uploads\\\/2021\\\/12\\\/tauromaquia-2-300x169.jpg\"},{\"@type\":\"BreadcrumbList\",\"@id\":\"https:\\\/\\\/lospoliticosveracruz.com\\\/?p=83060#breadcrumb\",\"itemListElement\":[{\"@type\":\"ListItem\",\"position\":1,\"name\":\"Portada\",\"item\":\"https:\\\/\\\/lospoliticosveracruz.com\\\/\"},{\"@type\":\"ListItem\",\"position\":2,\"name\":\"La inevitable evoluci\u00f3n \u00e9tica\"}]},{\"@type\":\"WebSite\",\"@id\":\"https:\\\/\\\/lospoliticosveracruz.com\\\/#website\",\"url\":\"https:\\\/\\\/lospoliticosveracruz.com\\\/\",\"name\":\"Los pol\u00edticos Veracruz\",\"description\":\"\",\"publisher\":{\"@id\":\"https:\\\/\\\/lospoliticosveracruz.com\\\/#organization\"},\"potentialAction\":[{\"@type\":\"SearchAction\",\"target\":{\"@type\":\"EntryPoint\",\"urlTemplate\":\"https:\\\/\\\/lospoliticosveracruz.com\\\/?s={search_term_string}\"},\"query-input\":{\"@type\":\"PropertyValueSpecification\",\"valueRequired\":true,\"valueName\":\"search_term_string\"}}],\"inLanguage\":\"es\"},{\"@type\":\"Organization\",\"@id\":\"https:\\\/\\\/lospoliticosveracruz.com\\\/#organization\",\"name\":\"Los pol\u00edticos Veracruz\",\"url\":\"https:\\\/\\\/lospoliticosveracruz.com\\\/\",\"logo\":{\"@type\":\"ImageObject\",\"inLanguage\":\"es\",\"@id\":\"https:\\\/\\\/lospoliticosveracruz.com\\\/#\\\/schema\\\/logo\\\/image\\\/\",\"url\":\"https:\\\/\\\/lospoliticosveracruz.com\\\/wp-content\\\/uploads\\\/2025\\\/12\\\/Logo-Nuevo-LOS-POLITICOS-1.jpg\",\"contentUrl\":\"https:\\\/\\\/lospoliticosveracruz.com\\\/wp-content\\\/uploads\\\/2025\\\/12\\\/Logo-Nuevo-LOS-POLITICOS-1.jpg\",\"width\":260,\"height\":70,\"caption\":\"Los pol\u00edticos Veracruz\"},\"image\":{\"@id\":\"https:\\\/\\\/lospoliticosveracruz.com\\\/#\\\/schema\\\/logo\\\/image\\\/\"},\"sameAs\":[\"https:\\\/\\\/www.facebook.com\\\/people\\\/Notimemes-de-los-Polticos\\\/61565672886568\\\/\",\"https:\\\/\\\/x.com\\\/LosPoliticosVer\"]},{\"@type\":\"Person\",\"@id\":\"https:\\\/\\\/lospoliticosveracruz.com\\\/#\\\/schema\\\/person\\\/b8702bb0e538456e6efd07080bf2a4a2\",\"name\":\"Lo viste en Los Pol\u00edticos\",\"image\":{\"@type\":\"ImageObject\",\"inLanguage\":\"es\",\"@id\":\"https:\\\/\\\/secure.gravatar.com\\\/avatar\\\/3a8de04a2656d44082be478bd6c086daa447c4651605818287b9532d3d0bd435?s=96&d=mm&r=g\",\"url\":\"https:\\\/\\\/secure.gravatar.com\\\/avatar\\\/3a8de04a2656d44082be478bd6c086daa447c4651605818287b9532d3d0bd435?s=96&d=mm&r=g\",\"contentUrl\":\"https:\\\/\\\/secure.gravatar.com\\\/avatar\\\/3a8de04a2656d44082be478bd6c086daa447c4651605818287b9532d3d0bd435?s=96&d=mm&r=g\",\"caption\":\"Lo viste en Los Pol\u00edticos\"},\"url\":\"https:\\\/\\\/lospoliticosveracruz.com\\\/?author=2\"}]}<\/script>\n<!-- \/ Yoast SEO plugin. -->","yoast_head_json":{"title":"La inevitable evoluci\u00f3n \u00e9tica - Los pol\u00edticos Veracruz","robots":{"index":"index","follow":"follow","max-snippet":"max-snippet:-1","max-image-preview":"max-image-preview:large","max-video-preview":"max-video-preview:-1"},"canonical":"https:\/\/lospoliticosveracruz.com\/?p=83060","og_locale":"es_ES","og_type":"article","og_title":"La inevitable evoluci\u00f3n \u00e9tica - Los pol\u00edticos Veracruz","og_description":"Luis Ernesto Gonz\u00e1lezReflexiones desde el Movimiento Consciencia La Tierra fue plana, los indios no ten\u00edan alma, los arios deb\u00edan gobernar el mundo por su superioridad racial y los toros amaban sufrir en el ruedo con tal de demostrar su trap\u00edo. Y no s\u00f3lo eso: la esclavitud era un formidable sistema de gobierno, los p\u00e1jaros se [&hellip;]","og_url":"https:\/\/lospoliticosveracruz.com\/?p=83060","og_site_name":"Los pol\u00edticos Veracruz","article_publisher":"https:\/\/www.facebook.com\/people\/Notimemes-de-los-Polticos\/61565672886568\/","article_published_time":"2021-12-08T11:33:00+00:00","og_image":[{"url":"https:\/\/lospoliticosveracruz.com.mx\/wp-content\/uploads\/2021\/12\/tauromaquia-2-300x169.jpg","type":"","width":"","height":""}],"author":"Lo viste en Los Pol\u00edticos","twitter_card":"summary_large_image","twitter_creator":"@LosPoliticosVer","twitter_site":"@LosPoliticosVer","twitter_misc":{"Escrito por":"Lo viste en Los Pol\u00edticos","Tiempo de lectura":"4 minutos"},"schema":{"@context":"https:\/\/schema.org","@graph":[{"@type":"Article","@id":"https:\/\/lospoliticosveracruz.com\/?p=83060#article","isPartOf":{"@id":"https:\/\/lospoliticosveracruz.com\/?p=83060"},"author":{"name":"Lo viste en Los Pol\u00edticos","@id":"https:\/\/lospoliticosveracruz.com\/#\/schema\/person\/b8702bb0e538456e6efd07080bf2a4a2"},"headline":"La inevitable evoluci\u00f3n \u00e9tica","datePublished":"2021-12-08T11:33:00+00:00","mainEntityOfPage":{"@id":"https:\/\/lospoliticosveracruz.com\/?p=83060"},"wordCount":783,"publisher":{"@id":"https:\/\/lospoliticosveracruz.com\/#organization"},"image":{"@id":"https:\/\/lospoliticosveracruz.com\/?p=83060#primaryimage"},"thumbnailUrl":"https:\/\/lospoliticosveracruz.com.mx\/wp-content\/uploads\/2021\/12\/tauromaquia-2-300x169.jpg","keywords":["Gabriel Quadri de la Torre","Luis Ernesto Gonz\u00e1lez Soto","Tauromaquia"],"articleSection":["Historias de Amigos"],"inLanguage":"es"},{"@type":"WebPage","@id":"https:\/\/lospoliticosveracruz.com\/?p=83060","url":"https:\/\/lospoliticosveracruz.com\/?p=83060","name":"La inevitable evoluci\u00f3n \u00e9tica - Los pol\u00edticos Veracruz","isPartOf":{"@id":"https:\/\/lospoliticosveracruz.com\/#website"},"primaryImageOfPage":{"@id":"https:\/\/lospoliticosveracruz.com\/?p=83060#primaryimage"},"image":{"@id":"https:\/\/lospoliticosveracruz.com\/?p=83060#primaryimage"},"thumbnailUrl":"https:\/\/lospoliticosveracruz.com.mx\/wp-content\/uploads\/2021\/12\/tauromaquia-2-300x169.jpg","datePublished":"2021-12-08T11:33:00+00:00","breadcrumb":{"@id":"https:\/\/lospoliticosveracruz.com\/?p=83060#breadcrumb"},"inLanguage":"es","potentialAction":[{"@type":"ReadAction","target":["https:\/\/lospoliticosveracruz.com\/?p=83060"]}]},{"@type":"ImageObject","inLanguage":"es","@id":"https:\/\/lospoliticosveracruz.com\/?p=83060#primaryimage","url":"https:\/\/lospoliticosveracruz.com.mx\/wp-content\/uploads\/2021\/12\/tauromaquia-2-300x169.jpg","contentUrl":"https:\/\/lospoliticosveracruz.com.mx\/wp-content\/uploads\/2021\/12\/tauromaquia-2-300x169.jpg"},{"@type":"BreadcrumbList","@id":"https:\/\/lospoliticosveracruz.com\/?p=83060#breadcrumb","itemListElement":[{"@type":"ListItem","position":1,"name":"Portada","item":"https:\/\/lospoliticosveracruz.com\/"},{"@type":"ListItem","position":2,"name":"La inevitable evoluci\u00f3n \u00e9tica"}]},{"@type":"WebSite","@id":"https:\/\/lospoliticosveracruz.com\/#website","url":"https:\/\/lospoliticosveracruz.com\/","name":"Los pol\u00edticos Veracruz","description":"","publisher":{"@id":"https:\/\/lospoliticosveracruz.com\/#organization"},"potentialAction":[{"@type":"SearchAction","target":{"@type":"EntryPoint","urlTemplate":"https:\/\/lospoliticosveracruz.com\/?s={search_term_string}"},"query-input":{"@type":"PropertyValueSpecification","valueRequired":true,"valueName":"search_term_string"}}],"inLanguage":"es"},{"@type":"Organization","@id":"https:\/\/lospoliticosveracruz.com\/#organization","name":"Los pol\u00edticos Veracruz","url":"https:\/\/lospoliticosveracruz.com\/","logo":{"@type":"ImageObject","inLanguage":"es","@id":"https:\/\/lospoliticosveracruz.com\/#\/schema\/logo\/image\/","url":"https:\/\/lospoliticosveracruz.com\/wp-content\/uploads\/2025\/12\/Logo-Nuevo-LOS-POLITICOS-1.jpg","contentUrl":"https:\/\/lospoliticosveracruz.com\/wp-content\/uploads\/2025\/12\/Logo-Nuevo-LOS-POLITICOS-1.jpg","width":260,"height":70,"caption":"Los pol\u00edticos Veracruz"},"image":{"@id":"https:\/\/lospoliticosveracruz.com\/#\/schema\/logo\/image\/"},"sameAs":["https:\/\/www.facebook.com\/people\/Notimemes-de-los-Polticos\/61565672886568\/","https:\/\/x.com\/LosPoliticosVer"]},{"@type":"Person","@id":"https:\/\/lospoliticosveracruz.com\/#\/schema\/person\/b8702bb0e538456e6efd07080bf2a4a2","name":"Lo viste en Los Pol\u00edticos","image":{"@type":"ImageObject","inLanguage":"es","@id":"https:\/\/secure.gravatar.com\/avatar\/3a8de04a2656d44082be478bd6c086daa447c4651605818287b9532d3d0bd435?s=96&d=mm&r=g","url":"https:\/\/secure.gravatar.com\/avatar\/3a8de04a2656d44082be478bd6c086daa447c4651605818287b9532d3d0bd435?s=96&d=mm&r=g","contentUrl":"https:\/\/secure.gravatar.com\/avatar\/3a8de04a2656d44082be478bd6c086daa447c4651605818287b9532d3d0bd435?s=96&d=mm&r=g","caption":"Lo viste en Los Pol\u00edticos"},"url":"https:\/\/lospoliticosveracruz.com\/?author=2"}]}},"_links":{"self":[{"href":"https:\/\/lospoliticosveracruz.com\/index.php?rest_route=\/wp\/v2\/posts\/83060","targetHints":{"allow":["GET"]}}],"collection":[{"href":"https:\/\/lospoliticosveracruz.com\/index.php?rest_route=\/wp\/v2\/posts"}],"about":[{"href":"https:\/\/lospoliticosveracruz.com\/index.php?rest_route=\/wp\/v2\/types\/post"}],"author":[{"embeddable":true,"href":"https:\/\/lospoliticosveracruz.com\/index.php?rest_route=\/wp\/v2\/users\/2"}],"replies":[{"embeddable":true,"href":"https:\/\/lospoliticosveracruz.com\/index.php?rest_route=%2Fwp%2Fv2%2Fcomments&post=83060"}],"version-history":[{"count":1,"href":"https:\/\/lospoliticosveracruz.com\/index.php?rest_route=\/wp\/v2\/posts\/83060\/revisions"}],"predecessor-version":[{"id":83066,"href":"https:\/\/lospoliticosveracruz.com\/index.php?rest_route=\/wp\/v2\/posts\/83060\/revisions\/83066"}],"wp:attachment":[{"href":"https:\/\/lospoliticosveracruz.com\/index.php?rest_route=%2Fwp%2Fv2%2Fmedia&parent=83060"}],"wp:term":[{"taxonomy":"category","embeddable":true,"href":"https:\/\/lospoliticosveracruz.com\/index.php?rest_route=%2Fwp%2Fv2%2Fcategories&post=83060"},{"taxonomy":"post_tag","embeddable":true,"href":"https:\/\/lospoliticosveracruz.com\/index.php?rest_route=%2Fwp%2Fv2%2Ftags&post=83060"}],"curies":[{"name":"wp","href":"https:\/\/api.w.org\/{rel}","templated":true}]}}