{"id":83073,"date":"2021-12-08T08:17:01","date_gmt":"2021-12-08T14:17:01","guid":{"rendered":"https:\/\/lospoliticosveracruz.com.mx\/?p=83073"},"modified":"2021-12-08T08:17:07","modified_gmt":"2021-12-08T14:17:07","slug":"va-el-recorte-a-partidos","status":"publish","type":"post","link":"https:\/\/lospoliticosveracruz.com\/?p=83073","title":{"rendered":"Va el recorte a partidos"},"content":{"rendered":"\n<p><strong>Ignacio Alvarez<br><\/strong><em>Pluma Negra<br><\/em><\/p>\n\n\n\n<p>Es un hecho que el Ejecutivo enviar\u00e1 la iniciativa de Reforma Electoral para el estado de Veracruz, antes de que termine el a\u00f1o, ahora con m\u00e1s experiencia esperan hacer las cosas bien para evitar que la Suprema Corte de Justicia de la Naci\u00f3n rebote la reforma como sucedi\u00f3 en el 2020.<\/p>\n\n\n\n<p>En mayo del a\u00f1o pasado y con la anterior Legislatura, se aprob\u00f3 la Reforma electoral para reducir el 50 por ciento el financiamiento a los partidos pol\u00edticos y ajustar el presupuesto del Organismo P\u00fablico Local Electoral, sin embargo, en noviembre la SCJN declar\u00f3 inconstitucional la reforma y en el 2021, los partidos recibieron completas sus prerrogativas.<\/p>\n\n\n\n<div class=\"wp-block-image\"><figure class=\"alignleft size-large is-resized\"><a href=\"https:\/\/lospoliticosveracruz.com.mx\/wp-content\/uploads\/2021\/10\/WhatsApp-Image-2021-10-02-at-15.20.25.jpeg\"><img loading=\"lazy\" decoding=\"async\" src=\"https:\/\/lospoliticosveracruz.com.mx\/wp-content\/uploads\/2021\/10\/WhatsApp-Image-2021-10-02-at-15.20.25-724x1024.jpeg\" alt=\"\" class=\"wp-image-80177\" width=\"250\" height=\"350\"\/><\/a><\/figure><\/div>\n\n\n\n<p>Con la nueva Legislatura, en los pr\u00f3ximos d\u00edas, el Gobernador har\u00e1 llegar la iniciativa que ya se pule con asesores jur\u00eddicos electorales de lujo para que no tenga lagunas legales que la ponga en riesgo de caerse.<\/p>\n\n\n\n<p>Con un Congreso completamente del partido en el poder, no hay ning\u00fan riesgo de no aprobarla con la mayor\u00eda calificada ni con el 50 por ciento m\u00e1s uno de los 212 municipios, solo un error jur\u00eddico la puede poner en riesgo.<\/p>\n\n\n\n<p>El esp\u00edritu de la reforma electoral ser\u00e1 la reducci\u00f3n del 50 por ciento de financiamiento p\u00fablico a los partidos pol\u00edticos y la supresi\u00f3n de los consejos municipales electorales, as\u00ed como el ajuste al presupuesto del OPLE, es decir, ser\u00e1 una reforma financiera.<\/p>\n\n\n\n<p><strong>Relevan a Tito N<\/strong><\/p>\n\n\n\n<p>El Comit\u00e9 Ejecutivo del PAN, dio por muerto pol\u00edticamente a Tito Delf\u00edn Cano como candidato a la dirigencia estatal de ese partido y de plano determin\u00f3 sustituirlo por Federico Salom\u00f3n un panista de cepa y con mucho mejores cartas de honestidad y militancia que Tito N.<\/p>\n\n\n\n<p>Y es que desde la c\u00e1rcel, Tito N no podr\u00e1 aplicar sus mapacher\u00edas electorales para ganar la elecci\u00f3n, pero adem\u00e1s, se le han sumado nuevas denuncias por su administraci\u00f3n fraudulenta en Tierra Blanca. Hasta el CEN del PAN llegaron las pruebas de la culpabilidad de Tito N y por eso decidieron el relevo, no hay ninguna posibilidad de que demuestre su inexistente inocencia.<\/p>\n\n\n\n<p>Por lo pronto, el otro contrincante, Joaqu\u00edn Guzm\u00e1n Avil\u00e9s parece navegar con un mar en calma y el viento a su favor mientras que sus diputados aliados se muestran generosos en las comparencias de los secretarios de despacho del gabinete estatal que desglosan el tercer informe del Ejecutivo.<\/p>\n\n\n\n<p><strong><em>Gutierrez se comen todas<\/em><\/strong><\/p>\n\n\n\n<p>Con el poder de la informaci\u00f3n de primera mano, el Presidente de la C\u00e1mara de Diputados, Sergio Guti\u00e9rrez Luna, aprovecha su posici\u00f3n al m\u00e1ximo para hacer presencia en el estado con Veracruz con tiros de precisi\u00f3n. Esta vez difundi\u00f3 que el Corredor Interoce\u00e1nico del Istmo de Tehuantepec que une a Veracruz con el Puerto de Salina Salina Cruz, es decir el Golfo de M\u00e9xico con el Oc\u00e9ano Pac\u00edfico, la puerta al mundo, tiene un presupuesto de 10 mil millones de pesos.<\/p>\n\n\n\n<p>Adem\u00e1s, el diputado federal minatitleco y una comitiva de integrantes de la LXV Legislatura federal junto con el secretario de Marina, Rafael Ojeda Dur\u00e1n, recorrer\u00e1n hoy las obras de ese proyecto que se desarrolla en el puerto de Salina Cruz, Oaxaca, y el Astillero de Marina.<\/p>\n\n\n\n<p>El Corredor Interoce\u00e1nico del Istmo de Tehuantepec (CIIT) busca enlazar comercialmente al Oc\u00e9ano Pac\u00edfico con el Oc\u00e9ano Atl\u00e1ntico, a trav\u00e9s del cruce interoce\u00e1nico y terrestre, usando barcos y un tren de carga y de pasajeros entre los puertos de Coatzacoalcos y Salina Cruz, se compone de cinco tramos y el avance global es del 63% a finales de septiembre; el proyecto coloca a Veracruz en la frontera con Asia, Europa y la Costa Este de Estados Unidos a trav\u00e9s del comercio mar\u00edtimo.<\/p>\n","protected":false},"excerpt":{"rendered":"<p>Ignacio AlvarezPluma Negra Es un hecho que el Ejecutivo enviar\u00e1 la iniciativa de Reforma Electoral para el estado de Veracruz, antes de que termine el a\u00f1o, ahora con m\u00e1s experiencia esperan hacer las cosas bien para evitar que la Suprema Corte de Justicia de la Naci\u00f3n rebote la reforma como sucedi\u00f3 en el 2020. En [&hellip;]<\/p>\n","protected":false},"author":2,"featured_media":0,"comment_status":"closed","ping_status":"closed","sticky":false,"template":"","format":"standard","meta":{"tdm_status":"","tdm_grid_status":"","footnotes":""},"categories":[70],"tags":[31556,1026,3272,17783,1414,3965,16147,7518,195],"class_list":{"0":"post-83073","1":"post","2":"type-post","3":"status-publish","4":"format-standard","6":"category-de-opinion","7":"tag-federico-salomon","8":"tag-morena","9":"tag-ople","10":"tag-organismo-publico-local-electoral","11":"tag-reforma-electoral","12":"tag-scjn","13":"tag-sergio-gutierrez-luna","14":"tag-tito-delfin-cano","15":"tag-veracruz"},"yoast_head":"<!-- This site is optimized with the Yoast SEO plugin v27.4 - https:\/\/yoast.com\/product\/yoast-seo-wordpress\/ -->\n<title>Va el recorte a partidos - Los pol\u00edticos Veracruz<\/title>\n<meta name=\"robots\" content=\"index, follow, max-snippet:-1, max-image-preview:large, max-video-preview:-1\" \/>\n<link rel=\"canonical\" href=\"https:\/\/lospoliticosveracruz.com\/?p=83073\" \/>\n<meta property=\"og:locale\" content=\"es_ES\" \/>\n<meta property=\"og:type\" content=\"article\" \/>\n<meta property=\"og:title\" content=\"Va el recorte a partidos - Los pol\u00edticos Veracruz\" \/>\n<meta property=\"og:description\" content=\"Ignacio AlvarezPluma Negra Es un hecho que el Ejecutivo enviar\u00e1 la iniciativa de Reforma Electoral para el estado de Veracruz, antes de que termine el a\u00f1o, ahora con m\u00e1s experiencia esperan hacer las cosas bien para evitar que la Suprema Corte de Justicia de la Naci\u00f3n rebote la reforma como sucedi\u00f3 en el 2020. En [&hellip;]\" \/>\n<meta property=\"og:url\" content=\"https:\/\/lospoliticosveracruz.com\/?p=83073\" \/>\n<meta property=\"og:site_name\" content=\"Los pol\u00edticos Veracruz\" \/>\n<meta property=\"article:publisher\" content=\"https:\/\/www.facebook.com\/people\/Notimemes-de-los-Polticos\/61565672886568\/\" \/>\n<meta property=\"article:published_time\" content=\"2021-12-08T14:17:01+00:00\" \/>\n<meta property=\"article:modified_time\" content=\"2021-12-08T14:17:07+00:00\" \/>\n<meta property=\"og:image\" content=\"https:\/\/lospoliticosveracruz.com.mx\/wp-content\/uploads\/2021\/10\/WhatsApp-Image-2021-10-02-at-15.20.25-724x1024.jpeg\" \/>\n<meta name=\"author\" content=\"Lo viste en Los Pol\u00edticos\" \/>\n<meta name=\"twitter:card\" content=\"summary_large_image\" \/>\n<meta name=\"twitter:creator\" content=\"@LosPoliticosVer\" \/>\n<meta name=\"twitter:site\" content=\"@LosPoliticosVer\" \/>\n<meta name=\"twitter:label1\" content=\"Escrito por\" \/>\n\t<meta name=\"twitter:data1\" content=\"Lo viste en Los Pol\u00edticos\" \/>\n\t<meta name=\"twitter:label2\" content=\"Tiempo de lectura\" \/>\n\t<meta name=\"twitter:data2\" content=\"3 minutos\" \/>\n<script type=\"application\/ld+json\" class=\"yoast-schema-graph\">{\"@context\":\"https:\\\/\\\/schema.org\",\"@graph\":[{\"@type\":\"Article\",\"@id\":\"https:\\\/\\\/lospoliticosveracruz.com\\\/?p=83073#article\",\"isPartOf\":{\"@id\":\"https:\\\/\\\/lospoliticosveracruz.com\\\/?p=83073\"},\"author\":{\"name\":\"Lo viste en Los Pol\u00edticos\",\"@id\":\"https:\\\/\\\/lospoliticosveracruz.com\\\/#\\\/schema\\\/person\\\/b8702bb0e538456e6efd07080bf2a4a2\"},\"headline\":\"Va el recorte a partidos\",\"datePublished\":\"2021-12-08T14:17:01+00:00\",\"dateModified\":\"2021-12-08T14:17:07+00:00\",\"mainEntityOfPage\":{\"@id\":\"https:\\\/\\\/lospoliticosveracruz.com\\\/?p=83073\"},\"wordCount\":653,\"publisher\":{\"@id\":\"https:\\\/\\\/lospoliticosveracruz.com\\\/#organization\"},\"image\":{\"@id\":\"https:\\\/\\\/lospoliticosveracruz.com\\\/?p=83073#primaryimage\"},\"thumbnailUrl\":\"https:\\\/\\\/lospoliticosveracruz.com.mx\\\/wp-content\\\/uploads\\\/2021\\\/10\\\/WhatsApp-Image-2021-10-02-at-15.20.25-724x1024.jpeg\",\"keywords\":[\"Federico Salom\u00f3n\",\"Morena\",\"OPLE\",\"Organismo P\u00fablico Local Electoral\",\"reforma electoral\",\"SCJN\",\"Sergio Guti\u00e9rrez Luna\",\"Tito Delf\u00edn Cano\",\"Veracruz\"],\"articleSection\":[\"De Opini\u00f3n\"],\"inLanguage\":\"es\"},{\"@type\":\"WebPage\",\"@id\":\"https:\\\/\\\/lospoliticosveracruz.com\\\/?p=83073\",\"url\":\"https:\\\/\\\/lospoliticosveracruz.com\\\/?p=83073\",\"name\":\"Va el recorte a partidos - Los pol\u00edticos Veracruz\",\"isPartOf\":{\"@id\":\"https:\\\/\\\/lospoliticosveracruz.com\\\/#website\"},\"primaryImageOfPage\":{\"@id\":\"https:\\\/\\\/lospoliticosveracruz.com\\\/?p=83073#primaryimage\"},\"image\":{\"@id\":\"https:\\\/\\\/lospoliticosveracruz.com\\\/?p=83073#primaryimage\"},\"thumbnailUrl\":\"https:\\\/\\\/lospoliticosveracruz.com.mx\\\/wp-content\\\/uploads\\\/2021\\\/10\\\/WhatsApp-Image-2021-10-02-at-15.20.25-724x1024.jpeg\",\"datePublished\":\"2021-12-08T14:17:01+00:00\",\"dateModified\":\"2021-12-08T14:17:07+00:00\",\"breadcrumb\":{\"@id\":\"https:\\\/\\\/lospoliticosveracruz.com\\\/?p=83073#breadcrumb\"},\"inLanguage\":\"es\",\"potentialAction\":[{\"@type\":\"ReadAction\",\"target\":[\"https:\\\/\\\/lospoliticosveracruz.com\\\/?p=83073\"]}]},{\"@type\":\"ImageObject\",\"inLanguage\":\"es\",\"@id\":\"https:\\\/\\\/lospoliticosveracruz.com\\\/?p=83073#primaryimage\",\"url\":\"https:\\\/\\\/lospoliticosveracruz.com.mx\\\/wp-content\\\/uploads\\\/2021\\\/10\\\/WhatsApp-Image-2021-10-02-at-15.20.25-724x1024.jpeg\",\"contentUrl\":\"https:\\\/\\\/lospoliticosveracruz.com.mx\\\/wp-content\\\/uploads\\\/2021\\\/10\\\/WhatsApp-Image-2021-10-02-at-15.20.25-724x1024.jpeg\"},{\"@type\":\"BreadcrumbList\",\"@id\":\"https:\\\/\\\/lospoliticosveracruz.com\\\/?p=83073#breadcrumb\",\"itemListElement\":[{\"@type\":\"ListItem\",\"position\":1,\"name\":\"Portada\",\"item\":\"https:\\\/\\\/lospoliticosveracruz.com\\\/\"},{\"@type\":\"ListItem\",\"position\":2,\"name\":\"Va el recorte a partidos\"}]},{\"@type\":\"WebSite\",\"@id\":\"https:\\\/\\\/lospoliticosveracruz.com\\\/#website\",\"url\":\"https:\\\/\\\/lospoliticosveracruz.com\\\/\",\"name\":\"Los pol\u00edticos Veracruz\",\"description\":\"\",\"publisher\":{\"@id\":\"https:\\\/\\\/lospoliticosveracruz.com\\\/#organization\"},\"potentialAction\":[{\"@type\":\"SearchAction\",\"target\":{\"@type\":\"EntryPoint\",\"urlTemplate\":\"https:\\\/\\\/lospoliticosveracruz.com\\\/?s={search_term_string}\"},\"query-input\":{\"@type\":\"PropertyValueSpecification\",\"valueRequired\":true,\"valueName\":\"search_term_string\"}}],\"inLanguage\":\"es\"},{\"@type\":\"Organization\",\"@id\":\"https:\\\/\\\/lospoliticosveracruz.com\\\/#organization\",\"name\":\"Los pol\u00edticos Veracruz\",\"url\":\"https:\\\/\\\/lospoliticosveracruz.com\\\/\",\"logo\":{\"@type\":\"ImageObject\",\"inLanguage\":\"es\",\"@id\":\"https:\\\/\\\/lospoliticosveracruz.com\\\/#\\\/schema\\\/logo\\\/image\\\/\",\"url\":\"https:\\\/\\\/lospoliticosveracruz.com\\\/wp-content\\\/uploads\\\/2025\\\/12\\\/Logo-Nuevo-LOS-POLITICOS-1.jpg\",\"contentUrl\":\"https:\\\/\\\/lospoliticosveracruz.com\\\/wp-content\\\/uploads\\\/2025\\\/12\\\/Logo-Nuevo-LOS-POLITICOS-1.jpg\",\"width\":260,\"height\":70,\"caption\":\"Los pol\u00edticos Veracruz\"},\"image\":{\"@id\":\"https:\\\/\\\/lospoliticosveracruz.com\\\/#\\\/schema\\\/logo\\\/image\\\/\"},\"sameAs\":[\"https:\\\/\\\/www.facebook.com\\\/people\\\/Notimemes-de-los-Polticos\\\/61565672886568\\\/\",\"https:\\\/\\\/x.com\\\/LosPoliticosVer\"]},{\"@type\":\"Person\",\"@id\":\"https:\\\/\\\/lospoliticosveracruz.com\\\/#\\\/schema\\\/person\\\/b8702bb0e538456e6efd07080bf2a4a2\",\"name\":\"Lo viste en Los Pol\u00edticos\",\"image\":{\"@type\":\"ImageObject\",\"inLanguage\":\"es\",\"@id\":\"https:\\\/\\\/secure.gravatar.com\\\/avatar\\\/3a8de04a2656d44082be478bd6c086daa447c4651605818287b9532d3d0bd435?s=96&d=mm&r=g\",\"url\":\"https:\\\/\\\/secure.gravatar.com\\\/avatar\\\/3a8de04a2656d44082be478bd6c086daa447c4651605818287b9532d3d0bd435?s=96&d=mm&r=g\",\"contentUrl\":\"https:\\\/\\\/secure.gravatar.com\\\/avatar\\\/3a8de04a2656d44082be478bd6c086daa447c4651605818287b9532d3d0bd435?s=96&d=mm&r=g\",\"caption\":\"Lo viste en Los Pol\u00edticos\"},\"url\":\"https:\\\/\\\/lospoliticosveracruz.com\\\/?author=2\"}]}<\/script>\n<!-- \/ Yoast SEO plugin. -->","yoast_head_json":{"title":"Va el recorte a partidos - Los pol\u00edticos Veracruz","robots":{"index":"index","follow":"follow","max-snippet":"max-snippet:-1","max-image-preview":"max-image-preview:large","max-video-preview":"max-video-preview:-1"},"canonical":"https:\/\/lospoliticosveracruz.com\/?p=83073","og_locale":"es_ES","og_type":"article","og_title":"Va el recorte a partidos - Los pol\u00edticos Veracruz","og_description":"Ignacio AlvarezPluma Negra Es un hecho que el Ejecutivo enviar\u00e1 la iniciativa de Reforma Electoral para el estado de Veracruz, antes de que termine el a\u00f1o, ahora con m\u00e1s experiencia esperan hacer las cosas bien para evitar que la Suprema Corte de Justicia de la Naci\u00f3n rebote la reforma como sucedi\u00f3 en el 2020. En [&hellip;]","og_url":"https:\/\/lospoliticosveracruz.com\/?p=83073","og_site_name":"Los pol\u00edticos Veracruz","article_publisher":"https:\/\/www.facebook.com\/people\/Notimemes-de-los-Polticos\/61565672886568\/","article_published_time":"2021-12-08T14:17:01+00:00","article_modified_time":"2021-12-08T14:17:07+00:00","og_image":[{"url":"https:\/\/lospoliticosveracruz.com.mx\/wp-content\/uploads\/2021\/10\/WhatsApp-Image-2021-10-02-at-15.20.25-724x1024.jpeg","type":"","width":"","height":""}],"author":"Lo viste en Los Pol\u00edticos","twitter_card":"summary_large_image","twitter_creator":"@LosPoliticosVer","twitter_site":"@LosPoliticosVer","twitter_misc":{"Escrito por":"Lo viste en Los Pol\u00edticos","Tiempo de lectura":"3 minutos"},"schema":{"@context":"https:\/\/schema.org","@graph":[{"@type":"Article","@id":"https:\/\/lospoliticosveracruz.com\/?p=83073#article","isPartOf":{"@id":"https:\/\/lospoliticosveracruz.com\/?p=83073"},"author":{"name":"Lo viste en Los Pol\u00edticos","@id":"https:\/\/lospoliticosveracruz.com\/#\/schema\/person\/b8702bb0e538456e6efd07080bf2a4a2"},"headline":"Va el recorte a partidos","datePublished":"2021-12-08T14:17:01+00:00","dateModified":"2021-12-08T14:17:07+00:00","mainEntityOfPage":{"@id":"https:\/\/lospoliticosveracruz.com\/?p=83073"},"wordCount":653,"publisher":{"@id":"https:\/\/lospoliticosveracruz.com\/#organization"},"image":{"@id":"https:\/\/lospoliticosveracruz.com\/?p=83073#primaryimage"},"thumbnailUrl":"https:\/\/lospoliticosveracruz.com.mx\/wp-content\/uploads\/2021\/10\/WhatsApp-Image-2021-10-02-at-15.20.25-724x1024.jpeg","keywords":["Federico Salom\u00f3n","Morena","OPLE","Organismo P\u00fablico Local Electoral","reforma electoral","SCJN","Sergio Guti\u00e9rrez Luna","Tito Delf\u00edn Cano","Veracruz"],"articleSection":["De Opini\u00f3n"],"inLanguage":"es"},{"@type":"WebPage","@id":"https:\/\/lospoliticosveracruz.com\/?p=83073","url":"https:\/\/lospoliticosveracruz.com\/?p=83073","name":"Va el recorte a partidos - Los pol\u00edticos Veracruz","isPartOf":{"@id":"https:\/\/lospoliticosveracruz.com\/#website"},"primaryImageOfPage":{"@id":"https:\/\/lospoliticosveracruz.com\/?p=83073#primaryimage"},"image":{"@id":"https:\/\/lospoliticosveracruz.com\/?p=83073#primaryimage"},"thumbnailUrl":"https:\/\/lospoliticosveracruz.com.mx\/wp-content\/uploads\/2021\/10\/WhatsApp-Image-2021-10-02-at-15.20.25-724x1024.jpeg","datePublished":"2021-12-08T14:17:01+00:00","dateModified":"2021-12-08T14:17:07+00:00","breadcrumb":{"@id":"https:\/\/lospoliticosveracruz.com\/?p=83073#breadcrumb"},"inLanguage":"es","potentialAction":[{"@type":"ReadAction","target":["https:\/\/lospoliticosveracruz.com\/?p=83073"]}]},{"@type":"ImageObject","inLanguage":"es","@id":"https:\/\/lospoliticosveracruz.com\/?p=83073#primaryimage","url":"https:\/\/lospoliticosveracruz.com.mx\/wp-content\/uploads\/2021\/10\/WhatsApp-Image-2021-10-02-at-15.20.25-724x1024.jpeg","contentUrl":"https:\/\/lospoliticosveracruz.com.mx\/wp-content\/uploads\/2021\/10\/WhatsApp-Image-2021-10-02-at-15.20.25-724x1024.jpeg"},{"@type":"BreadcrumbList","@id":"https:\/\/lospoliticosveracruz.com\/?p=83073#breadcrumb","itemListElement":[{"@type":"ListItem","position":1,"name":"Portada","item":"https:\/\/lospoliticosveracruz.com\/"},{"@type":"ListItem","position":2,"name":"Va el recorte a partidos"}]},{"@type":"WebSite","@id":"https:\/\/lospoliticosveracruz.com\/#website","url":"https:\/\/lospoliticosveracruz.com\/","name":"Los pol\u00edticos Veracruz","description":"","publisher":{"@id":"https:\/\/lospoliticosveracruz.com\/#organization"},"potentialAction":[{"@type":"SearchAction","target":{"@type":"EntryPoint","urlTemplate":"https:\/\/lospoliticosveracruz.com\/?s={search_term_string}"},"query-input":{"@type":"PropertyValueSpecification","valueRequired":true,"valueName":"search_term_string"}}],"inLanguage":"es"},{"@type":"Organization","@id":"https:\/\/lospoliticosveracruz.com\/#organization","name":"Los pol\u00edticos Veracruz","url":"https:\/\/lospoliticosveracruz.com\/","logo":{"@type":"ImageObject","inLanguage":"es","@id":"https:\/\/lospoliticosveracruz.com\/#\/schema\/logo\/image\/","url":"https:\/\/lospoliticosveracruz.com\/wp-content\/uploads\/2025\/12\/Logo-Nuevo-LOS-POLITICOS-1.jpg","contentUrl":"https:\/\/lospoliticosveracruz.com\/wp-content\/uploads\/2025\/12\/Logo-Nuevo-LOS-POLITICOS-1.jpg","width":260,"height":70,"caption":"Los pol\u00edticos Veracruz"},"image":{"@id":"https:\/\/lospoliticosveracruz.com\/#\/schema\/logo\/image\/"},"sameAs":["https:\/\/www.facebook.com\/people\/Notimemes-de-los-Polticos\/61565672886568\/","https:\/\/x.com\/LosPoliticosVer"]},{"@type":"Person","@id":"https:\/\/lospoliticosveracruz.com\/#\/schema\/person\/b8702bb0e538456e6efd07080bf2a4a2","name":"Lo viste en Los Pol\u00edticos","image":{"@type":"ImageObject","inLanguage":"es","@id":"https:\/\/secure.gravatar.com\/avatar\/3a8de04a2656d44082be478bd6c086daa447c4651605818287b9532d3d0bd435?s=96&d=mm&r=g","url":"https:\/\/secure.gravatar.com\/avatar\/3a8de04a2656d44082be478bd6c086daa447c4651605818287b9532d3d0bd435?s=96&d=mm&r=g","contentUrl":"https:\/\/secure.gravatar.com\/avatar\/3a8de04a2656d44082be478bd6c086daa447c4651605818287b9532d3d0bd435?s=96&d=mm&r=g","caption":"Lo viste en Los Pol\u00edticos"},"url":"https:\/\/lospoliticosveracruz.com\/?author=2"}]}},"_links":{"self":[{"href":"https:\/\/lospoliticosveracruz.com\/index.php?rest_route=\/wp\/v2\/posts\/83073","targetHints":{"allow":["GET"]}}],"collection":[{"href":"https:\/\/lospoliticosveracruz.com\/index.php?rest_route=\/wp\/v2\/posts"}],"about":[{"href":"https:\/\/lospoliticosveracruz.com\/index.php?rest_route=\/wp\/v2\/types\/post"}],"author":[{"embeddable":true,"href":"https:\/\/lospoliticosveracruz.com\/index.php?rest_route=\/wp\/v2\/users\/2"}],"replies":[{"embeddable":true,"href":"https:\/\/lospoliticosveracruz.com\/index.php?rest_route=%2Fwp%2Fv2%2Fcomments&post=83073"}],"version-history":[{"count":1,"href":"https:\/\/lospoliticosveracruz.com\/index.php?rest_route=\/wp\/v2\/posts\/83073\/revisions"}],"predecessor-version":[{"id":83076,"href":"https:\/\/lospoliticosveracruz.com\/index.php?rest_route=\/wp\/v2\/posts\/83073\/revisions\/83076"}],"wp:attachment":[{"href":"https:\/\/lospoliticosveracruz.com\/index.php?rest_route=%2Fwp%2Fv2%2Fmedia&parent=83073"}],"wp:term":[{"taxonomy":"category","embeddable":true,"href":"https:\/\/lospoliticosveracruz.com\/index.php?rest_route=%2Fwp%2Fv2%2Fcategories&post=83073"},{"taxonomy":"post_tag","embeddable":true,"href":"https:\/\/lospoliticosveracruz.com\/index.php?rest_route=%2Fwp%2Fv2%2Ftags&post=83073"}],"curies":[{"name":"wp","href":"https:\/\/api.w.org\/{rel}","templated":true}]}}