{"id":83143,"date":"2021-12-09T13:21:45","date_gmt":"2021-12-09T19:21:45","guid":{"rendered":"https:\/\/lospoliticosveracruz.com.mx\/?p=83143"},"modified":"2021-12-09T13:21:51","modified_gmt":"2021-12-09T19:21:51","slug":"mantendremos-la-lucha-por-veracruz","status":"publish","type":"post","link":"https:\/\/lospoliticosveracruz.com\/?p=83143","title":{"rendered":"Mantendremos la lucha por Veracruz!"},"content":{"rendered":"\n<p><\/p>\n\n\n\n<p><strong>A la ciudadan\u00eda veracruzana en general:<\/strong><\/p>\n\n\n\n<p>La democracia de los veracruzanos ha sido vulnerada con la sentencia emitida por dos de los magistrados del Tribunal Estatal Electoral de Veracruz, pues sabemos que obedecen a otros intereses y por tal motivo, no permitiremos que arrebaten a la ciudadan\u00eda lo que en un ejercicio democr\u00e1tico decidieron.<\/p>\n\n\n\n<p>No daremos ni un paso atr\u00e1s, los panistas sabemos pelear y lucharemos por la confianza que nos dieron cientos de veracruzanos el pasado 6 de Junio, no dejaremos que la ambici\u00f3n de poder de unos cuantos, pisoteen la democracia y el voto emitido en las urnas.<\/p>\n\n\n\n<p>Por ello, el Partido Acci\u00f3n Nacional manifiesta su rechazo e inconformidad por la resoluci\u00f3n emitida por la mayor\u00eda de las Magistraturas del Tribunal Electoral de Veracruz, al vencimiento de las 48 horas para el engrose votado en la sesi\u00f3n del pasado seis del mes y a\u00f1o en curso.<\/p>\n\n\n\n<p>En dicha sentencia se vulner\u00f3 el principio de certeza, ya que la Magistrada Tania Celina V\u00e1squez Mu\u00f1oz, y el Magistrado Eduardo Sigala Aguilar expresaron su desacuerdo con la propuesta de la Magistrada Claudia D\u00edaz Tablada, ponente del Recurso de inconformidad identificado con la clave TEV-RIN\/242-2021, y acumulados, ello sin haber manifestado las consideraciones de fondo suficientes para votar en contra, e incluso una vez votada la propuesta en contra, ni siquiera se dieron a conocer los puntos resolutivos de la decisi\u00f3n que tomaron.<\/p>\n\n\n\n<p>Exigimos conocer las causas que, de manera express, los llevaron en menos de 48 horas a tomar esa decisi\u00f3n sin sustento, y que adem\u00e1s, estuvo apegada a intereses pol\u00edticos y partidistas, tal y como manifest\u00f3 en reiteradas ocasiones el gobierno en el poder, al exponer que arrebatar\u00edan al PAN el Ayuntamiento de Veracruz.<\/p>\n\n\n\n<p>Se ha dado a conocer que la citada mayor\u00eda declara la nulidad de elecci\u00f3n de ediles del Ayuntamiento de Veracruz, revocan la declaraci\u00f3n de validez de la elecci\u00f3n y las constancias de mayor\u00eda expedidas a favor de las f\u00f3rmulas postuladas para la Presidencia y Sindicatura, postuladas por la Coalici\u00f3n \u201cVeracruz Va\u201d, integrada por los Partidos Acci\u00f3n Nacional, Revolucionario Institucional y de la Revoluci\u00f3n Democr\u00e1tica, sosteniendo argumentos subjetivos y sin respaldo probatorio suficiente para declarar dichos efectos, es que la resoluci\u00f3n resulta ilegal y atenta contra la voluntad mayoritaria de la ciudadan\u00eda del citado municipio, quien el pasado 6 de junio eligi\u00f3 a Patricia Lobeira Rodr\u00edguez y Manuel Rivera Polanco.<\/p>\n\n\n\n<p>No dudamos en que aquellos magistrados que ni siquiera tomaron en cuenta elementos y argumentos v\u00e1lidos, para emitir una resoluci\u00f3n, se basaron \u00fanicamente en suposiciones, por lo que incurrieron en actos deshonestos e ilegales.<\/p>\n\n\n\n<p>Lo que Morena no pudo obtener por las buenas, lo quiere por las malas, a trav\u00e9s de irregularidades y actos ilegales, pero la decis\u00f3n a\u00fan no es contundente, vamos a luchar y llegar hasta las \u00faltimas instancias para que se respete la democracia ejercida por los veracruzanos en las urnas.<\/p>\n\n\n\n<p>Por tanto, ante el agravio que dicha sentencia, acudiremos a la Sala Regional Xalapa y en su momento, Sala Superior, ambas del Tribunal Electoral del Poder Judicial de la Federaci\u00f3n para que se restituyan los derechos de las candidaturas revocadas, y no sea \u00fanicamente la voluntad de dos integrantes del Tribunal Electoral de Veracruz, la que decida por los cientos de ciudadanos del Municipio de Veracruz que votaron a favor de la alianza \u201cVeracruz Va\u201d.<\/p>\n\n\n\n<p>Veracruz se gan\u00f3 de manera transparente y democr\u00e1tica, as\u00ed que no permitiremos que la voluntad de dos personas est\u00e9 por encima de la decisi\u00f3n de cientos de ciudadanos, por lo que exigimos haya imparcialidad en el caso.<\/p>\n\n\n\n<p>Unidos y fuertes, \u00a1Mantendr\u00e9mos la lucha!<\/p>\n\n\n\n<p>Guilebaldo Garc\u00eda Zenil<br>Presidente Interino del Comit\u00e9 Directivo Estatal del PAN de Veracruz<\/p>\n","protected":false},"excerpt":{"rendered":"<p>A la ciudadan\u00eda veracruzana en general: La democracia de los veracruzanos ha sido vulnerada con la sentencia emitida por dos de los magistrados del Tribunal Estatal Electoral de Veracruz, pues sabemos que obedecen a otros intereses y por tal motivo, no permitiremos que arrebaten a la ciudadan\u00eda lo que en un ejercicio democr\u00e1tico decidieron. No [&hellip;]<\/p>\n","protected":false},"author":2,"featured_media":0,"comment_status":"closed","ping_status":"closed","sticky":false,"template":"","format":"standard","meta":{"tdm_status":"","tdm_grid_status":"","footnotes":""},"categories":[1],"tags":[15924,10448,31424,31570,28179,9141,31569,195],"class_list":{"0":"post-83143","1":"post","2":"type-post","3":"status-publish","4":"format-standard","6":"category-sin-categoria","7":"tag-claudia-diaz-tablada","8":"tag-eduardo-sigala-aguilar","9":"tag-guilebaldo-garcia-zenil","10":"tag-manuel-rivera-polanco","11":"tag-patricia-lobeira-rodriguez","12":"tag-tania-celina-vasquez-munoz","13":"tag-tribunal-estatal-electoral-de-veracruz","14":"tag-veracruz"},"yoast_head":"<!-- This site is optimized with the Yoast SEO plugin v27.4 - https:\/\/yoast.com\/product\/yoast-seo-wordpress\/ -->\n<title>Mantendremos la lucha por Veracruz! - Los pol\u00edticos Veracruz<\/title>\n<meta name=\"robots\" content=\"index, follow, max-snippet:-1, max-image-preview:large, max-video-preview:-1\" \/>\n<link rel=\"canonical\" href=\"https:\/\/lospoliticosveracruz.com\/?p=83143\" \/>\n<meta property=\"og:locale\" content=\"es_ES\" \/>\n<meta property=\"og:type\" content=\"article\" \/>\n<meta property=\"og:title\" content=\"Mantendremos la lucha por Veracruz! - Los pol\u00edticos Veracruz\" \/>\n<meta property=\"og:description\" content=\"A la ciudadan\u00eda veracruzana en general: La democracia de los veracruzanos ha sido vulnerada con la sentencia emitida por dos de los magistrados del Tribunal Estatal Electoral de Veracruz, pues sabemos que obedecen a otros intereses y por tal motivo, no permitiremos que arrebaten a la ciudadan\u00eda lo que en un ejercicio democr\u00e1tico decidieron. No [&hellip;]\" \/>\n<meta property=\"og:url\" content=\"https:\/\/lospoliticosveracruz.com\/?p=83143\" \/>\n<meta property=\"og:site_name\" content=\"Los pol\u00edticos Veracruz\" \/>\n<meta property=\"article:publisher\" content=\"https:\/\/www.facebook.com\/people\/Notimemes-de-los-Polticos\/61565672886568\/\" \/>\n<meta property=\"article:published_time\" content=\"2021-12-09T19:21:45+00:00\" \/>\n<meta property=\"article:modified_time\" content=\"2021-12-09T19:21:51+00:00\" \/>\n<meta property=\"og:image\" content=\"https:\/\/lospoliticosveracruz.com\/wp-content\/uploads\/2016\/07\/Logo-Dor.jpg\" \/>\n\t<meta property=\"og:image:width\" content=\"200\" \/>\n\t<meta property=\"og:image:height\" content=\"200\" \/>\n\t<meta property=\"og:image:type\" content=\"image\/jpeg\" \/>\n<meta name=\"author\" content=\"Lo viste en Los Pol\u00edticos\" \/>\n<meta name=\"twitter:card\" content=\"summary_large_image\" \/>\n<meta name=\"twitter:creator\" content=\"@LosPoliticosVer\" \/>\n<meta name=\"twitter:site\" content=\"@LosPoliticosVer\" \/>\n<meta name=\"twitter:label1\" content=\"Escrito por\" \/>\n\t<meta name=\"twitter:data1\" content=\"Lo viste en Los Pol\u00edticos\" \/>\n\t<meta name=\"twitter:label2\" content=\"Tiempo de lectura\" \/>\n\t<meta name=\"twitter:data2\" content=\"3 minutos\" \/>\n<script type=\"application\/ld+json\" class=\"yoast-schema-graph\">{\"@context\":\"https:\\\/\\\/schema.org\",\"@graph\":[{\"@type\":\"Article\",\"@id\":\"https:\\\/\\\/lospoliticosveracruz.com\\\/?p=83143#article\",\"isPartOf\":{\"@id\":\"https:\\\/\\\/lospoliticosveracruz.com\\\/?p=83143\"},\"author\":{\"name\":\"Lo viste en Los Pol\u00edticos\",\"@id\":\"https:\\\/\\\/lospoliticosveracruz.com\\\/#\\\/schema\\\/person\\\/b8702bb0e538456e6efd07080bf2a4a2\"},\"headline\":\"Mantendremos la lucha por Veracruz!\",\"datePublished\":\"2021-12-09T19:21:45+00:00\",\"dateModified\":\"2021-12-09T19:21:51+00:00\",\"mainEntityOfPage\":{\"@id\":\"https:\\\/\\\/lospoliticosveracruz.com\\\/?p=83143\"},\"wordCount\":650,\"publisher\":{\"@id\":\"https:\\\/\\\/lospoliticosveracruz.com\\\/#organization\"},\"keywords\":[\"Claudia D\u00edaz Tablada\",\"Eduardo Sigala Aguilar\",\"Guilebaldo Garc\u00eda Zenil\",\"Manuel Rivera Polanco\",\"Patricia Lobeira Rodr\u00edguez\",\"Tania Celina V\u00e1squez Mu\u00f1oz\",\"Tribunal Estatal Electoral de Veracruz\",\"Veracruz\"],\"inLanguage\":\"es\"},{\"@type\":\"WebPage\",\"@id\":\"https:\\\/\\\/lospoliticosveracruz.com\\\/?p=83143\",\"url\":\"https:\\\/\\\/lospoliticosveracruz.com\\\/?p=83143\",\"name\":\"Mantendremos la lucha por Veracruz! - Los pol\u00edticos Veracruz\",\"isPartOf\":{\"@id\":\"https:\\\/\\\/lospoliticosveracruz.com\\\/#website\"},\"datePublished\":\"2021-12-09T19:21:45+00:00\",\"dateModified\":\"2021-12-09T19:21:51+00:00\",\"breadcrumb\":{\"@id\":\"https:\\\/\\\/lospoliticosveracruz.com\\\/?p=83143#breadcrumb\"},\"inLanguage\":\"es\",\"potentialAction\":[{\"@type\":\"ReadAction\",\"target\":[\"https:\\\/\\\/lospoliticosveracruz.com\\\/?p=83143\"]}]},{\"@type\":\"BreadcrumbList\",\"@id\":\"https:\\\/\\\/lospoliticosveracruz.com\\\/?p=83143#breadcrumb\",\"itemListElement\":[{\"@type\":\"ListItem\",\"position\":1,\"name\":\"Portada\",\"item\":\"https:\\\/\\\/lospoliticosveracruz.com\\\/\"},{\"@type\":\"ListItem\",\"position\":2,\"name\":\"Mantendremos la lucha por Veracruz!\"}]},{\"@type\":\"WebSite\",\"@id\":\"https:\\\/\\\/lospoliticosveracruz.com\\\/#website\",\"url\":\"https:\\\/\\\/lospoliticosveracruz.com\\\/\",\"name\":\"Los pol\u00edticos Veracruz\",\"description\":\"\",\"publisher\":{\"@id\":\"https:\\\/\\\/lospoliticosveracruz.com\\\/#organization\"},\"potentialAction\":[{\"@type\":\"SearchAction\",\"target\":{\"@type\":\"EntryPoint\",\"urlTemplate\":\"https:\\\/\\\/lospoliticosveracruz.com\\\/?s={search_term_string}\"},\"query-input\":{\"@type\":\"PropertyValueSpecification\",\"valueRequired\":true,\"valueName\":\"search_term_string\"}}],\"inLanguage\":\"es\"},{\"@type\":\"Organization\",\"@id\":\"https:\\\/\\\/lospoliticosveracruz.com\\\/#organization\",\"name\":\"Los pol\u00edticos Veracruz\",\"url\":\"https:\\\/\\\/lospoliticosveracruz.com\\\/\",\"logo\":{\"@type\":\"ImageObject\",\"inLanguage\":\"es\",\"@id\":\"https:\\\/\\\/lospoliticosveracruz.com\\\/#\\\/schema\\\/logo\\\/image\\\/\",\"url\":\"https:\\\/\\\/lospoliticosveracruz.com\\\/wp-content\\\/uploads\\\/2025\\\/12\\\/Logo-Nuevo-LOS-POLITICOS-1.jpg\",\"contentUrl\":\"https:\\\/\\\/lospoliticosveracruz.com\\\/wp-content\\\/uploads\\\/2025\\\/12\\\/Logo-Nuevo-LOS-POLITICOS-1.jpg\",\"width\":260,\"height\":70,\"caption\":\"Los pol\u00edticos Veracruz\"},\"image\":{\"@id\":\"https:\\\/\\\/lospoliticosveracruz.com\\\/#\\\/schema\\\/logo\\\/image\\\/\"},\"sameAs\":[\"https:\\\/\\\/www.facebook.com\\\/people\\\/Notimemes-de-los-Polticos\\\/61565672886568\\\/\",\"https:\\\/\\\/x.com\\\/LosPoliticosVer\"]},{\"@type\":\"Person\",\"@id\":\"https:\\\/\\\/lospoliticosveracruz.com\\\/#\\\/schema\\\/person\\\/b8702bb0e538456e6efd07080bf2a4a2\",\"name\":\"Lo viste en Los Pol\u00edticos\",\"image\":{\"@type\":\"ImageObject\",\"inLanguage\":\"es\",\"@id\":\"https:\\\/\\\/secure.gravatar.com\\\/avatar\\\/3a8de04a2656d44082be478bd6c086daa447c4651605818287b9532d3d0bd435?s=96&d=mm&r=g\",\"url\":\"https:\\\/\\\/secure.gravatar.com\\\/avatar\\\/3a8de04a2656d44082be478bd6c086daa447c4651605818287b9532d3d0bd435?s=96&d=mm&r=g\",\"contentUrl\":\"https:\\\/\\\/secure.gravatar.com\\\/avatar\\\/3a8de04a2656d44082be478bd6c086daa447c4651605818287b9532d3d0bd435?s=96&d=mm&r=g\",\"caption\":\"Lo viste en Los Pol\u00edticos\"},\"url\":\"https:\\\/\\\/lospoliticosveracruz.com\\\/?author=2\"}]}<\/script>\n<!-- \/ Yoast SEO plugin. -->","yoast_head_json":{"title":"Mantendremos la lucha por Veracruz! - Los pol\u00edticos Veracruz","robots":{"index":"index","follow":"follow","max-snippet":"max-snippet:-1","max-image-preview":"max-image-preview:large","max-video-preview":"max-video-preview:-1"},"canonical":"https:\/\/lospoliticosveracruz.com\/?p=83143","og_locale":"es_ES","og_type":"article","og_title":"Mantendremos la lucha por Veracruz! - Los pol\u00edticos Veracruz","og_description":"A la ciudadan\u00eda veracruzana en general: La democracia de los veracruzanos ha sido vulnerada con la sentencia emitida por dos de los magistrados del Tribunal Estatal Electoral de Veracruz, pues sabemos que obedecen a otros intereses y por tal motivo, no permitiremos que arrebaten a la ciudadan\u00eda lo que en un ejercicio democr\u00e1tico decidieron. No [&hellip;]","og_url":"https:\/\/lospoliticosveracruz.com\/?p=83143","og_site_name":"Los pol\u00edticos Veracruz","article_publisher":"https:\/\/www.facebook.com\/people\/Notimemes-de-los-Polticos\/61565672886568\/","article_published_time":"2021-12-09T19:21:45+00:00","article_modified_time":"2021-12-09T19:21:51+00:00","og_image":[{"width":200,"height":200,"url":"https:\/\/lospoliticosveracruz.com\/wp-content\/uploads\/2016\/07\/Logo-Dor.jpg","type":"image\/jpeg"}],"author":"Lo viste en Los Pol\u00edticos","twitter_card":"summary_large_image","twitter_creator":"@LosPoliticosVer","twitter_site":"@LosPoliticosVer","twitter_misc":{"Escrito por":"Lo viste en Los Pol\u00edticos","Tiempo de lectura":"3 minutos"},"schema":{"@context":"https:\/\/schema.org","@graph":[{"@type":"Article","@id":"https:\/\/lospoliticosveracruz.com\/?p=83143#article","isPartOf":{"@id":"https:\/\/lospoliticosveracruz.com\/?p=83143"},"author":{"name":"Lo viste en Los Pol\u00edticos","@id":"https:\/\/lospoliticosveracruz.com\/#\/schema\/person\/b8702bb0e538456e6efd07080bf2a4a2"},"headline":"Mantendremos la lucha por Veracruz!","datePublished":"2021-12-09T19:21:45+00:00","dateModified":"2021-12-09T19:21:51+00:00","mainEntityOfPage":{"@id":"https:\/\/lospoliticosveracruz.com\/?p=83143"},"wordCount":650,"publisher":{"@id":"https:\/\/lospoliticosveracruz.com\/#organization"},"keywords":["Claudia D\u00edaz Tablada","Eduardo Sigala Aguilar","Guilebaldo Garc\u00eda Zenil","Manuel Rivera Polanco","Patricia Lobeira Rodr\u00edguez","Tania Celina V\u00e1squez Mu\u00f1oz","Tribunal Estatal Electoral de Veracruz","Veracruz"],"inLanguage":"es"},{"@type":"WebPage","@id":"https:\/\/lospoliticosveracruz.com\/?p=83143","url":"https:\/\/lospoliticosveracruz.com\/?p=83143","name":"Mantendremos la lucha por Veracruz! - Los pol\u00edticos Veracruz","isPartOf":{"@id":"https:\/\/lospoliticosveracruz.com\/#website"},"datePublished":"2021-12-09T19:21:45+00:00","dateModified":"2021-12-09T19:21:51+00:00","breadcrumb":{"@id":"https:\/\/lospoliticosveracruz.com\/?p=83143#breadcrumb"},"inLanguage":"es","potentialAction":[{"@type":"ReadAction","target":["https:\/\/lospoliticosveracruz.com\/?p=83143"]}]},{"@type":"BreadcrumbList","@id":"https:\/\/lospoliticosveracruz.com\/?p=83143#breadcrumb","itemListElement":[{"@type":"ListItem","position":1,"name":"Portada","item":"https:\/\/lospoliticosveracruz.com\/"},{"@type":"ListItem","position":2,"name":"Mantendremos la lucha por Veracruz!"}]},{"@type":"WebSite","@id":"https:\/\/lospoliticosveracruz.com\/#website","url":"https:\/\/lospoliticosveracruz.com\/","name":"Los pol\u00edticos Veracruz","description":"","publisher":{"@id":"https:\/\/lospoliticosveracruz.com\/#organization"},"potentialAction":[{"@type":"SearchAction","target":{"@type":"EntryPoint","urlTemplate":"https:\/\/lospoliticosveracruz.com\/?s={search_term_string}"},"query-input":{"@type":"PropertyValueSpecification","valueRequired":true,"valueName":"search_term_string"}}],"inLanguage":"es"},{"@type":"Organization","@id":"https:\/\/lospoliticosveracruz.com\/#organization","name":"Los pol\u00edticos Veracruz","url":"https:\/\/lospoliticosveracruz.com\/","logo":{"@type":"ImageObject","inLanguage":"es","@id":"https:\/\/lospoliticosveracruz.com\/#\/schema\/logo\/image\/","url":"https:\/\/lospoliticosveracruz.com\/wp-content\/uploads\/2025\/12\/Logo-Nuevo-LOS-POLITICOS-1.jpg","contentUrl":"https:\/\/lospoliticosveracruz.com\/wp-content\/uploads\/2025\/12\/Logo-Nuevo-LOS-POLITICOS-1.jpg","width":260,"height":70,"caption":"Los pol\u00edticos Veracruz"},"image":{"@id":"https:\/\/lospoliticosveracruz.com\/#\/schema\/logo\/image\/"},"sameAs":["https:\/\/www.facebook.com\/people\/Notimemes-de-los-Polticos\/61565672886568\/","https:\/\/x.com\/LosPoliticosVer"]},{"@type":"Person","@id":"https:\/\/lospoliticosveracruz.com\/#\/schema\/person\/b8702bb0e538456e6efd07080bf2a4a2","name":"Lo viste en Los Pol\u00edticos","image":{"@type":"ImageObject","inLanguage":"es","@id":"https:\/\/secure.gravatar.com\/avatar\/3a8de04a2656d44082be478bd6c086daa447c4651605818287b9532d3d0bd435?s=96&d=mm&r=g","url":"https:\/\/secure.gravatar.com\/avatar\/3a8de04a2656d44082be478bd6c086daa447c4651605818287b9532d3d0bd435?s=96&d=mm&r=g","contentUrl":"https:\/\/secure.gravatar.com\/avatar\/3a8de04a2656d44082be478bd6c086daa447c4651605818287b9532d3d0bd435?s=96&d=mm&r=g","caption":"Lo viste en Los Pol\u00edticos"},"url":"https:\/\/lospoliticosveracruz.com\/?author=2"}]}},"_links":{"self":[{"href":"https:\/\/lospoliticosveracruz.com\/index.php?rest_route=\/wp\/v2\/posts\/83143","targetHints":{"allow":["GET"]}}],"collection":[{"href":"https:\/\/lospoliticosveracruz.com\/index.php?rest_route=\/wp\/v2\/posts"}],"about":[{"href":"https:\/\/lospoliticosveracruz.com\/index.php?rest_route=\/wp\/v2\/types\/post"}],"author":[{"embeddable":true,"href":"https:\/\/lospoliticosveracruz.com\/index.php?rest_route=\/wp\/v2\/users\/2"}],"replies":[{"embeddable":true,"href":"https:\/\/lospoliticosveracruz.com\/index.php?rest_route=%2Fwp%2Fv2%2Fcomments&post=83143"}],"version-history":[{"count":1,"href":"https:\/\/lospoliticosveracruz.com\/index.php?rest_route=\/wp\/v2\/posts\/83143\/revisions"}],"predecessor-version":[{"id":83145,"href":"https:\/\/lospoliticosveracruz.com\/index.php?rest_route=\/wp\/v2\/posts\/83143\/revisions\/83145"}],"wp:attachment":[{"href":"https:\/\/lospoliticosveracruz.com\/index.php?rest_route=%2Fwp%2Fv2%2Fmedia&parent=83143"}],"wp:term":[{"taxonomy":"category","embeddable":true,"href":"https:\/\/lospoliticosveracruz.com\/index.php?rest_route=%2Fwp%2Fv2%2Fcategories&post=83143"},{"taxonomy":"post_tag","embeddable":true,"href":"https:\/\/lospoliticosveracruz.com\/index.php?rest_route=%2Fwp%2Fv2%2Ftags&post=83143"}],"curies":[{"name":"wp","href":"https:\/\/api.w.org\/{rel}","templated":true}]}}