{"id":83156,"date":"2021-12-09T16:25:47","date_gmt":"2021-12-09T22:25:47","guid":{"rendered":"https:\/\/lospoliticosveracruz.com.mx\/?p=83156"},"modified":"2021-12-09T16:25:53","modified_gmt":"2021-12-09T22:25:53","slug":"cuenta-veracruz-con-politica-estatal-anticorrupcion","status":"publish","type":"post","link":"https:\/\/lospoliticosveracruz.com\/?p=83156","title":{"rendered":"Cuenta Veracruz con Pol\u00edtica Estatal Anticorrupci\u00f3n"},"content":{"rendered":"\n<p><\/p>\n\n\n\n<p><\/p>\n\n\n\n<p><strong>Xalapa<\/strong><\/p>\n\n\n\n<p><br>El estado de Veracruz cuenta a partir de esta fecha con una Pol\u00edtica Estatal Anticorrupci\u00f3n (PEAV), misma que ya fue publicada en la Gaceta Oficial del Estado y que contiene una serie de estrategias y acciones encaminadas a combatir este grave problema.<\/p>\n\n\n\n<p>En el marco del foro \u201cDesaf\u00edos y Avances en Materia de Prevenci\u00f3n y Combate a la Corrupci\u00f3n\u201d organizado por los integrantes del Sistema Estatal Anticorrupci\u00f3n (SEA) en el Congreso local, se anunci\u00f3 que despu\u00e9s de seis meses de haberse aprobado, finalmente se logr\u00f3 la publicaci\u00f3n de la PEAV.<\/p>\n\n\n\n<p>Esta Pol\u00edtica Estatal Anticorrupci\u00f3n de Veracruz (PEAV) fue aprobada en la Tercera Sesi\u00f3n Extraordinaria del Comit\u00e9 Coordinador el pasado mes de junio y contiene cuatro principios transversales, 40 prioridades enfocadas en 267 acciones con el fin de prevenir, detectar, investigar y sancionar las faltas administrativas y hechos de corrupci\u00f3n a trav\u00e9s de los diferentes entes que integran el Comit\u00e9. Asimismo, contempla la promoci\u00f3n de un mayor involucramiento de la sociedad.<\/p>\n\n\n\n<p>La comisionada presidenta del Instituto Veracruzano de Acceso a la Informaci\u00f3n y Protecci\u00f3n de Datos Personales (IVAI), Naldy Rodr\u00edguez Lagunes, inform\u00f3 que este organismo aut\u00f3nomo participa en 16 de las 40 prioridades, que van desde la promoci\u00f3n de la generaci\u00f3n de medios y elementos m\u00ednimos para la presentaci\u00f3n de denuncias y hechos de corrupci\u00f3n, vigilar el cumplimiento de las obligaciones que por normativa las dependencias deben efectuar, dise\u00f1o de capacitaciones para diversos temas que abarquen las tem\u00e1ticas de transparencia, gesti\u00f3n documental, Contrataciones Abiertas y Transparencia Proactiva, por mencionar algunos.<\/p>\n\n\n\n<p>La PEAV se desarroll\u00f3 conforme lo establecido Secretar\u00eda Ejecutiva del Sistema Nacional Anticorrupci\u00f3n (SESNA), por lo que dicha pol\u00edtica se encuentra alineada en su totalidad y de manera conceptual con la PNA, manteniendo los aspectos espec\u00edficos del contexto de la entidad veracruzana.<\/p>\n\n\n\n<p>La Pol\u00edtica Estatal Anticorrupci\u00f3n de Veracruz (PEAV) refleja que el fen\u00f3meno de la corrupci\u00f3n no solo corresponde al sector gubernamental, sino que tambi\u00e9n ha permeado al tejido social, por lo que su enfoque aborda el problema central desde una perspectiva social.<\/p>\n\n\n\n<p>Las instituciones que trabajaron coordinadamente y a lo largo de varios meses en la conformaci\u00f3n de esta pol\u00edtica son el \u00d3rgano de Fiscalizaci\u00f3n Superior (Orfis), el Instituto Veracruzano de Acceso a la Informaci\u00f3n y Protecci\u00f3n de Datos Personales (IVAI), el Poder Judicial del Estado de Veracruz (PJEV), el Tribunal Estatal de Justicia Administrativa (Tejav), la Contralor\u00eda General (CGE), la Fiscal\u00eda Especializada en Combate a la Corrupci\u00f3n y la Secretar\u00eda Ejecutiva del Sistema Estatal Anticorrupci\u00f3n.<\/p>\n","protected":false},"excerpt":{"rendered":"<p>Xalapa El estado de Veracruz cuenta a partir de esta fecha con una Pol\u00edtica Estatal Anticorrupci\u00f3n (PEAV), misma que ya fue publicada en la Gaceta Oficial del Estado y que contiene una serie de estrategias y acciones encaminadas a combatir este grave problema. En el marco del foro \u201cDesaf\u00edos y Avances en Materia de Prevenci\u00f3n [&hellip;]<\/p>\n","protected":false},"author":2,"featured_media":0,"comment_status":"closed","ping_status":"closed","sticky":false,"template":"","format":"standard","meta":{"tdm_status":"","tdm_grid_status":"","footnotes":""},"categories":[73],"tags":[985,5753,135,31571,31572,7799,12272,1067],"class_list":{"0":"post-83156","1":"post","2":"type-post","3":"status-publish","4":"format-standard","6":"category-de-boleto","7":"tag-ivai","8":"tag-naldy-rodriguez-lagunes","9":"tag-orfis","10":"tag-peav","11":"tag-sesna","12":"tag-sistema-estatal-anticorrupcion","13":"tag-tejav","14":"tag-transparencia"},"yoast_head":"<!-- This site is optimized with the Yoast SEO plugin v27.4 - https:\/\/yoast.com\/product\/yoast-seo-wordpress\/ -->\n<title>Cuenta Veracruz con Pol\u00edtica Estatal Anticorrupci\u00f3n - Los pol\u00edticos Veracruz<\/title>\n<meta name=\"robots\" content=\"index, follow, max-snippet:-1, max-image-preview:large, max-video-preview:-1\" \/>\n<link rel=\"canonical\" href=\"https:\/\/lospoliticosveracruz.com\/?p=83156\" \/>\n<meta property=\"og:locale\" content=\"es_ES\" \/>\n<meta property=\"og:type\" content=\"article\" \/>\n<meta property=\"og:title\" content=\"Cuenta Veracruz con Pol\u00edtica Estatal Anticorrupci\u00f3n - Los pol\u00edticos Veracruz\" \/>\n<meta property=\"og:description\" content=\"Xalapa El estado de Veracruz cuenta a partir de esta fecha con una Pol\u00edtica Estatal Anticorrupci\u00f3n (PEAV), misma que ya fue publicada en la Gaceta Oficial del Estado y que contiene una serie de estrategias y acciones encaminadas a combatir este grave problema. En el marco del foro \u201cDesaf\u00edos y Avances en Materia de Prevenci\u00f3n [&hellip;]\" \/>\n<meta property=\"og:url\" content=\"https:\/\/lospoliticosveracruz.com\/?p=83156\" \/>\n<meta property=\"og:site_name\" content=\"Los pol\u00edticos Veracruz\" \/>\n<meta property=\"article:publisher\" content=\"https:\/\/www.facebook.com\/people\/Notimemes-de-los-Polticos\/61565672886568\/\" \/>\n<meta property=\"article:published_time\" content=\"2021-12-09T22:25:47+00:00\" \/>\n<meta property=\"article:modified_time\" content=\"2021-12-09T22:25:53+00:00\" \/>\n<meta property=\"og:image\" content=\"https:\/\/lospoliticosveracruz.com\/wp-content\/uploads\/2016\/07\/Logo-Dor.jpg\" \/>\n\t<meta property=\"og:image:width\" content=\"200\" \/>\n\t<meta property=\"og:image:height\" content=\"200\" \/>\n\t<meta property=\"og:image:type\" content=\"image\/jpeg\" \/>\n<meta name=\"author\" content=\"Lo viste en Los Pol\u00edticos\" \/>\n<meta name=\"twitter:card\" content=\"summary_large_image\" \/>\n<meta name=\"twitter:creator\" content=\"@LosPoliticosVer\" \/>\n<meta name=\"twitter:site\" content=\"@LosPoliticosVer\" \/>\n<meta name=\"twitter:label1\" content=\"Escrito por\" \/>\n\t<meta name=\"twitter:data1\" content=\"Lo viste en Los Pol\u00edticos\" \/>\n\t<meta name=\"twitter:label2\" content=\"Tiempo de lectura\" \/>\n\t<meta name=\"twitter:data2\" content=\"2 minutos\" \/>\n<script type=\"application\/ld+json\" class=\"yoast-schema-graph\">{\"@context\":\"https:\\\/\\\/schema.org\",\"@graph\":[{\"@type\":\"Article\",\"@id\":\"https:\\\/\\\/lospoliticosveracruz.com\\\/?p=83156#article\",\"isPartOf\":{\"@id\":\"https:\\\/\\\/lospoliticosveracruz.com\\\/?p=83156\"},\"author\":{\"name\":\"Lo viste en Los Pol\u00edticos\",\"@id\":\"https:\\\/\\\/lospoliticosveracruz.com\\\/#\\\/schema\\\/person\\\/b8702bb0e538456e6efd07080bf2a4a2\"},\"headline\":\"Cuenta Veracruz con Pol\u00edtica Estatal Anticorrupci\u00f3n\",\"datePublished\":\"2021-12-09T22:25:47+00:00\",\"dateModified\":\"2021-12-09T22:25:53+00:00\",\"mainEntityOfPage\":{\"@id\":\"https:\\\/\\\/lospoliticosveracruz.com\\\/?p=83156\"},\"wordCount\":456,\"publisher\":{\"@id\":\"https:\\\/\\\/lospoliticosveracruz.com\\\/#organization\"},\"keywords\":[\"IVAI\",\"Naldy Rodr\u00edguez Lagunes\",\"Orfis\",\"PEAV\",\"SESNA\",\"Sistema Estatal Anticorrupci\u00f3n\",\"TEJAV\",\"transparencia\"],\"articleSection\":[\"De Boleto\"],\"inLanguage\":\"es\"},{\"@type\":\"WebPage\",\"@id\":\"https:\\\/\\\/lospoliticosveracruz.com\\\/?p=83156\",\"url\":\"https:\\\/\\\/lospoliticosveracruz.com\\\/?p=83156\",\"name\":\"Cuenta Veracruz con Pol\u00edtica Estatal Anticorrupci\u00f3n - Los pol\u00edticos Veracruz\",\"isPartOf\":{\"@id\":\"https:\\\/\\\/lospoliticosveracruz.com\\\/#website\"},\"datePublished\":\"2021-12-09T22:25:47+00:00\",\"dateModified\":\"2021-12-09T22:25:53+00:00\",\"breadcrumb\":{\"@id\":\"https:\\\/\\\/lospoliticosveracruz.com\\\/?p=83156#breadcrumb\"},\"inLanguage\":\"es\",\"potentialAction\":[{\"@type\":\"ReadAction\",\"target\":[\"https:\\\/\\\/lospoliticosveracruz.com\\\/?p=83156\"]}]},{\"@type\":\"BreadcrumbList\",\"@id\":\"https:\\\/\\\/lospoliticosveracruz.com\\\/?p=83156#breadcrumb\",\"itemListElement\":[{\"@type\":\"ListItem\",\"position\":1,\"name\":\"Portada\",\"item\":\"https:\\\/\\\/lospoliticosveracruz.com\\\/\"},{\"@type\":\"ListItem\",\"position\":2,\"name\":\"Cuenta Veracruz con Pol\u00edtica Estatal Anticorrupci\u00f3n\"}]},{\"@type\":\"WebSite\",\"@id\":\"https:\\\/\\\/lospoliticosveracruz.com\\\/#website\",\"url\":\"https:\\\/\\\/lospoliticosveracruz.com\\\/\",\"name\":\"Los pol\u00edticos Veracruz\",\"description\":\"\",\"publisher\":{\"@id\":\"https:\\\/\\\/lospoliticosveracruz.com\\\/#organization\"},\"potentialAction\":[{\"@type\":\"SearchAction\",\"target\":{\"@type\":\"EntryPoint\",\"urlTemplate\":\"https:\\\/\\\/lospoliticosveracruz.com\\\/?s={search_term_string}\"},\"query-input\":{\"@type\":\"PropertyValueSpecification\",\"valueRequired\":true,\"valueName\":\"search_term_string\"}}],\"inLanguage\":\"es\"},{\"@type\":\"Organization\",\"@id\":\"https:\\\/\\\/lospoliticosveracruz.com\\\/#organization\",\"name\":\"Los pol\u00edticos Veracruz\",\"url\":\"https:\\\/\\\/lospoliticosveracruz.com\\\/\",\"logo\":{\"@type\":\"ImageObject\",\"inLanguage\":\"es\",\"@id\":\"https:\\\/\\\/lospoliticosveracruz.com\\\/#\\\/schema\\\/logo\\\/image\\\/\",\"url\":\"https:\\\/\\\/lospoliticosveracruz.com\\\/wp-content\\\/uploads\\\/2025\\\/12\\\/Logo-Nuevo-LOS-POLITICOS-1.jpg\",\"contentUrl\":\"https:\\\/\\\/lospoliticosveracruz.com\\\/wp-content\\\/uploads\\\/2025\\\/12\\\/Logo-Nuevo-LOS-POLITICOS-1.jpg\",\"width\":260,\"height\":70,\"caption\":\"Los pol\u00edticos Veracruz\"},\"image\":{\"@id\":\"https:\\\/\\\/lospoliticosveracruz.com\\\/#\\\/schema\\\/logo\\\/image\\\/\"},\"sameAs\":[\"https:\\\/\\\/www.facebook.com\\\/people\\\/Notimemes-de-los-Polticos\\\/61565672886568\\\/\",\"https:\\\/\\\/x.com\\\/LosPoliticosVer\"]},{\"@type\":\"Person\",\"@id\":\"https:\\\/\\\/lospoliticosveracruz.com\\\/#\\\/schema\\\/person\\\/b8702bb0e538456e6efd07080bf2a4a2\",\"name\":\"Lo viste en Los Pol\u00edticos\",\"image\":{\"@type\":\"ImageObject\",\"inLanguage\":\"es\",\"@id\":\"https:\\\/\\\/secure.gravatar.com\\\/avatar\\\/3a8de04a2656d44082be478bd6c086daa447c4651605818287b9532d3d0bd435?s=96&d=mm&r=g\",\"url\":\"https:\\\/\\\/secure.gravatar.com\\\/avatar\\\/3a8de04a2656d44082be478bd6c086daa447c4651605818287b9532d3d0bd435?s=96&d=mm&r=g\",\"contentUrl\":\"https:\\\/\\\/secure.gravatar.com\\\/avatar\\\/3a8de04a2656d44082be478bd6c086daa447c4651605818287b9532d3d0bd435?s=96&d=mm&r=g\",\"caption\":\"Lo viste en Los Pol\u00edticos\"},\"url\":\"https:\\\/\\\/lospoliticosveracruz.com\\\/?author=2\"}]}<\/script>\n<!-- \/ Yoast SEO plugin. -->","yoast_head_json":{"title":"Cuenta Veracruz con Pol\u00edtica Estatal Anticorrupci\u00f3n - Los pol\u00edticos Veracruz","robots":{"index":"index","follow":"follow","max-snippet":"max-snippet:-1","max-image-preview":"max-image-preview:large","max-video-preview":"max-video-preview:-1"},"canonical":"https:\/\/lospoliticosveracruz.com\/?p=83156","og_locale":"es_ES","og_type":"article","og_title":"Cuenta Veracruz con Pol\u00edtica Estatal Anticorrupci\u00f3n - Los pol\u00edticos Veracruz","og_description":"Xalapa El estado de Veracruz cuenta a partir de esta fecha con una Pol\u00edtica Estatal Anticorrupci\u00f3n (PEAV), misma que ya fue publicada en la Gaceta Oficial del Estado y que contiene una serie de estrategias y acciones encaminadas a combatir este grave problema. En el marco del foro \u201cDesaf\u00edos y Avances en Materia de Prevenci\u00f3n [&hellip;]","og_url":"https:\/\/lospoliticosveracruz.com\/?p=83156","og_site_name":"Los pol\u00edticos Veracruz","article_publisher":"https:\/\/www.facebook.com\/people\/Notimemes-de-los-Polticos\/61565672886568\/","article_published_time":"2021-12-09T22:25:47+00:00","article_modified_time":"2021-12-09T22:25:53+00:00","og_image":[{"width":200,"height":200,"url":"https:\/\/lospoliticosveracruz.com\/wp-content\/uploads\/2016\/07\/Logo-Dor.jpg","type":"image\/jpeg"}],"author":"Lo viste en Los Pol\u00edticos","twitter_card":"summary_large_image","twitter_creator":"@LosPoliticosVer","twitter_site":"@LosPoliticosVer","twitter_misc":{"Escrito por":"Lo viste en Los Pol\u00edticos","Tiempo de lectura":"2 minutos"},"schema":{"@context":"https:\/\/schema.org","@graph":[{"@type":"Article","@id":"https:\/\/lospoliticosveracruz.com\/?p=83156#article","isPartOf":{"@id":"https:\/\/lospoliticosveracruz.com\/?p=83156"},"author":{"name":"Lo viste en Los Pol\u00edticos","@id":"https:\/\/lospoliticosveracruz.com\/#\/schema\/person\/b8702bb0e538456e6efd07080bf2a4a2"},"headline":"Cuenta Veracruz con Pol\u00edtica Estatal Anticorrupci\u00f3n","datePublished":"2021-12-09T22:25:47+00:00","dateModified":"2021-12-09T22:25:53+00:00","mainEntityOfPage":{"@id":"https:\/\/lospoliticosveracruz.com\/?p=83156"},"wordCount":456,"publisher":{"@id":"https:\/\/lospoliticosveracruz.com\/#organization"},"keywords":["IVAI","Naldy Rodr\u00edguez Lagunes","Orfis","PEAV","SESNA","Sistema Estatal Anticorrupci\u00f3n","TEJAV","transparencia"],"articleSection":["De Boleto"],"inLanguage":"es"},{"@type":"WebPage","@id":"https:\/\/lospoliticosveracruz.com\/?p=83156","url":"https:\/\/lospoliticosveracruz.com\/?p=83156","name":"Cuenta Veracruz con Pol\u00edtica Estatal Anticorrupci\u00f3n - Los pol\u00edticos Veracruz","isPartOf":{"@id":"https:\/\/lospoliticosveracruz.com\/#website"},"datePublished":"2021-12-09T22:25:47+00:00","dateModified":"2021-12-09T22:25:53+00:00","breadcrumb":{"@id":"https:\/\/lospoliticosveracruz.com\/?p=83156#breadcrumb"},"inLanguage":"es","potentialAction":[{"@type":"ReadAction","target":["https:\/\/lospoliticosveracruz.com\/?p=83156"]}]},{"@type":"BreadcrumbList","@id":"https:\/\/lospoliticosveracruz.com\/?p=83156#breadcrumb","itemListElement":[{"@type":"ListItem","position":1,"name":"Portada","item":"https:\/\/lospoliticosveracruz.com\/"},{"@type":"ListItem","position":2,"name":"Cuenta Veracruz con Pol\u00edtica Estatal Anticorrupci\u00f3n"}]},{"@type":"WebSite","@id":"https:\/\/lospoliticosveracruz.com\/#website","url":"https:\/\/lospoliticosveracruz.com\/","name":"Los pol\u00edticos Veracruz","description":"","publisher":{"@id":"https:\/\/lospoliticosveracruz.com\/#organization"},"potentialAction":[{"@type":"SearchAction","target":{"@type":"EntryPoint","urlTemplate":"https:\/\/lospoliticosveracruz.com\/?s={search_term_string}"},"query-input":{"@type":"PropertyValueSpecification","valueRequired":true,"valueName":"search_term_string"}}],"inLanguage":"es"},{"@type":"Organization","@id":"https:\/\/lospoliticosveracruz.com\/#organization","name":"Los pol\u00edticos Veracruz","url":"https:\/\/lospoliticosveracruz.com\/","logo":{"@type":"ImageObject","inLanguage":"es","@id":"https:\/\/lospoliticosveracruz.com\/#\/schema\/logo\/image\/","url":"https:\/\/lospoliticosveracruz.com\/wp-content\/uploads\/2025\/12\/Logo-Nuevo-LOS-POLITICOS-1.jpg","contentUrl":"https:\/\/lospoliticosveracruz.com\/wp-content\/uploads\/2025\/12\/Logo-Nuevo-LOS-POLITICOS-1.jpg","width":260,"height":70,"caption":"Los pol\u00edticos Veracruz"},"image":{"@id":"https:\/\/lospoliticosveracruz.com\/#\/schema\/logo\/image\/"},"sameAs":["https:\/\/www.facebook.com\/people\/Notimemes-de-los-Polticos\/61565672886568\/","https:\/\/x.com\/LosPoliticosVer"]},{"@type":"Person","@id":"https:\/\/lospoliticosveracruz.com\/#\/schema\/person\/b8702bb0e538456e6efd07080bf2a4a2","name":"Lo viste en Los Pol\u00edticos","image":{"@type":"ImageObject","inLanguage":"es","@id":"https:\/\/secure.gravatar.com\/avatar\/3a8de04a2656d44082be478bd6c086daa447c4651605818287b9532d3d0bd435?s=96&d=mm&r=g","url":"https:\/\/secure.gravatar.com\/avatar\/3a8de04a2656d44082be478bd6c086daa447c4651605818287b9532d3d0bd435?s=96&d=mm&r=g","contentUrl":"https:\/\/secure.gravatar.com\/avatar\/3a8de04a2656d44082be478bd6c086daa447c4651605818287b9532d3d0bd435?s=96&d=mm&r=g","caption":"Lo viste en Los Pol\u00edticos"},"url":"https:\/\/lospoliticosveracruz.com\/?author=2"}]}},"_links":{"self":[{"href":"https:\/\/lospoliticosveracruz.com\/index.php?rest_route=\/wp\/v2\/posts\/83156","targetHints":{"allow":["GET"]}}],"collection":[{"href":"https:\/\/lospoliticosveracruz.com\/index.php?rest_route=\/wp\/v2\/posts"}],"about":[{"href":"https:\/\/lospoliticosveracruz.com\/index.php?rest_route=\/wp\/v2\/types\/post"}],"author":[{"embeddable":true,"href":"https:\/\/lospoliticosveracruz.com\/index.php?rest_route=\/wp\/v2\/users\/2"}],"replies":[{"embeddable":true,"href":"https:\/\/lospoliticosveracruz.com\/index.php?rest_route=%2Fwp%2Fv2%2Fcomments&post=83156"}],"version-history":[{"count":1,"href":"https:\/\/lospoliticosveracruz.com\/index.php?rest_route=\/wp\/v2\/posts\/83156\/revisions"}],"predecessor-version":[{"id":83158,"href":"https:\/\/lospoliticosveracruz.com\/index.php?rest_route=\/wp\/v2\/posts\/83156\/revisions\/83158"}],"wp:attachment":[{"href":"https:\/\/lospoliticosveracruz.com\/index.php?rest_route=%2Fwp%2Fv2%2Fmedia&parent=83156"}],"wp:term":[{"taxonomy":"category","embeddable":true,"href":"https:\/\/lospoliticosveracruz.com\/index.php?rest_route=%2Fwp%2Fv2%2Fcategories&post=83156"},{"taxonomy":"post_tag","embeddable":true,"href":"https:\/\/lospoliticosveracruz.com\/index.php?rest_route=%2Fwp%2Fv2%2Ftags&post=83156"}],"curies":[{"name":"wp","href":"https:\/\/api.w.org\/{rel}","templated":true}]}}