{"id":83189,"date":"2021-12-10T08:05:54","date_gmt":"2021-12-10T14:05:54","guid":{"rendered":"https:\/\/lospoliticosveracruz.com.mx\/?p=83189"},"modified":"2021-12-10T08:06:00","modified_gmt":"2021-12-10T14:06:00","slug":"el-incorruptible-no-es-mas-que-realidad-virtual","status":"publish","type":"post","link":"https:\/\/lospoliticosveracruz.com\/?p=83189","title":{"rendered":"El incorruptible no es m\u00e1s que realidad virtual"},"content":{"rendered":"\n<p><strong>Felipe de Jes\u00fas Fern\u00e1ndez Basilio<br><\/strong><em>Desde a Janela<\/em><\/p>\n\n\n\n<p><\/p>\n\n\n\n<p>Hay instantes fortuitos que definen situaciones y uno de ellos lo tuvimos cuando al presidente se le ocurri\u00f3 presumir el tren que va a conectar su mini aeropuerto con la Ciudad de M\u00e9xico y es que, mientras en un ambiente distendido explicaba acompa\u00f1ado de sus amigos m\u00e1s cercanos para qu\u00e9 va a servir ese tren y que por sus ventanas se ve\u00eda la terminal a\u00e9rea en construcci\u00f3n; el equipo t\u00e9cnico al parecer present\u00f3 una falla y las im\u00e1genes que se ve\u00edan en las ventanillas, de pronto se desvanecieron y se descubri\u00f3 que el presidente no iba en el veh\u00edculo que dec\u00eda ir, porque adem\u00e1s este a\u00fan no existe y en todo caso o estaba en un simulador o en otro veh\u00edculo en el cual simul\u00f3 lo que no existe.<\/p>\n\n\n\n<div class=\"wp-block-image\"><figure class=\"alignleft size-large is-resized\"><a href=\"https:\/\/lospoliticosveracruz.com.mx\/wp-content\/uploads\/2021\/10\/WhatsApp-Image-2021-10-02-at-15.20.25.jpeg\"><img loading=\"lazy\" decoding=\"async\" src=\"https:\/\/lospoliticosveracruz.com.mx\/wp-content\/uploads\/2021\/10\/WhatsApp-Image-2021-10-02-at-15.20.25-724x1024.jpeg\" alt=\"\" class=\"wp-image-80177\" width=\"250\" height=\"350\"\/><\/a><\/figure><\/div>\n\n\n\n<p><br>Pues esta an\u00e9cdota del tren con realidad virtual sale a colaci\u00f3n debido que al momento de escribir estas letras, se conmemora el d\u00eda internacional de la lucha contra la corrupci\u00f3n y esa lucha en la mayor parte de M\u00e9xico, es tan virtual como el recorrido que hizo el presidente en el tren que no es el que dijo que era.<br>Veamos como la realidad virtual se despliega a lo largo y ancho del pa\u00eds y es que esa imagen simulada parte de una campa\u00f1a que ha resultado a lo largo de los siglos como exitosa y que consiste en repetir una cosa miles de veces y como consecuencia de la repetici\u00f3n, el mensaje a comunicar es validado consciente o inconscientemente por el receptor independientemente de su veracidad; ese es el truco tanto de publicistas comerciales como de propagandistas pol\u00edticos.<br>Y as\u00ed tenemos que quien hoy es presidente de la rep\u00fablica, desde hace d\u00e9cadas ha repetido una y mil veces que no es una persona corrupta y ya llegado al cargo, esa primera persona del singular se transform\u00f3 en primera persona del plural para quedar como \u201cnosotros no somos corruptos\u201d, frase que diariamente repite tanto en sus shows matutinos como en cuanta ocasi\u00f3n se le presente.<br>Frase aderezada con decir que la corrupci\u00f3n qued\u00f3 en el pasado y que a partir de su llegada a la presidencia la corrupci\u00f3n en el pa\u00eds quedar\u00eda como un mal recuerdo y obviamente de tanto repetir lo mismo, pues resulta que la mencionada quimera se asume como real.<br>Sin embargo, la realidad siempre ha sido muy distinta a lo pregonado y es que desde que fue jefe de gobierno del entonces Distrito Federal, las corruptelas en su entorno han sido ampliamente difundidas, como evidente ha sido el persistente rechazo a combatirlas y esa misma realidad, aunque ignorada por muchos, alcanza a su misma persona.<br>Por solo mencionar un par de ejemplos f\u00e1ciles de comprobar de la corrupci\u00f3n personal de L\u00f3pez Obrador, tenemos el enriquecimiento personal y el tr\u00e1fico de influencias.<br>El primero de ellos es notorio debido a su simple subsistencia como ser humano y es que para enriquecerse indebidamente no es necesario tener miles de propiedades o millones de pesos, cosas que eran notorias en los pri\u00edstas pero que con L\u00f3pez Obrador no se han comprobado, pero con el solo hecho de mantenerse y mantener a su familia durante d\u00e9cadas sin tener alg\u00fan trabajo l\u00edcito remunerado, salvo los periodos en los que dirigi\u00f3 al PRD, a su partido actual y los dos cargos p\u00fablicos que ha ocupado, permite suponer o que es muy austero y hace rendir el dinero de una manera casi incre\u00edble o se ha servido de fondos p\u00fablicos destinados a sus partidos y campa\u00f1as para solventar su paso por este mundo a lo largo de tantos a\u00f1os.<br>Y si a ello le sumamos que a lo largo de su carrera pol\u00edtica lo han acompa\u00f1ado los video esc\u00e1ndalos de allegados y familiares recibiendo jugosas \u201cdonaciones\u201d fuera de la ley, f\u00e1cilmente podemos aclarar la forma en que ha subsistido en esta vida. A ese razonamiento en derecho penal se le conoce como prueba circunstancial.<br>Ahora bien, el tr\u00e1fico de influencias que tambi\u00e9n es corrupci\u00f3n, lo encontramos en todas y cuantas designaciones ha hecho en los cargos p\u00fablicos que ha ocupado y es que bajo el pretexto de \u201cpoco profesionalismo y mucha honradez\u201d ha colonizado poderes, \u00f3rganos aut\u00f3nomos y dependencias p\u00fablicas con personas ineficaces para lo que est\u00e1n designadas, pero que nunca le negar\u00e1n un favor a quien las puso en sus cargos y en eso precisamente consiste esta modalidad de corrupci\u00f3n.<br>Por estos dos motivos es claro que a los de casa nunca va a perseguir, ya que son personas que han sido, son y ser\u00e1n claves para seguir viviendo del presupuesto y ah\u00ed se explica por qu\u00e9 las denuncias de corrupci\u00f3n en contra de la actual administraci\u00f3n nunca prosperan y el que las fiscal\u00edas anticorrupci\u00f3n no alcancen siquiera el uno por ciento de efectividad en su labor.<br>As\u00ed que tan virtual es la no corrupci\u00f3n personal de L\u00f3pez Obrador, como lo fue el recorrido que hizo en un tren inexistente pero que hizo creer como real.<br><\/p>\n\n\n\n<p><strong><em>Nuevo Arzobispo de Jalapa<br><\/em><\/strong>Ha sido designado el arzobispo de Jalapa, un prelado yucateco que llega directamente de la Curia Romana, personaje muy cercano al Papa y quien seguramente va a transformar y modernizar a su ahora arquidi\u00f3cesis; resultando como en todo, muy alentador que provenga de otra provincia eclesi\u00e1stica, ya que no hay nada mejor que la diversidad.<br>felfebas@gmail.com<br>Twitter: @FelipeFBasilio<\/p>\n","protected":false},"excerpt":{"rendered":"<p>Felipe de Jes\u00fas Fern\u00e1ndez BasilioDesde a Janela Hay instantes fortuitos que definen situaciones y uno de ellos lo tuvimos cuando al presidente se le ocurri\u00f3 presumir el tren que va a conectar su mini aeropuerto con la Ciudad de M\u00e9xico y es que, mientras en un ambiente distendido explicaba acompa\u00f1ado de sus amigos m\u00e1s cercanos [&hellip;]<\/p>\n","protected":false},"author":2,"featured_media":0,"comment_status":"closed","ping_status":"closed","sticky":false,"template":"","format":"standard","meta":{"tdm_status":"","tdm_grid_status":"","footnotes":""},"categories":[70],"tags":[618,3795,12710,31582,8598],"class_list":{"0":"post-83189","1":"post","2":"type-post","3":"status-publish","4":"format-standard","6":"category-de-opinion","7":"tag-andres-manuel-lopez-obrador","8":"tag-ciudad-de-mexico","9":"tag-felipe-de-jesus-fernandez-basilio","10":"tag-fiscalias-anticorrupcion","11":"tag-realidad-virtual"},"yoast_head":"<!-- This site is optimized with the Yoast SEO plugin v27.4 - https:\/\/yoast.com\/product\/yoast-seo-wordpress\/ -->\n<title>El incorruptible no es m\u00e1s que realidad virtual - Los pol\u00edticos Veracruz<\/title>\n<meta name=\"robots\" content=\"index, follow, max-snippet:-1, max-image-preview:large, max-video-preview:-1\" \/>\n<link rel=\"canonical\" href=\"https:\/\/lospoliticosveracruz.com\/?p=83189\" \/>\n<meta property=\"og:locale\" content=\"es_ES\" \/>\n<meta property=\"og:type\" content=\"article\" \/>\n<meta property=\"og:title\" content=\"El incorruptible no es m\u00e1s que realidad virtual - Los pol\u00edticos Veracruz\" \/>\n<meta property=\"og:description\" content=\"Felipe de Jes\u00fas Fern\u00e1ndez BasilioDesde a Janela Hay instantes fortuitos que definen situaciones y uno de ellos lo tuvimos cuando al presidente se le ocurri\u00f3 presumir el tren que va a conectar su mini aeropuerto con la Ciudad de M\u00e9xico y es que, mientras en un ambiente distendido explicaba acompa\u00f1ado de sus amigos m\u00e1s cercanos [&hellip;]\" \/>\n<meta property=\"og:url\" content=\"https:\/\/lospoliticosveracruz.com\/?p=83189\" \/>\n<meta property=\"og:site_name\" content=\"Los pol\u00edticos Veracruz\" \/>\n<meta property=\"article:publisher\" content=\"https:\/\/www.facebook.com\/people\/Notimemes-de-los-Polticos\/61565672886568\/\" \/>\n<meta property=\"article:published_time\" content=\"2021-12-10T14:05:54+00:00\" \/>\n<meta property=\"article:modified_time\" content=\"2021-12-10T14:06:00+00:00\" \/>\n<meta property=\"og:image\" content=\"https:\/\/lospoliticosveracruz.com.mx\/wp-content\/uploads\/2021\/10\/WhatsApp-Image-2021-10-02-at-15.20.25-724x1024.jpeg\" \/>\n<meta name=\"author\" content=\"Lo viste en Los Pol\u00edticos\" \/>\n<meta name=\"twitter:card\" content=\"summary_large_image\" \/>\n<meta name=\"twitter:creator\" content=\"@LosPoliticosVer\" \/>\n<meta name=\"twitter:site\" content=\"@LosPoliticosVer\" \/>\n<meta name=\"twitter:label1\" content=\"Escrito por\" \/>\n\t<meta name=\"twitter:data1\" content=\"Lo viste en Los Pol\u00edticos\" \/>\n\t<meta name=\"twitter:label2\" content=\"Tiempo de lectura\" \/>\n\t<meta name=\"twitter:data2\" content=\"5 minutos\" \/>\n<script type=\"application\/ld+json\" class=\"yoast-schema-graph\">{\"@context\":\"https:\\\/\\\/schema.org\",\"@graph\":[{\"@type\":\"Article\",\"@id\":\"https:\\\/\\\/lospoliticosveracruz.com\\\/?p=83189#article\",\"isPartOf\":{\"@id\":\"https:\\\/\\\/lospoliticosveracruz.com\\\/?p=83189\"},\"author\":{\"name\":\"Lo viste en Los Pol\u00edticos\",\"@id\":\"https:\\\/\\\/lospoliticosveracruz.com\\\/#\\\/schema\\\/person\\\/b8702bb0e538456e6efd07080bf2a4a2\"},\"headline\":\"El incorruptible no es m\u00e1s que realidad virtual\",\"datePublished\":\"2021-12-10T14:05:54+00:00\",\"dateModified\":\"2021-12-10T14:06:00+00:00\",\"mainEntityOfPage\":{\"@id\":\"https:\\\/\\\/lospoliticosveracruz.com\\\/?p=83189\"},\"wordCount\":971,\"publisher\":{\"@id\":\"https:\\\/\\\/lospoliticosveracruz.com\\\/#organization\"},\"image\":{\"@id\":\"https:\\\/\\\/lospoliticosveracruz.com\\\/?p=83189#primaryimage\"},\"thumbnailUrl\":\"https:\\\/\\\/lospoliticosveracruz.com.mx\\\/wp-content\\\/uploads\\\/2021\\\/10\\\/WhatsApp-Image-2021-10-02-at-15.20.25-724x1024.jpeg\",\"keywords\":[\"Andr\u00e9s Manuel L\u00f3pez Obrador\",\"Ciudad de M\u00e9xico\",\"Felipe de Jes\u00fas Fern\u00e1ndez Basilio\",\"fiscal\u00edas anticorrupci\u00f3n\",\"Realidad virtual\"],\"articleSection\":[\"De Opini\u00f3n\"],\"inLanguage\":\"es\"},{\"@type\":\"WebPage\",\"@id\":\"https:\\\/\\\/lospoliticosveracruz.com\\\/?p=83189\",\"url\":\"https:\\\/\\\/lospoliticosveracruz.com\\\/?p=83189\",\"name\":\"El incorruptible no es m\u00e1s que realidad virtual - Los pol\u00edticos Veracruz\",\"isPartOf\":{\"@id\":\"https:\\\/\\\/lospoliticosveracruz.com\\\/#website\"},\"primaryImageOfPage\":{\"@id\":\"https:\\\/\\\/lospoliticosveracruz.com\\\/?p=83189#primaryimage\"},\"image\":{\"@id\":\"https:\\\/\\\/lospoliticosveracruz.com\\\/?p=83189#primaryimage\"},\"thumbnailUrl\":\"https:\\\/\\\/lospoliticosveracruz.com.mx\\\/wp-content\\\/uploads\\\/2021\\\/10\\\/WhatsApp-Image-2021-10-02-at-15.20.25-724x1024.jpeg\",\"datePublished\":\"2021-12-10T14:05:54+00:00\",\"dateModified\":\"2021-12-10T14:06:00+00:00\",\"breadcrumb\":{\"@id\":\"https:\\\/\\\/lospoliticosveracruz.com\\\/?p=83189#breadcrumb\"},\"inLanguage\":\"es\",\"potentialAction\":[{\"@type\":\"ReadAction\",\"target\":[\"https:\\\/\\\/lospoliticosveracruz.com\\\/?p=83189\"]}]},{\"@type\":\"ImageObject\",\"inLanguage\":\"es\",\"@id\":\"https:\\\/\\\/lospoliticosveracruz.com\\\/?p=83189#primaryimage\",\"url\":\"https:\\\/\\\/lospoliticosveracruz.com.mx\\\/wp-content\\\/uploads\\\/2021\\\/10\\\/WhatsApp-Image-2021-10-02-at-15.20.25-724x1024.jpeg\",\"contentUrl\":\"https:\\\/\\\/lospoliticosveracruz.com.mx\\\/wp-content\\\/uploads\\\/2021\\\/10\\\/WhatsApp-Image-2021-10-02-at-15.20.25-724x1024.jpeg\"},{\"@type\":\"BreadcrumbList\",\"@id\":\"https:\\\/\\\/lospoliticosveracruz.com\\\/?p=83189#breadcrumb\",\"itemListElement\":[{\"@type\":\"ListItem\",\"position\":1,\"name\":\"Portada\",\"item\":\"https:\\\/\\\/lospoliticosveracruz.com\\\/\"},{\"@type\":\"ListItem\",\"position\":2,\"name\":\"El incorruptible no es m\u00e1s que realidad virtual\"}]},{\"@type\":\"WebSite\",\"@id\":\"https:\\\/\\\/lospoliticosveracruz.com\\\/#website\",\"url\":\"https:\\\/\\\/lospoliticosveracruz.com\\\/\",\"name\":\"Los pol\u00edticos Veracruz\",\"description\":\"\",\"publisher\":{\"@id\":\"https:\\\/\\\/lospoliticosveracruz.com\\\/#organization\"},\"potentialAction\":[{\"@type\":\"SearchAction\",\"target\":{\"@type\":\"EntryPoint\",\"urlTemplate\":\"https:\\\/\\\/lospoliticosveracruz.com\\\/?s={search_term_string}\"},\"query-input\":{\"@type\":\"PropertyValueSpecification\",\"valueRequired\":true,\"valueName\":\"search_term_string\"}}],\"inLanguage\":\"es\"},{\"@type\":\"Organization\",\"@id\":\"https:\\\/\\\/lospoliticosveracruz.com\\\/#organization\",\"name\":\"Los pol\u00edticos Veracruz\",\"url\":\"https:\\\/\\\/lospoliticosveracruz.com\\\/\",\"logo\":{\"@type\":\"ImageObject\",\"inLanguage\":\"es\",\"@id\":\"https:\\\/\\\/lospoliticosveracruz.com\\\/#\\\/schema\\\/logo\\\/image\\\/\",\"url\":\"https:\\\/\\\/lospoliticosveracruz.com\\\/wp-content\\\/uploads\\\/2025\\\/12\\\/Logo-Nuevo-LOS-POLITICOS-1.jpg\",\"contentUrl\":\"https:\\\/\\\/lospoliticosveracruz.com\\\/wp-content\\\/uploads\\\/2025\\\/12\\\/Logo-Nuevo-LOS-POLITICOS-1.jpg\",\"width\":260,\"height\":70,\"caption\":\"Los pol\u00edticos Veracruz\"},\"image\":{\"@id\":\"https:\\\/\\\/lospoliticosveracruz.com\\\/#\\\/schema\\\/logo\\\/image\\\/\"},\"sameAs\":[\"https:\\\/\\\/www.facebook.com\\\/people\\\/Notimemes-de-los-Polticos\\\/61565672886568\\\/\",\"https:\\\/\\\/x.com\\\/LosPoliticosVer\"]},{\"@type\":\"Person\",\"@id\":\"https:\\\/\\\/lospoliticosveracruz.com\\\/#\\\/schema\\\/person\\\/b8702bb0e538456e6efd07080bf2a4a2\",\"name\":\"Lo viste en Los Pol\u00edticos\",\"image\":{\"@type\":\"ImageObject\",\"inLanguage\":\"es\",\"@id\":\"https:\\\/\\\/secure.gravatar.com\\\/avatar\\\/3a8de04a2656d44082be478bd6c086daa447c4651605818287b9532d3d0bd435?s=96&d=mm&r=g\",\"url\":\"https:\\\/\\\/secure.gravatar.com\\\/avatar\\\/3a8de04a2656d44082be478bd6c086daa447c4651605818287b9532d3d0bd435?s=96&d=mm&r=g\",\"contentUrl\":\"https:\\\/\\\/secure.gravatar.com\\\/avatar\\\/3a8de04a2656d44082be478bd6c086daa447c4651605818287b9532d3d0bd435?s=96&d=mm&r=g\",\"caption\":\"Lo viste en Los Pol\u00edticos\"},\"url\":\"https:\\\/\\\/lospoliticosveracruz.com\\\/?author=2\"}]}<\/script>\n<!-- \/ Yoast SEO plugin. -->","yoast_head_json":{"title":"El incorruptible no es m\u00e1s que realidad virtual - Los pol\u00edticos Veracruz","robots":{"index":"index","follow":"follow","max-snippet":"max-snippet:-1","max-image-preview":"max-image-preview:large","max-video-preview":"max-video-preview:-1"},"canonical":"https:\/\/lospoliticosveracruz.com\/?p=83189","og_locale":"es_ES","og_type":"article","og_title":"El incorruptible no es m\u00e1s que realidad virtual - Los pol\u00edticos Veracruz","og_description":"Felipe de Jes\u00fas Fern\u00e1ndez BasilioDesde a Janela Hay instantes fortuitos que definen situaciones y uno de ellos lo tuvimos cuando al presidente se le ocurri\u00f3 presumir el tren que va a conectar su mini aeropuerto con la Ciudad de M\u00e9xico y es que, mientras en un ambiente distendido explicaba acompa\u00f1ado de sus amigos m\u00e1s cercanos [&hellip;]","og_url":"https:\/\/lospoliticosveracruz.com\/?p=83189","og_site_name":"Los pol\u00edticos Veracruz","article_publisher":"https:\/\/www.facebook.com\/people\/Notimemes-de-los-Polticos\/61565672886568\/","article_published_time":"2021-12-10T14:05:54+00:00","article_modified_time":"2021-12-10T14:06:00+00:00","og_image":[{"url":"https:\/\/lospoliticosveracruz.com.mx\/wp-content\/uploads\/2021\/10\/WhatsApp-Image-2021-10-02-at-15.20.25-724x1024.jpeg","type":"","width":"","height":""}],"author":"Lo viste en Los Pol\u00edticos","twitter_card":"summary_large_image","twitter_creator":"@LosPoliticosVer","twitter_site":"@LosPoliticosVer","twitter_misc":{"Escrito por":"Lo viste en Los Pol\u00edticos","Tiempo de lectura":"5 minutos"},"schema":{"@context":"https:\/\/schema.org","@graph":[{"@type":"Article","@id":"https:\/\/lospoliticosveracruz.com\/?p=83189#article","isPartOf":{"@id":"https:\/\/lospoliticosveracruz.com\/?p=83189"},"author":{"name":"Lo viste en Los Pol\u00edticos","@id":"https:\/\/lospoliticosveracruz.com\/#\/schema\/person\/b8702bb0e538456e6efd07080bf2a4a2"},"headline":"El incorruptible no es m\u00e1s que realidad virtual","datePublished":"2021-12-10T14:05:54+00:00","dateModified":"2021-12-10T14:06:00+00:00","mainEntityOfPage":{"@id":"https:\/\/lospoliticosveracruz.com\/?p=83189"},"wordCount":971,"publisher":{"@id":"https:\/\/lospoliticosveracruz.com\/#organization"},"image":{"@id":"https:\/\/lospoliticosveracruz.com\/?p=83189#primaryimage"},"thumbnailUrl":"https:\/\/lospoliticosveracruz.com.mx\/wp-content\/uploads\/2021\/10\/WhatsApp-Image-2021-10-02-at-15.20.25-724x1024.jpeg","keywords":["Andr\u00e9s Manuel L\u00f3pez Obrador","Ciudad de M\u00e9xico","Felipe de Jes\u00fas Fern\u00e1ndez Basilio","fiscal\u00edas anticorrupci\u00f3n","Realidad virtual"],"articleSection":["De Opini\u00f3n"],"inLanguage":"es"},{"@type":"WebPage","@id":"https:\/\/lospoliticosveracruz.com\/?p=83189","url":"https:\/\/lospoliticosveracruz.com\/?p=83189","name":"El incorruptible no es m\u00e1s que realidad virtual - Los pol\u00edticos Veracruz","isPartOf":{"@id":"https:\/\/lospoliticosveracruz.com\/#website"},"primaryImageOfPage":{"@id":"https:\/\/lospoliticosveracruz.com\/?p=83189#primaryimage"},"image":{"@id":"https:\/\/lospoliticosveracruz.com\/?p=83189#primaryimage"},"thumbnailUrl":"https:\/\/lospoliticosveracruz.com.mx\/wp-content\/uploads\/2021\/10\/WhatsApp-Image-2021-10-02-at-15.20.25-724x1024.jpeg","datePublished":"2021-12-10T14:05:54+00:00","dateModified":"2021-12-10T14:06:00+00:00","breadcrumb":{"@id":"https:\/\/lospoliticosveracruz.com\/?p=83189#breadcrumb"},"inLanguage":"es","potentialAction":[{"@type":"ReadAction","target":["https:\/\/lospoliticosveracruz.com\/?p=83189"]}]},{"@type":"ImageObject","inLanguage":"es","@id":"https:\/\/lospoliticosveracruz.com\/?p=83189#primaryimage","url":"https:\/\/lospoliticosveracruz.com.mx\/wp-content\/uploads\/2021\/10\/WhatsApp-Image-2021-10-02-at-15.20.25-724x1024.jpeg","contentUrl":"https:\/\/lospoliticosveracruz.com.mx\/wp-content\/uploads\/2021\/10\/WhatsApp-Image-2021-10-02-at-15.20.25-724x1024.jpeg"},{"@type":"BreadcrumbList","@id":"https:\/\/lospoliticosveracruz.com\/?p=83189#breadcrumb","itemListElement":[{"@type":"ListItem","position":1,"name":"Portada","item":"https:\/\/lospoliticosveracruz.com\/"},{"@type":"ListItem","position":2,"name":"El incorruptible no es m\u00e1s que realidad virtual"}]},{"@type":"WebSite","@id":"https:\/\/lospoliticosveracruz.com\/#website","url":"https:\/\/lospoliticosveracruz.com\/","name":"Los pol\u00edticos Veracruz","description":"","publisher":{"@id":"https:\/\/lospoliticosveracruz.com\/#organization"},"potentialAction":[{"@type":"SearchAction","target":{"@type":"EntryPoint","urlTemplate":"https:\/\/lospoliticosveracruz.com\/?s={search_term_string}"},"query-input":{"@type":"PropertyValueSpecification","valueRequired":true,"valueName":"search_term_string"}}],"inLanguage":"es"},{"@type":"Organization","@id":"https:\/\/lospoliticosveracruz.com\/#organization","name":"Los pol\u00edticos Veracruz","url":"https:\/\/lospoliticosveracruz.com\/","logo":{"@type":"ImageObject","inLanguage":"es","@id":"https:\/\/lospoliticosveracruz.com\/#\/schema\/logo\/image\/","url":"https:\/\/lospoliticosveracruz.com\/wp-content\/uploads\/2025\/12\/Logo-Nuevo-LOS-POLITICOS-1.jpg","contentUrl":"https:\/\/lospoliticosveracruz.com\/wp-content\/uploads\/2025\/12\/Logo-Nuevo-LOS-POLITICOS-1.jpg","width":260,"height":70,"caption":"Los pol\u00edticos Veracruz"},"image":{"@id":"https:\/\/lospoliticosveracruz.com\/#\/schema\/logo\/image\/"},"sameAs":["https:\/\/www.facebook.com\/people\/Notimemes-de-los-Polticos\/61565672886568\/","https:\/\/x.com\/LosPoliticosVer"]},{"@type":"Person","@id":"https:\/\/lospoliticosveracruz.com\/#\/schema\/person\/b8702bb0e538456e6efd07080bf2a4a2","name":"Lo viste en Los Pol\u00edticos","image":{"@type":"ImageObject","inLanguage":"es","@id":"https:\/\/secure.gravatar.com\/avatar\/3a8de04a2656d44082be478bd6c086daa447c4651605818287b9532d3d0bd435?s=96&d=mm&r=g","url":"https:\/\/secure.gravatar.com\/avatar\/3a8de04a2656d44082be478bd6c086daa447c4651605818287b9532d3d0bd435?s=96&d=mm&r=g","contentUrl":"https:\/\/secure.gravatar.com\/avatar\/3a8de04a2656d44082be478bd6c086daa447c4651605818287b9532d3d0bd435?s=96&d=mm&r=g","caption":"Lo viste en Los Pol\u00edticos"},"url":"https:\/\/lospoliticosveracruz.com\/?author=2"}]}},"_links":{"self":[{"href":"https:\/\/lospoliticosveracruz.com\/index.php?rest_route=\/wp\/v2\/posts\/83189","targetHints":{"allow":["GET"]}}],"collection":[{"href":"https:\/\/lospoliticosveracruz.com\/index.php?rest_route=\/wp\/v2\/posts"}],"about":[{"href":"https:\/\/lospoliticosveracruz.com\/index.php?rest_route=\/wp\/v2\/types\/post"}],"author":[{"embeddable":true,"href":"https:\/\/lospoliticosveracruz.com\/index.php?rest_route=\/wp\/v2\/users\/2"}],"replies":[{"embeddable":true,"href":"https:\/\/lospoliticosveracruz.com\/index.php?rest_route=%2Fwp%2Fv2%2Fcomments&post=83189"}],"version-history":[{"count":1,"href":"https:\/\/lospoliticosveracruz.com\/index.php?rest_route=\/wp\/v2\/posts\/83189\/revisions"}],"predecessor-version":[{"id":83191,"href":"https:\/\/lospoliticosveracruz.com\/index.php?rest_route=\/wp\/v2\/posts\/83189\/revisions\/83191"}],"wp:attachment":[{"href":"https:\/\/lospoliticosveracruz.com\/index.php?rest_route=%2Fwp%2Fv2%2Fmedia&parent=83189"}],"wp:term":[{"taxonomy":"category","embeddable":true,"href":"https:\/\/lospoliticosveracruz.com\/index.php?rest_route=%2Fwp%2Fv2%2Fcategories&post=83189"},{"taxonomy":"post_tag","embeddable":true,"href":"https:\/\/lospoliticosveracruz.com\/index.php?rest_route=%2Fwp%2Fv2%2Ftags&post=83189"}],"curies":[{"name":"wp","href":"https:\/\/api.w.org\/{rel}","templated":true}]}}