{"id":83200,"date":"2021-12-10T08:56:28","date_gmt":"2021-12-10T14:56:28","guid":{"rendered":"https:\/\/lospoliticosveracruz.com.mx\/?p=83200"},"modified":"2021-12-10T08:56:32","modified_gmt":"2021-12-10T14:56:32","slug":"altotonga-recuperar-la-confianza","status":"publish","type":"post","link":"https:\/\/lospoliticosveracruz.com\/?p=83200","title":{"rendered":"Altotonga, recuperar la confianza"},"content":{"rendered":"\n<p><\/p>\n\n\n\n<p><\/p>\n\n\n\n<p><strong>Omar Z\u00fa\u00f1iga<br><\/strong><em>De Primera Mano Taj\u00edn<\/em><\/p>\n\n\n\n<p><\/p>\n\n\n\n<p>Altotonga, municipio enclavado en la zona monta\u00f1osa central del estado, famoso, entre otras muchas cosas por la reserva de Pancho Poza, la belleza de sus construcciones y por supuesto de las garnachas.<br>Movimiento Ciudadano es el partido que m\u00e1s avanz\u00f3 en las elecciones del pasado junio, no solo en Veracruz, donde por cierto solt\u00f3 de la mano a algunos de sus candidatos y los dej\u00f3 caminar solitos y con excelentes resultados, sino en todo el pa\u00eds, con un nuevo gobernador que es el caso de Samuel Garc\u00eda en Nuevo Le\u00f3n y por supuesto, el ya emblem\u00e1tico caso del cachorro del m\u00e1rtir de la democracia, Luis Donaldo Colosio Riojas, con quien Alejandro Alito Moreno tuvo la desafortunada idea de confrontarse, pero ese es otro rollo\u2026<\/p>\n\n\n\n<div class=\"wp-block-image\"><figure class=\"alignleft size-large is-resized\"><a href=\"https:\/\/lospoliticosveracruz.com.mx\/wp-content\/uploads\/2021\/10\/WhatsApp-Image-2021-10-02-at-15.20.25.jpeg\"><img loading=\"lazy\" decoding=\"async\" src=\"https:\/\/lospoliticosveracruz.com.mx\/wp-content\/uploads\/2021\/10\/WhatsApp-Image-2021-10-02-at-15.20.25-724x1024.jpeg\" alt=\"\" class=\"wp-image-80177\" width=\"250\" height=\"350\"\/><\/a><\/figure><\/div>\n\n\n\n<p><br>Lo de MC viene a cuento porque precisamente el alcalde saliente de Altotonga, Ernesto Ruiz Flandes, es emanado de sus filas y no tiene precisamente la mejor reputaci\u00f3n, ni como autoridad ni como persona, y quede claro que no lo digo yo\u2026, vox populi, vox dei.<br>A tal grado que Wikipedia le pone como alias el nada agradable sobrenombre de El Rata, y nuevamente subray\u00f3, que no lo digo yo\u2026<br>Pues bien, este oscuro personaje que en su haber tiene dejar su nombre grabado con letras de fuego en la ominosa lista nacional de violentadores de mujeres en raz\u00f3n de violencia pol\u00edtica de g\u00e9nero, al haber incurrido en este supuesto en al menos cuatro ocasiones por sus acciones en contra de una regidora de su comuna.<br>En este contexto, surge el nombre de Ignacio Nacho Morales, quien emanado de las filas del PRI gan\u00f3 la presidencia municipal y estar\u00e1 tomando posesi\u00f3n el pr\u00f3ximo 31 de diciembre a las 10:00 horas.<br>Nacho se gan\u00f3 la rifa del Tigre, pues si bien tiene claro qu\u00e9 es lo que se debe hacer, como instrumentar un plan de desarrollo tur\u00edstico para buscar que el municipio se convierta en Pueblo M\u00e1gico, al contar con una de las reservas naturales m\u00e1s bellas del estado, como Pancho Poza, por ejemplo, tiene claro que de sus primeras acciones es buscar puentes con los gobiernos Federal y Estatal, pues no hay lana que alcance en un municipio con tantas necesidades.<br>En este contexto y antes de buscar lo importante, necesita atender lo urgente, y por perogrullada que parezca, lo urgente son los servicios b\u00e1sicos: agua, limpia p\u00fablica, alumbrado y sobre estas tres, la seguridad.<br>Ha sido tanta la irresponsabilidad de Flandes que ante estas necesidades urgentes que los ciudadanos reclaman, en \u00faltimos d\u00edas inaugur\u00f3 la Casa de la Cultura y no porque la cultura no sea importante, NO, pero en un municipio con tantas necesidades b\u00e1sicas, hay prioridades.<br>Con todo estas circunstancias alrededor, la l\u00f3gica se impone y Nacho sabe que sus primeros 100 d\u00edas de gobierno lo que tiene que hacer es recuperar la confianza ciudadana, no hay m\u00e1s, Altotonga lo merece, y promete que har\u00e1 renacer al municipio. Ya lo dijo y ahora no le queda m\u00e1s que cumplir, de otra manera s\u00f3lo quedar\u00e1 como un mentiroso m\u00e1s, y no parece esta clase de persona.<br>\u00a1Que haya \u00e9xito, pues!<\/p>\n\n\n\n<hr class=\"wp-block-separator\"\/>\n\n\n\n<p>El peri\u00f3dico El Universal public\u00f3 esta semana que hoy termina, en dos ocasiones, informaci\u00f3n que involucra probables malos manejos en que ha incurrido el Fiscal General de la Rep\u00fablica, Alejandro Gertz Manero, mismos que han sido supuestamente denunciados e investigados pro la Unidad de Inteligencia Financiera (UIF), hoy a cargo de Pablo G\u00f3mez.<br>Pues bien, en ambos casos, la UIF neg\u00f3 de manera categ\u00f3rica que existan investigaciones en el que se ha convertido ya el brazo ejecutor del gobierno lopezobradorista.., pues bien en una tercera entrega, el diario se\u00f1ala que existe documentaci\u00f3n probatoria en su poder que demuestra que Gertz Manero habr\u00eda recibido transferencias por m\u00e1s de 79 millones de d\u00f3lares, ante esto y parafraseando al \u00ednclito, hubo quienes callaron como momias\u2026, \u00bfqu\u00e9 hay de eso Josefina?<\/p>\n\n\n\n<p>\u00a1Qu\u00e9 barbaridad!<br>deprimera.mano2020@gmail.com<\/p>\n","protected":false},"excerpt":{"rendered":"<p>Omar Z\u00fa\u00f1igaDe Primera Mano Taj\u00edn Altotonga, municipio enclavado en la zona monta\u00f1osa central del estado, famoso, entre otras muchas cosas por la reserva de Pancho Poza, la belleza de sus construcciones y por supuesto de las garnachas.Movimiento Ciudadano es el partido que m\u00e1s avanz\u00f3 en las elecciones del pasado junio, no solo en Veracruz, donde [&hellip;]<\/p>\n","protected":false},"author":2,"featured_media":0,"comment_status":"closed","ping_status":"closed","sticky":false,"template":"","format":"standard","meta":{"tdm_status":"","tdm_grid_status":"","footnotes":""},"categories":[70],"tags":[2119,7993,31585,10975,28705,15997],"class_list":{"0":"post-83200","1":"post","2":"type-post","3":"status-publish","4":"format-standard","6":"category-de-opinion","7":"tag-altotonga","8":"tag-ernesto-ruiz-flandes","9":"tag-ignacio-nacho-morales","10":"tag-luis-donaldo-colosio-riojas","11":"tag-omar-zuniga","12":"tag-samuel-garcia"},"yoast_head":"<!-- This site is optimized with the Yoast SEO plugin v27.4 - https:\/\/yoast.com\/product\/yoast-seo-wordpress\/ -->\n<title>Altotonga, recuperar la confianza - Los pol\u00edticos Veracruz<\/title>\n<meta name=\"robots\" content=\"index, follow, max-snippet:-1, max-image-preview:large, max-video-preview:-1\" \/>\n<link rel=\"canonical\" href=\"https:\/\/lospoliticosveracruz.com\/?p=83200\" \/>\n<meta property=\"og:locale\" content=\"es_ES\" \/>\n<meta property=\"og:type\" content=\"article\" \/>\n<meta property=\"og:title\" content=\"Altotonga, recuperar la confianza - Los pol\u00edticos Veracruz\" \/>\n<meta property=\"og:description\" content=\"Omar Z\u00fa\u00f1igaDe Primera Mano Taj\u00edn Altotonga, municipio enclavado en la zona monta\u00f1osa central del estado, famoso, entre otras muchas cosas por la reserva de Pancho Poza, la belleza de sus construcciones y por supuesto de las garnachas.Movimiento Ciudadano es el partido que m\u00e1s avanz\u00f3 en las elecciones del pasado junio, no solo en Veracruz, donde [&hellip;]\" \/>\n<meta property=\"og:url\" content=\"https:\/\/lospoliticosveracruz.com\/?p=83200\" \/>\n<meta property=\"og:site_name\" content=\"Los pol\u00edticos Veracruz\" \/>\n<meta property=\"article:publisher\" content=\"https:\/\/www.facebook.com\/people\/Notimemes-de-los-Polticos\/61565672886568\/\" \/>\n<meta property=\"article:published_time\" content=\"2021-12-10T14:56:28+00:00\" \/>\n<meta property=\"article:modified_time\" content=\"2021-12-10T14:56:32+00:00\" \/>\n<meta property=\"og:image\" content=\"https:\/\/lospoliticosveracruz.com.mx\/wp-content\/uploads\/2021\/10\/WhatsApp-Image-2021-10-02-at-15.20.25-724x1024.jpeg\" \/>\n<meta name=\"author\" content=\"Lo viste en Los Pol\u00edticos\" \/>\n<meta name=\"twitter:card\" content=\"summary_large_image\" \/>\n<meta name=\"twitter:creator\" content=\"@LosPoliticosVer\" \/>\n<meta name=\"twitter:site\" content=\"@LosPoliticosVer\" \/>\n<meta name=\"twitter:label1\" content=\"Escrito por\" \/>\n\t<meta name=\"twitter:data1\" content=\"Lo viste en Los Pol\u00edticos\" \/>\n\t<meta name=\"twitter:label2\" content=\"Tiempo de lectura\" \/>\n\t<meta name=\"twitter:data2\" content=\"3 minutos\" \/>\n<script type=\"application\/ld+json\" class=\"yoast-schema-graph\">{\"@context\":\"https:\\\/\\\/schema.org\",\"@graph\":[{\"@type\":\"Article\",\"@id\":\"https:\\\/\\\/lospoliticosveracruz.com\\\/?p=83200#article\",\"isPartOf\":{\"@id\":\"https:\\\/\\\/lospoliticosveracruz.com\\\/?p=83200\"},\"author\":{\"name\":\"Lo viste en Los Pol\u00edticos\",\"@id\":\"https:\\\/\\\/lospoliticosveracruz.com\\\/#\\\/schema\\\/person\\\/b8702bb0e538456e6efd07080bf2a4a2\"},\"headline\":\"Altotonga, recuperar la confianza\",\"datePublished\":\"2021-12-10T14:56:28+00:00\",\"dateModified\":\"2021-12-10T14:56:32+00:00\",\"mainEntityOfPage\":{\"@id\":\"https:\\\/\\\/lospoliticosveracruz.com\\\/?p=83200\"},\"wordCount\":693,\"publisher\":{\"@id\":\"https:\\\/\\\/lospoliticosveracruz.com\\\/#organization\"},\"image\":{\"@id\":\"https:\\\/\\\/lospoliticosveracruz.com\\\/?p=83200#primaryimage\"},\"thumbnailUrl\":\"https:\\\/\\\/lospoliticosveracruz.com.mx\\\/wp-content\\\/uploads\\\/2021\\\/10\\\/WhatsApp-Image-2021-10-02-at-15.20.25-724x1024.jpeg\",\"keywords\":[\"Altotonga\",\"Ernesto Ruiz Flandes\",\"Ignacio Nacho Morales\",\"Luis Donaldo Colosio Riojas\",\"Omar Z\u00fa\u00f1iga\",\"Samuel Garc\u00eda\"],\"articleSection\":[\"De Opini\u00f3n\"],\"inLanguage\":\"es\"},{\"@type\":\"WebPage\",\"@id\":\"https:\\\/\\\/lospoliticosveracruz.com\\\/?p=83200\",\"url\":\"https:\\\/\\\/lospoliticosveracruz.com\\\/?p=83200\",\"name\":\"Altotonga, recuperar la confianza - Los pol\u00edticos Veracruz\",\"isPartOf\":{\"@id\":\"https:\\\/\\\/lospoliticosveracruz.com\\\/#website\"},\"primaryImageOfPage\":{\"@id\":\"https:\\\/\\\/lospoliticosveracruz.com\\\/?p=83200#primaryimage\"},\"image\":{\"@id\":\"https:\\\/\\\/lospoliticosveracruz.com\\\/?p=83200#primaryimage\"},\"thumbnailUrl\":\"https:\\\/\\\/lospoliticosveracruz.com.mx\\\/wp-content\\\/uploads\\\/2021\\\/10\\\/WhatsApp-Image-2021-10-02-at-15.20.25-724x1024.jpeg\",\"datePublished\":\"2021-12-10T14:56:28+00:00\",\"dateModified\":\"2021-12-10T14:56:32+00:00\",\"breadcrumb\":{\"@id\":\"https:\\\/\\\/lospoliticosveracruz.com\\\/?p=83200#breadcrumb\"},\"inLanguage\":\"es\",\"potentialAction\":[{\"@type\":\"ReadAction\",\"target\":[\"https:\\\/\\\/lospoliticosveracruz.com\\\/?p=83200\"]}]},{\"@type\":\"ImageObject\",\"inLanguage\":\"es\",\"@id\":\"https:\\\/\\\/lospoliticosveracruz.com\\\/?p=83200#primaryimage\",\"url\":\"https:\\\/\\\/lospoliticosveracruz.com.mx\\\/wp-content\\\/uploads\\\/2021\\\/10\\\/WhatsApp-Image-2021-10-02-at-15.20.25-724x1024.jpeg\",\"contentUrl\":\"https:\\\/\\\/lospoliticosveracruz.com.mx\\\/wp-content\\\/uploads\\\/2021\\\/10\\\/WhatsApp-Image-2021-10-02-at-15.20.25-724x1024.jpeg\"},{\"@type\":\"BreadcrumbList\",\"@id\":\"https:\\\/\\\/lospoliticosveracruz.com\\\/?p=83200#breadcrumb\",\"itemListElement\":[{\"@type\":\"ListItem\",\"position\":1,\"name\":\"Portada\",\"item\":\"https:\\\/\\\/lospoliticosveracruz.com\\\/\"},{\"@type\":\"ListItem\",\"position\":2,\"name\":\"Altotonga, recuperar la confianza\"}]},{\"@type\":\"WebSite\",\"@id\":\"https:\\\/\\\/lospoliticosveracruz.com\\\/#website\",\"url\":\"https:\\\/\\\/lospoliticosveracruz.com\\\/\",\"name\":\"Los pol\u00edticos Veracruz\",\"description\":\"\",\"publisher\":{\"@id\":\"https:\\\/\\\/lospoliticosveracruz.com\\\/#organization\"},\"potentialAction\":[{\"@type\":\"SearchAction\",\"target\":{\"@type\":\"EntryPoint\",\"urlTemplate\":\"https:\\\/\\\/lospoliticosveracruz.com\\\/?s={search_term_string}\"},\"query-input\":{\"@type\":\"PropertyValueSpecification\",\"valueRequired\":true,\"valueName\":\"search_term_string\"}}],\"inLanguage\":\"es\"},{\"@type\":\"Organization\",\"@id\":\"https:\\\/\\\/lospoliticosveracruz.com\\\/#organization\",\"name\":\"Los pol\u00edticos Veracruz\",\"url\":\"https:\\\/\\\/lospoliticosveracruz.com\\\/\",\"logo\":{\"@type\":\"ImageObject\",\"inLanguage\":\"es\",\"@id\":\"https:\\\/\\\/lospoliticosveracruz.com\\\/#\\\/schema\\\/logo\\\/image\\\/\",\"url\":\"https:\\\/\\\/lospoliticosveracruz.com\\\/wp-content\\\/uploads\\\/2025\\\/12\\\/Logo-Nuevo-LOS-POLITICOS-1.jpg\",\"contentUrl\":\"https:\\\/\\\/lospoliticosveracruz.com\\\/wp-content\\\/uploads\\\/2025\\\/12\\\/Logo-Nuevo-LOS-POLITICOS-1.jpg\",\"width\":260,\"height\":70,\"caption\":\"Los pol\u00edticos Veracruz\"},\"image\":{\"@id\":\"https:\\\/\\\/lospoliticosveracruz.com\\\/#\\\/schema\\\/logo\\\/image\\\/\"},\"sameAs\":[\"https:\\\/\\\/www.facebook.com\\\/people\\\/Notimemes-de-los-Polticos\\\/61565672886568\\\/\",\"https:\\\/\\\/x.com\\\/LosPoliticosVer\"]},{\"@type\":\"Person\",\"@id\":\"https:\\\/\\\/lospoliticosveracruz.com\\\/#\\\/schema\\\/person\\\/b8702bb0e538456e6efd07080bf2a4a2\",\"name\":\"Lo viste en Los Pol\u00edticos\",\"image\":{\"@type\":\"ImageObject\",\"inLanguage\":\"es\",\"@id\":\"https:\\\/\\\/secure.gravatar.com\\\/avatar\\\/3a8de04a2656d44082be478bd6c086daa447c4651605818287b9532d3d0bd435?s=96&d=mm&r=g\",\"url\":\"https:\\\/\\\/secure.gravatar.com\\\/avatar\\\/3a8de04a2656d44082be478bd6c086daa447c4651605818287b9532d3d0bd435?s=96&d=mm&r=g\",\"contentUrl\":\"https:\\\/\\\/secure.gravatar.com\\\/avatar\\\/3a8de04a2656d44082be478bd6c086daa447c4651605818287b9532d3d0bd435?s=96&d=mm&r=g\",\"caption\":\"Lo viste en Los Pol\u00edticos\"},\"url\":\"https:\\\/\\\/lospoliticosveracruz.com\\\/?author=2\"}]}<\/script>\n<!-- \/ Yoast SEO plugin. -->","yoast_head_json":{"title":"Altotonga, recuperar la confianza - Los pol\u00edticos Veracruz","robots":{"index":"index","follow":"follow","max-snippet":"max-snippet:-1","max-image-preview":"max-image-preview:large","max-video-preview":"max-video-preview:-1"},"canonical":"https:\/\/lospoliticosveracruz.com\/?p=83200","og_locale":"es_ES","og_type":"article","og_title":"Altotonga, recuperar la confianza - Los pol\u00edticos Veracruz","og_description":"Omar Z\u00fa\u00f1igaDe Primera Mano Taj\u00edn Altotonga, municipio enclavado en la zona monta\u00f1osa central del estado, famoso, entre otras muchas cosas por la reserva de Pancho Poza, la belleza de sus construcciones y por supuesto de las garnachas.Movimiento Ciudadano es el partido que m\u00e1s avanz\u00f3 en las elecciones del pasado junio, no solo en Veracruz, donde [&hellip;]","og_url":"https:\/\/lospoliticosveracruz.com\/?p=83200","og_site_name":"Los pol\u00edticos Veracruz","article_publisher":"https:\/\/www.facebook.com\/people\/Notimemes-de-los-Polticos\/61565672886568\/","article_published_time":"2021-12-10T14:56:28+00:00","article_modified_time":"2021-12-10T14:56:32+00:00","og_image":[{"url":"https:\/\/lospoliticosveracruz.com.mx\/wp-content\/uploads\/2021\/10\/WhatsApp-Image-2021-10-02-at-15.20.25-724x1024.jpeg","type":"","width":"","height":""}],"author":"Lo viste en Los Pol\u00edticos","twitter_card":"summary_large_image","twitter_creator":"@LosPoliticosVer","twitter_site":"@LosPoliticosVer","twitter_misc":{"Escrito por":"Lo viste en Los Pol\u00edticos","Tiempo de lectura":"3 minutos"},"schema":{"@context":"https:\/\/schema.org","@graph":[{"@type":"Article","@id":"https:\/\/lospoliticosveracruz.com\/?p=83200#article","isPartOf":{"@id":"https:\/\/lospoliticosveracruz.com\/?p=83200"},"author":{"name":"Lo viste en Los Pol\u00edticos","@id":"https:\/\/lospoliticosveracruz.com\/#\/schema\/person\/b8702bb0e538456e6efd07080bf2a4a2"},"headline":"Altotonga, recuperar la confianza","datePublished":"2021-12-10T14:56:28+00:00","dateModified":"2021-12-10T14:56:32+00:00","mainEntityOfPage":{"@id":"https:\/\/lospoliticosveracruz.com\/?p=83200"},"wordCount":693,"publisher":{"@id":"https:\/\/lospoliticosveracruz.com\/#organization"},"image":{"@id":"https:\/\/lospoliticosveracruz.com\/?p=83200#primaryimage"},"thumbnailUrl":"https:\/\/lospoliticosveracruz.com.mx\/wp-content\/uploads\/2021\/10\/WhatsApp-Image-2021-10-02-at-15.20.25-724x1024.jpeg","keywords":["Altotonga","Ernesto Ruiz Flandes","Ignacio Nacho Morales","Luis Donaldo Colosio Riojas","Omar Z\u00fa\u00f1iga","Samuel Garc\u00eda"],"articleSection":["De Opini\u00f3n"],"inLanguage":"es"},{"@type":"WebPage","@id":"https:\/\/lospoliticosveracruz.com\/?p=83200","url":"https:\/\/lospoliticosveracruz.com\/?p=83200","name":"Altotonga, recuperar la confianza - Los pol\u00edticos Veracruz","isPartOf":{"@id":"https:\/\/lospoliticosveracruz.com\/#website"},"primaryImageOfPage":{"@id":"https:\/\/lospoliticosveracruz.com\/?p=83200#primaryimage"},"image":{"@id":"https:\/\/lospoliticosveracruz.com\/?p=83200#primaryimage"},"thumbnailUrl":"https:\/\/lospoliticosveracruz.com.mx\/wp-content\/uploads\/2021\/10\/WhatsApp-Image-2021-10-02-at-15.20.25-724x1024.jpeg","datePublished":"2021-12-10T14:56:28+00:00","dateModified":"2021-12-10T14:56:32+00:00","breadcrumb":{"@id":"https:\/\/lospoliticosveracruz.com\/?p=83200#breadcrumb"},"inLanguage":"es","potentialAction":[{"@type":"ReadAction","target":["https:\/\/lospoliticosveracruz.com\/?p=83200"]}]},{"@type":"ImageObject","inLanguage":"es","@id":"https:\/\/lospoliticosveracruz.com\/?p=83200#primaryimage","url":"https:\/\/lospoliticosveracruz.com.mx\/wp-content\/uploads\/2021\/10\/WhatsApp-Image-2021-10-02-at-15.20.25-724x1024.jpeg","contentUrl":"https:\/\/lospoliticosveracruz.com.mx\/wp-content\/uploads\/2021\/10\/WhatsApp-Image-2021-10-02-at-15.20.25-724x1024.jpeg"},{"@type":"BreadcrumbList","@id":"https:\/\/lospoliticosveracruz.com\/?p=83200#breadcrumb","itemListElement":[{"@type":"ListItem","position":1,"name":"Portada","item":"https:\/\/lospoliticosveracruz.com\/"},{"@type":"ListItem","position":2,"name":"Altotonga, recuperar la confianza"}]},{"@type":"WebSite","@id":"https:\/\/lospoliticosveracruz.com\/#website","url":"https:\/\/lospoliticosveracruz.com\/","name":"Los pol\u00edticos Veracruz","description":"","publisher":{"@id":"https:\/\/lospoliticosveracruz.com\/#organization"},"potentialAction":[{"@type":"SearchAction","target":{"@type":"EntryPoint","urlTemplate":"https:\/\/lospoliticosveracruz.com\/?s={search_term_string}"},"query-input":{"@type":"PropertyValueSpecification","valueRequired":true,"valueName":"search_term_string"}}],"inLanguage":"es"},{"@type":"Organization","@id":"https:\/\/lospoliticosveracruz.com\/#organization","name":"Los pol\u00edticos Veracruz","url":"https:\/\/lospoliticosveracruz.com\/","logo":{"@type":"ImageObject","inLanguage":"es","@id":"https:\/\/lospoliticosveracruz.com\/#\/schema\/logo\/image\/","url":"https:\/\/lospoliticosveracruz.com\/wp-content\/uploads\/2025\/12\/Logo-Nuevo-LOS-POLITICOS-1.jpg","contentUrl":"https:\/\/lospoliticosveracruz.com\/wp-content\/uploads\/2025\/12\/Logo-Nuevo-LOS-POLITICOS-1.jpg","width":260,"height":70,"caption":"Los pol\u00edticos Veracruz"},"image":{"@id":"https:\/\/lospoliticosveracruz.com\/#\/schema\/logo\/image\/"},"sameAs":["https:\/\/www.facebook.com\/people\/Notimemes-de-los-Polticos\/61565672886568\/","https:\/\/x.com\/LosPoliticosVer"]},{"@type":"Person","@id":"https:\/\/lospoliticosveracruz.com\/#\/schema\/person\/b8702bb0e538456e6efd07080bf2a4a2","name":"Lo viste en Los Pol\u00edticos","image":{"@type":"ImageObject","inLanguage":"es","@id":"https:\/\/secure.gravatar.com\/avatar\/3a8de04a2656d44082be478bd6c086daa447c4651605818287b9532d3d0bd435?s=96&d=mm&r=g","url":"https:\/\/secure.gravatar.com\/avatar\/3a8de04a2656d44082be478bd6c086daa447c4651605818287b9532d3d0bd435?s=96&d=mm&r=g","contentUrl":"https:\/\/secure.gravatar.com\/avatar\/3a8de04a2656d44082be478bd6c086daa447c4651605818287b9532d3d0bd435?s=96&d=mm&r=g","caption":"Lo viste en Los Pol\u00edticos"},"url":"https:\/\/lospoliticosveracruz.com\/?author=2"}]}},"_links":{"self":[{"href":"https:\/\/lospoliticosveracruz.com\/index.php?rest_route=\/wp\/v2\/posts\/83200","targetHints":{"allow":["GET"]}}],"collection":[{"href":"https:\/\/lospoliticosveracruz.com\/index.php?rest_route=\/wp\/v2\/posts"}],"about":[{"href":"https:\/\/lospoliticosveracruz.com\/index.php?rest_route=\/wp\/v2\/types\/post"}],"author":[{"embeddable":true,"href":"https:\/\/lospoliticosveracruz.com\/index.php?rest_route=\/wp\/v2\/users\/2"}],"replies":[{"embeddable":true,"href":"https:\/\/lospoliticosveracruz.com\/index.php?rest_route=%2Fwp%2Fv2%2Fcomments&post=83200"}],"version-history":[{"count":1,"href":"https:\/\/lospoliticosveracruz.com\/index.php?rest_route=\/wp\/v2\/posts\/83200\/revisions"}],"predecessor-version":[{"id":83202,"href":"https:\/\/lospoliticosveracruz.com\/index.php?rest_route=\/wp\/v2\/posts\/83200\/revisions\/83202"}],"wp:attachment":[{"href":"https:\/\/lospoliticosveracruz.com\/index.php?rest_route=%2Fwp%2Fv2%2Fmedia&parent=83200"}],"wp:term":[{"taxonomy":"category","embeddable":true,"href":"https:\/\/lospoliticosveracruz.com\/index.php?rest_route=%2Fwp%2Fv2%2Fcategories&post=83200"},{"taxonomy":"post_tag","embeddable":true,"href":"https:\/\/lospoliticosveracruz.com\/index.php?rest_route=%2Fwp%2Fv2%2Ftags&post=83200"}],"curies":[{"name":"wp","href":"https:\/\/api.w.org\/{rel}","templated":true}]}}