{"id":83293,"date":"2021-12-12T15:09:02","date_gmt":"2021-12-12T21:09:02","guid":{"rendered":"https:\/\/lospoliticosveracruz.com.mx\/?p=83293"},"modified":"2021-12-12T15:09:07","modified_gmt":"2021-12-12T21:09:07","slug":"oro-y-plata-a-cmic-veracruz-en-capacitacion-y-competitividad","status":"publish","type":"post","link":"https:\/\/lospoliticosveracruz.com\/?p=83293","title":{"rendered":"Oro y plata a CMIC Veracruz, en capacitaci\u00f3n y competitividad"},"content":{"rendered":"\n<p><em>Boca del R\u00edo<\/em><br>La Comisi\u00f3n Ejecutiva de la C\u00e1mara Mexicana de la Industria de la Construcci\u00f3n (CMIC) reconoci\u00f3 por tercer a\u00f1o consecutivo el trabajo realizado por el ingeniero Marcos Ordu\u00f1a Alcocer al frente de la delegaci\u00f3n Veracruz-Puerto.<\/p>\n\n\n\n<p>El pasado 7 de diciembre se celebr\u00f3 en la Ciudad de M\u00e9xico la sesi\u00f3n del consejo nacional de la CMIC, participando las 44 delegaciones de todo el pa\u00eds, en donde se hizo un recuento de las acciones ejecutadas, destacando la delegaci\u00f3n que preside Marcos Ordu\u00f1a Alcocer al recibir primero y segundo lugar en materia de capacitaci\u00f3n y competitividad, por encima de estados como Jalisco, Nuevo Le\u00f3n, Ciudad de M\u00e9xico y Guanajuato.<\/p>\n\n\n\n<p>\u201cSe demostr\u00f3 la capacidad que tiene esta delegaci\u00f3n al competir con otras m\u00e1s grandes, que adem\u00e1s son \u00fanicas en sus estados, pues debemos recordar que en nuestra entidad son cuatro delegaciones: Xalapa, Poza Rica, Coatzacoalcos y Veracruz-Puerto\u201d, explic\u00f3 Ordu\u00f1a Alcocer.<\/p>\n\n\n\n<p>Agreg\u00f3 al respecto que la delegaci\u00f3n Veracruz fue reconocida a nivel nacional con el primer lugar en apoyar a la formaci\u00f3n de especialista en la construcci\u00f3n a trav\u00e9s de maestr\u00edas.<\/p>\n\n\n\n<p>Actualmente, dijo, en la delegaci\u00f3n se imparten seis maestr\u00edas a 150 alumnos, superando, incluso, los n\u00fameros que tienen campus establecidas en otros estados.<br>Sostuvo que Veracruz tambi\u00e9n super\u00f3 los n\u00fameros a nivel nacional al quedar en segundo lugar en materia de capacitaci\u00f3n y competitividad.<br>\u201cCapacitamos a m\u00e1s de siete mil personas en m\u00e1s de 350 cursos en materia de construcci\u00f3n en lo que va del 2021. Casi un curso diario en promedio\u201d, expres\u00f3.<\/p>\n\n\n\n<p>A\u00f1adi\u00f3: \u201cA\u00fan con los efectos de la pandemia con esos resultados se habla de la confianza en la calidad y servicios que ofrecemos\u201d.<\/p>\n\n\n\n<p>Finalmente, el ingeniero Ordu\u00f1a se dijo complacido al cerrar con broche de oro un a\u00f1o complicado, \u201cporque tambi\u00e9n fuimos reconocidos por los estados financieros que opera la delegaci\u00f3n cumpliendo con las obligaciones que se adquirieron para la remodelaci\u00f3n del edificio, ya que las oficinas centrales hicieron un pr\u00e9stamo a la delegaci\u00f3n, el cual m\u00e1s del 25 por ciento fue cubierto en este a\u00f1o\u201d.<\/p>\n","protected":false},"excerpt":{"rendered":"<p>Boca del R\u00edoLa Comisi\u00f3n Ejecutiva de la C\u00e1mara Mexicana de la Industria de la Construcci\u00f3n (CMIC) reconoci\u00f3 por tercer a\u00f1o consecutivo el trabajo realizado por el ingeniero Marcos Ordu\u00f1a Alcocer al frente de la delegaci\u00f3n Veracruz-Puerto. El pasado 7 de diciembre se celebr\u00f3 en la Ciudad de M\u00e9xico la sesi\u00f3n del consejo nacional de la [&hellip;]<\/p>\n","protected":false},"author":2,"featured_media":0,"comment_status":"closed","ping_status":"closed","sticky":false,"template":"","format":"standard","meta":{"tdm_status":"","tdm_grid_status":"","footnotes":""},"categories":[73],"tags":[31611,3456],"class_list":{"0":"post-83293","1":"post","2":"type-post","3":"status-publish","4":"format-standard","6":"category-de-boleto","7":"tag-cmic-veracruz-2","8":"tag-marcos-orduna-alcocer"},"yoast_head":"<!-- This site is optimized with the Yoast SEO plugin v27.4 - https:\/\/yoast.com\/product\/yoast-seo-wordpress\/ -->\n<title>Oro y plata a CMIC Veracruz, en capacitaci\u00f3n y competitividad - Los pol\u00edticos Veracruz<\/title>\n<meta name=\"robots\" content=\"index, follow, max-snippet:-1, max-image-preview:large, max-video-preview:-1\" \/>\n<link rel=\"canonical\" href=\"https:\/\/lospoliticosveracruz.com\/?p=83293\" \/>\n<meta property=\"og:locale\" content=\"es_ES\" \/>\n<meta property=\"og:type\" content=\"article\" \/>\n<meta property=\"og:title\" content=\"Oro y plata a CMIC Veracruz, en capacitaci\u00f3n y competitividad - Los pol\u00edticos Veracruz\" \/>\n<meta property=\"og:description\" content=\"Boca del R\u00edoLa Comisi\u00f3n Ejecutiva de la C\u00e1mara Mexicana de la Industria de la Construcci\u00f3n (CMIC) reconoci\u00f3 por tercer a\u00f1o consecutivo el trabajo realizado por el ingeniero Marcos Ordu\u00f1a Alcocer al frente de la delegaci\u00f3n Veracruz-Puerto. El pasado 7 de diciembre se celebr\u00f3 en la Ciudad de M\u00e9xico la sesi\u00f3n del consejo nacional de la [&hellip;]\" \/>\n<meta property=\"og:url\" content=\"https:\/\/lospoliticosveracruz.com\/?p=83293\" \/>\n<meta property=\"og:site_name\" content=\"Los pol\u00edticos Veracruz\" \/>\n<meta property=\"article:publisher\" content=\"https:\/\/www.facebook.com\/people\/Notimemes-de-los-Polticos\/61565672886568\/\" \/>\n<meta property=\"article:published_time\" content=\"2021-12-12T21:09:02+00:00\" \/>\n<meta property=\"article:modified_time\" content=\"2021-12-12T21:09:07+00:00\" \/>\n<meta property=\"og:image\" content=\"https:\/\/lospoliticosveracruz.com\/wp-content\/uploads\/2016\/07\/Logo-Dor.jpg\" \/>\n\t<meta property=\"og:image:width\" content=\"200\" \/>\n\t<meta property=\"og:image:height\" content=\"200\" \/>\n\t<meta property=\"og:image:type\" content=\"image\/jpeg\" \/>\n<meta name=\"author\" content=\"Lo viste en Los Pol\u00edticos\" \/>\n<meta name=\"twitter:card\" content=\"summary_large_image\" \/>\n<meta name=\"twitter:creator\" content=\"@LosPoliticosVer\" \/>\n<meta name=\"twitter:site\" content=\"@LosPoliticosVer\" \/>\n<meta name=\"twitter:label1\" content=\"Escrito por\" \/>\n\t<meta name=\"twitter:data1\" content=\"Lo viste en Los Pol\u00edticos\" \/>\n\t<meta name=\"twitter:label2\" content=\"Tiempo de lectura\" \/>\n\t<meta name=\"twitter:data2\" content=\"2 minutos\" \/>\n<script type=\"application\/ld+json\" class=\"yoast-schema-graph\">{\"@context\":\"https:\\\/\\\/schema.org\",\"@graph\":[{\"@type\":\"Article\",\"@id\":\"https:\\\/\\\/lospoliticosveracruz.com\\\/?p=83293#article\",\"isPartOf\":{\"@id\":\"https:\\\/\\\/lospoliticosveracruz.com\\\/?p=83293\"},\"author\":{\"name\":\"Lo viste en Los Pol\u00edticos\",\"@id\":\"https:\\\/\\\/lospoliticosveracruz.com\\\/#\\\/schema\\\/person\\\/b8702bb0e538456e6efd07080bf2a4a2\"},\"headline\":\"Oro y plata a CMIC Veracruz, en capacitaci\u00f3n y competitividad\",\"datePublished\":\"2021-12-12T21:09:02+00:00\",\"dateModified\":\"2021-12-12T21:09:07+00:00\",\"mainEntityOfPage\":{\"@id\":\"https:\\\/\\\/lospoliticosveracruz.com\\\/?p=83293\"},\"wordCount\":386,\"publisher\":{\"@id\":\"https:\\\/\\\/lospoliticosveracruz.com\\\/#organization\"},\"keywords\":[\"CMIC Veracruz\",\"Marcos Ordu\u00f1a Alcocer\"],\"articleSection\":[\"De Boleto\"],\"inLanguage\":\"es\"},{\"@type\":\"WebPage\",\"@id\":\"https:\\\/\\\/lospoliticosveracruz.com\\\/?p=83293\",\"url\":\"https:\\\/\\\/lospoliticosveracruz.com\\\/?p=83293\",\"name\":\"Oro y plata a CMIC Veracruz, en capacitaci\u00f3n y competitividad - Los pol\u00edticos Veracruz\",\"isPartOf\":{\"@id\":\"https:\\\/\\\/lospoliticosveracruz.com\\\/#website\"},\"datePublished\":\"2021-12-12T21:09:02+00:00\",\"dateModified\":\"2021-12-12T21:09:07+00:00\",\"breadcrumb\":{\"@id\":\"https:\\\/\\\/lospoliticosveracruz.com\\\/?p=83293#breadcrumb\"},\"inLanguage\":\"es\",\"potentialAction\":[{\"@type\":\"ReadAction\",\"target\":[\"https:\\\/\\\/lospoliticosveracruz.com\\\/?p=83293\"]}]},{\"@type\":\"BreadcrumbList\",\"@id\":\"https:\\\/\\\/lospoliticosveracruz.com\\\/?p=83293#breadcrumb\",\"itemListElement\":[{\"@type\":\"ListItem\",\"position\":1,\"name\":\"Portada\",\"item\":\"https:\\\/\\\/lospoliticosveracruz.com\\\/\"},{\"@type\":\"ListItem\",\"position\":2,\"name\":\"Oro y plata a CMIC Veracruz, en capacitaci\u00f3n y competitividad\"}]},{\"@type\":\"WebSite\",\"@id\":\"https:\\\/\\\/lospoliticosveracruz.com\\\/#website\",\"url\":\"https:\\\/\\\/lospoliticosveracruz.com\\\/\",\"name\":\"Los pol\u00edticos Veracruz\",\"description\":\"\",\"publisher\":{\"@id\":\"https:\\\/\\\/lospoliticosveracruz.com\\\/#organization\"},\"potentialAction\":[{\"@type\":\"SearchAction\",\"target\":{\"@type\":\"EntryPoint\",\"urlTemplate\":\"https:\\\/\\\/lospoliticosveracruz.com\\\/?s={search_term_string}\"},\"query-input\":{\"@type\":\"PropertyValueSpecification\",\"valueRequired\":true,\"valueName\":\"search_term_string\"}}],\"inLanguage\":\"es\"},{\"@type\":\"Organization\",\"@id\":\"https:\\\/\\\/lospoliticosveracruz.com\\\/#organization\",\"name\":\"Los pol\u00edticos Veracruz\",\"url\":\"https:\\\/\\\/lospoliticosveracruz.com\\\/\",\"logo\":{\"@type\":\"ImageObject\",\"inLanguage\":\"es\",\"@id\":\"https:\\\/\\\/lospoliticosveracruz.com\\\/#\\\/schema\\\/logo\\\/image\\\/\",\"url\":\"https:\\\/\\\/lospoliticosveracruz.com\\\/wp-content\\\/uploads\\\/2025\\\/12\\\/Logo-Nuevo-LOS-POLITICOS-1.jpg\",\"contentUrl\":\"https:\\\/\\\/lospoliticosveracruz.com\\\/wp-content\\\/uploads\\\/2025\\\/12\\\/Logo-Nuevo-LOS-POLITICOS-1.jpg\",\"width\":260,\"height\":70,\"caption\":\"Los pol\u00edticos Veracruz\"},\"image\":{\"@id\":\"https:\\\/\\\/lospoliticosveracruz.com\\\/#\\\/schema\\\/logo\\\/image\\\/\"},\"sameAs\":[\"https:\\\/\\\/www.facebook.com\\\/people\\\/Notimemes-de-los-Polticos\\\/61565672886568\\\/\",\"https:\\\/\\\/x.com\\\/LosPoliticosVer\"]},{\"@type\":\"Person\",\"@id\":\"https:\\\/\\\/lospoliticosveracruz.com\\\/#\\\/schema\\\/person\\\/b8702bb0e538456e6efd07080bf2a4a2\",\"name\":\"Lo viste en Los Pol\u00edticos\",\"image\":{\"@type\":\"ImageObject\",\"inLanguage\":\"es\",\"@id\":\"https:\\\/\\\/secure.gravatar.com\\\/avatar\\\/3a8de04a2656d44082be478bd6c086daa447c4651605818287b9532d3d0bd435?s=96&d=mm&r=g\",\"url\":\"https:\\\/\\\/secure.gravatar.com\\\/avatar\\\/3a8de04a2656d44082be478bd6c086daa447c4651605818287b9532d3d0bd435?s=96&d=mm&r=g\",\"contentUrl\":\"https:\\\/\\\/secure.gravatar.com\\\/avatar\\\/3a8de04a2656d44082be478bd6c086daa447c4651605818287b9532d3d0bd435?s=96&d=mm&r=g\",\"caption\":\"Lo viste en Los Pol\u00edticos\"},\"url\":\"https:\\\/\\\/lospoliticosveracruz.com\\\/?author=2\"}]}<\/script>\n<!-- \/ Yoast SEO plugin. -->","yoast_head_json":{"title":"Oro y plata a CMIC Veracruz, en capacitaci\u00f3n y competitividad - Los pol\u00edticos Veracruz","robots":{"index":"index","follow":"follow","max-snippet":"max-snippet:-1","max-image-preview":"max-image-preview:large","max-video-preview":"max-video-preview:-1"},"canonical":"https:\/\/lospoliticosveracruz.com\/?p=83293","og_locale":"es_ES","og_type":"article","og_title":"Oro y plata a CMIC Veracruz, en capacitaci\u00f3n y competitividad - Los pol\u00edticos Veracruz","og_description":"Boca del R\u00edoLa Comisi\u00f3n Ejecutiva de la C\u00e1mara Mexicana de la Industria de la Construcci\u00f3n (CMIC) reconoci\u00f3 por tercer a\u00f1o consecutivo el trabajo realizado por el ingeniero Marcos Ordu\u00f1a Alcocer al frente de la delegaci\u00f3n Veracruz-Puerto. El pasado 7 de diciembre se celebr\u00f3 en la Ciudad de M\u00e9xico la sesi\u00f3n del consejo nacional de la [&hellip;]","og_url":"https:\/\/lospoliticosveracruz.com\/?p=83293","og_site_name":"Los pol\u00edticos Veracruz","article_publisher":"https:\/\/www.facebook.com\/people\/Notimemes-de-los-Polticos\/61565672886568\/","article_published_time":"2021-12-12T21:09:02+00:00","article_modified_time":"2021-12-12T21:09:07+00:00","og_image":[{"width":200,"height":200,"url":"https:\/\/lospoliticosveracruz.com\/wp-content\/uploads\/2016\/07\/Logo-Dor.jpg","type":"image\/jpeg"}],"author":"Lo viste en Los Pol\u00edticos","twitter_card":"summary_large_image","twitter_creator":"@LosPoliticosVer","twitter_site":"@LosPoliticosVer","twitter_misc":{"Escrito por":"Lo viste en Los Pol\u00edticos","Tiempo de lectura":"2 minutos"},"schema":{"@context":"https:\/\/schema.org","@graph":[{"@type":"Article","@id":"https:\/\/lospoliticosveracruz.com\/?p=83293#article","isPartOf":{"@id":"https:\/\/lospoliticosveracruz.com\/?p=83293"},"author":{"name":"Lo viste en Los Pol\u00edticos","@id":"https:\/\/lospoliticosveracruz.com\/#\/schema\/person\/b8702bb0e538456e6efd07080bf2a4a2"},"headline":"Oro y plata a CMIC Veracruz, en capacitaci\u00f3n y competitividad","datePublished":"2021-12-12T21:09:02+00:00","dateModified":"2021-12-12T21:09:07+00:00","mainEntityOfPage":{"@id":"https:\/\/lospoliticosveracruz.com\/?p=83293"},"wordCount":386,"publisher":{"@id":"https:\/\/lospoliticosveracruz.com\/#organization"},"keywords":["CMIC Veracruz","Marcos Ordu\u00f1a Alcocer"],"articleSection":["De Boleto"],"inLanguage":"es"},{"@type":"WebPage","@id":"https:\/\/lospoliticosveracruz.com\/?p=83293","url":"https:\/\/lospoliticosveracruz.com\/?p=83293","name":"Oro y plata a CMIC Veracruz, en capacitaci\u00f3n y competitividad - Los pol\u00edticos Veracruz","isPartOf":{"@id":"https:\/\/lospoliticosveracruz.com\/#website"},"datePublished":"2021-12-12T21:09:02+00:00","dateModified":"2021-12-12T21:09:07+00:00","breadcrumb":{"@id":"https:\/\/lospoliticosveracruz.com\/?p=83293#breadcrumb"},"inLanguage":"es","potentialAction":[{"@type":"ReadAction","target":["https:\/\/lospoliticosveracruz.com\/?p=83293"]}]},{"@type":"BreadcrumbList","@id":"https:\/\/lospoliticosveracruz.com\/?p=83293#breadcrumb","itemListElement":[{"@type":"ListItem","position":1,"name":"Portada","item":"https:\/\/lospoliticosveracruz.com\/"},{"@type":"ListItem","position":2,"name":"Oro y plata a CMIC Veracruz, en capacitaci\u00f3n y competitividad"}]},{"@type":"WebSite","@id":"https:\/\/lospoliticosveracruz.com\/#website","url":"https:\/\/lospoliticosveracruz.com\/","name":"Los pol\u00edticos Veracruz","description":"","publisher":{"@id":"https:\/\/lospoliticosveracruz.com\/#organization"},"potentialAction":[{"@type":"SearchAction","target":{"@type":"EntryPoint","urlTemplate":"https:\/\/lospoliticosveracruz.com\/?s={search_term_string}"},"query-input":{"@type":"PropertyValueSpecification","valueRequired":true,"valueName":"search_term_string"}}],"inLanguage":"es"},{"@type":"Organization","@id":"https:\/\/lospoliticosveracruz.com\/#organization","name":"Los pol\u00edticos Veracruz","url":"https:\/\/lospoliticosveracruz.com\/","logo":{"@type":"ImageObject","inLanguage":"es","@id":"https:\/\/lospoliticosveracruz.com\/#\/schema\/logo\/image\/","url":"https:\/\/lospoliticosveracruz.com\/wp-content\/uploads\/2025\/12\/Logo-Nuevo-LOS-POLITICOS-1.jpg","contentUrl":"https:\/\/lospoliticosveracruz.com\/wp-content\/uploads\/2025\/12\/Logo-Nuevo-LOS-POLITICOS-1.jpg","width":260,"height":70,"caption":"Los pol\u00edticos Veracruz"},"image":{"@id":"https:\/\/lospoliticosveracruz.com\/#\/schema\/logo\/image\/"},"sameAs":["https:\/\/www.facebook.com\/people\/Notimemes-de-los-Polticos\/61565672886568\/","https:\/\/x.com\/LosPoliticosVer"]},{"@type":"Person","@id":"https:\/\/lospoliticosveracruz.com\/#\/schema\/person\/b8702bb0e538456e6efd07080bf2a4a2","name":"Lo viste en Los Pol\u00edticos","image":{"@type":"ImageObject","inLanguage":"es","@id":"https:\/\/secure.gravatar.com\/avatar\/3a8de04a2656d44082be478bd6c086daa447c4651605818287b9532d3d0bd435?s=96&d=mm&r=g","url":"https:\/\/secure.gravatar.com\/avatar\/3a8de04a2656d44082be478bd6c086daa447c4651605818287b9532d3d0bd435?s=96&d=mm&r=g","contentUrl":"https:\/\/secure.gravatar.com\/avatar\/3a8de04a2656d44082be478bd6c086daa447c4651605818287b9532d3d0bd435?s=96&d=mm&r=g","caption":"Lo viste en Los Pol\u00edticos"},"url":"https:\/\/lospoliticosveracruz.com\/?author=2"}]}},"_links":{"self":[{"href":"https:\/\/lospoliticosveracruz.com\/index.php?rest_route=\/wp\/v2\/posts\/83293","targetHints":{"allow":["GET"]}}],"collection":[{"href":"https:\/\/lospoliticosveracruz.com\/index.php?rest_route=\/wp\/v2\/posts"}],"about":[{"href":"https:\/\/lospoliticosveracruz.com\/index.php?rest_route=\/wp\/v2\/types\/post"}],"author":[{"embeddable":true,"href":"https:\/\/lospoliticosveracruz.com\/index.php?rest_route=\/wp\/v2\/users\/2"}],"replies":[{"embeddable":true,"href":"https:\/\/lospoliticosveracruz.com\/index.php?rest_route=%2Fwp%2Fv2%2Fcomments&post=83293"}],"version-history":[{"count":1,"href":"https:\/\/lospoliticosveracruz.com\/index.php?rest_route=\/wp\/v2\/posts\/83293\/revisions"}],"predecessor-version":[{"id":83295,"href":"https:\/\/lospoliticosveracruz.com\/index.php?rest_route=\/wp\/v2\/posts\/83293\/revisions\/83295"}],"wp:attachment":[{"href":"https:\/\/lospoliticosveracruz.com\/index.php?rest_route=%2Fwp%2Fv2%2Fmedia&parent=83293"}],"wp:term":[{"taxonomy":"category","embeddable":true,"href":"https:\/\/lospoliticosveracruz.com\/index.php?rest_route=%2Fwp%2Fv2%2Fcategories&post=83293"},{"taxonomy":"post_tag","embeddable":true,"href":"https:\/\/lospoliticosveracruz.com\/index.php?rest_route=%2Fwp%2Fv2%2Ftags&post=83293"}],"curies":[{"name":"wp","href":"https:\/\/api.w.org\/{rel}","templated":true}]}}