{"id":83340,"date":"2021-12-13T14:52:42","date_gmt":"2021-12-13T20:52:42","guid":{"rendered":"https:\/\/lospoliticosveracruz.com.mx\/?p=83340"},"modified":"2021-12-13T14:52:49","modified_gmt":"2021-12-13T20:52:49","slug":"un-gobierno-que-trasciende","status":"publish","type":"post","link":"https:\/\/lospoliticosveracruz.com\/?p=83340","title":{"rendered":"Un Gobierno que trasciende!"},"content":{"rendered":"\n<p><\/p>\n\n\n\n<p><\/p>\n\n\n\n<p><strong>Xalapa<\/strong><\/p>\n\n\n\n<p><br>Para el diputado local, Paul Mart\u00ednez Marie, las y los veracruzanos cuentan con un gobierno que trasciende en austeridad, la lucha implacable contra la corrupci\u00f3n y privilegia la atenci\u00f3n a los sectores m\u00e1s necesitados.<\/p>\n\n\n\n<p>Durante la comparecencia del gobernador Cuitl\u00e1huac Garc\u00eda Jim\u00e9nez, el representante del Distrito de Perote hizo un pronunciamiento a nombre del Grupo Legislativo de Morena, donde resalt\u00f3 que a pesar de recibir un estado saqueado por el abuso de pasadas administraciones, sobrellevar una pandemia de gran magnitud como el COVID-19 y los embates del hurac\u00e1n \u201cGrace\u201d, este Gobierno ha estado a la altura de las circunstancias sin olvidar el manejo efectivo de los recursos humanos y la erradicaci\u00f3n de los delitos de cuello blanco.<\/p>\n\n\n\n<p>Tras los resultados informados, asever\u00f3 que en la entidad se acabaron los favoritismos a grupos privilegiados, dado que todos los recursos del erario p\u00fablico ahora se destinan en las acciones relevantes, obras y programas sociales que elevan la calidad de vida de las y los veracruzanos.<\/p>\n\n\n\n<p>Aunado a que se reforz\u00f3 la gobernabilidad con orden, respeto, tolerancia y di\u00e1logo con los preceptos de austeridad, honestidad y transparencia, lo que ha hecho que ahora impere la paz y la estabilidad y no se duda que en los siguientes tres a\u00f1os se consolide la construcci\u00f3n de una aut\u00e9ntica cultura de paz, sustentada en el respeto a los derechos humanos, a las libertades y a la dignidad de todas las personas.<\/p>\n\n\n\n<p>Por cuanto hace a los resultados, Mart\u00ednez Marie destac\u00f3 que en Veracruz se demuestra el progreso con hechos, como la liquidaci\u00f3n del adeudo por m\u00e1s de 3 mil 300 millones de pesos con la Universidad Veracruzana, la implementaci\u00f3n eficiente de un Plan Nacional de Vacunaci\u00f3n que protege a casi 6 millones de veracruzanas y veracruzanos, quienes ya recibieron sus dosis contra COVID-19, la rehabilitaci\u00f3n de miles de escuelas con una inversi\u00f3n de casi mil 500 millones de pesos en 186 municipios y las acciones que dan cuenta que para este Gobierno la preservaci\u00f3n al medio ambiente es un derecho humano y no un simple programa a realizar.<\/p>\n\n\n\n<p>Sobre el respeto a los derechos de las mujeres, esta administraci\u00f3n ha respaldado la participaci\u00f3n de las f\u00e9minas en la vida p\u00fablica, al colocar a funcionarias en importantes cargos, lo que abona al desarrollo de la entidad.<\/p>\n\n\n\n<p>Antes de concluir, Mart\u00ednez Marie se\u00f1al\u00f3 que a\u00fan hay retos por cumplir y que para el pr\u00f3ximo a\u00f1o, en este mismo espacio, las y los veracruzanos ser\u00e1n testigos de m\u00e1s resultados que consolidar\u00e1n gran parte de la transformaci\u00f3n de un estado que no le da la espalda a su gente y sabe escuchar todas sus expresiones, m\u00e1xime cuando se trata de la ni\u00f1ez y juventud, de las mujeres, las personas adultas mayores y con discapacidad. Un Gobierno que no cierra el paso a la diversidad sexual y que se solidariza con las v\u00edctimas del delito y las familias de personas desaparecidas.<\/p>\n\n\n\n<p>\u201cA mitad del camino se tienen elementos suficientes para decir que la Transformaci\u00f3n en Veracruz avanza y nos da profunda satisfacci\u00f3n el saber que dentro de tres a\u00f1os se estar\u00e1 diciendo: \u00a1Misi\u00f3n cumplida!\u201d<\/p>\n","protected":false},"excerpt":{"rendered":"<p>Xalapa Para el diputado local, Paul Mart\u00ednez Marie, las y los veracruzanos cuentan con un gobierno que trasciende en austeridad, la lucha implacable contra la corrupci\u00f3n y privilegia la atenci\u00f3n a los sectores m\u00e1s necesitados. Durante la comparecencia del gobernador Cuitl\u00e1huac Garc\u00eda Jim\u00e9nez, el representante del Distrito de Perote hizo un pronunciamiento a nombre del [&hellip;]<\/p>\n","protected":false},"author":2,"featured_media":0,"comment_status":"closed","ping_status":"closed","sticky":false,"template":"","format":"standard","meta":{"tdm_status":"","tdm_grid_status":"","footnotes":""},"categories":[73],"tags":[282,1563,1026,16929,4148],"class_list":{"0":"post-83340","1":"post","2":"type-post","3":"status-publish","4":"format-standard","6":"category-de-boleto","7":"tag-corrupcion","8":"tag-cuitlahuac-garcia-jimenez","9":"tag-morena","10":"tag-pandemia","11":"tag-paul-martinez-marie"},"yoast_head":"<!-- This site is optimized with the Yoast SEO plugin v27.4 - https:\/\/yoast.com\/product\/yoast-seo-wordpress\/ -->\n<title>Un Gobierno que trasciende! - Los pol\u00edticos Veracruz<\/title>\n<meta name=\"robots\" content=\"index, follow, max-snippet:-1, max-image-preview:large, max-video-preview:-1\" \/>\n<link rel=\"canonical\" href=\"https:\/\/lospoliticosveracruz.com\/?p=83340\" \/>\n<meta property=\"og:locale\" content=\"es_ES\" \/>\n<meta property=\"og:type\" content=\"article\" \/>\n<meta property=\"og:title\" content=\"Un Gobierno que trasciende! - Los pol\u00edticos Veracruz\" \/>\n<meta property=\"og:description\" content=\"Xalapa Para el diputado local, Paul Mart\u00ednez Marie, las y los veracruzanos cuentan con un gobierno que trasciende en austeridad, la lucha implacable contra la corrupci\u00f3n y privilegia la atenci\u00f3n a los sectores m\u00e1s necesitados. Durante la comparecencia del gobernador Cuitl\u00e1huac Garc\u00eda Jim\u00e9nez, el representante del Distrito de Perote hizo un pronunciamiento a nombre del [&hellip;]\" \/>\n<meta property=\"og:url\" content=\"https:\/\/lospoliticosveracruz.com\/?p=83340\" \/>\n<meta property=\"og:site_name\" content=\"Los pol\u00edticos Veracruz\" \/>\n<meta property=\"article:publisher\" content=\"https:\/\/www.facebook.com\/people\/Notimemes-de-los-Polticos\/61565672886568\/\" \/>\n<meta property=\"article:published_time\" content=\"2021-12-13T20:52:42+00:00\" \/>\n<meta property=\"article:modified_time\" content=\"2021-12-13T20:52:49+00:00\" \/>\n<meta property=\"og:image\" content=\"https:\/\/lospoliticosveracruz.com\/wp-content\/uploads\/2016\/07\/Logo-Dor.jpg\" \/>\n\t<meta property=\"og:image:width\" content=\"200\" \/>\n\t<meta property=\"og:image:height\" content=\"200\" \/>\n\t<meta property=\"og:image:type\" content=\"image\/jpeg\" \/>\n<meta name=\"author\" content=\"Lo viste en Los Pol\u00edticos\" \/>\n<meta name=\"twitter:card\" content=\"summary_large_image\" \/>\n<meta name=\"twitter:creator\" content=\"@LosPoliticosVer\" \/>\n<meta name=\"twitter:site\" content=\"@LosPoliticosVer\" \/>\n<meta name=\"twitter:label1\" content=\"Escrito por\" \/>\n\t<meta name=\"twitter:data1\" content=\"Lo viste en Los Pol\u00edticos\" \/>\n\t<meta name=\"twitter:label2\" content=\"Tiempo de lectura\" \/>\n\t<meta name=\"twitter:data2\" content=\"3 minutos\" \/>\n<script type=\"application\/ld+json\" class=\"yoast-schema-graph\">{\"@context\":\"https:\\\/\\\/schema.org\",\"@graph\":[{\"@type\":\"Article\",\"@id\":\"https:\\\/\\\/lospoliticosveracruz.com\\\/?p=83340#article\",\"isPartOf\":{\"@id\":\"https:\\\/\\\/lospoliticosveracruz.com\\\/?p=83340\"},\"author\":{\"name\":\"Lo viste en Los Pol\u00edticos\",\"@id\":\"https:\\\/\\\/lospoliticosveracruz.com\\\/#\\\/schema\\\/person\\\/b8702bb0e538456e6efd07080bf2a4a2\"},\"headline\":\"Un Gobierno que trasciende!\",\"datePublished\":\"2021-12-13T20:52:42+00:00\",\"dateModified\":\"2021-12-13T20:52:49+00:00\",\"mainEntityOfPage\":{\"@id\":\"https:\\\/\\\/lospoliticosveracruz.com\\\/?p=83340\"},\"wordCount\":555,\"publisher\":{\"@id\":\"https:\\\/\\\/lospoliticosveracruz.com\\\/#organization\"},\"keywords\":[\"corrupci\u00f3n\",\"Cuitl\u00e1huac Garc\u00eda Jim\u00e9nez\",\"Morena\",\"pandemia\",\"Paul Mart\u00ednez Marie\"],\"articleSection\":[\"De Boleto\"],\"inLanguage\":\"es\"},{\"@type\":\"WebPage\",\"@id\":\"https:\\\/\\\/lospoliticosveracruz.com\\\/?p=83340\",\"url\":\"https:\\\/\\\/lospoliticosveracruz.com\\\/?p=83340\",\"name\":\"Un Gobierno que trasciende! - Los pol\u00edticos Veracruz\",\"isPartOf\":{\"@id\":\"https:\\\/\\\/lospoliticosveracruz.com\\\/#website\"},\"datePublished\":\"2021-12-13T20:52:42+00:00\",\"dateModified\":\"2021-12-13T20:52:49+00:00\",\"breadcrumb\":{\"@id\":\"https:\\\/\\\/lospoliticosveracruz.com\\\/?p=83340#breadcrumb\"},\"inLanguage\":\"es\",\"potentialAction\":[{\"@type\":\"ReadAction\",\"target\":[\"https:\\\/\\\/lospoliticosveracruz.com\\\/?p=83340\"]}]},{\"@type\":\"BreadcrumbList\",\"@id\":\"https:\\\/\\\/lospoliticosveracruz.com\\\/?p=83340#breadcrumb\",\"itemListElement\":[{\"@type\":\"ListItem\",\"position\":1,\"name\":\"Portada\",\"item\":\"https:\\\/\\\/lospoliticosveracruz.com\\\/\"},{\"@type\":\"ListItem\",\"position\":2,\"name\":\"Un Gobierno que trasciende!\"}]},{\"@type\":\"WebSite\",\"@id\":\"https:\\\/\\\/lospoliticosveracruz.com\\\/#website\",\"url\":\"https:\\\/\\\/lospoliticosveracruz.com\\\/\",\"name\":\"Los pol\u00edticos Veracruz\",\"description\":\"\",\"publisher\":{\"@id\":\"https:\\\/\\\/lospoliticosveracruz.com\\\/#organization\"},\"potentialAction\":[{\"@type\":\"SearchAction\",\"target\":{\"@type\":\"EntryPoint\",\"urlTemplate\":\"https:\\\/\\\/lospoliticosveracruz.com\\\/?s={search_term_string}\"},\"query-input\":{\"@type\":\"PropertyValueSpecification\",\"valueRequired\":true,\"valueName\":\"search_term_string\"}}],\"inLanguage\":\"es\"},{\"@type\":\"Organization\",\"@id\":\"https:\\\/\\\/lospoliticosveracruz.com\\\/#organization\",\"name\":\"Los pol\u00edticos Veracruz\",\"url\":\"https:\\\/\\\/lospoliticosveracruz.com\\\/\",\"logo\":{\"@type\":\"ImageObject\",\"inLanguage\":\"es\",\"@id\":\"https:\\\/\\\/lospoliticosveracruz.com\\\/#\\\/schema\\\/logo\\\/image\\\/\",\"url\":\"https:\\\/\\\/lospoliticosveracruz.com\\\/wp-content\\\/uploads\\\/2025\\\/12\\\/Logo-Nuevo-LOS-POLITICOS-1.jpg\",\"contentUrl\":\"https:\\\/\\\/lospoliticosveracruz.com\\\/wp-content\\\/uploads\\\/2025\\\/12\\\/Logo-Nuevo-LOS-POLITICOS-1.jpg\",\"width\":260,\"height\":70,\"caption\":\"Los pol\u00edticos Veracruz\"},\"image\":{\"@id\":\"https:\\\/\\\/lospoliticosveracruz.com\\\/#\\\/schema\\\/logo\\\/image\\\/\"},\"sameAs\":[\"https:\\\/\\\/www.facebook.com\\\/people\\\/Notimemes-de-los-Polticos\\\/61565672886568\\\/\",\"https:\\\/\\\/x.com\\\/LosPoliticosVer\"]},{\"@type\":\"Person\",\"@id\":\"https:\\\/\\\/lospoliticosveracruz.com\\\/#\\\/schema\\\/person\\\/b8702bb0e538456e6efd07080bf2a4a2\",\"name\":\"Lo viste en Los Pol\u00edticos\",\"image\":{\"@type\":\"ImageObject\",\"inLanguage\":\"es\",\"@id\":\"https:\\\/\\\/secure.gravatar.com\\\/avatar\\\/3a8de04a2656d44082be478bd6c086daa447c4651605818287b9532d3d0bd435?s=96&d=mm&r=g\",\"url\":\"https:\\\/\\\/secure.gravatar.com\\\/avatar\\\/3a8de04a2656d44082be478bd6c086daa447c4651605818287b9532d3d0bd435?s=96&d=mm&r=g\",\"contentUrl\":\"https:\\\/\\\/secure.gravatar.com\\\/avatar\\\/3a8de04a2656d44082be478bd6c086daa447c4651605818287b9532d3d0bd435?s=96&d=mm&r=g\",\"caption\":\"Lo viste en Los Pol\u00edticos\"},\"url\":\"https:\\\/\\\/lospoliticosveracruz.com\\\/?author=2\"}]}<\/script>\n<!-- \/ Yoast SEO plugin. -->","yoast_head_json":{"title":"Un Gobierno que trasciende! - Los pol\u00edticos Veracruz","robots":{"index":"index","follow":"follow","max-snippet":"max-snippet:-1","max-image-preview":"max-image-preview:large","max-video-preview":"max-video-preview:-1"},"canonical":"https:\/\/lospoliticosveracruz.com\/?p=83340","og_locale":"es_ES","og_type":"article","og_title":"Un Gobierno que trasciende! - Los pol\u00edticos Veracruz","og_description":"Xalapa Para el diputado local, Paul Mart\u00ednez Marie, las y los veracruzanos cuentan con un gobierno que trasciende en austeridad, la lucha implacable contra la corrupci\u00f3n y privilegia la atenci\u00f3n a los sectores m\u00e1s necesitados. Durante la comparecencia del gobernador Cuitl\u00e1huac Garc\u00eda Jim\u00e9nez, el representante del Distrito de Perote hizo un pronunciamiento a nombre del [&hellip;]","og_url":"https:\/\/lospoliticosveracruz.com\/?p=83340","og_site_name":"Los pol\u00edticos Veracruz","article_publisher":"https:\/\/www.facebook.com\/people\/Notimemes-de-los-Polticos\/61565672886568\/","article_published_time":"2021-12-13T20:52:42+00:00","article_modified_time":"2021-12-13T20:52:49+00:00","og_image":[{"width":200,"height":200,"url":"https:\/\/lospoliticosveracruz.com\/wp-content\/uploads\/2016\/07\/Logo-Dor.jpg","type":"image\/jpeg"}],"author":"Lo viste en Los Pol\u00edticos","twitter_card":"summary_large_image","twitter_creator":"@LosPoliticosVer","twitter_site":"@LosPoliticosVer","twitter_misc":{"Escrito por":"Lo viste en Los Pol\u00edticos","Tiempo de lectura":"3 minutos"},"schema":{"@context":"https:\/\/schema.org","@graph":[{"@type":"Article","@id":"https:\/\/lospoliticosveracruz.com\/?p=83340#article","isPartOf":{"@id":"https:\/\/lospoliticosveracruz.com\/?p=83340"},"author":{"name":"Lo viste en Los Pol\u00edticos","@id":"https:\/\/lospoliticosveracruz.com\/#\/schema\/person\/b8702bb0e538456e6efd07080bf2a4a2"},"headline":"Un Gobierno que trasciende!","datePublished":"2021-12-13T20:52:42+00:00","dateModified":"2021-12-13T20:52:49+00:00","mainEntityOfPage":{"@id":"https:\/\/lospoliticosveracruz.com\/?p=83340"},"wordCount":555,"publisher":{"@id":"https:\/\/lospoliticosveracruz.com\/#organization"},"keywords":["corrupci\u00f3n","Cuitl\u00e1huac Garc\u00eda Jim\u00e9nez","Morena","pandemia","Paul Mart\u00ednez Marie"],"articleSection":["De Boleto"],"inLanguage":"es"},{"@type":"WebPage","@id":"https:\/\/lospoliticosveracruz.com\/?p=83340","url":"https:\/\/lospoliticosveracruz.com\/?p=83340","name":"Un Gobierno que trasciende! - Los pol\u00edticos Veracruz","isPartOf":{"@id":"https:\/\/lospoliticosveracruz.com\/#website"},"datePublished":"2021-12-13T20:52:42+00:00","dateModified":"2021-12-13T20:52:49+00:00","breadcrumb":{"@id":"https:\/\/lospoliticosveracruz.com\/?p=83340#breadcrumb"},"inLanguage":"es","potentialAction":[{"@type":"ReadAction","target":["https:\/\/lospoliticosveracruz.com\/?p=83340"]}]},{"@type":"BreadcrumbList","@id":"https:\/\/lospoliticosveracruz.com\/?p=83340#breadcrumb","itemListElement":[{"@type":"ListItem","position":1,"name":"Portada","item":"https:\/\/lospoliticosveracruz.com\/"},{"@type":"ListItem","position":2,"name":"Un Gobierno que trasciende!"}]},{"@type":"WebSite","@id":"https:\/\/lospoliticosveracruz.com\/#website","url":"https:\/\/lospoliticosveracruz.com\/","name":"Los pol\u00edticos Veracruz","description":"","publisher":{"@id":"https:\/\/lospoliticosveracruz.com\/#organization"},"potentialAction":[{"@type":"SearchAction","target":{"@type":"EntryPoint","urlTemplate":"https:\/\/lospoliticosveracruz.com\/?s={search_term_string}"},"query-input":{"@type":"PropertyValueSpecification","valueRequired":true,"valueName":"search_term_string"}}],"inLanguage":"es"},{"@type":"Organization","@id":"https:\/\/lospoliticosveracruz.com\/#organization","name":"Los pol\u00edticos Veracruz","url":"https:\/\/lospoliticosveracruz.com\/","logo":{"@type":"ImageObject","inLanguage":"es","@id":"https:\/\/lospoliticosveracruz.com\/#\/schema\/logo\/image\/","url":"https:\/\/lospoliticosveracruz.com\/wp-content\/uploads\/2025\/12\/Logo-Nuevo-LOS-POLITICOS-1.jpg","contentUrl":"https:\/\/lospoliticosveracruz.com\/wp-content\/uploads\/2025\/12\/Logo-Nuevo-LOS-POLITICOS-1.jpg","width":260,"height":70,"caption":"Los pol\u00edticos Veracruz"},"image":{"@id":"https:\/\/lospoliticosveracruz.com\/#\/schema\/logo\/image\/"},"sameAs":["https:\/\/www.facebook.com\/people\/Notimemes-de-los-Polticos\/61565672886568\/","https:\/\/x.com\/LosPoliticosVer"]},{"@type":"Person","@id":"https:\/\/lospoliticosveracruz.com\/#\/schema\/person\/b8702bb0e538456e6efd07080bf2a4a2","name":"Lo viste en Los Pol\u00edticos","image":{"@type":"ImageObject","inLanguage":"es","@id":"https:\/\/secure.gravatar.com\/avatar\/3a8de04a2656d44082be478bd6c086daa447c4651605818287b9532d3d0bd435?s=96&d=mm&r=g","url":"https:\/\/secure.gravatar.com\/avatar\/3a8de04a2656d44082be478bd6c086daa447c4651605818287b9532d3d0bd435?s=96&d=mm&r=g","contentUrl":"https:\/\/secure.gravatar.com\/avatar\/3a8de04a2656d44082be478bd6c086daa447c4651605818287b9532d3d0bd435?s=96&d=mm&r=g","caption":"Lo viste en Los Pol\u00edticos"},"url":"https:\/\/lospoliticosveracruz.com\/?author=2"}]}},"_links":{"self":[{"href":"https:\/\/lospoliticosveracruz.com\/index.php?rest_route=\/wp\/v2\/posts\/83340","targetHints":{"allow":["GET"]}}],"collection":[{"href":"https:\/\/lospoliticosveracruz.com\/index.php?rest_route=\/wp\/v2\/posts"}],"about":[{"href":"https:\/\/lospoliticosveracruz.com\/index.php?rest_route=\/wp\/v2\/types\/post"}],"author":[{"embeddable":true,"href":"https:\/\/lospoliticosveracruz.com\/index.php?rest_route=\/wp\/v2\/users\/2"}],"replies":[{"embeddable":true,"href":"https:\/\/lospoliticosveracruz.com\/index.php?rest_route=%2Fwp%2Fv2%2Fcomments&post=83340"}],"version-history":[{"count":1,"href":"https:\/\/lospoliticosveracruz.com\/index.php?rest_route=\/wp\/v2\/posts\/83340\/revisions"}],"predecessor-version":[{"id":83342,"href":"https:\/\/lospoliticosveracruz.com\/index.php?rest_route=\/wp\/v2\/posts\/83340\/revisions\/83342"}],"wp:attachment":[{"href":"https:\/\/lospoliticosveracruz.com\/index.php?rest_route=%2Fwp%2Fv2%2Fmedia&parent=83340"}],"wp:term":[{"taxonomy":"category","embeddable":true,"href":"https:\/\/lospoliticosveracruz.com\/index.php?rest_route=%2Fwp%2Fv2%2Fcategories&post=83340"},{"taxonomy":"post_tag","embeddable":true,"href":"https:\/\/lospoliticosveracruz.com\/index.php?rest_route=%2Fwp%2Fv2%2Ftags&post=83340"}],"curies":[{"name":"wp","href":"https:\/\/api.w.org\/{rel}","templated":true}]}}