{"id":83381,"date":"2021-12-14T08:54:45","date_gmt":"2021-12-14T14:54:45","guid":{"rendered":"https:\/\/lospoliticosveracruz.com.mx\/?p=83381"},"modified":"2021-12-14T08:54:51","modified_gmt":"2021-12-14T14:54:51","slug":"los-mensajes-de-cuic","status":"publish","type":"post","link":"https:\/\/lospoliticosveracruz.com\/?p=83381","title":{"rendered":"Los mensajes de Cuic"},"content":{"rendered":"\n<p><strong>Adriana Mu\u00f1oz<br><\/strong><em>Sin Rencores<\/em><\/p>\n\n\n\n<p><\/p>\n\n\n\n<p>\u201cSer independiente de la opini\u00f3n p\u00fablica es la primera condici\u00f3n formal para lograr algo grande.\u201d Friedrich Hegel.<br>e-mail: sinrencorespuntocom@gmail.com<\/p>\n\n\n\n<p><br>\u2014\u2014-\/\/\/\u2014\u2014<br><strong><em>MUY CLARO\u2026<br><\/em><\/strong>Fue el gobernador de Veracruz, Cuitlahuac Garc\u00eda Jim\u00e9nez durante su comparecencia ante la 66 Legislatura Local que dur\u00f3 alrededor de tres horas, primero con un mensaje de 20 minutos y posteriormente en un di\u00e1logo abierto con los legisladores locales de todas las bancadas quienes cuestionaron al mandatario de mil y un temas.<br>Contrario a lo que se pudo haber pensado, la realidad es que se trat\u00f3 de un informe muy organizado.<br>Demasiado para lo que esperaba la oposici\u00f3n que con tantito pretend\u00eda incendiar el acto lo cual no se les hizo, es m\u00e1s, hasta ellos resultaron bastante civilizados para ser sinceros. M\u00e1s de la cuenta para lo que sus partidos y los inconformes con Morena esperaban.<br>\u2014\u2014-\/\/\/\u2014\u2014<br><strong><em>LOS \u201cLLEGUES\u201d DEL UNO\u2026<br><\/em><\/strong>Fueron certeros.<br>Sin decir nombres fue directo a la yugular y no hubo necesidad de mencionar a los archirivales pol\u00edticos que todo mundo cuyo nombre y apellidos todos sabemos.<br>Durante su mensaje ante el pleno de la LXVI Legislatura del Estado, el mandatario estatal refresc\u00f3 la memoria de varios y fue enf\u00e1tico al se\u00f1alar que quienes hoy se ostentan como el impoluto grupo Yunes, en realidad protagonizaron algunos de los actos \u201cm\u00e1s vergonzosos\u201d durante el lapso en que ejercieron el poder.<br>\u2014\u2014-\/\/\/\u2014\u2014<br><strong><em>DICHO EN FRASES\u2026<br><\/em><\/strong>1.- NI LADRONES NI CORRUPTOS: Nosotros no defendemos corruptos, si no que actuamos de frente al pueblo para que se haga realidad el principio de combatir la impunidad que alimentaron los gobiernos que me antecedieron para proteger a sus delfines pol\u00edticos que resultaron unos verdaderos ladrones de Tierra Blanca\u2026 perd\u00f3n, de cuello blanco.<br>2.- ENDEUDAMIENTO: Fueron tan corruptos y hoy quedan incluso algunos desmemoriados que en su momento no s\u00f3lo callaron, sino que aplaudieron el vertiginoso endeudamiento bancario en que nos arrastraban a todo el pueblo veracruzano.<br>3.- PARA ANIL\u00da Y MARLON: En la ominosa bursatilizaci\u00f3n ejecutada en el sexenio de Fidel Herrera cuando Javier Duarte era su secretario de Finanzas, hubo quien desde una c\u00f3moda curul enmudeci\u00f3 ante semejante robo disfrazado al erario.<br>4.- MISOGINOS Y GOLPEADORES: \u00bfC\u00f3mo explicar que quien dec\u00eda resolver la inseguridad en seis meses nos dej\u00f3 una polic\u00eda con 2 mil 918 elementos operativos en 2018? \u00bfQu\u00e9 cara deben tener quienes defendieron a un fiscal que escondi\u00f3 carpetas, negoci\u00f3 la justicia con delincuentes, protegi\u00f3 a quien siendo Secretario de Gobierno golpe\u00f3 a su esposa?<br>5.- HASTA MORENOS C\u00d3MPLICES: \u00bfQu\u00e9 deben decirle al pueblo desde esta tribuna donde se llegaron a rasgar las vestiduras en defensa de aquel exfiscal protegiendo a delincuentes y feminicidas encubiertos en el yunismo?<br>Aqu\u00ed en este recinto hubo quien defendi\u00f3 a capa y espada al exfiscal Jorge N, pr\u00f3fugo de la justicia (pedrada a la pseudomorenista Jessica Ram\u00edrez Cisneros)<br>6.- C\u00cdNICOS \u00bfQui\u00e9nes son los pretendidos mis\u00f3ginos?, \u00bfqui\u00e9nes conformaron parte de un gobierno que call\u00f3 la agresi\u00f3n de una mujer desde un alto cargo durante el yunismo o los que perteneciendo a la Cuarta Transformaci\u00f3n apoyaron a las mujeres?<br>\u2014\u2014-\/\/\/\u2014\u2014<br><strong><em>LA VICTIMIZACI\u00d3N \u2026<br><\/em><\/strong>Ya no pega.<br>Ni cabe en este escenario.<br>Lo \u00fanico real es que estamos a d\u00edas de que se sepa el destino del municipio m\u00e1s importante del estado de Veracruz, denominado en el argot pol\u00edtico \u201cla joya de la corona\u201d<br>\u2014\u2014\u2014\/\/\/\u2014\u2014-<br><strong><em>Y ES QUE COMO BALDE DE\u2026<br><\/em><\/strong>Agua fr\u00eda cay\u00f3 la resoluci\u00f3n del Tribunal Estatal Electoral de Veracruz que pr\u00e1cticamente valid\u00f3 la anulaci\u00f3n de la alcald\u00eda del puerto y ahora ambas partes est\u00e1n en su propia defensa y se est\u00e1n jugando el destino de cada uno de sus grupos pol\u00edticos.<br>El riesgo lo vale.<br>\u2014\u2014\/\/\/\u2014-<br><strong><em>NI G\u00c9NERO NI MACHISMO\u2026<br><\/em><\/strong>Ya lo dijo el presidente del Colegio de Abogados de Veracruz, Braulio Ter\u00e1n del Valle quien descart\u00f3 que exista violencia pol\u00edtica de g\u00e9nero en la nulidad de la elecci\u00f3n municipal de Veracruz.<br>Ter\u00e1n del Valle explic\u00f3 sobre esta supuesta controversia, que no tiene ninguna fundamentaci\u00f3n por parte de la candidata blanquiazul a la alcald\u00eda de Veracruz, Patricia Lobeira de Yunes.<br>\u201cEs un tema que creemos que se ha distorsionado un poco, la sentencia que declara la nulidad de la elecci\u00f3n no habla acerca nada de violencia de g\u00e9nero; es un sentir de la candidata, de que se le est\u00e1 aplicando violencia de g\u00e9nero pero no por la sentencia en s\u00ed, sino por el entorno por el cual est\u00e1n llevando a cabo el procedimiento.\u201d<br>El tema no es de g\u00e9nero, insisti\u00f3, sino de legalidad.<br>\u201cAh\u00ed si nosotros tenemos algunas dudas porque no se est\u00e1 atacando o se est\u00e1 resolviendo en este sentido por ser mujer, est\u00e1 hablando de inconsistencias en el procedimiento, est\u00e1 hablando de intervenci\u00f3n de autoridades municipales en el procedimiento, est\u00e1 hablando de que fue influida la decisi\u00f3n de muchos de los votantes y es por eso que se declara la nulidad no as\u00ed por la cuesti\u00f3n de violencia de g\u00e9nero que lo puede argumentar pero no es un tema que haya sido atendido en la resoluci\u00f3n.\u201d<br>Por lo anterior, indic\u00f3, \u201cno creo por una simple l\u00f3gica si en su momento no se hizo valer no creo que sea el momento para hacerlo valer, no es un tema que se est\u00e9 haciendo valer ni en la sentencia ni durante el procedimiento\u201d, concluy\u00f3.<br>\u2014\u2014\u2014\/\/\/\u2014\u2014<br><strong><em>MON-REALITY SHOW\u2026<br><\/em><\/strong>El que ya no sabe que hacer para jalar \u201creflectores\u201d es el coordinador de los senadores morenistas, Ricardo Monreal Avila, quien trae una obsesi\u00f3n por ser el candidato presidencial en el 2024.<br>Y es que adem\u00e1s de que tomarse foto con el boxeador \u201cCanelo\u201d \u00c1lvarez y de cantar rolas de Jos\u00e9 Alfredo Jimenez en el Tenampa en Garibaldi, tambi\u00e9n intenta extender sus proyectos hacia los estados y uno a los que les ha echado el ojo es a Veracruz por su importancia en el mapa electoral.<br>Y como sabe que en Palacio de Gobierno le han alzado la mano a Claudia Sheinbaum ahora busca meterse a la mala denostando<br>al Poder Judicial de la entidad y el delito de ultrajes que fue modificado en este sexenio.<br>Luego volvi\u00f3 a arremeter con un nuevo mensaje publicado en su cuenta de twiter que dice: \u201cSolicit\u00e9 a la @CNDH intervenir en el caso de los seis j\u00f3venes veracruzanos detenidos desde septiembre, acusados injustamente de ultrajes a la autoridad, un delito que se debe derogar en los estados que lo contemplan, para evitar m\u00e1s arbitrariedades. No callemos ante la injusticia\u201d.<br>Incluso el pasado fin de semana se dej\u00f3 venir a Pacho Viejo para aumentar su protagonismo e insistir en el mismo tema con un video que \u201ccolg\u00f3\u201d en sus redes.<br>Ya en la primera embestida el secretario de Gobierno, Eric Cisneros, se puso los \u201cguantes\u201d y contest\u00f3 que antes de enfocarse en Veracruz el senador deber\u00eda voltear a ver a Zacatecas donde gobierna su hermano David y hay much\u00edsima violencia.<br>Ya veremos qu\u00e9 rumbo toma esta pugna interna que a todas luces se percibe como una maniobra desesperada de un suspirante que sabe que va en el tercer lugar de las encuestas internas de Morena en la carrera por la candidatura presidencial.<br>\u2014\u2014\/\/\/\u2014-<br><strong><em>SIGUE\u2026<br><\/em><\/strong>El problema migratorio bastante fuerte.<br>La Secretar\u00eda de Seguridad P\u00fablica (SSP), a trav\u00e9s de Polic\u00eda Estatal resguard\u00f3 a 25 personas extranjeras de origen centroamericano, entre ellos siete menores de edad; adem\u00e1s detuvo a tres personas por presunto tr\u00e1fico de personas en el municipio de Agua Dulce.<br>Dentro del marco del Operativo Coordinado Interestatal Veracruz &#8211; Tabasco, elementos de la Polic\u00eda Estatal, en coordinaci\u00f3n con Fuerza Civil, Guardia Nacional (GN) y el Instituto Nacional de Migraci\u00f3n (INM), localizaron a seis migrantes en un autob\u00fas de pasajeros durante una inspecci\u00f3n registrada sobre la carretera federal 180 Coatzacoalcos \u2013 Villahermosa.<br>Minutos m\u00e1s tarde fueron detenidos Carlos Jovani \u201cN\u201d y Ad\u00e1n \u201cN\u201d, cuando viajaban a bordo de un veh\u00edculo Volkswagen, tipo Beetle, placas T40APS y un autom\u00f3vil Ford, placas T57ABN, quienes trasladaban a ocho ciudadanos originarios de Guatemala y Honduras.<br>De igual manera, en el sitio fueron rescatados 11 migrantes, cuando viajaban a bordo de un veh\u00edculo Nissan, tipo estaca, l\u00e1minas CV64619; en el lugar fue detenido Miguel \u201cN\u201d.<br>Las personas migrantes fueron trasladadas al Instituto Nacional de Migraci\u00f3n (INM), donde recibieron la asistencia humanitaria, mientras los detenidos y los veh\u00edculos asegurados quedaron a disposici\u00f3n de la autoridad correspondiente para los tr\u00e1mites de ley.<br>Y si eso fuera poco, las estaciones migratorias est\u00e1n saturadas, tanto en Acayucan como en el puerto de Veracruz.<br>El domingo apenas, dieron asistencia al Instituto Nacional de Migraci\u00f3n (INM), as\u00ed como apoyo humanitario a 13 migrantes originarios de Honduras, Guatemala y Venezuela, adem\u00e1s se detuvo a tres personas por presunto tr\u00e1fico de personas, en el municipio de Agua Dulce.<br>En el filtro de inspecci\u00f3n y protecci\u00f3n ciudadana sobre la carretera federal 180, Coatzacoalcos-Villahermosa, los oficiales detectaron dos veh\u00edculos (un Nissan tipo Versa, placas WVU777A y un Volkswagen Jetta, placas WPE2934), al realizarles una inspecci\u00f3n hallaron a ocho personas extranjeras originarias de Honduras y Guatemala, entre ellos dos menores, por lo que los conductores de las unidades Erick \u00abN\u00bb, Sergio Alberto \u00abN\u00bb y Fabi\u00e1n Alejandro \u201cN\u201d fueron intervenidos.<br>Posteriormente, en el mismo sitio, detectaron a cinco migrantes venezolanos, caminando por el lugar, entre ellos tres menores, quienes fueron resguardados por los efectivos estatales.<br>Las personas migrantes recibieron atenci\u00f3n m\u00e9dica correspondiente, posteriormente fueron trasladados al Instituto Nacional de Migraci\u00f3n (INM), mientras que los detenidos fueron puestos a disposici\u00f3n de la autoridad competente para los tr\u00e1mites de ley.<br>El tema migratorio est\u00e1 imparable y no hay para cu\u00e1ndo resolverlo ni para donde correr.<br>\u2014\u2014-\/\/\/\u2014\u2014<br><strong><em>SE HAN CONVERTiDO\u2026<br><\/em><\/strong>Los ilegales en una competencia laboral significativa, ahora, tienen trabajo en el Puerto de Veracruz y nadie dice nada.<br>Lo malo es que los empresarios ya vieron que por mucho menos de lo que le pagan a un veracruzano tienen asegurado el mismo trabajo y esto est\u00e1 desplazando a los locales cosa que puede terminar muy mal porque entonces ser\u00e1n los oriundos de aqu\u00ed quienes engrosar\u00e1n las filas de la delincuencia, tanto del fuero com\u00fan como del federal.<br>\u00a1Aguas!<br>\u2014\u2014\u2014-\/\/\/\u2014\u2014-<br><strong><em>A DURANGO\u2026.<br><\/em><\/strong>Fabi\u00e1n \u201cN\u201d, alcalde electo de Lerdo de Tejada, Veracruz, quien fue detenido por los presuntos delitos de secuestro y secuestro agravado, fue trasladado a un penal federal.<br>De acuerdo con fuentes policiales, el alcalde morenista que tomar\u00eda protesta como alcalde el pr\u00f3ximo 1 de enero, fue sacado la madrugada de este lunes del penal de Pacho Viejo en Veracruz y llevado a un Centro Federal de Reinserci\u00f3n Social (Cefereso).<br>Fabi\u00e1n \u201cN\u201d fue detenido el pasado 1 de diciembre por agentes policiales, quienes cumplimentaron una orden de aprehensi\u00f3n por la presunta comisi\u00f3n del delito de secuestro.<br>El 6 de diciembre, recluido en el penal de Pacho Viejo, le cumplimentaron la segunda orden de aprehensi\u00f3n por el mismo presunto delito de secuestro agravado.<br>Traka.<br>\u2014\u2014-\/\/\/\u2014\u2014-<br>Es martes. Muy buen d\u00eda<\/p>\n","protected":false},"excerpt":{"rendered":"<p>Adriana Mu\u00f1ozSin Rencores \u201cSer independiente de la opini\u00f3n p\u00fablica es la primera condici\u00f3n formal para lograr algo grande.\u201d Friedrich Hegel.e-mail: sinrencorespuntocom@gmail.com \u2014\u2014-\/\/\/\u2014\u2014MUY CLARO\u2026Fue el gobernador de Veracruz, Cuitlahuac Garc\u00eda Jim\u00e9nez durante su comparecencia ante la 66 Legislatura Local que dur\u00f3 alrededor de tres horas, primero con un mensaje de 20 minutos y posteriormente en un [&hellip;]<\/p>\n","protected":false},"author":2,"featured_media":0,"comment_status":"closed","ping_status":"closed","sticky":false,"template":"","format":"standard","meta":{"tdm_status":"","tdm_grid_status":"","footnotes":""},"categories":[70],"tags":[23135,1563,13448,1026,28686,28229,359,31627,31569,195],"class_list":{"0":"post-83381","1":"post","2":"type-post","3":"status-publish","4":"format-standard","6":"category-de-opinion","7":"tag-adriana-munoz","8":"tag-cuitlahuac-garcia-jimenez","9":"tag-jessica-ramirez-cisneros","10":"tag-morena","11":"tag-patricia-lobeira-de-yunes","12":"tag-ricardo-monreal-avila-2","13":"tag-ssp","14":"tag-trafico-de-personas","15":"tag-tribunal-estatal-electoral-de-veracruz","16":"tag-veracruz"},"yoast_head":"<!-- This site is optimized with the Yoast SEO plugin v27.4 - https:\/\/yoast.com\/product\/yoast-seo-wordpress\/ -->\n<title>Los mensajes de Cuic - Los pol\u00edticos Veracruz<\/title>\n<meta name=\"robots\" content=\"index, follow, max-snippet:-1, max-image-preview:large, max-video-preview:-1\" \/>\n<link rel=\"canonical\" href=\"https:\/\/lospoliticosveracruz.com\/?p=83381\" \/>\n<meta property=\"og:locale\" content=\"es_ES\" \/>\n<meta property=\"og:type\" content=\"article\" \/>\n<meta property=\"og:title\" content=\"Los mensajes de Cuic - Los pol\u00edticos Veracruz\" \/>\n<meta property=\"og:description\" content=\"Adriana Mu\u00f1ozSin Rencores \u201cSer independiente de la opini\u00f3n p\u00fablica es la primera condici\u00f3n formal para lograr algo grande.\u201d Friedrich Hegel.e-mail: sinrencorespuntocom@gmail.com \u2014\u2014-\/\/\/\u2014\u2014MUY CLARO\u2026Fue el gobernador de Veracruz, Cuitlahuac Garc\u00eda Jim\u00e9nez durante su comparecencia ante la 66 Legislatura Local que dur\u00f3 alrededor de tres horas, primero con un mensaje de 20 minutos y posteriormente en un [&hellip;]\" \/>\n<meta property=\"og:url\" content=\"https:\/\/lospoliticosveracruz.com\/?p=83381\" \/>\n<meta property=\"og:site_name\" content=\"Los pol\u00edticos Veracruz\" \/>\n<meta property=\"article:publisher\" content=\"https:\/\/www.facebook.com\/people\/Notimemes-de-los-Polticos\/61565672886568\/\" \/>\n<meta property=\"article:published_time\" content=\"2021-12-14T14:54:45+00:00\" \/>\n<meta property=\"article:modified_time\" content=\"2021-12-14T14:54:51+00:00\" \/>\n<meta property=\"og:image\" content=\"https:\/\/lospoliticosveracruz.com\/wp-content\/uploads\/2016\/07\/Logo-Dor.jpg\" \/>\n\t<meta property=\"og:image:width\" content=\"200\" \/>\n\t<meta property=\"og:image:height\" content=\"200\" \/>\n\t<meta property=\"og:image:type\" content=\"image\/jpeg\" \/>\n<meta name=\"author\" content=\"Lo viste en Los Pol\u00edticos\" \/>\n<meta name=\"twitter:card\" content=\"summary_large_image\" \/>\n<meta name=\"twitter:creator\" content=\"@LosPoliticosVer\" \/>\n<meta name=\"twitter:site\" content=\"@LosPoliticosVer\" \/>\n<meta name=\"twitter:label1\" content=\"Escrito por\" \/>\n\t<meta name=\"twitter:data1\" content=\"Lo viste en Los Pol\u00edticos\" \/>\n\t<meta name=\"twitter:label2\" content=\"Tiempo de lectura\" \/>\n\t<meta name=\"twitter:data2\" content=\"9 minutos\" \/>\n<script type=\"application\/ld+json\" class=\"yoast-schema-graph\">{\"@context\":\"https:\\\/\\\/schema.org\",\"@graph\":[{\"@type\":\"Article\",\"@id\":\"https:\\\/\\\/lospoliticosveracruz.com\\\/?p=83381#article\",\"isPartOf\":{\"@id\":\"https:\\\/\\\/lospoliticosveracruz.com\\\/?p=83381\"},\"author\":{\"name\":\"Lo viste en Los Pol\u00edticos\",\"@id\":\"https:\\\/\\\/lospoliticosveracruz.com\\\/#\\\/schema\\\/person\\\/b8702bb0e538456e6efd07080bf2a4a2\"},\"headline\":\"Los mensajes de Cuic\",\"datePublished\":\"2021-12-14T14:54:45+00:00\",\"dateModified\":\"2021-12-14T14:54:51+00:00\",\"mainEntityOfPage\":{\"@id\":\"https:\\\/\\\/lospoliticosveracruz.com\\\/?p=83381\"},\"wordCount\":1903,\"publisher\":{\"@id\":\"https:\\\/\\\/lospoliticosveracruz.com\\\/#organization\"},\"keywords\":[\"Adriana Mu\u00f1oz\",\"Cuitl\u00e1huac Garc\u00eda Jim\u00e9nez\",\"Jessica Ram\u00edrez Cisneros\",\"Morena\",\"Patricia Lobeira de Yunes\",\"Ricardo Monreal Avila\",\"SSP\",\"tr\u00e1fico de personas\",\"Tribunal Estatal Electoral de Veracruz\",\"Veracruz\"],\"articleSection\":[\"De Opini\u00f3n\"],\"inLanguage\":\"es\"},{\"@type\":\"WebPage\",\"@id\":\"https:\\\/\\\/lospoliticosveracruz.com\\\/?p=83381\",\"url\":\"https:\\\/\\\/lospoliticosveracruz.com\\\/?p=83381\",\"name\":\"Los mensajes de Cuic - Los pol\u00edticos Veracruz\",\"isPartOf\":{\"@id\":\"https:\\\/\\\/lospoliticosveracruz.com\\\/#website\"},\"datePublished\":\"2021-12-14T14:54:45+00:00\",\"dateModified\":\"2021-12-14T14:54:51+00:00\",\"breadcrumb\":{\"@id\":\"https:\\\/\\\/lospoliticosveracruz.com\\\/?p=83381#breadcrumb\"},\"inLanguage\":\"es\",\"potentialAction\":[{\"@type\":\"ReadAction\",\"target\":[\"https:\\\/\\\/lospoliticosveracruz.com\\\/?p=83381\"]}]},{\"@type\":\"BreadcrumbList\",\"@id\":\"https:\\\/\\\/lospoliticosveracruz.com\\\/?p=83381#breadcrumb\",\"itemListElement\":[{\"@type\":\"ListItem\",\"position\":1,\"name\":\"Portada\",\"item\":\"https:\\\/\\\/lospoliticosveracruz.com\\\/\"},{\"@type\":\"ListItem\",\"position\":2,\"name\":\"Los mensajes de Cuic\"}]},{\"@type\":\"WebSite\",\"@id\":\"https:\\\/\\\/lospoliticosveracruz.com\\\/#website\",\"url\":\"https:\\\/\\\/lospoliticosveracruz.com\\\/\",\"name\":\"Los pol\u00edticos Veracruz\",\"description\":\"\",\"publisher\":{\"@id\":\"https:\\\/\\\/lospoliticosveracruz.com\\\/#organization\"},\"potentialAction\":[{\"@type\":\"SearchAction\",\"target\":{\"@type\":\"EntryPoint\",\"urlTemplate\":\"https:\\\/\\\/lospoliticosveracruz.com\\\/?s={search_term_string}\"},\"query-input\":{\"@type\":\"PropertyValueSpecification\",\"valueRequired\":true,\"valueName\":\"search_term_string\"}}],\"inLanguage\":\"es\"},{\"@type\":\"Organization\",\"@id\":\"https:\\\/\\\/lospoliticosveracruz.com\\\/#organization\",\"name\":\"Los pol\u00edticos Veracruz\",\"url\":\"https:\\\/\\\/lospoliticosveracruz.com\\\/\",\"logo\":{\"@type\":\"ImageObject\",\"inLanguage\":\"es\",\"@id\":\"https:\\\/\\\/lospoliticosveracruz.com\\\/#\\\/schema\\\/logo\\\/image\\\/\",\"url\":\"https:\\\/\\\/lospoliticosveracruz.com\\\/wp-content\\\/uploads\\\/2025\\\/12\\\/Logo-Nuevo-LOS-POLITICOS-1.jpg\",\"contentUrl\":\"https:\\\/\\\/lospoliticosveracruz.com\\\/wp-content\\\/uploads\\\/2025\\\/12\\\/Logo-Nuevo-LOS-POLITICOS-1.jpg\",\"width\":260,\"height\":70,\"caption\":\"Los pol\u00edticos Veracruz\"},\"image\":{\"@id\":\"https:\\\/\\\/lospoliticosveracruz.com\\\/#\\\/schema\\\/logo\\\/image\\\/\"},\"sameAs\":[\"https:\\\/\\\/www.facebook.com\\\/people\\\/Notimemes-de-los-Polticos\\\/61565672886568\\\/\",\"https:\\\/\\\/x.com\\\/LosPoliticosVer\"]},{\"@type\":\"Person\",\"@id\":\"https:\\\/\\\/lospoliticosveracruz.com\\\/#\\\/schema\\\/person\\\/b8702bb0e538456e6efd07080bf2a4a2\",\"name\":\"Lo viste en Los Pol\u00edticos\",\"image\":{\"@type\":\"ImageObject\",\"inLanguage\":\"es\",\"@id\":\"https:\\\/\\\/secure.gravatar.com\\\/avatar\\\/3a8de04a2656d44082be478bd6c086daa447c4651605818287b9532d3d0bd435?s=96&d=mm&r=g\",\"url\":\"https:\\\/\\\/secure.gravatar.com\\\/avatar\\\/3a8de04a2656d44082be478bd6c086daa447c4651605818287b9532d3d0bd435?s=96&d=mm&r=g\",\"contentUrl\":\"https:\\\/\\\/secure.gravatar.com\\\/avatar\\\/3a8de04a2656d44082be478bd6c086daa447c4651605818287b9532d3d0bd435?s=96&d=mm&r=g\",\"caption\":\"Lo viste en Los Pol\u00edticos\"},\"url\":\"https:\\\/\\\/lospoliticosveracruz.com\\\/?author=2\"}]}<\/script>\n<!-- \/ Yoast SEO plugin. -->","yoast_head_json":{"title":"Los mensajes de Cuic - Los pol\u00edticos Veracruz","robots":{"index":"index","follow":"follow","max-snippet":"max-snippet:-1","max-image-preview":"max-image-preview:large","max-video-preview":"max-video-preview:-1"},"canonical":"https:\/\/lospoliticosveracruz.com\/?p=83381","og_locale":"es_ES","og_type":"article","og_title":"Los mensajes de Cuic - Los pol\u00edticos Veracruz","og_description":"Adriana Mu\u00f1ozSin Rencores \u201cSer independiente de la opini\u00f3n p\u00fablica es la primera condici\u00f3n formal para lograr algo grande.\u201d Friedrich Hegel.e-mail: sinrencorespuntocom@gmail.com \u2014\u2014-\/\/\/\u2014\u2014MUY CLARO\u2026Fue el gobernador de Veracruz, Cuitlahuac Garc\u00eda Jim\u00e9nez durante su comparecencia ante la 66 Legislatura Local que dur\u00f3 alrededor de tres horas, primero con un mensaje de 20 minutos y posteriormente en un [&hellip;]","og_url":"https:\/\/lospoliticosveracruz.com\/?p=83381","og_site_name":"Los pol\u00edticos Veracruz","article_publisher":"https:\/\/www.facebook.com\/people\/Notimemes-de-los-Polticos\/61565672886568\/","article_published_time":"2021-12-14T14:54:45+00:00","article_modified_time":"2021-12-14T14:54:51+00:00","og_image":[{"width":200,"height":200,"url":"https:\/\/lospoliticosveracruz.com\/wp-content\/uploads\/2016\/07\/Logo-Dor.jpg","type":"image\/jpeg"}],"author":"Lo viste en Los Pol\u00edticos","twitter_card":"summary_large_image","twitter_creator":"@LosPoliticosVer","twitter_site":"@LosPoliticosVer","twitter_misc":{"Escrito por":"Lo viste en Los Pol\u00edticos","Tiempo de lectura":"9 minutos"},"schema":{"@context":"https:\/\/schema.org","@graph":[{"@type":"Article","@id":"https:\/\/lospoliticosveracruz.com\/?p=83381#article","isPartOf":{"@id":"https:\/\/lospoliticosveracruz.com\/?p=83381"},"author":{"name":"Lo viste en Los Pol\u00edticos","@id":"https:\/\/lospoliticosveracruz.com\/#\/schema\/person\/b8702bb0e538456e6efd07080bf2a4a2"},"headline":"Los mensajes de Cuic","datePublished":"2021-12-14T14:54:45+00:00","dateModified":"2021-12-14T14:54:51+00:00","mainEntityOfPage":{"@id":"https:\/\/lospoliticosveracruz.com\/?p=83381"},"wordCount":1903,"publisher":{"@id":"https:\/\/lospoliticosveracruz.com\/#organization"},"keywords":["Adriana Mu\u00f1oz","Cuitl\u00e1huac Garc\u00eda Jim\u00e9nez","Jessica Ram\u00edrez Cisneros","Morena","Patricia Lobeira de Yunes","Ricardo Monreal Avila","SSP","tr\u00e1fico de personas","Tribunal Estatal Electoral de Veracruz","Veracruz"],"articleSection":["De Opini\u00f3n"],"inLanguage":"es"},{"@type":"WebPage","@id":"https:\/\/lospoliticosveracruz.com\/?p=83381","url":"https:\/\/lospoliticosveracruz.com\/?p=83381","name":"Los mensajes de Cuic - Los pol\u00edticos Veracruz","isPartOf":{"@id":"https:\/\/lospoliticosveracruz.com\/#website"},"datePublished":"2021-12-14T14:54:45+00:00","dateModified":"2021-12-14T14:54:51+00:00","breadcrumb":{"@id":"https:\/\/lospoliticosveracruz.com\/?p=83381#breadcrumb"},"inLanguage":"es","potentialAction":[{"@type":"ReadAction","target":["https:\/\/lospoliticosveracruz.com\/?p=83381"]}]},{"@type":"BreadcrumbList","@id":"https:\/\/lospoliticosveracruz.com\/?p=83381#breadcrumb","itemListElement":[{"@type":"ListItem","position":1,"name":"Portada","item":"https:\/\/lospoliticosveracruz.com\/"},{"@type":"ListItem","position":2,"name":"Los mensajes de Cuic"}]},{"@type":"WebSite","@id":"https:\/\/lospoliticosveracruz.com\/#website","url":"https:\/\/lospoliticosveracruz.com\/","name":"Los pol\u00edticos Veracruz","description":"","publisher":{"@id":"https:\/\/lospoliticosveracruz.com\/#organization"},"potentialAction":[{"@type":"SearchAction","target":{"@type":"EntryPoint","urlTemplate":"https:\/\/lospoliticosveracruz.com\/?s={search_term_string}"},"query-input":{"@type":"PropertyValueSpecification","valueRequired":true,"valueName":"search_term_string"}}],"inLanguage":"es"},{"@type":"Organization","@id":"https:\/\/lospoliticosveracruz.com\/#organization","name":"Los pol\u00edticos Veracruz","url":"https:\/\/lospoliticosveracruz.com\/","logo":{"@type":"ImageObject","inLanguage":"es","@id":"https:\/\/lospoliticosveracruz.com\/#\/schema\/logo\/image\/","url":"https:\/\/lospoliticosveracruz.com\/wp-content\/uploads\/2025\/12\/Logo-Nuevo-LOS-POLITICOS-1.jpg","contentUrl":"https:\/\/lospoliticosveracruz.com\/wp-content\/uploads\/2025\/12\/Logo-Nuevo-LOS-POLITICOS-1.jpg","width":260,"height":70,"caption":"Los pol\u00edticos Veracruz"},"image":{"@id":"https:\/\/lospoliticosveracruz.com\/#\/schema\/logo\/image\/"},"sameAs":["https:\/\/www.facebook.com\/people\/Notimemes-de-los-Polticos\/61565672886568\/","https:\/\/x.com\/LosPoliticosVer"]},{"@type":"Person","@id":"https:\/\/lospoliticosveracruz.com\/#\/schema\/person\/b8702bb0e538456e6efd07080bf2a4a2","name":"Lo viste en Los Pol\u00edticos","image":{"@type":"ImageObject","inLanguage":"es","@id":"https:\/\/secure.gravatar.com\/avatar\/3a8de04a2656d44082be478bd6c086daa447c4651605818287b9532d3d0bd435?s=96&d=mm&r=g","url":"https:\/\/secure.gravatar.com\/avatar\/3a8de04a2656d44082be478bd6c086daa447c4651605818287b9532d3d0bd435?s=96&d=mm&r=g","contentUrl":"https:\/\/secure.gravatar.com\/avatar\/3a8de04a2656d44082be478bd6c086daa447c4651605818287b9532d3d0bd435?s=96&d=mm&r=g","caption":"Lo viste en Los Pol\u00edticos"},"url":"https:\/\/lospoliticosveracruz.com\/?author=2"}]}},"_links":{"self":[{"href":"https:\/\/lospoliticosveracruz.com\/index.php?rest_route=\/wp\/v2\/posts\/83381","targetHints":{"allow":["GET"]}}],"collection":[{"href":"https:\/\/lospoliticosveracruz.com\/index.php?rest_route=\/wp\/v2\/posts"}],"about":[{"href":"https:\/\/lospoliticosveracruz.com\/index.php?rest_route=\/wp\/v2\/types\/post"}],"author":[{"embeddable":true,"href":"https:\/\/lospoliticosveracruz.com\/index.php?rest_route=\/wp\/v2\/users\/2"}],"replies":[{"embeddable":true,"href":"https:\/\/lospoliticosveracruz.com\/index.php?rest_route=%2Fwp%2Fv2%2Fcomments&post=83381"}],"version-history":[{"count":1,"href":"https:\/\/lospoliticosveracruz.com\/index.php?rest_route=\/wp\/v2\/posts\/83381\/revisions"}],"predecessor-version":[{"id":83383,"href":"https:\/\/lospoliticosveracruz.com\/index.php?rest_route=\/wp\/v2\/posts\/83381\/revisions\/83383"}],"wp:attachment":[{"href":"https:\/\/lospoliticosveracruz.com\/index.php?rest_route=%2Fwp%2Fv2%2Fmedia&parent=83381"}],"wp:term":[{"taxonomy":"category","embeddable":true,"href":"https:\/\/lospoliticosveracruz.com\/index.php?rest_route=%2Fwp%2Fv2%2Fcategories&post=83381"},{"taxonomy":"post_tag","embeddable":true,"href":"https:\/\/lospoliticosveracruz.com\/index.php?rest_route=%2Fwp%2Fv2%2Ftags&post=83381"}],"curies":[{"name":"wp","href":"https:\/\/api.w.org\/{rel}","templated":true}]}}