{"id":83438,"date":"2021-12-15T08:47:59","date_gmt":"2021-12-15T14:47:59","guid":{"rendered":"https:\/\/lospoliticosveracruz.com.mx\/?p=83438"},"modified":"2021-12-15T08:48:04","modified_gmt":"2021-12-15T14:48:04","slug":"entrega-ceapp","status":"publish","type":"post","link":"https:\/\/lospoliticosveracruz.com\/?p=83438","title":{"rendered":"Entrega CEAPP"},"content":{"rendered":"\n<p><strong>Ignacio Alvarez<br><\/strong><em>Pluma Negra<\/em><\/p>\n\n\n\n<p>La Comisi\u00f3n Estatal para la Atenci\u00f3n y Protecci\u00f3n de los Periodistas (CEAPP) que preside el periodista Silverio Quevedo Elox entreg\u00f3 su informe anual al gobernador Cuitl\u00e1huac Garc\u00eda, destaca la tarea de capacitaci\u00f3n y seguimiento a los casos de agresiones a los periodistas de todo el estado de Veracruz.<\/p>\n\n\n\n<p>En el escenario complejo del ejercicio period\u00edstico, la CEAPP mantiene un plan de respuesta inmediata a los actos de amenaza y agresi\u00f3n a los comunicadores con la firmeza de exigir el esclarecimiento, en la casos de asesinatos y medidas de preventivas y de protecci\u00f3n a quienes por su ejercicio se encuentran en riesgo.<\/p>\n\n\n\n<p>En esta etapa, la CEAPP busca generar la cultura de la prevenci\u00f3n para los periodistas, garantizar la libertad de expresi\u00f3n y respetar los derechos humanos que parten de la libertad de expresi\u00f3n.<\/p>\n\n\n\n<p><strong>Lado humano del gobierno<\/strong><\/p>\n\n\n\n<p>En su tercer informe de Labores la Directora del DIF Estatal, Rebeca Quintanar Barcel\u00f3 dej\u00f3 claro que el esp\u00edritu de la dependencia es transformar las condiciones de vida de cada familia en la entidad en circunstancias de inclusi\u00f3n y equidad.<\/p>\n\n\n\n<p>La Atenci\u00f3n a Poblaci\u00f3n Vulnerable se privilegi\u00f3 la alimentaci\u00f3n para 620 mil ni\u00f1os ni\u00f1as y adolescentes. En los casos de desastres naturales, la prioridad fue la entrega de alimentos.<\/p>\n\n\n\n<p>La funcionaria inform\u00f3 que para revertir la pobreza es necesario preparar y sembrar la semilla del desarrollo aut\u00f3nomo de las familias por eso se les entregan proyecto comunitarios de cr\u00eda de cerdos, gallinas, borregos, molinos de nixtamal, hornos para pan, talleres de herrer\u00eda, belleza, caf\u00e9 y huertos caseros.<\/p>\n\n\n\n<p>As\u00ed el DIF acompa\u00f1a a los grupos de trabajo que buscan alternativas en el desarrollo de sus actividades para el sustento familiar.<\/p>\n\n\n\n<p><strong>Tato Vega ilusionista<\/strong><\/p>\n\n\n\n<p>El dirigente del desaparecido partido Fuerza por M\u00e9xico, Eduardo Vega Yunes, quien en su en\u00e9simo intento por meterse al ruedo pol\u00edtico sigue actuando como un completo amateur e ilusionista de lo que no existe.<\/p>\n\n\n\n<p>Despu\u00e9s de pelearse con medio ex Comit\u00e9 que lo acompa\u00f1\u00f3 en el inicio de esa aventura, ahora ha vuelto a buscar a todos los que dej\u00f3 colgados en su momento para prometer espejitos.<\/p>\n\n\n\n<p>Los necesita para poder solicitar el registro como partido local, pero ya nadie conf\u00eda en el sobrino de Miguel Angel Yunes.<\/p>\n\n\n\n<p>La \u00faltima que chapuza es que olvid\u00f3 pagarle por sus servicios profesionales a la \u00fanica comunicadora que le dio su voto de confianza para continuar con su proyecto, pues ya a nadie sorprende con sus planes de convertirse en un pol\u00edtico serio y de peso en Veracruz.<\/p>\n\n\n\n<p>Al parecer la colega en cuesti\u00f3n confi\u00f3 en que esta vez Vega Yunes si le cumplir\u00eca con el pago , aun con la advertencia de los propios comunicadores acerca de que Tato en lo \u00fanico que parece ser profesional es en hacerse menso cuando de pagar se trata.<\/p>\n","protected":false},"excerpt":{"rendered":"<p>Ignacio AlvarezPluma Negra La Comisi\u00f3n Estatal para la Atenci\u00f3n y Protecci\u00f3n de los Periodistas (CEAPP) que preside el periodista Silverio Quevedo Elox entreg\u00f3 su informe anual al gobernador Cuitl\u00e1huac Garc\u00eda, destaca la tarea de capacitaci\u00f3n y seguimiento a los casos de agresiones a los periodistas de todo el estado de Veracruz. En el escenario complejo [&hellip;]<\/p>\n","protected":false},"author":2,"featured_media":0,"comment_status":"closed","ping_status":"closed","sticky":false,"template":"","format":"standard","meta":{"tdm_status":"","tdm_grid_status":"","footnotes":""},"categories":[70],"tags":[4476,788,652,24637,16764,24531],"class_list":{"0":"post-83438","1":"post","2":"type-post","3":"status-publish","4":"format-standard","6":"category-de-opinion","7":"tag-ceapp","8":"tag-dif-estatal","9":"tag-eduardo-vega-yunes","10":"tag-fuerza-por-mexico","11":"tag-rebeca-quintanar-barcelo","12":"tag-silverio-quevedo-elox"},"yoast_head":"<!-- This site is optimized with the Yoast SEO plugin v27.4 - https:\/\/yoast.com\/product\/yoast-seo-wordpress\/ -->\n<title>Entrega CEAPP - Los pol\u00edticos Veracruz<\/title>\n<meta name=\"robots\" content=\"index, follow, max-snippet:-1, max-image-preview:large, max-video-preview:-1\" \/>\n<link rel=\"canonical\" href=\"https:\/\/lospoliticosveracruz.com\/?p=83438\" \/>\n<meta property=\"og:locale\" content=\"es_ES\" \/>\n<meta property=\"og:type\" content=\"article\" \/>\n<meta property=\"og:title\" content=\"Entrega CEAPP - Los pol\u00edticos Veracruz\" \/>\n<meta property=\"og:description\" content=\"Ignacio AlvarezPluma Negra La Comisi\u00f3n Estatal para la Atenci\u00f3n y Protecci\u00f3n de los Periodistas (CEAPP) que preside el periodista Silverio Quevedo Elox entreg\u00f3 su informe anual al gobernador Cuitl\u00e1huac Garc\u00eda, destaca la tarea de capacitaci\u00f3n y seguimiento a los casos de agresiones a los periodistas de todo el estado de Veracruz. En el escenario complejo [&hellip;]\" \/>\n<meta property=\"og:url\" content=\"https:\/\/lospoliticosveracruz.com\/?p=83438\" \/>\n<meta property=\"og:site_name\" content=\"Los pol\u00edticos Veracruz\" \/>\n<meta property=\"article:publisher\" content=\"https:\/\/www.facebook.com\/people\/Notimemes-de-los-Polticos\/61565672886568\/\" \/>\n<meta property=\"article:published_time\" content=\"2021-12-15T14:47:59+00:00\" \/>\n<meta property=\"article:modified_time\" content=\"2021-12-15T14:48:04+00:00\" \/>\n<meta property=\"og:image\" content=\"https:\/\/lospoliticosveracruz.com\/wp-content\/uploads\/2016\/07\/Logo-Dor.jpg\" \/>\n\t<meta property=\"og:image:width\" content=\"200\" \/>\n\t<meta property=\"og:image:height\" content=\"200\" \/>\n\t<meta property=\"og:image:type\" content=\"image\/jpeg\" \/>\n<meta name=\"author\" content=\"Lo viste en Los Pol\u00edticos\" \/>\n<meta name=\"twitter:card\" content=\"summary_large_image\" \/>\n<meta name=\"twitter:creator\" content=\"@LosPoliticosVer\" \/>\n<meta name=\"twitter:site\" content=\"@LosPoliticosVer\" \/>\n<meta name=\"twitter:label1\" content=\"Escrito por\" \/>\n\t<meta name=\"twitter:data1\" content=\"Lo viste en Los Pol\u00edticos\" \/>\n\t<meta name=\"twitter:label2\" content=\"Tiempo de lectura\" \/>\n\t<meta name=\"twitter:data2\" content=\"2 minutos\" \/>\n<script type=\"application\/ld+json\" class=\"yoast-schema-graph\">{\"@context\":\"https:\\\/\\\/schema.org\",\"@graph\":[{\"@type\":\"Article\",\"@id\":\"https:\\\/\\\/lospoliticosveracruz.com\\\/?p=83438#article\",\"isPartOf\":{\"@id\":\"https:\\\/\\\/lospoliticosveracruz.com\\\/?p=83438\"},\"author\":{\"name\":\"Lo viste en Los Pol\u00edticos\",\"@id\":\"https:\\\/\\\/lospoliticosveracruz.com\\\/#\\\/schema\\\/person\\\/b8702bb0e538456e6efd07080bf2a4a2\"},\"headline\":\"Entrega CEAPP\",\"datePublished\":\"2021-12-15T14:47:59+00:00\",\"dateModified\":\"2021-12-15T14:48:04+00:00\",\"mainEntityOfPage\":{\"@id\":\"https:\\\/\\\/lospoliticosveracruz.com\\\/?p=83438\"},\"wordCount\":497,\"publisher\":{\"@id\":\"https:\\\/\\\/lospoliticosveracruz.com\\\/#organization\"},\"keywords\":[\"CEAPP\",\"DIF estatal\",\"Eduardo Vega Yunes\",\"Fuerza por M\u00e9xico\",\"Rebeca Quintanar Barcel\u00f3\",\"Silverio Quevedo Elox\"],\"articleSection\":[\"De Opini\u00f3n\"],\"inLanguage\":\"es\"},{\"@type\":\"WebPage\",\"@id\":\"https:\\\/\\\/lospoliticosveracruz.com\\\/?p=83438\",\"url\":\"https:\\\/\\\/lospoliticosveracruz.com\\\/?p=83438\",\"name\":\"Entrega CEAPP - Los pol\u00edticos Veracruz\",\"isPartOf\":{\"@id\":\"https:\\\/\\\/lospoliticosveracruz.com\\\/#website\"},\"datePublished\":\"2021-12-15T14:47:59+00:00\",\"dateModified\":\"2021-12-15T14:48:04+00:00\",\"breadcrumb\":{\"@id\":\"https:\\\/\\\/lospoliticosveracruz.com\\\/?p=83438#breadcrumb\"},\"inLanguage\":\"es\",\"potentialAction\":[{\"@type\":\"ReadAction\",\"target\":[\"https:\\\/\\\/lospoliticosveracruz.com\\\/?p=83438\"]}]},{\"@type\":\"BreadcrumbList\",\"@id\":\"https:\\\/\\\/lospoliticosveracruz.com\\\/?p=83438#breadcrumb\",\"itemListElement\":[{\"@type\":\"ListItem\",\"position\":1,\"name\":\"Portada\",\"item\":\"https:\\\/\\\/lospoliticosveracruz.com\\\/\"},{\"@type\":\"ListItem\",\"position\":2,\"name\":\"Entrega CEAPP\"}]},{\"@type\":\"WebSite\",\"@id\":\"https:\\\/\\\/lospoliticosveracruz.com\\\/#website\",\"url\":\"https:\\\/\\\/lospoliticosveracruz.com\\\/\",\"name\":\"Los pol\u00edticos Veracruz\",\"description\":\"\",\"publisher\":{\"@id\":\"https:\\\/\\\/lospoliticosveracruz.com\\\/#organization\"},\"potentialAction\":[{\"@type\":\"SearchAction\",\"target\":{\"@type\":\"EntryPoint\",\"urlTemplate\":\"https:\\\/\\\/lospoliticosveracruz.com\\\/?s={search_term_string}\"},\"query-input\":{\"@type\":\"PropertyValueSpecification\",\"valueRequired\":true,\"valueName\":\"search_term_string\"}}],\"inLanguage\":\"es\"},{\"@type\":\"Organization\",\"@id\":\"https:\\\/\\\/lospoliticosveracruz.com\\\/#organization\",\"name\":\"Los pol\u00edticos Veracruz\",\"url\":\"https:\\\/\\\/lospoliticosveracruz.com\\\/\",\"logo\":{\"@type\":\"ImageObject\",\"inLanguage\":\"es\",\"@id\":\"https:\\\/\\\/lospoliticosveracruz.com\\\/#\\\/schema\\\/logo\\\/image\\\/\",\"url\":\"https:\\\/\\\/lospoliticosveracruz.com\\\/wp-content\\\/uploads\\\/2025\\\/12\\\/Logo-Nuevo-LOS-POLITICOS-1.jpg\",\"contentUrl\":\"https:\\\/\\\/lospoliticosveracruz.com\\\/wp-content\\\/uploads\\\/2025\\\/12\\\/Logo-Nuevo-LOS-POLITICOS-1.jpg\",\"width\":260,\"height\":70,\"caption\":\"Los pol\u00edticos Veracruz\"},\"image\":{\"@id\":\"https:\\\/\\\/lospoliticosveracruz.com\\\/#\\\/schema\\\/logo\\\/image\\\/\"},\"sameAs\":[\"https:\\\/\\\/www.facebook.com\\\/people\\\/Notimemes-de-los-Polticos\\\/61565672886568\\\/\",\"https:\\\/\\\/x.com\\\/LosPoliticosVer\"]},{\"@type\":\"Person\",\"@id\":\"https:\\\/\\\/lospoliticosveracruz.com\\\/#\\\/schema\\\/person\\\/b8702bb0e538456e6efd07080bf2a4a2\",\"name\":\"Lo viste en Los Pol\u00edticos\",\"image\":{\"@type\":\"ImageObject\",\"inLanguage\":\"es\",\"@id\":\"https:\\\/\\\/secure.gravatar.com\\\/avatar\\\/3a8de04a2656d44082be478bd6c086daa447c4651605818287b9532d3d0bd435?s=96&d=mm&r=g\",\"url\":\"https:\\\/\\\/secure.gravatar.com\\\/avatar\\\/3a8de04a2656d44082be478bd6c086daa447c4651605818287b9532d3d0bd435?s=96&d=mm&r=g\",\"contentUrl\":\"https:\\\/\\\/secure.gravatar.com\\\/avatar\\\/3a8de04a2656d44082be478bd6c086daa447c4651605818287b9532d3d0bd435?s=96&d=mm&r=g\",\"caption\":\"Lo viste en Los Pol\u00edticos\"},\"url\":\"https:\\\/\\\/lospoliticosveracruz.com\\\/?author=2\"}]}<\/script>\n<!-- \/ Yoast SEO plugin. -->","yoast_head_json":{"title":"Entrega CEAPP - Los pol\u00edticos Veracruz","robots":{"index":"index","follow":"follow","max-snippet":"max-snippet:-1","max-image-preview":"max-image-preview:large","max-video-preview":"max-video-preview:-1"},"canonical":"https:\/\/lospoliticosveracruz.com\/?p=83438","og_locale":"es_ES","og_type":"article","og_title":"Entrega CEAPP - Los pol\u00edticos Veracruz","og_description":"Ignacio AlvarezPluma Negra La Comisi\u00f3n Estatal para la Atenci\u00f3n y Protecci\u00f3n de los Periodistas (CEAPP) que preside el periodista Silverio Quevedo Elox entreg\u00f3 su informe anual al gobernador Cuitl\u00e1huac Garc\u00eda, destaca la tarea de capacitaci\u00f3n y seguimiento a los casos de agresiones a los periodistas de todo el estado de Veracruz. En el escenario complejo [&hellip;]","og_url":"https:\/\/lospoliticosveracruz.com\/?p=83438","og_site_name":"Los pol\u00edticos Veracruz","article_publisher":"https:\/\/www.facebook.com\/people\/Notimemes-de-los-Polticos\/61565672886568\/","article_published_time":"2021-12-15T14:47:59+00:00","article_modified_time":"2021-12-15T14:48:04+00:00","og_image":[{"width":200,"height":200,"url":"https:\/\/lospoliticosveracruz.com\/wp-content\/uploads\/2016\/07\/Logo-Dor.jpg","type":"image\/jpeg"}],"author":"Lo viste en Los Pol\u00edticos","twitter_card":"summary_large_image","twitter_creator":"@LosPoliticosVer","twitter_site":"@LosPoliticosVer","twitter_misc":{"Escrito por":"Lo viste en Los Pol\u00edticos","Tiempo de lectura":"2 minutos"},"schema":{"@context":"https:\/\/schema.org","@graph":[{"@type":"Article","@id":"https:\/\/lospoliticosveracruz.com\/?p=83438#article","isPartOf":{"@id":"https:\/\/lospoliticosveracruz.com\/?p=83438"},"author":{"name":"Lo viste en Los Pol\u00edticos","@id":"https:\/\/lospoliticosveracruz.com\/#\/schema\/person\/b8702bb0e538456e6efd07080bf2a4a2"},"headline":"Entrega CEAPP","datePublished":"2021-12-15T14:47:59+00:00","dateModified":"2021-12-15T14:48:04+00:00","mainEntityOfPage":{"@id":"https:\/\/lospoliticosveracruz.com\/?p=83438"},"wordCount":497,"publisher":{"@id":"https:\/\/lospoliticosveracruz.com\/#organization"},"keywords":["CEAPP","DIF estatal","Eduardo Vega Yunes","Fuerza por M\u00e9xico","Rebeca Quintanar Barcel\u00f3","Silverio Quevedo Elox"],"articleSection":["De Opini\u00f3n"],"inLanguage":"es"},{"@type":"WebPage","@id":"https:\/\/lospoliticosveracruz.com\/?p=83438","url":"https:\/\/lospoliticosveracruz.com\/?p=83438","name":"Entrega CEAPP - Los pol\u00edticos Veracruz","isPartOf":{"@id":"https:\/\/lospoliticosveracruz.com\/#website"},"datePublished":"2021-12-15T14:47:59+00:00","dateModified":"2021-12-15T14:48:04+00:00","breadcrumb":{"@id":"https:\/\/lospoliticosveracruz.com\/?p=83438#breadcrumb"},"inLanguage":"es","potentialAction":[{"@type":"ReadAction","target":["https:\/\/lospoliticosveracruz.com\/?p=83438"]}]},{"@type":"BreadcrumbList","@id":"https:\/\/lospoliticosveracruz.com\/?p=83438#breadcrumb","itemListElement":[{"@type":"ListItem","position":1,"name":"Portada","item":"https:\/\/lospoliticosveracruz.com\/"},{"@type":"ListItem","position":2,"name":"Entrega CEAPP"}]},{"@type":"WebSite","@id":"https:\/\/lospoliticosveracruz.com\/#website","url":"https:\/\/lospoliticosveracruz.com\/","name":"Los pol\u00edticos Veracruz","description":"","publisher":{"@id":"https:\/\/lospoliticosveracruz.com\/#organization"},"potentialAction":[{"@type":"SearchAction","target":{"@type":"EntryPoint","urlTemplate":"https:\/\/lospoliticosveracruz.com\/?s={search_term_string}"},"query-input":{"@type":"PropertyValueSpecification","valueRequired":true,"valueName":"search_term_string"}}],"inLanguage":"es"},{"@type":"Organization","@id":"https:\/\/lospoliticosveracruz.com\/#organization","name":"Los pol\u00edticos Veracruz","url":"https:\/\/lospoliticosveracruz.com\/","logo":{"@type":"ImageObject","inLanguage":"es","@id":"https:\/\/lospoliticosveracruz.com\/#\/schema\/logo\/image\/","url":"https:\/\/lospoliticosveracruz.com\/wp-content\/uploads\/2025\/12\/Logo-Nuevo-LOS-POLITICOS-1.jpg","contentUrl":"https:\/\/lospoliticosveracruz.com\/wp-content\/uploads\/2025\/12\/Logo-Nuevo-LOS-POLITICOS-1.jpg","width":260,"height":70,"caption":"Los pol\u00edticos Veracruz"},"image":{"@id":"https:\/\/lospoliticosveracruz.com\/#\/schema\/logo\/image\/"},"sameAs":["https:\/\/www.facebook.com\/people\/Notimemes-de-los-Polticos\/61565672886568\/","https:\/\/x.com\/LosPoliticosVer"]},{"@type":"Person","@id":"https:\/\/lospoliticosveracruz.com\/#\/schema\/person\/b8702bb0e538456e6efd07080bf2a4a2","name":"Lo viste en Los Pol\u00edticos","image":{"@type":"ImageObject","inLanguage":"es","@id":"https:\/\/secure.gravatar.com\/avatar\/3a8de04a2656d44082be478bd6c086daa447c4651605818287b9532d3d0bd435?s=96&d=mm&r=g","url":"https:\/\/secure.gravatar.com\/avatar\/3a8de04a2656d44082be478bd6c086daa447c4651605818287b9532d3d0bd435?s=96&d=mm&r=g","contentUrl":"https:\/\/secure.gravatar.com\/avatar\/3a8de04a2656d44082be478bd6c086daa447c4651605818287b9532d3d0bd435?s=96&d=mm&r=g","caption":"Lo viste en Los Pol\u00edticos"},"url":"https:\/\/lospoliticosveracruz.com\/?author=2"}]}},"_links":{"self":[{"href":"https:\/\/lospoliticosveracruz.com\/index.php?rest_route=\/wp\/v2\/posts\/83438","targetHints":{"allow":["GET"]}}],"collection":[{"href":"https:\/\/lospoliticosveracruz.com\/index.php?rest_route=\/wp\/v2\/posts"}],"about":[{"href":"https:\/\/lospoliticosveracruz.com\/index.php?rest_route=\/wp\/v2\/types\/post"}],"author":[{"embeddable":true,"href":"https:\/\/lospoliticosveracruz.com\/index.php?rest_route=\/wp\/v2\/users\/2"}],"replies":[{"embeddable":true,"href":"https:\/\/lospoliticosveracruz.com\/index.php?rest_route=%2Fwp%2Fv2%2Fcomments&post=83438"}],"version-history":[{"count":1,"href":"https:\/\/lospoliticosveracruz.com\/index.php?rest_route=\/wp\/v2\/posts\/83438\/revisions"}],"predecessor-version":[{"id":83440,"href":"https:\/\/lospoliticosveracruz.com\/index.php?rest_route=\/wp\/v2\/posts\/83438\/revisions\/83440"}],"wp:attachment":[{"href":"https:\/\/lospoliticosveracruz.com\/index.php?rest_route=%2Fwp%2Fv2%2Fmedia&parent=83438"}],"wp:term":[{"taxonomy":"category","embeddable":true,"href":"https:\/\/lospoliticosveracruz.com\/index.php?rest_route=%2Fwp%2Fv2%2Fcategories&post=83438"},{"taxonomy":"post_tag","embeddable":true,"href":"https:\/\/lospoliticosveracruz.com\/index.php?rest_route=%2Fwp%2Fv2%2Ftags&post=83438"}],"curies":[{"name":"wp","href":"https:\/\/api.w.org\/{rel}","templated":true}]}}