{"id":83467,"date":"2021-12-15T17:34:14","date_gmt":"2021-12-15T23:34:14","guid":{"rendered":"https:\/\/lospoliticosveracruz.com.mx\/?p=83467"},"modified":"2021-12-16T13:21:01","modified_gmt":"2021-12-16T19:21:01","slug":"puro-bate-pesado-en-el-informe-de-saldivar","status":"publish","type":"post","link":"https:\/\/lospoliticosveracruz.com\/?p=83467","title":{"rendered":"Puro bate pesado en el Informe de Zald\u00edvar!"},"content":{"rendered":"\n<p><\/p>\n\n\n\n<p><\/p>\n\n\n\n<p><strong>Ciudad de M\u00e9xico<\/strong><\/p>\n\n\n\n<p><br>El Presidente de la C\u00e1mara de Diputados, el veracruzano Sergio Guti\u00e9rrez Luna, asisti\u00f3 como invitado especial al Tercer Informe Anual de Labores del Poder Judicial de la Federaci\u00f3n (PJF) presentado por el ministro presidente Arturo Zald\u00edvar Lelo de Larrea, cuyo desempe\u00f1o es reconocido ampliamente por los poderes de la naci\u00f3n.<\/p>\n\n\n\n<p>El diputado Guti\u00e9rrez Luna coincidi\u00f3 en este ejercicio de rendici\u00f3n de cuentas con el titular del Poder Ejecutivo de la Federaci\u00f3n, Andr\u00e9s Manuel L\u00f3pez Obrador y su esposa, as\u00ed como la Presidenta de la C\u00e1mara de Senadores, Olga S\u00e1nchez Cordero.<\/p>\n\n\n\n<p>Previo a la ceremonia, el legislador minatitleco intercambi\u00f3 animosos comentarios con el presidente L\u00f3pez Obrador, la senadora S\u00e1nchez Cordero, as\u00ed como con el ministro ArturoZald\u00edvar.<\/p>\n\n\n\n<p>El diputado veracruzano se dijo honrado de que el magistrado presidente de la Suprema Corte de Justicia de la Naci\u00f3n haya sido su maestro de Amparo en la Escuela Libre de Derecho y ejemplo a seguir como profesional y en la vida p\u00fablica del pa\u00eds.<\/p>\n\n\n\n<p>En la sede de la Suprema Corte de Justicia de la Naci\u00f3n, a la derecha del mandatario del pa\u00eds, el Presidente de la C\u00e1mara de Diputados, Sergio Guti\u00e9rrez hizo una expresi\u00f3n de aprobaci\u00f3n cuando su mentor, Arturo Zald\u00edvar, dijo \u201cpuedo afirmar categ\u00f3ricamente que en el Poder Judicial de la Federaci\u00f3n ya no hay corrupci\u00f3n tolerada ni institucionalizada. Ya no hay corrupci\u00f3n avalada o auspiciada desde arriba\u201d.<\/p>\n\n\n\n<p>Los titulares de los Poderes de la Federaci\u00f3n acudieron como invitados especiales al Informe que se realiz\u00f3 bajo el lema \u201cTodos los Derechos para Todas la Personas\u201d.<\/p>\n","protected":false},"excerpt":{"rendered":"<p>Ciudad de M\u00e9xico El Presidente de la C\u00e1mara de Diputados, el veracruzano Sergio Guti\u00e9rrez Luna, asisti\u00f3 como invitado especial al Tercer Informe Anual de Labores del Poder Judicial de la Federaci\u00f3n (PJF) presentado por el ministro presidente Arturo Zald\u00edvar Lelo de Larrea, cuyo desempe\u00f1o es reconocido ampliamente por los poderes de la naci\u00f3n. El diputado [&hellip;]<\/p>\n","protected":false},"author":2,"featured_media":0,"comment_status":"closed","ping_status":"closed","sticky":false,"template":"","format":"standard","meta":{"tdm_status":"","tdm_grid_status":"","footnotes":""},"categories":[73],"tags":[618,1026,687,16147,195],"class_list":{"0":"post-83467","1":"post","2":"type-post","3":"status-publish","4":"format-standard","6":"category-de-boleto","7":"tag-andres-manuel-lopez-obrador","8":"tag-morena","9":"tag-olga-sanchez-cordero","10":"tag-sergio-gutierrez-luna","11":"tag-veracruz"},"yoast_head":"<!-- This site is optimized with the Yoast SEO plugin v27.4 - https:\/\/yoast.com\/product\/yoast-seo-wordpress\/ -->\n<title>Puro bate pesado en el Informe de Zald\u00edvar! - Los pol\u00edticos Veracruz<\/title>\n<meta name=\"robots\" content=\"index, follow, max-snippet:-1, max-image-preview:large, max-video-preview:-1\" \/>\n<link rel=\"canonical\" href=\"https:\/\/lospoliticosveracruz.com\/?p=83467\" \/>\n<meta property=\"og:locale\" content=\"es_ES\" \/>\n<meta property=\"og:type\" content=\"article\" \/>\n<meta property=\"og:title\" content=\"Puro bate pesado en el Informe de Zald\u00edvar! - Los pol\u00edticos Veracruz\" \/>\n<meta property=\"og:description\" content=\"Ciudad de M\u00e9xico El Presidente de la C\u00e1mara de Diputados, el veracruzano Sergio Guti\u00e9rrez Luna, asisti\u00f3 como invitado especial al Tercer Informe Anual de Labores del Poder Judicial de la Federaci\u00f3n (PJF) presentado por el ministro presidente Arturo Zald\u00edvar Lelo de Larrea, cuyo desempe\u00f1o es reconocido ampliamente por los poderes de la naci\u00f3n. El diputado [&hellip;]\" \/>\n<meta property=\"og:url\" content=\"https:\/\/lospoliticosveracruz.com\/?p=83467\" \/>\n<meta property=\"og:site_name\" content=\"Los pol\u00edticos Veracruz\" \/>\n<meta property=\"article:publisher\" content=\"https:\/\/www.facebook.com\/people\/Notimemes-de-los-Polticos\/61565672886568\/\" \/>\n<meta property=\"article:published_time\" content=\"2021-12-15T23:34:14+00:00\" \/>\n<meta property=\"article:modified_time\" content=\"2021-12-16T19:21:01+00:00\" \/>\n<meta property=\"og:image\" content=\"https:\/\/lospoliticosveracruz.com\/wp-content\/uploads\/2016\/07\/Logo-Dor.jpg\" \/>\n\t<meta property=\"og:image:width\" content=\"200\" \/>\n\t<meta property=\"og:image:height\" content=\"200\" \/>\n\t<meta property=\"og:image:type\" content=\"image\/jpeg\" \/>\n<meta name=\"author\" content=\"Lo viste en Los Pol\u00edticos\" \/>\n<meta name=\"twitter:card\" content=\"summary_large_image\" \/>\n<meta name=\"twitter:creator\" content=\"@LosPoliticosVer\" \/>\n<meta name=\"twitter:site\" content=\"@LosPoliticosVer\" \/>\n<meta name=\"twitter:label1\" content=\"Escrito por\" \/>\n\t<meta name=\"twitter:data1\" content=\"Lo viste en Los Pol\u00edticos\" \/>\n\t<meta name=\"twitter:label2\" content=\"Tiempo de lectura\" \/>\n\t<meta name=\"twitter:data2\" content=\"1 minuto\" \/>\n<script type=\"application\/ld+json\" class=\"yoast-schema-graph\">{\"@context\":\"https:\\\/\\\/schema.org\",\"@graph\":[{\"@type\":\"Article\",\"@id\":\"https:\\\/\\\/lospoliticosveracruz.com\\\/?p=83467#article\",\"isPartOf\":{\"@id\":\"https:\\\/\\\/lospoliticosveracruz.com\\\/?p=83467\"},\"author\":{\"name\":\"Lo viste en Los Pol\u00edticos\",\"@id\":\"https:\\\/\\\/lospoliticosveracruz.com\\\/#\\\/schema\\\/person\\\/b8702bb0e538456e6efd07080bf2a4a2\"},\"headline\":\"Puro bate pesado en el Informe de Zald\u00edvar!\",\"datePublished\":\"2021-12-15T23:34:14+00:00\",\"dateModified\":\"2021-12-16T19:21:01+00:00\",\"mainEntityOfPage\":{\"@id\":\"https:\\\/\\\/lospoliticosveracruz.com\\\/?p=83467\"},\"wordCount\":297,\"publisher\":{\"@id\":\"https:\\\/\\\/lospoliticosveracruz.com\\\/#organization\"},\"keywords\":[\"Andr\u00e9s Manuel L\u00f3pez Obrador\",\"Morena\",\"Olga S\u00e1nchez Cordero\",\"Sergio Guti\u00e9rrez Luna\",\"Veracruz\"],\"articleSection\":[\"De Boleto\"],\"inLanguage\":\"es\"},{\"@type\":\"WebPage\",\"@id\":\"https:\\\/\\\/lospoliticosveracruz.com\\\/?p=83467\",\"url\":\"https:\\\/\\\/lospoliticosveracruz.com\\\/?p=83467\",\"name\":\"Puro bate pesado en el Informe de Zald\u00edvar! - Los pol\u00edticos Veracruz\",\"isPartOf\":{\"@id\":\"https:\\\/\\\/lospoliticosveracruz.com\\\/#website\"},\"datePublished\":\"2021-12-15T23:34:14+00:00\",\"dateModified\":\"2021-12-16T19:21:01+00:00\",\"breadcrumb\":{\"@id\":\"https:\\\/\\\/lospoliticosveracruz.com\\\/?p=83467#breadcrumb\"},\"inLanguage\":\"es\",\"potentialAction\":[{\"@type\":\"ReadAction\",\"target\":[\"https:\\\/\\\/lospoliticosveracruz.com\\\/?p=83467\"]}]},{\"@type\":\"BreadcrumbList\",\"@id\":\"https:\\\/\\\/lospoliticosveracruz.com\\\/?p=83467#breadcrumb\",\"itemListElement\":[{\"@type\":\"ListItem\",\"position\":1,\"name\":\"Portada\",\"item\":\"https:\\\/\\\/lospoliticosveracruz.com\\\/\"},{\"@type\":\"ListItem\",\"position\":2,\"name\":\"Puro bate pesado en el Informe de Zald\u00edvar!\"}]},{\"@type\":\"WebSite\",\"@id\":\"https:\\\/\\\/lospoliticosveracruz.com\\\/#website\",\"url\":\"https:\\\/\\\/lospoliticosveracruz.com\\\/\",\"name\":\"Los pol\u00edticos Veracruz\",\"description\":\"\",\"publisher\":{\"@id\":\"https:\\\/\\\/lospoliticosveracruz.com\\\/#organization\"},\"potentialAction\":[{\"@type\":\"SearchAction\",\"target\":{\"@type\":\"EntryPoint\",\"urlTemplate\":\"https:\\\/\\\/lospoliticosveracruz.com\\\/?s={search_term_string}\"},\"query-input\":{\"@type\":\"PropertyValueSpecification\",\"valueRequired\":true,\"valueName\":\"search_term_string\"}}],\"inLanguage\":\"es\"},{\"@type\":\"Organization\",\"@id\":\"https:\\\/\\\/lospoliticosveracruz.com\\\/#organization\",\"name\":\"Los pol\u00edticos Veracruz\",\"url\":\"https:\\\/\\\/lospoliticosveracruz.com\\\/\",\"logo\":{\"@type\":\"ImageObject\",\"inLanguage\":\"es\",\"@id\":\"https:\\\/\\\/lospoliticosveracruz.com\\\/#\\\/schema\\\/logo\\\/image\\\/\",\"url\":\"https:\\\/\\\/lospoliticosveracruz.com\\\/wp-content\\\/uploads\\\/2025\\\/12\\\/Logo-Nuevo-LOS-POLITICOS-1.jpg\",\"contentUrl\":\"https:\\\/\\\/lospoliticosveracruz.com\\\/wp-content\\\/uploads\\\/2025\\\/12\\\/Logo-Nuevo-LOS-POLITICOS-1.jpg\",\"width\":260,\"height\":70,\"caption\":\"Los pol\u00edticos Veracruz\"},\"image\":{\"@id\":\"https:\\\/\\\/lospoliticosveracruz.com\\\/#\\\/schema\\\/logo\\\/image\\\/\"},\"sameAs\":[\"https:\\\/\\\/www.facebook.com\\\/people\\\/Notimemes-de-los-Polticos\\\/61565672886568\\\/\",\"https:\\\/\\\/x.com\\\/LosPoliticosVer\"]},{\"@type\":\"Person\",\"@id\":\"https:\\\/\\\/lospoliticosveracruz.com\\\/#\\\/schema\\\/person\\\/b8702bb0e538456e6efd07080bf2a4a2\",\"name\":\"Lo viste en Los Pol\u00edticos\",\"image\":{\"@type\":\"ImageObject\",\"inLanguage\":\"es\",\"@id\":\"https:\\\/\\\/secure.gravatar.com\\\/avatar\\\/3a8de04a2656d44082be478bd6c086daa447c4651605818287b9532d3d0bd435?s=96&d=mm&r=g\",\"url\":\"https:\\\/\\\/secure.gravatar.com\\\/avatar\\\/3a8de04a2656d44082be478bd6c086daa447c4651605818287b9532d3d0bd435?s=96&d=mm&r=g\",\"contentUrl\":\"https:\\\/\\\/secure.gravatar.com\\\/avatar\\\/3a8de04a2656d44082be478bd6c086daa447c4651605818287b9532d3d0bd435?s=96&d=mm&r=g\",\"caption\":\"Lo viste en Los Pol\u00edticos\"},\"url\":\"https:\\\/\\\/lospoliticosveracruz.com\\\/?author=2\"}]}<\/script>\n<!-- \/ Yoast SEO plugin. -->","yoast_head_json":{"title":"Puro bate pesado en el Informe de Zald\u00edvar! - Los pol\u00edticos Veracruz","robots":{"index":"index","follow":"follow","max-snippet":"max-snippet:-1","max-image-preview":"max-image-preview:large","max-video-preview":"max-video-preview:-1"},"canonical":"https:\/\/lospoliticosveracruz.com\/?p=83467","og_locale":"es_ES","og_type":"article","og_title":"Puro bate pesado en el Informe de Zald\u00edvar! - Los pol\u00edticos Veracruz","og_description":"Ciudad de M\u00e9xico El Presidente de la C\u00e1mara de Diputados, el veracruzano Sergio Guti\u00e9rrez Luna, asisti\u00f3 como invitado especial al Tercer Informe Anual de Labores del Poder Judicial de la Federaci\u00f3n (PJF) presentado por el ministro presidente Arturo Zald\u00edvar Lelo de Larrea, cuyo desempe\u00f1o es reconocido ampliamente por los poderes de la naci\u00f3n. El diputado [&hellip;]","og_url":"https:\/\/lospoliticosveracruz.com\/?p=83467","og_site_name":"Los pol\u00edticos Veracruz","article_publisher":"https:\/\/www.facebook.com\/people\/Notimemes-de-los-Polticos\/61565672886568\/","article_published_time":"2021-12-15T23:34:14+00:00","article_modified_time":"2021-12-16T19:21:01+00:00","og_image":[{"width":200,"height":200,"url":"https:\/\/lospoliticosveracruz.com\/wp-content\/uploads\/2016\/07\/Logo-Dor.jpg","type":"image\/jpeg"}],"author":"Lo viste en Los Pol\u00edticos","twitter_card":"summary_large_image","twitter_creator":"@LosPoliticosVer","twitter_site":"@LosPoliticosVer","twitter_misc":{"Escrito por":"Lo viste en Los Pol\u00edticos","Tiempo de lectura":"1 minuto"},"schema":{"@context":"https:\/\/schema.org","@graph":[{"@type":"Article","@id":"https:\/\/lospoliticosveracruz.com\/?p=83467#article","isPartOf":{"@id":"https:\/\/lospoliticosveracruz.com\/?p=83467"},"author":{"name":"Lo viste en Los Pol\u00edticos","@id":"https:\/\/lospoliticosveracruz.com\/#\/schema\/person\/b8702bb0e538456e6efd07080bf2a4a2"},"headline":"Puro bate pesado en el Informe de Zald\u00edvar!","datePublished":"2021-12-15T23:34:14+00:00","dateModified":"2021-12-16T19:21:01+00:00","mainEntityOfPage":{"@id":"https:\/\/lospoliticosveracruz.com\/?p=83467"},"wordCount":297,"publisher":{"@id":"https:\/\/lospoliticosveracruz.com\/#organization"},"keywords":["Andr\u00e9s Manuel L\u00f3pez Obrador","Morena","Olga S\u00e1nchez Cordero","Sergio Guti\u00e9rrez Luna","Veracruz"],"articleSection":["De Boleto"],"inLanguage":"es"},{"@type":"WebPage","@id":"https:\/\/lospoliticosveracruz.com\/?p=83467","url":"https:\/\/lospoliticosveracruz.com\/?p=83467","name":"Puro bate pesado en el Informe de Zald\u00edvar! - Los pol\u00edticos Veracruz","isPartOf":{"@id":"https:\/\/lospoliticosveracruz.com\/#website"},"datePublished":"2021-12-15T23:34:14+00:00","dateModified":"2021-12-16T19:21:01+00:00","breadcrumb":{"@id":"https:\/\/lospoliticosveracruz.com\/?p=83467#breadcrumb"},"inLanguage":"es","potentialAction":[{"@type":"ReadAction","target":["https:\/\/lospoliticosveracruz.com\/?p=83467"]}]},{"@type":"BreadcrumbList","@id":"https:\/\/lospoliticosveracruz.com\/?p=83467#breadcrumb","itemListElement":[{"@type":"ListItem","position":1,"name":"Portada","item":"https:\/\/lospoliticosveracruz.com\/"},{"@type":"ListItem","position":2,"name":"Puro bate pesado en el Informe de Zald\u00edvar!"}]},{"@type":"WebSite","@id":"https:\/\/lospoliticosveracruz.com\/#website","url":"https:\/\/lospoliticosveracruz.com\/","name":"Los pol\u00edticos Veracruz","description":"","publisher":{"@id":"https:\/\/lospoliticosveracruz.com\/#organization"},"potentialAction":[{"@type":"SearchAction","target":{"@type":"EntryPoint","urlTemplate":"https:\/\/lospoliticosveracruz.com\/?s={search_term_string}"},"query-input":{"@type":"PropertyValueSpecification","valueRequired":true,"valueName":"search_term_string"}}],"inLanguage":"es"},{"@type":"Organization","@id":"https:\/\/lospoliticosveracruz.com\/#organization","name":"Los pol\u00edticos Veracruz","url":"https:\/\/lospoliticosveracruz.com\/","logo":{"@type":"ImageObject","inLanguage":"es","@id":"https:\/\/lospoliticosveracruz.com\/#\/schema\/logo\/image\/","url":"https:\/\/lospoliticosveracruz.com\/wp-content\/uploads\/2025\/12\/Logo-Nuevo-LOS-POLITICOS-1.jpg","contentUrl":"https:\/\/lospoliticosveracruz.com\/wp-content\/uploads\/2025\/12\/Logo-Nuevo-LOS-POLITICOS-1.jpg","width":260,"height":70,"caption":"Los pol\u00edticos Veracruz"},"image":{"@id":"https:\/\/lospoliticosveracruz.com\/#\/schema\/logo\/image\/"},"sameAs":["https:\/\/www.facebook.com\/people\/Notimemes-de-los-Polticos\/61565672886568\/","https:\/\/x.com\/LosPoliticosVer"]},{"@type":"Person","@id":"https:\/\/lospoliticosveracruz.com\/#\/schema\/person\/b8702bb0e538456e6efd07080bf2a4a2","name":"Lo viste en Los Pol\u00edticos","image":{"@type":"ImageObject","inLanguage":"es","@id":"https:\/\/secure.gravatar.com\/avatar\/3a8de04a2656d44082be478bd6c086daa447c4651605818287b9532d3d0bd435?s=96&d=mm&r=g","url":"https:\/\/secure.gravatar.com\/avatar\/3a8de04a2656d44082be478bd6c086daa447c4651605818287b9532d3d0bd435?s=96&d=mm&r=g","contentUrl":"https:\/\/secure.gravatar.com\/avatar\/3a8de04a2656d44082be478bd6c086daa447c4651605818287b9532d3d0bd435?s=96&d=mm&r=g","caption":"Lo viste en Los Pol\u00edticos"},"url":"https:\/\/lospoliticosveracruz.com\/?author=2"}]}},"_links":{"self":[{"href":"https:\/\/lospoliticosveracruz.com\/index.php?rest_route=\/wp\/v2\/posts\/83467","targetHints":{"allow":["GET"]}}],"collection":[{"href":"https:\/\/lospoliticosveracruz.com\/index.php?rest_route=\/wp\/v2\/posts"}],"about":[{"href":"https:\/\/lospoliticosveracruz.com\/index.php?rest_route=\/wp\/v2\/types\/post"}],"author":[{"embeddable":true,"href":"https:\/\/lospoliticosveracruz.com\/index.php?rest_route=\/wp\/v2\/users\/2"}],"replies":[{"embeddable":true,"href":"https:\/\/lospoliticosveracruz.com\/index.php?rest_route=%2Fwp%2Fv2%2Fcomments&post=83467"}],"version-history":[{"count":2,"href":"https:\/\/lospoliticosveracruz.com\/index.php?rest_route=\/wp\/v2\/posts\/83467\/revisions"}],"predecessor-version":[{"id":83506,"href":"https:\/\/lospoliticosveracruz.com\/index.php?rest_route=\/wp\/v2\/posts\/83467\/revisions\/83506"}],"wp:attachment":[{"href":"https:\/\/lospoliticosveracruz.com\/index.php?rest_route=%2Fwp%2Fv2%2Fmedia&parent=83467"}],"wp:term":[{"taxonomy":"category","embeddable":true,"href":"https:\/\/lospoliticosveracruz.com\/index.php?rest_route=%2Fwp%2Fv2%2Fcategories&post=83467"},{"taxonomy":"post_tag","embeddable":true,"href":"https:\/\/lospoliticosveracruz.com\/index.php?rest_route=%2Fwp%2Fv2%2Ftags&post=83467"}],"curies":[{"name":"wp","href":"https:\/\/api.w.org\/{rel}","templated":true}]}}