{"id":83470,"date":"2021-12-15T18:44:18","date_gmt":"2021-12-16T00:44:18","guid":{"rendered":"https:\/\/lospoliticosveracruz.com.mx\/?p=83470"},"modified":"2021-12-15T18:44:24","modified_gmt":"2021-12-16T00:44:24","slug":"no-se-queden-callados","status":"publish","type":"post","link":"https:\/\/lospoliticosveracruz.com\/?p=83470","title":{"rendered":"No se queden callados!"},"content":{"rendered":"\n<p><\/p>\n\n\n\n<p><\/p>\n\n\n\n<p><\/p>\n\n\n\n<p>Xalapa<br>Los regidores ser\u00e1n nuestros principales promotores, adem\u00e1s de que se han convertido en eje del partido; no queremos regidores perfectos, pero tampoco queremos regidores que se queden callados, expres\u00f3 el presidente del CDE del PRI en Veracruz, Marlon Ram\u00edrez Mar\u00edn.<\/p>\n\n\n\n<p>Durante el curso para regidores electos: \u201cBuenas pr\u00e1cticas para gobernar\u201d, convocado por la Fundaci\u00f3n Colosio Veracruz y el Comit\u00e9 Directivo Estatal del PRI en la entidad, dijo que hoy deben tomar la figura que les corresponde dentro del partido y que por muchos a\u00f1os se dej\u00f3 de lado.<\/p>\n\n\n\n<p>Los inst\u00f3 a organizarse y a conformar una coordinaci\u00f3n de regidores priistas para mantener una vinculaci\u00f3n directa y productiva. \u201cHagamos una sinergia, mantengamos mucha comunicaci\u00f3n.\u201d<\/p>\n\n\n\n<p>En su mensaje en el encuentro efectuado en el auditorio \u201cJes\u00fas Reyes Heroles\u201d, en la sede estatal del PRI, puntualiz\u00f3 que no se les pide que se peleen con sus alcaldes, porque hay gestiones que la gente necesita y se deben atender, sin embargo, enfatiz\u00f3 que deben ser \u201cinc\u00f3modos, pero con inteligencia.\u201d<\/p>\n\n\n\n<p>Marlon Ram\u00edrez Mar\u00edn, felicit\u00f3 la presencia de los regidores asistentes que refleja la voluntad de capacitarse, asever\u00f3 que se buscar\u00e1 a todos los regidores que faltan, e insisti\u00f3 en que se les pide solidaridad con el partido y sus comit\u00e9s municipales.<\/p>\n\n\n\n<p>Por su parte, Arianna Angeles Aguirre, secretaria general del CDE del PRI y diputada local, expres\u00f3 a los regidores electos que tienen una gran encomienda, pues ser\u00e1n los primeros priistas en los municipios, y que, de parte de la dirigencia estatal del PRI, tienen todo el respaldo y se mantendr\u00e1 una comunicaci\u00f3n permanente.<\/p>\n\n\n\n<p>Indic\u00f3 que, como regidores, es importante el tema de la atenci\u00f3n a la gente, as\u00ed como tener respeto y di\u00e1logo; y cuentan con su apoyo, el de Anil\u00fa Ingram Vallines, y Marlon Ram\u00edrez Mar\u00edn, los tres diputados locales del partido.<\/p>\n\n\n\n<p>En su intervenci\u00f3n, Renato Alarc\u00f3n Guevara, presidente de la Fundaci\u00f3n Colosio Veracruz, dijo que este curso de capacitaci\u00f3n se impuls\u00f3 debido a la necesidad de conocer las nuevas din\u00e1micas y marcos legales, pero adem\u00e1s por un significado pol\u00edtico de agrupamiento.<\/p>\n\n\n\n<p>\u201cHoy la esperanza de los ciudadanos es que los presidentes municipales hagan bien su trabajo. Yo no quiero que le vaya mal a ning\u00fan presidente municipal sea o no de mi partido, porque si le va mal al presidente le va mal al municipio y a sus pobladores. Adem\u00e1s, como representantes edilicios son el punto de contacto m\u00e1s cercano al ciudadano.\u201d<\/p>\n\n\n\n<p>Insisti\u00f3 en que deben ser aliados de los presidentes municipales, encontrar un punto de equilibrio para representar a la gente, tratar de que el municipio avance, no ser sumisos, pero tampoco extremadamente contestatarios; en el caso de los presidentes municipales priistas, hacer se\u00f1alamientos de una forma mesurada pero contundente de lo que se percibe.<\/p>\n\n\n\n<p>En el mismo evento, se llev\u00f3 a cabo un consenso entre las regidoras y los regidores para nombrar un coordinador estatal, recayendo por mayor\u00eda est\u00e1 responsabilidad en el regidor electo del municipio de Xalapa, Carlos Rugerio Mart\u00ednez; como coordinadores regionales en la zona norte: Carlos Molina de Papantla, en la zona centro, Mart\u00edn Garc\u00eda de Orizaba, y en la zona sur: Mario Callejas de Coatzacoalcos.<\/p>\n\n\n\n<p>Participaron como ponentes: Daniel Galindo Moreno, con el tema \u201cLey Org\u00e1nica Municipal\u201d; Enrique Agust\u00edn Cer\u00f3n Morales, con: \u201cImportancia de la relaci\u00f3n de autoridades municipales con el Congreso Local; Ana Mar\u00eda Fonseca Cort\u00e9s, con; \u201cTrasversalidad de la Perspectiva de G\u00e9nero\u201d; y Ram\u00f3n Alberto Reyes Viveros, secretario de Comunicaci\u00f3n Institucional y Estrategia de CDE, con el tema. \u201cComunicaci\u00f3n y Liderazgo.\u201d<\/p>\n\n\n\n<p>Estuvieron presentes adem\u00e1s de regidores del PRI: Leticia Perlasca N\u00fa\u00f1ez, secretaria t\u00e9cnica de la Fundaci\u00f3n Colosio Veracruz; Fernando Kuri Kuri, secretario de Acci\u00f3n Electoral del CDE; Rey David Rivera Barrios, subsecretario de Capacitaci\u00f3n Electoral; as\u00ed como integrantes del CDE.<\/p>\n","protected":false},"excerpt":{"rendered":"<p>XalapaLos regidores ser\u00e1n nuestros principales promotores, adem\u00e1s de que se han convertido en eje del partido; no queremos regidores perfectos, pero tampoco queremos regidores que se queden callados, expres\u00f3 el presidente del CDE del PRI en Veracruz, Marlon Ram\u00edrez Mar\u00edn. Durante el curso para regidores electos: \u201cBuenas pr\u00e1cticas para gobernar\u201d, convocado por la Fundaci\u00f3n Colosio [&hellip;]<\/p>\n","protected":false},"author":2,"featured_media":0,"comment_status":"closed","ping_status":"closed","sticky":false,"template":"","format":"standard","meta":{"tdm_status":"","tdm_grid_status":"","footnotes":""},"categories":[73],"tags":[1872,2908,1128],"class_list":{"0":"post-83470","1":"post","2":"type-post","3":"status-publish","4":"format-standard","6":"category-de-boleto","7":"tag-anilu-ingram-vallines","8":"tag-marlon-ramirez-marin","9":"tag-renato-alarcon-guevara"},"yoast_head":"<!-- This site is optimized with the Yoast SEO plugin v27.4 - https:\/\/yoast.com\/product\/yoast-seo-wordpress\/ -->\n<title>No se queden callados! - Los pol\u00edticos Veracruz<\/title>\n<meta name=\"robots\" content=\"index, follow, max-snippet:-1, max-image-preview:large, max-video-preview:-1\" \/>\n<link rel=\"canonical\" href=\"https:\/\/lospoliticosveracruz.com\/?p=83470\" \/>\n<meta property=\"og:locale\" content=\"es_ES\" \/>\n<meta property=\"og:type\" content=\"article\" \/>\n<meta property=\"og:title\" content=\"No se queden callados! - Los pol\u00edticos Veracruz\" \/>\n<meta property=\"og:description\" content=\"XalapaLos regidores ser\u00e1n nuestros principales promotores, adem\u00e1s de que se han convertido en eje del partido; no queremos regidores perfectos, pero tampoco queremos regidores que se queden callados, expres\u00f3 el presidente del CDE del PRI en Veracruz, Marlon Ram\u00edrez Mar\u00edn. Durante el curso para regidores electos: \u201cBuenas pr\u00e1cticas para gobernar\u201d, convocado por la Fundaci\u00f3n Colosio [&hellip;]\" \/>\n<meta property=\"og:url\" content=\"https:\/\/lospoliticosveracruz.com\/?p=83470\" \/>\n<meta property=\"og:site_name\" content=\"Los pol\u00edticos Veracruz\" \/>\n<meta property=\"article:publisher\" content=\"https:\/\/www.facebook.com\/people\/Notimemes-de-los-Polticos\/61565672886568\/\" \/>\n<meta property=\"article:published_time\" content=\"2021-12-16T00:44:18+00:00\" \/>\n<meta property=\"article:modified_time\" content=\"2021-12-16T00:44:24+00:00\" \/>\n<meta property=\"og:image\" content=\"https:\/\/lospoliticosveracruz.com\/wp-content\/uploads\/2016\/07\/Logo-Dor.jpg\" \/>\n\t<meta property=\"og:image:width\" content=\"200\" \/>\n\t<meta property=\"og:image:height\" content=\"200\" \/>\n\t<meta property=\"og:image:type\" content=\"image\/jpeg\" \/>\n<meta name=\"author\" content=\"Lo viste en Los Pol\u00edticos\" \/>\n<meta name=\"twitter:card\" content=\"summary_large_image\" \/>\n<meta name=\"twitter:creator\" content=\"@LosPoliticosVer\" \/>\n<meta name=\"twitter:site\" content=\"@LosPoliticosVer\" \/>\n<meta name=\"twitter:label1\" content=\"Escrito por\" \/>\n\t<meta name=\"twitter:data1\" content=\"Lo viste en Los Pol\u00edticos\" \/>\n\t<meta name=\"twitter:label2\" content=\"Tiempo de lectura\" \/>\n\t<meta name=\"twitter:data2\" content=\"3 minutos\" \/>\n<script type=\"application\/ld+json\" class=\"yoast-schema-graph\">{\"@context\":\"https:\\\/\\\/schema.org\",\"@graph\":[{\"@type\":\"Article\",\"@id\":\"https:\\\/\\\/lospoliticosveracruz.com\\\/?p=83470#article\",\"isPartOf\":{\"@id\":\"https:\\\/\\\/lospoliticosveracruz.com\\\/?p=83470\"},\"author\":{\"name\":\"Lo viste en Los Pol\u00edticos\",\"@id\":\"https:\\\/\\\/lospoliticosveracruz.com\\\/#\\\/schema\\\/person\\\/b8702bb0e538456e6efd07080bf2a4a2\"},\"headline\":\"No se queden callados!\",\"datePublished\":\"2021-12-16T00:44:18+00:00\",\"dateModified\":\"2021-12-16T00:44:24+00:00\",\"mainEntityOfPage\":{\"@id\":\"https:\\\/\\\/lospoliticosveracruz.com\\\/?p=83470\"},\"wordCount\":672,\"publisher\":{\"@id\":\"https:\\\/\\\/lospoliticosveracruz.com\\\/#organization\"},\"keywords\":[\"Anil\u00fa Ingram Vallines\",\"Marlon Ram\u00edrez Mar\u00edn\",\"Renato Alarc\u00f3n Guevara\"],\"articleSection\":[\"De Boleto\"],\"inLanguage\":\"es\"},{\"@type\":\"WebPage\",\"@id\":\"https:\\\/\\\/lospoliticosveracruz.com\\\/?p=83470\",\"url\":\"https:\\\/\\\/lospoliticosveracruz.com\\\/?p=83470\",\"name\":\"No se queden callados! - Los pol\u00edticos Veracruz\",\"isPartOf\":{\"@id\":\"https:\\\/\\\/lospoliticosveracruz.com\\\/#website\"},\"datePublished\":\"2021-12-16T00:44:18+00:00\",\"dateModified\":\"2021-12-16T00:44:24+00:00\",\"breadcrumb\":{\"@id\":\"https:\\\/\\\/lospoliticosveracruz.com\\\/?p=83470#breadcrumb\"},\"inLanguage\":\"es\",\"potentialAction\":[{\"@type\":\"ReadAction\",\"target\":[\"https:\\\/\\\/lospoliticosveracruz.com\\\/?p=83470\"]}]},{\"@type\":\"BreadcrumbList\",\"@id\":\"https:\\\/\\\/lospoliticosveracruz.com\\\/?p=83470#breadcrumb\",\"itemListElement\":[{\"@type\":\"ListItem\",\"position\":1,\"name\":\"Portada\",\"item\":\"https:\\\/\\\/lospoliticosveracruz.com\\\/\"},{\"@type\":\"ListItem\",\"position\":2,\"name\":\"No se queden callados!\"}]},{\"@type\":\"WebSite\",\"@id\":\"https:\\\/\\\/lospoliticosveracruz.com\\\/#website\",\"url\":\"https:\\\/\\\/lospoliticosveracruz.com\\\/\",\"name\":\"Los pol\u00edticos Veracruz\",\"description\":\"\",\"publisher\":{\"@id\":\"https:\\\/\\\/lospoliticosveracruz.com\\\/#organization\"},\"potentialAction\":[{\"@type\":\"SearchAction\",\"target\":{\"@type\":\"EntryPoint\",\"urlTemplate\":\"https:\\\/\\\/lospoliticosveracruz.com\\\/?s={search_term_string}\"},\"query-input\":{\"@type\":\"PropertyValueSpecification\",\"valueRequired\":true,\"valueName\":\"search_term_string\"}}],\"inLanguage\":\"es\"},{\"@type\":\"Organization\",\"@id\":\"https:\\\/\\\/lospoliticosveracruz.com\\\/#organization\",\"name\":\"Los pol\u00edticos Veracruz\",\"url\":\"https:\\\/\\\/lospoliticosveracruz.com\\\/\",\"logo\":{\"@type\":\"ImageObject\",\"inLanguage\":\"es\",\"@id\":\"https:\\\/\\\/lospoliticosveracruz.com\\\/#\\\/schema\\\/logo\\\/image\\\/\",\"url\":\"https:\\\/\\\/lospoliticosveracruz.com\\\/wp-content\\\/uploads\\\/2025\\\/12\\\/Logo-Nuevo-LOS-POLITICOS-1.jpg\",\"contentUrl\":\"https:\\\/\\\/lospoliticosveracruz.com\\\/wp-content\\\/uploads\\\/2025\\\/12\\\/Logo-Nuevo-LOS-POLITICOS-1.jpg\",\"width\":260,\"height\":70,\"caption\":\"Los pol\u00edticos Veracruz\"},\"image\":{\"@id\":\"https:\\\/\\\/lospoliticosveracruz.com\\\/#\\\/schema\\\/logo\\\/image\\\/\"},\"sameAs\":[\"https:\\\/\\\/www.facebook.com\\\/people\\\/Notimemes-de-los-Polticos\\\/61565672886568\\\/\",\"https:\\\/\\\/x.com\\\/LosPoliticosVer\"]},{\"@type\":\"Person\",\"@id\":\"https:\\\/\\\/lospoliticosveracruz.com\\\/#\\\/schema\\\/person\\\/b8702bb0e538456e6efd07080bf2a4a2\",\"name\":\"Lo viste en Los Pol\u00edticos\",\"image\":{\"@type\":\"ImageObject\",\"inLanguage\":\"es\",\"@id\":\"https:\\\/\\\/secure.gravatar.com\\\/avatar\\\/3a8de04a2656d44082be478bd6c086daa447c4651605818287b9532d3d0bd435?s=96&d=mm&r=g\",\"url\":\"https:\\\/\\\/secure.gravatar.com\\\/avatar\\\/3a8de04a2656d44082be478bd6c086daa447c4651605818287b9532d3d0bd435?s=96&d=mm&r=g\",\"contentUrl\":\"https:\\\/\\\/secure.gravatar.com\\\/avatar\\\/3a8de04a2656d44082be478bd6c086daa447c4651605818287b9532d3d0bd435?s=96&d=mm&r=g\",\"caption\":\"Lo viste en Los Pol\u00edticos\"},\"url\":\"https:\\\/\\\/lospoliticosveracruz.com\\\/?author=2\"}]}<\/script>\n<!-- \/ Yoast SEO plugin. -->","yoast_head_json":{"title":"No se queden callados! - Los pol\u00edticos Veracruz","robots":{"index":"index","follow":"follow","max-snippet":"max-snippet:-1","max-image-preview":"max-image-preview:large","max-video-preview":"max-video-preview:-1"},"canonical":"https:\/\/lospoliticosveracruz.com\/?p=83470","og_locale":"es_ES","og_type":"article","og_title":"No se queden callados! - Los pol\u00edticos Veracruz","og_description":"XalapaLos regidores ser\u00e1n nuestros principales promotores, adem\u00e1s de que se han convertido en eje del partido; no queremos regidores perfectos, pero tampoco queremos regidores que se queden callados, expres\u00f3 el presidente del CDE del PRI en Veracruz, Marlon Ram\u00edrez Mar\u00edn. Durante el curso para regidores electos: \u201cBuenas pr\u00e1cticas para gobernar\u201d, convocado por la Fundaci\u00f3n Colosio [&hellip;]","og_url":"https:\/\/lospoliticosveracruz.com\/?p=83470","og_site_name":"Los pol\u00edticos Veracruz","article_publisher":"https:\/\/www.facebook.com\/people\/Notimemes-de-los-Polticos\/61565672886568\/","article_published_time":"2021-12-16T00:44:18+00:00","article_modified_time":"2021-12-16T00:44:24+00:00","og_image":[{"width":200,"height":200,"url":"https:\/\/lospoliticosveracruz.com\/wp-content\/uploads\/2016\/07\/Logo-Dor.jpg","type":"image\/jpeg"}],"author":"Lo viste en Los Pol\u00edticos","twitter_card":"summary_large_image","twitter_creator":"@LosPoliticosVer","twitter_site":"@LosPoliticosVer","twitter_misc":{"Escrito por":"Lo viste en Los Pol\u00edticos","Tiempo de lectura":"3 minutos"},"schema":{"@context":"https:\/\/schema.org","@graph":[{"@type":"Article","@id":"https:\/\/lospoliticosveracruz.com\/?p=83470#article","isPartOf":{"@id":"https:\/\/lospoliticosveracruz.com\/?p=83470"},"author":{"name":"Lo viste en Los Pol\u00edticos","@id":"https:\/\/lospoliticosveracruz.com\/#\/schema\/person\/b8702bb0e538456e6efd07080bf2a4a2"},"headline":"No se queden callados!","datePublished":"2021-12-16T00:44:18+00:00","dateModified":"2021-12-16T00:44:24+00:00","mainEntityOfPage":{"@id":"https:\/\/lospoliticosveracruz.com\/?p=83470"},"wordCount":672,"publisher":{"@id":"https:\/\/lospoliticosveracruz.com\/#organization"},"keywords":["Anil\u00fa Ingram Vallines","Marlon Ram\u00edrez Mar\u00edn","Renato Alarc\u00f3n Guevara"],"articleSection":["De Boleto"],"inLanguage":"es"},{"@type":"WebPage","@id":"https:\/\/lospoliticosveracruz.com\/?p=83470","url":"https:\/\/lospoliticosveracruz.com\/?p=83470","name":"No se queden callados! - Los pol\u00edticos Veracruz","isPartOf":{"@id":"https:\/\/lospoliticosveracruz.com\/#website"},"datePublished":"2021-12-16T00:44:18+00:00","dateModified":"2021-12-16T00:44:24+00:00","breadcrumb":{"@id":"https:\/\/lospoliticosveracruz.com\/?p=83470#breadcrumb"},"inLanguage":"es","potentialAction":[{"@type":"ReadAction","target":["https:\/\/lospoliticosveracruz.com\/?p=83470"]}]},{"@type":"BreadcrumbList","@id":"https:\/\/lospoliticosveracruz.com\/?p=83470#breadcrumb","itemListElement":[{"@type":"ListItem","position":1,"name":"Portada","item":"https:\/\/lospoliticosveracruz.com\/"},{"@type":"ListItem","position":2,"name":"No se queden callados!"}]},{"@type":"WebSite","@id":"https:\/\/lospoliticosveracruz.com\/#website","url":"https:\/\/lospoliticosveracruz.com\/","name":"Los pol\u00edticos Veracruz","description":"","publisher":{"@id":"https:\/\/lospoliticosveracruz.com\/#organization"},"potentialAction":[{"@type":"SearchAction","target":{"@type":"EntryPoint","urlTemplate":"https:\/\/lospoliticosveracruz.com\/?s={search_term_string}"},"query-input":{"@type":"PropertyValueSpecification","valueRequired":true,"valueName":"search_term_string"}}],"inLanguage":"es"},{"@type":"Organization","@id":"https:\/\/lospoliticosveracruz.com\/#organization","name":"Los pol\u00edticos Veracruz","url":"https:\/\/lospoliticosveracruz.com\/","logo":{"@type":"ImageObject","inLanguage":"es","@id":"https:\/\/lospoliticosveracruz.com\/#\/schema\/logo\/image\/","url":"https:\/\/lospoliticosveracruz.com\/wp-content\/uploads\/2025\/12\/Logo-Nuevo-LOS-POLITICOS-1.jpg","contentUrl":"https:\/\/lospoliticosveracruz.com\/wp-content\/uploads\/2025\/12\/Logo-Nuevo-LOS-POLITICOS-1.jpg","width":260,"height":70,"caption":"Los pol\u00edticos Veracruz"},"image":{"@id":"https:\/\/lospoliticosveracruz.com\/#\/schema\/logo\/image\/"},"sameAs":["https:\/\/www.facebook.com\/people\/Notimemes-de-los-Polticos\/61565672886568\/","https:\/\/x.com\/LosPoliticosVer"]},{"@type":"Person","@id":"https:\/\/lospoliticosveracruz.com\/#\/schema\/person\/b8702bb0e538456e6efd07080bf2a4a2","name":"Lo viste en Los Pol\u00edticos","image":{"@type":"ImageObject","inLanguage":"es","@id":"https:\/\/secure.gravatar.com\/avatar\/3a8de04a2656d44082be478bd6c086daa447c4651605818287b9532d3d0bd435?s=96&d=mm&r=g","url":"https:\/\/secure.gravatar.com\/avatar\/3a8de04a2656d44082be478bd6c086daa447c4651605818287b9532d3d0bd435?s=96&d=mm&r=g","contentUrl":"https:\/\/secure.gravatar.com\/avatar\/3a8de04a2656d44082be478bd6c086daa447c4651605818287b9532d3d0bd435?s=96&d=mm&r=g","caption":"Lo viste en Los Pol\u00edticos"},"url":"https:\/\/lospoliticosveracruz.com\/?author=2"}]}},"_links":{"self":[{"href":"https:\/\/lospoliticosveracruz.com\/index.php?rest_route=\/wp\/v2\/posts\/83470","targetHints":{"allow":["GET"]}}],"collection":[{"href":"https:\/\/lospoliticosveracruz.com\/index.php?rest_route=\/wp\/v2\/posts"}],"about":[{"href":"https:\/\/lospoliticosveracruz.com\/index.php?rest_route=\/wp\/v2\/types\/post"}],"author":[{"embeddable":true,"href":"https:\/\/lospoliticosveracruz.com\/index.php?rest_route=\/wp\/v2\/users\/2"}],"replies":[{"embeddable":true,"href":"https:\/\/lospoliticosveracruz.com\/index.php?rest_route=%2Fwp%2Fv2%2Fcomments&post=83470"}],"version-history":[{"count":1,"href":"https:\/\/lospoliticosveracruz.com\/index.php?rest_route=\/wp\/v2\/posts\/83470\/revisions"}],"predecessor-version":[{"id":83472,"href":"https:\/\/lospoliticosveracruz.com\/index.php?rest_route=\/wp\/v2\/posts\/83470\/revisions\/83472"}],"wp:attachment":[{"href":"https:\/\/lospoliticosveracruz.com\/index.php?rest_route=%2Fwp%2Fv2%2Fmedia&parent=83470"}],"wp:term":[{"taxonomy":"category","embeddable":true,"href":"https:\/\/lospoliticosveracruz.com\/index.php?rest_route=%2Fwp%2Fv2%2Fcategories&post=83470"},{"taxonomy":"post_tag","embeddable":true,"href":"https:\/\/lospoliticosveracruz.com\/index.php?rest_route=%2Fwp%2Fv2%2Ftags&post=83470"}],"curies":[{"name":"wp","href":"https:\/\/api.w.org\/{rel}","templated":true}]}}