{"id":83514,"date":"2021-12-16T15:46:04","date_gmt":"2021-12-16T21:46:04","guid":{"rendered":"https:\/\/lospoliticosveracruz.com.mx\/?p=83514"},"modified":"2021-12-16T15:46:09","modified_gmt":"2021-12-16T21:46:09","slug":"alguien-los-vigila","status":"publish","type":"post","link":"https:\/\/lospoliticosveracruz.com\/?p=83514","title":{"rendered":"Alguien los vigila!"},"content":{"rendered":"\n<p><\/p>\n\n\n\n<p><\/p>\n\n\n\n<p><strong>Xalapa<\/strong><\/p>\n\n\n\n<p><br>Fue presentado el Observatorio Ciudadano Integral de Xalapa OCIX, como un mecanismo de vigilancia y coadyuvancia con las nuevas autoridades municipales de Xalapa, que habr\u00e1n de empezar su administraci\u00f3n el pr\u00f3ximo 1 de enero de 2022.<\/p>\n\n\n\n<p>El OCIX es encabezado por Ra\u00fal Arias Lovillo, ex rector de la UV, quien explic\u00f3 que el observatorio tiene como objetivo fungir como una contralor\u00eda social y un espacio de colaboraci\u00f3n y propuestas para las autoridades municipales de Xalapa.<\/p>\n\n\n\n<p>Los integrantes analizar\u00e1n las 39 pol\u00edticas p\u00fablicas del municipio que actualmente est\u00e1n divididas en cuatro campos, entre ellas desarrollo institucional y desarrollo econ\u00f3mico sustentable, adem\u00e1s del desarrollo medioambiental sustentable.<\/p>\n\n\n\n<p>\u201cTiene el objetivo de vigilar y sancionar al pr\u00f3ximo gobierno municipal y proponer proyectos que sean prioridad para la ciudad. Captar, evaluar y generar indicadores del desempe\u00f1o municipal para hacer realidad un principio: que las pol\u00edticas p\u00fablicas deben construir se a trav\u00e9s del conocimiento\u201d, dijo.<\/p>\n\n\n\n<p>Se trata del primer observatorio de su tipo en la ciudad y adelant\u00f3 que ya hubo un acercamiento con el alcalde electo, Ricardo Ahued Bardahuil para trabajar de manera coordinada.<\/p>\n\n\n\n<p>\u201cXalapa requiere de mucho esfuerzo, no solamente del Gobierno que no puede resolver los problemas por s\u00ed mismo, sino que requiere de la participaci\u00f3n de todos\u00bb, coment\u00f3.<\/p>\n\n\n\n<p>El Observatorio est\u00e1 integrado por su presidente Ra\u00fal Arias; el coordinador general, Carlos Arias; la secretaria Lourdes Jim\u00e9nez; tesorero Gustavo Callejas; Gloria Lira como representante legal y el coordinador de Comunicaci\u00f3n, Omar Z\u00fa\u00f1iga.<\/p>\n\n\n\n<p>Arias Lovillo neg\u00f3 que el Observatorio vaya a servir de trampol\u00edn para impulsar a sus integrantes en un puesto pol\u00edtico, sino para aportar ideas para el desarrollo de esta ciudad.<\/p>\n\n\n\n<p>\u201cNi yo ni nadie de los que integramos el organismo tenemos una aspiraci\u00f3n pol\u00edtica, aspiramos a contribuir en mejorar a Xalapa. Por ello, para ofrecer resultados transparentes los integrantes pasar\u00e1n por una capacitaci\u00f3n de la Fundaci\u00f3n Internacional para el Desarrollo de Gobiernos Confiables (Fidegoc)\u201d, dijo.<br>Por su parte Carlos Gagdsen, presidente de la Fidegoc, destac\u00f3 al OCIX como un esfuerzo extraordinario en la creaci\u00f3n de ciudadan\u00eda, pues explic\u00f3 que no hay gobiernos responsables sin ciudadanos responsables, y en ese sentido, el de Xalapa es un ejemplo de participaci\u00f3n.<\/p>\n","protected":false},"excerpt":{"rendered":"<p>Xalapa Fue presentado el Observatorio Ciudadano Integral de Xalapa OCIX, como un mecanismo de vigilancia y coadyuvancia con las nuevas autoridades municipales de Xalapa, que habr\u00e1n de empezar su administraci\u00f3n el pr\u00f3ximo 1 de enero de 2022. El OCIX es encabezado por Ra\u00fal Arias Lovillo, ex rector de la UV, quien explic\u00f3 que el observatorio [&hellip;]<\/p>\n","protected":false},"author":2,"featured_media":0,"comment_status":"closed","ping_status":"closed","sticky":false,"template":"","format":"standard","meta":{"tdm_status":"","tdm_grid_status":"","footnotes":""},"categories":[73],"tags":[31616,31617,28705,12621,96],"class_list":{"0":"post-83514","1":"post","2":"type-post","3":"status-publish","4":"format-standard","6":"category-de-boleto","7":"tag-observatorio-ciudadano-integral-de-xalapa","8":"tag-ocix","9":"tag-omar-zuniga","10":"tag-raul-arias-lovillo","11":"tag-xalapa"},"yoast_head":"<!-- This site is optimized with the Yoast SEO plugin v27.4 - https:\/\/yoast.com\/product\/yoast-seo-wordpress\/ -->\n<title>Alguien los vigila! - Los pol\u00edticos Veracruz<\/title>\n<meta name=\"robots\" content=\"index, follow, max-snippet:-1, max-image-preview:large, max-video-preview:-1\" \/>\n<link rel=\"canonical\" href=\"https:\/\/lospoliticosveracruz.com\/?p=83514\" \/>\n<meta property=\"og:locale\" content=\"es_ES\" \/>\n<meta property=\"og:type\" content=\"article\" \/>\n<meta property=\"og:title\" content=\"Alguien los vigila! - Los pol\u00edticos Veracruz\" \/>\n<meta property=\"og:description\" content=\"Xalapa Fue presentado el Observatorio Ciudadano Integral de Xalapa OCIX, como un mecanismo de vigilancia y coadyuvancia con las nuevas autoridades municipales de Xalapa, que habr\u00e1n de empezar su administraci\u00f3n el pr\u00f3ximo 1 de enero de 2022. El OCIX es encabezado por Ra\u00fal Arias Lovillo, ex rector de la UV, quien explic\u00f3 que el observatorio [&hellip;]\" \/>\n<meta property=\"og:url\" content=\"https:\/\/lospoliticosveracruz.com\/?p=83514\" \/>\n<meta property=\"og:site_name\" content=\"Los pol\u00edticos Veracruz\" \/>\n<meta property=\"article:publisher\" content=\"https:\/\/www.facebook.com\/people\/Notimemes-de-los-Polticos\/61565672886568\/\" \/>\n<meta property=\"article:published_time\" content=\"2021-12-16T21:46:04+00:00\" \/>\n<meta property=\"article:modified_time\" content=\"2021-12-16T21:46:09+00:00\" \/>\n<meta property=\"og:image\" content=\"https:\/\/lospoliticosveracruz.com\/wp-content\/uploads\/2016\/07\/Logo-Dor.jpg\" \/>\n\t<meta property=\"og:image:width\" content=\"200\" \/>\n\t<meta property=\"og:image:height\" content=\"200\" \/>\n\t<meta property=\"og:image:type\" content=\"image\/jpeg\" \/>\n<meta name=\"author\" content=\"Lo viste en Los Pol\u00edticos\" \/>\n<meta name=\"twitter:card\" content=\"summary_large_image\" \/>\n<meta name=\"twitter:creator\" content=\"@LosPoliticosVer\" \/>\n<meta name=\"twitter:site\" content=\"@LosPoliticosVer\" \/>\n<meta name=\"twitter:label1\" content=\"Escrito por\" \/>\n\t<meta name=\"twitter:data1\" content=\"Lo viste en Los Pol\u00edticos\" \/>\n\t<meta name=\"twitter:label2\" content=\"Tiempo de lectura\" \/>\n\t<meta name=\"twitter:data2\" content=\"2 minutos\" \/>\n<script type=\"application\/ld+json\" class=\"yoast-schema-graph\">{\"@context\":\"https:\\\/\\\/schema.org\",\"@graph\":[{\"@type\":\"Article\",\"@id\":\"https:\\\/\\\/lospoliticosveracruz.com\\\/?p=83514#article\",\"isPartOf\":{\"@id\":\"https:\\\/\\\/lospoliticosveracruz.com\\\/?p=83514\"},\"author\":{\"name\":\"Lo viste en Los Pol\u00edticos\",\"@id\":\"https:\\\/\\\/lospoliticosveracruz.com\\\/#\\\/schema\\\/person\\\/b8702bb0e538456e6efd07080bf2a4a2\"},\"headline\":\"Alguien los vigila!\",\"datePublished\":\"2021-12-16T21:46:04+00:00\",\"dateModified\":\"2021-12-16T21:46:09+00:00\",\"mainEntityOfPage\":{\"@id\":\"https:\\\/\\\/lospoliticosveracruz.com\\\/?p=83514\"},\"wordCount\":390,\"publisher\":{\"@id\":\"https:\\\/\\\/lospoliticosveracruz.com\\\/#organization\"},\"keywords\":[\"Observatorio Ciudadano Integral de Xalapa\",\"OCIX\",\"Omar Z\u00fa\u00f1iga\",\"Ra\u00fal Arias Lovillo\",\"Xalapa\"],\"articleSection\":[\"De Boleto\"],\"inLanguage\":\"es\"},{\"@type\":\"WebPage\",\"@id\":\"https:\\\/\\\/lospoliticosveracruz.com\\\/?p=83514\",\"url\":\"https:\\\/\\\/lospoliticosveracruz.com\\\/?p=83514\",\"name\":\"Alguien los vigila! - Los pol\u00edticos Veracruz\",\"isPartOf\":{\"@id\":\"https:\\\/\\\/lospoliticosveracruz.com\\\/#website\"},\"datePublished\":\"2021-12-16T21:46:04+00:00\",\"dateModified\":\"2021-12-16T21:46:09+00:00\",\"breadcrumb\":{\"@id\":\"https:\\\/\\\/lospoliticosveracruz.com\\\/?p=83514#breadcrumb\"},\"inLanguage\":\"es\",\"potentialAction\":[{\"@type\":\"ReadAction\",\"target\":[\"https:\\\/\\\/lospoliticosveracruz.com\\\/?p=83514\"]}]},{\"@type\":\"BreadcrumbList\",\"@id\":\"https:\\\/\\\/lospoliticosveracruz.com\\\/?p=83514#breadcrumb\",\"itemListElement\":[{\"@type\":\"ListItem\",\"position\":1,\"name\":\"Portada\",\"item\":\"https:\\\/\\\/lospoliticosveracruz.com\\\/\"},{\"@type\":\"ListItem\",\"position\":2,\"name\":\"Alguien los vigila!\"}]},{\"@type\":\"WebSite\",\"@id\":\"https:\\\/\\\/lospoliticosveracruz.com\\\/#website\",\"url\":\"https:\\\/\\\/lospoliticosveracruz.com\\\/\",\"name\":\"Los pol\u00edticos Veracruz\",\"description\":\"\",\"publisher\":{\"@id\":\"https:\\\/\\\/lospoliticosveracruz.com\\\/#organization\"},\"potentialAction\":[{\"@type\":\"SearchAction\",\"target\":{\"@type\":\"EntryPoint\",\"urlTemplate\":\"https:\\\/\\\/lospoliticosveracruz.com\\\/?s={search_term_string}\"},\"query-input\":{\"@type\":\"PropertyValueSpecification\",\"valueRequired\":true,\"valueName\":\"search_term_string\"}}],\"inLanguage\":\"es\"},{\"@type\":\"Organization\",\"@id\":\"https:\\\/\\\/lospoliticosveracruz.com\\\/#organization\",\"name\":\"Los pol\u00edticos Veracruz\",\"url\":\"https:\\\/\\\/lospoliticosveracruz.com\\\/\",\"logo\":{\"@type\":\"ImageObject\",\"inLanguage\":\"es\",\"@id\":\"https:\\\/\\\/lospoliticosveracruz.com\\\/#\\\/schema\\\/logo\\\/image\\\/\",\"url\":\"https:\\\/\\\/lospoliticosveracruz.com\\\/wp-content\\\/uploads\\\/2025\\\/12\\\/Logo-Nuevo-LOS-POLITICOS-1.jpg\",\"contentUrl\":\"https:\\\/\\\/lospoliticosveracruz.com\\\/wp-content\\\/uploads\\\/2025\\\/12\\\/Logo-Nuevo-LOS-POLITICOS-1.jpg\",\"width\":260,\"height\":70,\"caption\":\"Los pol\u00edticos Veracruz\"},\"image\":{\"@id\":\"https:\\\/\\\/lospoliticosveracruz.com\\\/#\\\/schema\\\/logo\\\/image\\\/\"},\"sameAs\":[\"https:\\\/\\\/www.facebook.com\\\/people\\\/Notimemes-de-los-Polticos\\\/61565672886568\\\/\",\"https:\\\/\\\/x.com\\\/LosPoliticosVer\"]},{\"@type\":\"Person\",\"@id\":\"https:\\\/\\\/lospoliticosveracruz.com\\\/#\\\/schema\\\/person\\\/b8702bb0e538456e6efd07080bf2a4a2\",\"name\":\"Lo viste en Los Pol\u00edticos\",\"image\":{\"@type\":\"ImageObject\",\"inLanguage\":\"es\",\"@id\":\"https:\\\/\\\/secure.gravatar.com\\\/avatar\\\/3a8de04a2656d44082be478bd6c086daa447c4651605818287b9532d3d0bd435?s=96&d=mm&r=g\",\"url\":\"https:\\\/\\\/secure.gravatar.com\\\/avatar\\\/3a8de04a2656d44082be478bd6c086daa447c4651605818287b9532d3d0bd435?s=96&d=mm&r=g\",\"contentUrl\":\"https:\\\/\\\/secure.gravatar.com\\\/avatar\\\/3a8de04a2656d44082be478bd6c086daa447c4651605818287b9532d3d0bd435?s=96&d=mm&r=g\",\"caption\":\"Lo viste en Los Pol\u00edticos\"},\"url\":\"https:\\\/\\\/lospoliticosveracruz.com\\\/?author=2\"}]}<\/script>\n<!-- \/ Yoast SEO plugin. -->","yoast_head_json":{"title":"Alguien los vigila! - Los pol\u00edticos Veracruz","robots":{"index":"index","follow":"follow","max-snippet":"max-snippet:-1","max-image-preview":"max-image-preview:large","max-video-preview":"max-video-preview:-1"},"canonical":"https:\/\/lospoliticosveracruz.com\/?p=83514","og_locale":"es_ES","og_type":"article","og_title":"Alguien los vigila! - Los pol\u00edticos Veracruz","og_description":"Xalapa Fue presentado el Observatorio Ciudadano Integral de Xalapa OCIX, como un mecanismo de vigilancia y coadyuvancia con las nuevas autoridades municipales de Xalapa, que habr\u00e1n de empezar su administraci\u00f3n el pr\u00f3ximo 1 de enero de 2022. El OCIX es encabezado por Ra\u00fal Arias Lovillo, ex rector de la UV, quien explic\u00f3 que el observatorio [&hellip;]","og_url":"https:\/\/lospoliticosveracruz.com\/?p=83514","og_site_name":"Los pol\u00edticos Veracruz","article_publisher":"https:\/\/www.facebook.com\/people\/Notimemes-de-los-Polticos\/61565672886568\/","article_published_time":"2021-12-16T21:46:04+00:00","article_modified_time":"2021-12-16T21:46:09+00:00","og_image":[{"width":200,"height":200,"url":"https:\/\/lospoliticosveracruz.com\/wp-content\/uploads\/2016\/07\/Logo-Dor.jpg","type":"image\/jpeg"}],"author":"Lo viste en Los Pol\u00edticos","twitter_card":"summary_large_image","twitter_creator":"@LosPoliticosVer","twitter_site":"@LosPoliticosVer","twitter_misc":{"Escrito por":"Lo viste en Los Pol\u00edticos","Tiempo de lectura":"2 minutos"},"schema":{"@context":"https:\/\/schema.org","@graph":[{"@type":"Article","@id":"https:\/\/lospoliticosveracruz.com\/?p=83514#article","isPartOf":{"@id":"https:\/\/lospoliticosveracruz.com\/?p=83514"},"author":{"name":"Lo viste en Los Pol\u00edticos","@id":"https:\/\/lospoliticosveracruz.com\/#\/schema\/person\/b8702bb0e538456e6efd07080bf2a4a2"},"headline":"Alguien los vigila!","datePublished":"2021-12-16T21:46:04+00:00","dateModified":"2021-12-16T21:46:09+00:00","mainEntityOfPage":{"@id":"https:\/\/lospoliticosveracruz.com\/?p=83514"},"wordCount":390,"publisher":{"@id":"https:\/\/lospoliticosveracruz.com\/#organization"},"keywords":["Observatorio Ciudadano Integral de Xalapa","OCIX","Omar Z\u00fa\u00f1iga","Ra\u00fal Arias Lovillo","Xalapa"],"articleSection":["De Boleto"],"inLanguage":"es"},{"@type":"WebPage","@id":"https:\/\/lospoliticosveracruz.com\/?p=83514","url":"https:\/\/lospoliticosveracruz.com\/?p=83514","name":"Alguien los vigila! - Los pol\u00edticos Veracruz","isPartOf":{"@id":"https:\/\/lospoliticosveracruz.com\/#website"},"datePublished":"2021-12-16T21:46:04+00:00","dateModified":"2021-12-16T21:46:09+00:00","breadcrumb":{"@id":"https:\/\/lospoliticosveracruz.com\/?p=83514#breadcrumb"},"inLanguage":"es","potentialAction":[{"@type":"ReadAction","target":["https:\/\/lospoliticosveracruz.com\/?p=83514"]}]},{"@type":"BreadcrumbList","@id":"https:\/\/lospoliticosveracruz.com\/?p=83514#breadcrumb","itemListElement":[{"@type":"ListItem","position":1,"name":"Portada","item":"https:\/\/lospoliticosveracruz.com\/"},{"@type":"ListItem","position":2,"name":"Alguien los vigila!"}]},{"@type":"WebSite","@id":"https:\/\/lospoliticosveracruz.com\/#website","url":"https:\/\/lospoliticosveracruz.com\/","name":"Los pol\u00edticos Veracruz","description":"","publisher":{"@id":"https:\/\/lospoliticosveracruz.com\/#organization"},"potentialAction":[{"@type":"SearchAction","target":{"@type":"EntryPoint","urlTemplate":"https:\/\/lospoliticosveracruz.com\/?s={search_term_string}"},"query-input":{"@type":"PropertyValueSpecification","valueRequired":true,"valueName":"search_term_string"}}],"inLanguage":"es"},{"@type":"Organization","@id":"https:\/\/lospoliticosveracruz.com\/#organization","name":"Los pol\u00edticos Veracruz","url":"https:\/\/lospoliticosveracruz.com\/","logo":{"@type":"ImageObject","inLanguage":"es","@id":"https:\/\/lospoliticosveracruz.com\/#\/schema\/logo\/image\/","url":"https:\/\/lospoliticosveracruz.com\/wp-content\/uploads\/2025\/12\/Logo-Nuevo-LOS-POLITICOS-1.jpg","contentUrl":"https:\/\/lospoliticosveracruz.com\/wp-content\/uploads\/2025\/12\/Logo-Nuevo-LOS-POLITICOS-1.jpg","width":260,"height":70,"caption":"Los pol\u00edticos Veracruz"},"image":{"@id":"https:\/\/lospoliticosveracruz.com\/#\/schema\/logo\/image\/"},"sameAs":["https:\/\/www.facebook.com\/people\/Notimemes-de-los-Polticos\/61565672886568\/","https:\/\/x.com\/LosPoliticosVer"]},{"@type":"Person","@id":"https:\/\/lospoliticosveracruz.com\/#\/schema\/person\/b8702bb0e538456e6efd07080bf2a4a2","name":"Lo viste en Los Pol\u00edticos","image":{"@type":"ImageObject","inLanguage":"es","@id":"https:\/\/secure.gravatar.com\/avatar\/3a8de04a2656d44082be478bd6c086daa447c4651605818287b9532d3d0bd435?s=96&d=mm&r=g","url":"https:\/\/secure.gravatar.com\/avatar\/3a8de04a2656d44082be478bd6c086daa447c4651605818287b9532d3d0bd435?s=96&d=mm&r=g","contentUrl":"https:\/\/secure.gravatar.com\/avatar\/3a8de04a2656d44082be478bd6c086daa447c4651605818287b9532d3d0bd435?s=96&d=mm&r=g","caption":"Lo viste en Los Pol\u00edticos"},"url":"https:\/\/lospoliticosveracruz.com\/?author=2"}]}},"_links":{"self":[{"href":"https:\/\/lospoliticosveracruz.com\/index.php?rest_route=\/wp\/v2\/posts\/83514","targetHints":{"allow":["GET"]}}],"collection":[{"href":"https:\/\/lospoliticosveracruz.com\/index.php?rest_route=\/wp\/v2\/posts"}],"about":[{"href":"https:\/\/lospoliticosveracruz.com\/index.php?rest_route=\/wp\/v2\/types\/post"}],"author":[{"embeddable":true,"href":"https:\/\/lospoliticosveracruz.com\/index.php?rest_route=\/wp\/v2\/users\/2"}],"replies":[{"embeddable":true,"href":"https:\/\/lospoliticosveracruz.com\/index.php?rest_route=%2Fwp%2Fv2%2Fcomments&post=83514"}],"version-history":[{"count":1,"href":"https:\/\/lospoliticosveracruz.com\/index.php?rest_route=\/wp\/v2\/posts\/83514\/revisions"}],"predecessor-version":[{"id":83516,"href":"https:\/\/lospoliticosveracruz.com\/index.php?rest_route=\/wp\/v2\/posts\/83514\/revisions\/83516"}],"wp:attachment":[{"href":"https:\/\/lospoliticosveracruz.com\/index.php?rest_route=%2Fwp%2Fv2%2Fmedia&parent=83514"}],"wp:term":[{"taxonomy":"category","embeddable":true,"href":"https:\/\/lospoliticosveracruz.com\/index.php?rest_route=%2Fwp%2Fv2%2Fcategories&post=83514"},{"taxonomy":"post_tag","embeddable":true,"href":"https:\/\/lospoliticosveracruz.com\/index.php?rest_route=%2Fwp%2Fv2%2Ftags&post=83514"}],"curies":[{"name":"wp","href":"https:\/\/api.w.org\/{rel}","templated":true}]}}