{"id":83517,"date":"2021-12-16T16:29:18","date_gmt":"2021-12-16T22:29:18","guid":{"rendered":"https:\/\/lospoliticosveracruz.com.mx\/?p=83517"},"modified":"2021-12-16T16:29:24","modified_gmt":"2021-12-16T22:29:24","slug":"la-hara-de-sergio-claus","status":"publish","type":"post","link":"https:\/\/lospoliticosveracruz.com\/?p=83517","title":{"rendered":"La har\u00e1 de Sergio Claus!"},"content":{"rendered":"\n<p><\/p>\n\n\n\n<p><strong>Ciudad de M\u00e9xico<\/strong><\/p>\n\n\n\n<p><br>El Presidente de la Comisi\u00f3n Permanente del Congreso de la Uni\u00f3n, el veracruzano Sergio Guti\u00e9rrez Luna, sostuvo un ejercicio de comunicaci\u00f3n digital con periodistas de la entidad donde refrend\u00f3 su vocaci\u00f3n de dar a conocer las actividades de la C\u00e1mara de Diputados y los logros de la Cuarta Transformaci\u00f3n.<\/p>\n\n\n\n<p>El legislador originario de Minatitl\u00e1n, al sur de Veracruz, atendi\u00f3 los cuestionamientos de comunicadores de diferentes partes de la entidad a quienes les reiter\u00f3 su convicci\u00f3n de hacer pol\u00edtica constructiva y de convicciones que atiendan a la poblaci\u00f3n que m\u00e1s lo necesita.<\/p>\n\n\n\n<p>Sergio Guti\u00e9rrez, quien la v\u00edspera fue electo por senadores y diputados como presidente de la Comisi\u00f3n Permanente del Congreso de la Uni\u00f3n, se\u00f1al\u00f3 que los compromisos se cumplen y por ello este fin de semana har\u00e1 realidad el ofrecimiento de donar su aguinaldo para ni\u00f1os y ni\u00f1as de Veracruz.<\/p>\n\n\n\n<p>\u201cVoy a cumplir con el anuncio que hice de donar mi aguinaldo. Este fin de semana voy a cumplir mi ofrecimiento y estaremos acompa\u00f1ando a ni\u00f1os y sus familias en reuniones en el norte, sur y la zona de la cuenca del Papaloapan\u201d, dijo a reporteros.<\/p>\n\n\n\n<p>El veracruzano inform\u00f3 sobre las actividades realizadas durante el Primer Periodo Ordinario de Sesiones de la LXV Legislatura donde se realizaron 32 sesiones ordinarias y tres solemnes con motivo de la creaci\u00f3n de la Secretar\u00eda de Educaci\u00f3n P\u00fablica; el Bicentenario de la Marina Armada de M\u00e9xico, y el D\u00eda Internacional de la Eliminaci\u00f3n de la Violencia contra la Mujer.<\/p>\n\n\n\n<p>Se presentaron 737 iniciativas en la C\u00e1mara de Diputados, de las cuales cinco fueron enviadas por el presidente de la Rep\u00fablica.<\/p>\n\n\n\n<p>La fracci\u00f3n parlamentaria de Morena, present\u00f3 240 iniciativas; el PAN, 170; PRI, 114; PT, 58; MC, 51; PVEM, 35, y PRD, 24. Y 40 m\u00e1s, enviadas por los congresos locales.<\/p>\n\n\n\n<p>En el Sal\u00f3n Plenario se aprobaron 28 dict\u00e1menes entre los que destacan los relativos al Paquete Econ\u00f3mico 2022; el que expidi\u00f3 la Ley Federal de Juicio Pol\u00edtico y Declaraci\u00f3n de Procedencia; la Ley Federal de Revocaci\u00f3n de Mandato, entre otros.<\/p>\n\n\n\n<p>Ante casi un centenar de periodistas de diferentes medios de comunicaci\u00f3n que plantearon sus preguntas v\u00eda digital a trav\u00e9s de la plataforma Zoom, el diputado federal minatitleco refiri\u00f3 que a la par de las actividades en la sede legislativa, realiza recorridos y reuniones con sectores productivos, ciudadanos y militantes de Morena para darles a conocer directamente las cosas buenas que se hacen en la Cuarta Transformaci\u00f3n.<\/p>\n","protected":false},"excerpt":{"rendered":"<p>Ciudad de M\u00e9xico El Presidente de la Comisi\u00f3n Permanente del Congreso de la Uni\u00f3n, el veracruzano Sergio Guti\u00e9rrez Luna, sostuvo un ejercicio de comunicaci\u00f3n digital con periodistas de la entidad donde refrend\u00f3 su vocaci\u00f3n de dar a conocer las actividades de la C\u00e1mara de Diputados y los logros de la Cuarta Transformaci\u00f3n. El legislador originario [&hellip;]<\/p>\n","protected":false},"author":2,"featured_media":0,"comment_status":"closed","ping_status":"closed","sticky":false,"template":"","format":"standard","meta":{"tdm_status":"","tdm_grid_status":"","footnotes":""},"categories":[73],"tags":[12744,1026,16147,195],"class_list":{"0":"post-83517","1":"post","2":"type-post","3":"status-publish","4":"format-standard","6":"category-de-boleto","7":"tag-cuarta-transformacion","8":"tag-morena","9":"tag-sergio-gutierrez-luna","10":"tag-veracruz"},"yoast_head":"<!-- This site is optimized with the Yoast SEO plugin v27.4 - https:\/\/yoast.com\/product\/yoast-seo-wordpress\/ -->\n<title>La har\u00e1 de Sergio Claus! - Los pol\u00edticos Veracruz<\/title>\n<meta name=\"robots\" content=\"index, follow, max-snippet:-1, max-image-preview:large, max-video-preview:-1\" \/>\n<link rel=\"canonical\" href=\"https:\/\/lospoliticosveracruz.com\/?p=83517\" \/>\n<meta property=\"og:locale\" content=\"es_ES\" \/>\n<meta property=\"og:type\" content=\"article\" \/>\n<meta property=\"og:title\" content=\"La har\u00e1 de Sergio Claus! - Los pol\u00edticos Veracruz\" \/>\n<meta property=\"og:description\" content=\"Ciudad de M\u00e9xico El Presidente de la Comisi\u00f3n Permanente del Congreso de la Uni\u00f3n, el veracruzano Sergio Guti\u00e9rrez Luna, sostuvo un ejercicio de comunicaci\u00f3n digital con periodistas de la entidad donde refrend\u00f3 su vocaci\u00f3n de dar a conocer las actividades de la C\u00e1mara de Diputados y los logros de la Cuarta Transformaci\u00f3n. El legislador originario [&hellip;]\" \/>\n<meta property=\"og:url\" content=\"https:\/\/lospoliticosveracruz.com\/?p=83517\" \/>\n<meta property=\"og:site_name\" content=\"Los pol\u00edticos Veracruz\" \/>\n<meta property=\"article:publisher\" content=\"https:\/\/www.facebook.com\/people\/Notimemes-de-los-Polticos\/61565672886568\/\" \/>\n<meta property=\"article:published_time\" content=\"2021-12-16T22:29:18+00:00\" \/>\n<meta property=\"article:modified_time\" content=\"2021-12-16T22:29:24+00:00\" \/>\n<meta property=\"og:image\" content=\"https:\/\/lospoliticosveracruz.com\/wp-content\/uploads\/2016\/07\/Logo-Dor.jpg\" \/>\n\t<meta property=\"og:image:width\" content=\"200\" \/>\n\t<meta property=\"og:image:height\" content=\"200\" \/>\n\t<meta property=\"og:image:type\" content=\"image\/jpeg\" \/>\n<meta name=\"author\" content=\"Lo viste en Los Pol\u00edticos\" \/>\n<meta name=\"twitter:card\" content=\"summary_large_image\" \/>\n<meta name=\"twitter:creator\" content=\"@LosPoliticosVer\" \/>\n<meta name=\"twitter:site\" content=\"@LosPoliticosVer\" \/>\n<meta name=\"twitter:label1\" content=\"Escrito por\" \/>\n\t<meta name=\"twitter:data1\" content=\"Lo viste en Los Pol\u00edticos\" \/>\n\t<meta name=\"twitter:label2\" content=\"Tiempo de lectura\" \/>\n\t<meta name=\"twitter:data2\" content=\"2 minutos\" \/>\n<script type=\"application\/ld+json\" class=\"yoast-schema-graph\">{\"@context\":\"https:\\\/\\\/schema.org\",\"@graph\":[{\"@type\":\"Article\",\"@id\":\"https:\\\/\\\/lospoliticosveracruz.com\\\/?p=83517#article\",\"isPartOf\":{\"@id\":\"https:\\\/\\\/lospoliticosveracruz.com\\\/?p=83517\"},\"author\":{\"name\":\"Lo viste en Los Pol\u00edticos\",\"@id\":\"https:\\\/\\\/lospoliticosveracruz.com\\\/#\\\/schema\\\/person\\\/b8702bb0e538456e6efd07080bf2a4a2\"},\"headline\":\"La har\u00e1 de Sergio Claus!\",\"datePublished\":\"2021-12-16T22:29:18+00:00\",\"dateModified\":\"2021-12-16T22:29:24+00:00\",\"mainEntityOfPage\":{\"@id\":\"https:\\\/\\\/lospoliticosveracruz.com\\\/?p=83517\"},\"wordCount\":441,\"publisher\":{\"@id\":\"https:\\\/\\\/lospoliticosveracruz.com\\\/#organization\"},\"keywords\":[\"Cuarta Transformaci\u00f3n\",\"Morena\",\"Sergio Guti\u00e9rrez Luna\",\"Veracruz\"],\"articleSection\":[\"De Boleto\"],\"inLanguage\":\"es\"},{\"@type\":\"WebPage\",\"@id\":\"https:\\\/\\\/lospoliticosveracruz.com\\\/?p=83517\",\"url\":\"https:\\\/\\\/lospoliticosveracruz.com\\\/?p=83517\",\"name\":\"La har\u00e1 de Sergio Claus! - Los pol\u00edticos Veracruz\",\"isPartOf\":{\"@id\":\"https:\\\/\\\/lospoliticosveracruz.com\\\/#website\"},\"datePublished\":\"2021-12-16T22:29:18+00:00\",\"dateModified\":\"2021-12-16T22:29:24+00:00\",\"breadcrumb\":{\"@id\":\"https:\\\/\\\/lospoliticosveracruz.com\\\/?p=83517#breadcrumb\"},\"inLanguage\":\"es\",\"potentialAction\":[{\"@type\":\"ReadAction\",\"target\":[\"https:\\\/\\\/lospoliticosveracruz.com\\\/?p=83517\"]}]},{\"@type\":\"BreadcrumbList\",\"@id\":\"https:\\\/\\\/lospoliticosveracruz.com\\\/?p=83517#breadcrumb\",\"itemListElement\":[{\"@type\":\"ListItem\",\"position\":1,\"name\":\"Portada\",\"item\":\"https:\\\/\\\/lospoliticosveracruz.com\\\/\"},{\"@type\":\"ListItem\",\"position\":2,\"name\":\"La har\u00e1 de Sergio Claus!\"}]},{\"@type\":\"WebSite\",\"@id\":\"https:\\\/\\\/lospoliticosveracruz.com\\\/#website\",\"url\":\"https:\\\/\\\/lospoliticosveracruz.com\\\/\",\"name\":\"Los pol\u00edticos Veracruz\",\"description\":\"\",\"publisher\":{\"@id\":\"https:\\\/\\\/lospoliticosveracruz.com\\\/#organization\"},\"potentialAction\":[{\"@type\":\"SearchAction\",\"target\":{\"@type\":\"EntryPoint\",\"urlTemplate\":\"https:\\\/\\\/lospoliticosveracruz.com\\\/?s={search_term_string}\"},\"query-input\":{\"@type\":\"PropertyValueSpecification\",\"valueRequired\":true,\"valueName\":\"search_term_string\"}}],\"inLanguage\":\"es\"},{\"@type\":\"Organization\",\"@id\":\"https:\\\/\\\/lospoliticosveracruz.com\\\/#organization\",\"name\":\"Los pol\u00edticos Veracruz\",\"url\":\"https:\\\/\\\/lospoliticosveracruz.com\\\/\",\"logo\":{\"@type\":\"ImageObject\",\"inLanguage\":\"es\",\"@id\":\"https:\\\/\\\/lospoliticosveracruz.com\\\/#\\\/schema\\\/logo\\\/image\\\/\",\"url\":\"https:\\\/\\\/lospoliticosveracruz.com\\\/wp-content\\\/uploads\\\/2025\\\/12\\\/Logo-Nuevo-LOS-POLITICOS-1.jpg\",\"contentUrl\":\"https:\\\/\\\/lospoliticosveracruz.com\\\/wp-content\\\/uploads\\\/2025\\\/12\\\/Logo-Nuevo-LOS-POLITICOS-1.jpg\",\"width\":260,\"height\":70,\"caption\":\"Los pol\u00edticos Veracruz\"},\"image\":{\"@id\":\"https:\\\/\\\/lospoliticosveracruz.com\\\/#\\\/schema\\\/logo\\\/image\\\/\"},\"sameAs\":[\"https:\\\/\\\/www.facebook.com\\\/people\\\/Notimemes-de-los-Polticos\\\/61565672886568\\\/\",\"https:\\\/\\\/x.com\\\/LosPoliticosVer\"]},{\"@type\":\"Person\",\"@id\":\"https:\\\/\\\/lospoliticosveracruz.com\\\/#\\\/schema\\\/person\\\/b8702bb0e538456e6efd07080bf2a4a2\",\"name\":\"Lo viste en Los Pol\u00edticos\",\"image\":{\"@type\":\"ImageObject\",\"inLanguage\":\"es\",\"@id\":\"https:\\\/\\\/secure.gravatar.com\\\/avatar\\\/3a8de04a2656d44082be478bd6c086daa447c4651605818287b9532d3d0bd435?s=96&d=mm&r=g\",\"url\":\"https:\\\/\\\/secure.gravatar.com\\\/avatar\\\/3a8de04a2656d44082be478bd6c086daa447c4651605818287b9532d3d0bd435?s=96&d=mm&r=g\",\"contentUrl\":\"https:\\\/\\\/secure.gravatar.com\\\/avatar\\\/3a8de04a2656d44082be478bd6c086daa447c4651605818287b9532d3d0bd435?s=96&d=mm&r=g\",\"caption\":\"Lo viste en Los Pol\u00edticos\"},\"url\":\"https:\\\/\\\/lospoliticosveracruz.com\\\/?author=2\"}]}<\/script>\n<!-- \/ Yoast SEO plugin. -->","yoast_head_json":{"title":"La har\u00e1 de Sergio Claus! - Los pol\u00edticos Veracruz","robots":{"index":"index","follow":"follow","max-snippet":"max-snippet:-1","max-image-preview":"max-image-preview:large","max-video-preview":"max-video-preview:-1"},"canonical":"https:\/\/lospoliticosveracruz.com\/?p=83517","og_locale":"es_ES","og_type":"article","og_title":"La har\u00e1 de Sergio Claus! - Los pol\u00edticos Veracruz","og_description":"Ciudad de M\u00e9xico El Presidente de la Comisi\u00f3n Permanente del Congreso de la Uni\u00f3n, el veracruzano Sergio Guti\u00e9rrez Luna, sostuvo un ejercicio de comunicaci\u00f3n digital con periodistas de la entidad donde refrend\u00f3 su vocaci\u00f3n de dar a conocer las actividades de la C\u00e1mara de Diputados y los logros de la Cuarta Transformaci\u00f3n. El legislador originario [&hellip;]","og_url":"https:\/\/lospoliticosveracruz.com\/?p=83517","og_site_name":"Los pol\u00edticos Veracruz","article_publisher":"https:\/\/www.facebook.com\/people\/Notimemes-de-los-Polticos\/61565672886568\/","article_published_time":"2021-12-16T22:29:18+00:00","article_modified_time":"2021-12-16T22:29:24+00:00","og_image":[{"width":200,"height":200,"url":"https:\/\/lospoliticosveracruz.com\/wp-content\/uploads\/2016\/07\/Logo-Dor.jpg","type":"image\/jpeg"}],"author":"Lo viste en Los Pol\u00edticos","twitter_card":"summary_large_image","twitter_creator":"@LosPoliticosVer","twitter_site":"@LosPoliticosVer","twitter_misc":{"Escrito por":"Lo viste en Los Pol\u00edticos","Tiempo de lectura":"2 minutos"},"schema":{"@context":"https:\/\/schema.org","@graph":[{"@type":"Article","@id":"https:\/\/lospoliticosveracruz.com\/?p=83517#article","isPartOf":{"@id":"https:\/\/lospoliticosveracruz.com\/?p=83517"},"author":{"name":"Lo viste en Los Pol\u00edticos","@id":"https:\/\/lospoliticosveracruz.com\/#\/schema\/person\/b8702bb0e538456e6efd07080bf2a4a2"},"headline":"La har\u00e1 de Sergio Claus!","datePublished":"2021-12-16T22:29:18+00:00","dateModified":"2021-12-16T22:29:24+00:00","mainEntityOfPage":{"@id":"https:\/\/lospoliticosveracruz.com\/?p=83517"},"wordCount":441,"publisher":{"@id":"https:\/\/lospoliticosveracruz.com\/#organization"},"keywords":["Cuarta Transformaci\u00f3n","Morena","Sergio Guti\u00e9rrez Luna","Veracruz"],"articleSection":["De Boleto"],"inLanguage":"es"},{"@type":"WebPage","@id":"https:\/\/lospoliticosveracruz.com\/?p=83517","url":"https:\/\/lospoliticosveracruz.com\/?p=83517","name":"La har\u00e1 de Sergio Claus! - Los pol\u00edticos Veracruz","isPartOf":{"@id":"https:\/\/lospoliticosveracruz.com\/#website"},"datePublished":"2021-12-16T22:29:18+00:00","dateModified":"2021-12-16T22:29:24+00:00","breadcrumb":{"@id":"https:\/\/lospoliticosveracruz.com\/?p=83517#breadcrumb"},"inLanguage":"es","potentialAction":[{"@type":"ReadAction","target":["https:\/\/lospoliticosveracruz.com\/?p=83517"]}]},{"@type":"BreadcrumbList","@id":"https:\/\/lospoliticosveracruz.com\/?p=83517#breadcrumb","itemListElement":[{"@type":"ListItem","position":1,"name":"Portada","item":"https:\/\/lospoliticosveracruz.com\/"},{"@type":"ListItem","position":2,"name":"La har\u00e1 de Sergio Claus!"}]},{"@type":"WebSite","@id":"https:\/\/lospoliticosveracruz.com\/#website","url":"https:\/\/lospoliticosveracruz.com\/","name":"Los pol\u00edticos Veracruz","description":"","publisher":{"@id":"https:\/\/lospoliticosveracruz.com\/#organization"},"potentialAction":[{"@type":"SearchAction","target":{"@type":"EntryPoint","urlTemplate":"https:\/\/lospoliticosveracruz.com\/?s={search_term_string}"},"query-input":{"@type":"PropertyValueSpecification","valueRequired":true,"valueName":"search_term_string"}}],"inLanguage":"es"},{"@type":"Organization","@id":"https:\/\/lospoliticosveracruz.com\/#organization","name":"Los pol\u00edticos Veracruz","url":"https:\/\/lospoliticosveracruz.com\/","logo":{"@type":"ImageObject","inLanguage":"es","@id":"https:\/\/lospoliticosveracruz.com\/#\/schema\/logo\/image\/","url":"https:\/\/lospoliticosveracruz.com\/wp-content\/uploads\/2025\/12\/Logo-Nuevo-LOS-POLITICOS-1.jpg","contentUrl":"https:\/\/lospoliticosveracruz.com\/wp-content\/uploads\/2025\/12\/Logo-Nuevo-LOS-POLITICOS-1.jpg","width":260,"height":70,"caption":"Los pol\u00edticos Veracruz"},"image":{"@id":"https:\/\/lospoliticosveracruz.com\/#\/schema\/logo\/image\/"},"sameAs":["https:\/\/www.facebook.com\/people\/Notimemes-de-los-Polticos\/61565672886568\/","https:\/\/x.com\/LosPoliticosVer"]},{"@type":"Person","@id":"https:\/\/lospoliticosveracruz.com\/#\/schema\/person\/b8702bb0e538456e6efd07080bf2a4a2","name":"Lo viste en Los Pol\u00edticos","image":{"@type":"ImageObject","inLanguage":"es","@id":"https:\/\/secure.gravatar.com\/avatar\/3a8de04a2656d44082be478bd6c086daa447c4651605818287b9532d3d0bd435?s=96&d=mm&r=g","url":"https:\/\/secure.gravatar.com\/avatar\/3a8de04a2656d44082be478bd6c086daa447c4651605818287b9532d3d0bd435?s=96&d=mm&r=g","contentUrl":"https:\/\/secure.gravatar.com\/avatar\/3a8de04a2656d44082be478bd6c086daa447c4651605818287b9532d3d0bd435?s=96&d=mm&r=g","caption":"Lo viste en Los Pol\u00edticos"},"url":"https:\/\/lospoliticosveracruz.com\/?author=2"}]}},"_links":{"self":[{"href":"https:\/\/lospoliticosveracruz.com\/index.php?rest_route=\/wp\/v2\/posts\/83517","targetHints":{"allow":["GET"]}}],"collection":[{"href":"https:\/\/lospoliticosveracruz.com\/index.php?rest_route=\/wp\/v2\/posts"}],"about":[{"href":"https:\/\/lospoliticosveracruz.com\/index.php?rest_route=\/wp\/v2\/types\/post"}],"author":[{"embeddable":true,"href":"https:\/\/lospoliticosveracruz.com\/index.php?rest_route=\/wp\/v2\/users\/2"}],"replies":[{"embeddable":true,"href":"https:\/\/lospoliticosveracruz.com\/index.php?rest_route=%2Fwp%2Fv2%2Fcomments&post=83517"}],"version-history":[{"count":1,"href":"https:\/\/lospoliticosveracruz.com\/index.php?rest_route=\/wp\/v2\/posts\/83517\/revisions"}],"predecessor-version":[{"id":83519,"href":"https:\/\/lospoliticosveracruz.com\/index.php?rest_route=\/wp\/v2\/posts\/83517\/revisions\/83519"}],"wp:attachment":[{"href":"https:\/\/lospoliticosveracruz.com\/index.php?rest_route=%2Fwp%2Fv2%2Fmedia&parent=83517"}],"wp:term":[{"taxonomy":"category","embeddable":true,"href":"https:\/\/lospoliticosveracruz.com\/index.php?rest_route=%2Fwp%2Fv2%2Fcategories&post=83517"},{"taxonomy":"post_tag","embeddable":true,"href":"https:\/\/lospoliticosveracruz.com\/index.php?rest_route=%2Fwp%2Fv2%2Ftags&post=83517"}],"curies":[{"name":"wp","href":"https:\/\/api.w.org\/{rel}","templated":true}]}}