{"id":83530,"date":"2021-12-16T19:57:41","date_gmt":"2021-12-17T01:57:41","guid":{"rendered":"https:\/\/lospoliticosveracruz.com.mx\/?p=83530"},"modified":"2021-12-16T19:57:44","modified_gmt":"2021-12-17T01:57:44","slug":"sergio-con-el-motor-de-san-cristobal","status":"publish","type":"post","link":"https:\/\/lospoliticosveracruz.com\/?p=83530","title":{"rendered":"Sergio, con el motor de San Crist\u00f3bal"},"content":{"rendered":"\n<p>Eduardo Venegas Naranjo<br>Ciudad de M\u00e9xico<\/p>\n\n\n\n<p><br>Esta tarde, el Presidente del Congreso de la Uni\u00f3n, Diputado Sergio Guti\u00e9rrez Luna\u00a0\u00a0tuvo un encuentro con ca\u00f1eros de la cuenca del Papaloapan acompa\u00f1ados del diputado Valent\u00edn Reyes Lopez y el Presidente de la Uni\u00f3n Local de Productores de Ca\u00f1a de Az\u00facar del Ingenio San Crist\u00f3bal, Luis Carlos P\u00e9rez Balderas; el Secretario General del Sindicato de Obreros del Ingenio San Cristobal, Salvador Sequeda, as\u00ed como de Mauricio Carl\u00edn Castillo.<br>En la reuni\u00f3n acordaron trabajar por el bien del sector ca\u00f1ero para impulsar mejores estrategias que beneficien a familias que dependan de esta actividad.\u00a0<br>Sergio Guti\u00e9rrez le dio todo el respaldo a los ca\u00f1eros del San Crist\u00f3bal y le record\u00f3 a Luis Carlos P\u00e9rez que en \u00e9l tienen un aliado, de igual forma se comprometi\u00f3 a buscar beneficios para los obreros de la factor\u00eda.<br>Por su parte P\u00e9rez Balderas se\u00f1al\u00f3 que el gremio ca\u00f1ero vive un buen momento y que ellos como l\u00edderes son gestores ante el gobierno.<br>El apoderado legal del Sindicato Independiente 5608 de obreros, Mauricio Carlin Castillo destac\u00f3 que es momento se seguir trabajando por los obreros y mejorar sus condiciones de empleo, ya que son el motor del San Crist\u00f3bal.<\/p>\n","protected":false},"excerpt":{"rendered":"<p>Eduardo Venegas NaranjoCiudad de M\u00e9xico Esta tarde, el Presidente del Congreso de la Uni\u00f3n, Diputado Sergio Guti\u00e9rrez Luna\u00a0\u00a0tuvo un encuentro con ca\u00f1eros de la cuenca del Papaloapan acompa\u00f1ados del diputado Valent\u00edn Reyes Lopez y el Presidente de la Uni\u00f3n Local de Productores de Ca\u00f1a de Az\u00facar del Ingenio San Crist\u00f3bal, Luis Carlos P\u00e9rez Balderas; el [&hellip;]<\/p>\n","protected":false},"author":2,"featured_media":0,"comment_status":"closed","ping_status":"closed","sticky":false,"template":"","format":"standard","meta":{"tdm_status":"","tdm_grid_status":"","footnotes":""},"categories":[6446],"tags":[31660,18404,5174,1026,12956,16147,195],"class_list":{"0":"post-83530","1":"post","2":"type-post","3":"status-publish","4":"format-standard","6":"category-la-nota","7":"tag-caneros-del-san-cristobal","8":"tag-luis-carlos-perez-balderas","9":"tag-mauricio-carlin-castillo","10":"tag-morena","11":"tag-papaloapan","12":"tag-sergio-gutierrez-luna","13":"tag-veracruz"},"yoast_head":"<!-- This site is optimized with the Yoast SEO plugin v27.4 - https:\/\/yoast.com\/product\/yoast-seo-wordpress\/ -->\n<title>Sergio, con el motor de San Crist\u00f3bal - Los pol\u00edticos Veracruz<\/title>\n<meta name=\"robots\" content=\"index, follow, max-snippet:-1, max-image-preview:large, max-video-preview:-1\" \/>\n<link rel=\"canonical\" href=\"https:\/\/lospoliticosveracruz.com\/?p=83530\" \/>\n<meta property=\"og:locale\" content=\"es_ES\" \/>\n<meta property=\"og:type\" content=\"article\" \/>\n<meta property=\"og:title\" content=\"Sergio, con el motor de San Crist\u00f3bal - Los pol\u00edticos Veracruz\" \/>\n<meta property=\"og:description\" content=\"Eduardo Venegas NaranjoCiudad de M\u00e9xico Esta tarde, el Presidente del Congreso de la Uni\u00f3n, Diputado Sergio Guti\u00e9rrez Luna\u00a0\u00a0tuvo un encuentro con ca\u00f1eros de la cuenca del Papaloapan acompa\u00f1ados del diputado Valent\u00edn Reyes Lopez y el Presidente de la Uni\u00f3n Local de Productores de Ca\u00f1a de Az\u00facar del Ingenio San Crist\u00f3bal, Luis Carlos P\u00e9rez Balderas; el [&hellip;]\" \/>\n<meta property=\"og:url\" content=\"https:\/\/lospoliticosveracruz.com\/?p=83530\" \/>\n<meta property=\"og:site_name\" content=\"Los pol\u00edticos Veracruz\" \/>\n<meta property=\"article:publisher\" content=\"https:\/\/www.facebook.com\/people\/Notimemes-de-los-Polticos\/61565672886568\/\" \/>\n<meta property=\"article:published_time\" content=\"2021-12-17T01:57:41+00:00\" \/>\n<meta property=\"article:modified_time\" content=\"2021-12-17T01:57:44+00:00\" \/>\n<meta property=\"og:image\" content=\"https:\/\/lospoliticosveracruz.com\/wp-content\/uploads\/2016\/07\/Logo-Dor.jpg\" \/>\n\t<meta property=\"og:image:width\" content=\"200\" \/>\n\t<meta property=\"og:image:height\" content=\"200\" \/>\n\t<meta property=\"og:image:type\" content=\"image\/jpeg\" \/>\n<meta name=\"author\" content=\"Lo viste en Los Pol\u00edticos\" \/>\n<meta name=\"twitter:card\" content=\"summary_large_image\" \/>\n<meta name=\"twitter:creator\" content=\"@LosPoliticosVer\" \/>\n<meta name=\"twitter:site\" content=\"@LosPoliticosVer\" \/>\n<meta name=\"twitter:label1\" content=\"Escrito por\" \/>\n\t<meta name=\"twitter:data1\" content=\"Lo viste en Los Pol\u00edticos\" \/>\n\t<meta name=\"twitter:label2\" content=\"Tiempo de lectura\" \/>\n\t<meta name=\"twitter:data2\" content=\"1 minuto\" \/>\n<script type=\"application\/ld+json\" class=\"yoast-schema-graph\">{\"@context\":\"https:\\\/\\\/schema.org\",\"@graph\":[{\"@type\":\"Article\",\"@id\":\"https:\\\/\\\/lospoliticosveracruz.com\\\/?p=83530#article\",\"isPartOf\":{\"@id\":\"https:\\\/\\\/lospoliticosveracruz.com\\\/?p=83530\"},\"author\":{\"name\":\"Lo viste en Los Pol\u00edticos\",\"@id\":\"https:\\\/\\\/lospoliticosveracruz.com\\\/#\\\/schema\\\/person\\\/b8702bb0e538456e6efd07080bf2a4a2\"},\"headline\":\"Sergio, con el motor de San Crist\u00f3bal\",\"datePublished\":\"2021-12-17T01:57:41+00:00\",\"dateModified\":\"2021-12-17T01:57:44+00:00\",\"mainEntityOfPage\":{\"@id\":\"https:\\\/\\\/lospoliticosveracruz.com\\\/?p=83530\"},\"wordCount\":229,\"publisher\":{\"@id\":\"https:\\\/\\\/lospoliticosveracruz.com\\\/#organization\"},\"keywords\":[\"ca\u00f1eros del San Crist\u00f3bal\",\"Luis Carlos P\u00e9rez Balderas\",\"Mauricio Carl\u00edn Castillo\",\"Morena\",\"Papaloapan\",\"Sergio Guti\u00e9rrez Luna\",\"Veracruz\"],\"articleSection\":[\"La Nota\"],\"inLanguage\":\"es\"},{\"@type\":\"WebPage\",\"@id\":\"https:\\\/\\\/lospoliticosveracruz.com\\\/?p=83530\",\"url\":\"https:\\\/\\\/lospoliticosveracruz.com\\\/?p=83530\",\"name\":\"Sergio, con el motor de San Crist\u00f3bal - Los pol\u00edticos Veracruz\",\"isPartOf\":{\"@id\":\"https:\\\/\\\/lospoliticosveracruz.com\\\/#website\"},\"datePublished\":\"2021-12-17T01:57:41+00:00\",\"dateModified\":\"2021-12-17T01:57:44+00:00\",\"breadcrumb\":{\"@id\":\"https:\\\/\\\/lospoliticosveracruz.com\\\/?p=83530#breadcrumb\"},\"inLanguage\":\"es\",\"potentialAction\":[{\"@type\":\"ReadAction\",\"target\":[\"https:\\\/\\\/lospoliticosveracruz.com\\\/?p=83530\"]}]},{\"@type\":\"BreadcrumbList\",\"@id\":\"https:\\\/\\\/lospoliticosveracruz.com\\\/?p=83530#breadcrumb\",\"itemListElement\":[{\"@type\":\"ListItem\",\"position\":1,\"name\":\"Portada\",\"item\":\"https:\\\/\\\/lospoliticosveracruz.com\\\/\"},{\"@type\":\"ListItem\",\"position\":2,\"name\":\"Sergio, con el motor de San Crist\u00f3bal\"}]},{\"@type\":\"WebSite\",\"@id\":\"https:\\\/\\\/lospoliticosveracruz.com\\\/#website\",\"url\":\"https:\\\/\\\/lospoliticosveracruz.com\\\/\",\"name\":\"Los pol\u00edticos Veracruz\",\"description\":\"\",\"publisher\":{\"@id\":\"https:\\\/\\\/lospoliticosveracruz.com\\\/#organization\"},\"potentialAction\":[{\"@type\":\"SearchAction\",\"target\":{\"@type\":\"EntryPoint\",\"urlTemplate\":\"https:\\\/\\\/lospoliticosveracruz.com\\\/?s={search_term_string}\"},\"query-input\":{\"@type\":\"PropertyValueSpecification\",\"valueRequired\":true,\"valueName\":\"search_term_string\"}}],\"inLanguage\":\"es\"},{\"@type\":\"Organization\",\"@id\":\"https:\\\/\\\/lospoliticosveracruz.com\\\/#organization\",\"name\":\"Los pol\u00edticos Veracruz\",\"url\":\"https:\\\/\\\/lospoliticosveracruz.com\\\/\",\"logo\":{\"@type\":\"ImageObject\",\"inLanguage\":\"es\",\"@id\":\"https:\\\/\\\/lospoliticosveracruz.com\\\/#\\\/schema\\\/logo\\\/image\\\/\",\"url\":\"https:\\\/\\\/lospoliticosveracruz.com\\\/wp-content\\\/uploads\\\/2025\\\/12\\\/Logo-Nuevo-LOS-POLITICOS-1.jpg\",\"contentUrl\":\"https:\\\/\\\/lospoliticosveracruz.com\\\/wp-content\\\/uploads\\\/2025\\\/12\\\/Logo-Nuevo-LOS-POLITICOS-1.jpg\",\"width\":260,\"height\":70,\"caption\":\"Los pol\u00edticos Veracruz\"},\"image\":{\"@id\":\"https:\\\/\\\/lospoliticosveracruz.com\\\/#\\\/schema\\\/logo\\\/image\\\/\"},\"sameAs\":[\"https:\\\/\\\/www.facebook.com\\\/people\\\/Notimemes-de-los-Polticos\\\/61565672886568\\\/\",\"https:\\\/\\\/x.com\\\/LosPoliticosVer\"]},{\"@type\":\"Person\",\"@id\":\"https:\\\/\\\/lospoliticosveracruz.com\\\/#\\\/schema\\\/person\\\/b8702bb0e538456e6efd07080bf2a4a2\",\"name\":\"Lo viste en Los Pol\u00edticos\",\"image\":{\"@type\":\"ImageObject\",\"inLanguage\":\"es\",\"@id\":\"https:\\\/\\\/secure.gravatar.com\\\/avatar\\\/3a8de04a2656d44082be478bd6c086daa447c4651605818287b9532d3d0bd435?s=96&d=mm&r=g\",\"url\":\"https:\\\/\\\/secure.gravatar.com\\\/avatar\\\/3a8de04a2656d44082be478bd6c086daa447c4651605818287b9532d3d0bd435?s=96&d=mm&r=g\",\"contentUrl\":\"https:\\\/\\\/secure.gravatar.com\\\/avatar\\\/3a8de04a2656d44082be478bd6c086daa447c4651605818287b9532d3d0bd435?s=96&d=mm&r=g\",\"caption\":\"Lo viste en Los Pol\u00edticos\"},\"url\":\"https:\\\/\\\/lospoliticosveracruz.com\\\/?author=2\"}]}<\/script>\n<!-- \/ Yoast SEO plugin. -->","yoast_head_json":{"title":"Sergio, con el motor de San Crist\u00f3bal - Los pol\u00edticos Veracruz","robots":{"index":"index","follow":"follow","max-snippet":"max-snippet:-1","max-image-preview":"max-image-preview:large","max-video-preview":"max-video-preview:-1"},"canonical":"https:\/\/lospoliticosveracruz.com\/?p=83530","og_locale":"es_ES","og_type":"article","og_title":"Sergio, con el motor de San Crist\u00f3bal - Los pol\u00edticos Veracruz","og_description":"Eduardo Venegas NaranjoCiudad de M\u00e9xico Esta tarde, el Presidente del Congreso de la Uni\u00f3n, Diputado Sergio Guti\u00e9rrez Luna\u00a0\u00a0tuvo un encuentro con ca\u00f1eros de la cuenca del Papaloapan acompa\u00f1ados del diputado Valent\u00edn Reyes Lopez y el Presidente de la Uni\u00f3n Local de Productores de Ca\u00f1a de Az\u00facar del Ingenio San Crist\u00f3bal, Luis Carlos P\u00e9rez Balderas; el [&hellip;]","og_url":"https:\/\/lospoliticosveracruz.com\/?p=83530","og_site_name":"Los pol\u00edticos Veracruz","article_publisher":"https:\/\/www.facebook.com\/people\/Notimemes-de-los-Polticos\/61565672886568\/","article_published_time":"2021-12-17T01:57:41+00:00","article_modified_time":"2021-12-17T01:57:44+00:00","og_image":[{"width":200,"height":200,"url":"https:\/\/lospoliticosveracruz.com\/wp-content\/uploads\/2016\/07\/Logo-Dor.jpg","type":"image\/jpeg"}],"author":"Lo viste en Los Pol\u00edticos","twitter_card":"summary_large_image","twitter_creator":"@LosPoliticosVer","twitter_site":"@LosPoliticosVer","twitter_misc":{"Escrito por":"Lo viste en Los Pol\u00edticos","Tiempo de lectura":"1 minuto"},"schema":{"@context":"https:\/\/schema.org","@graph":[{"@type":"Article","@id":"https:\/\/lospoliticosveracruz.com\/?p=83530#article","isPartOf":{"@id":"https:\/\/lospoliticosveracruz.com\/?p=83530"},"author":{"name":"Lo viste en Los Pol\u00edticos","@id":"https:\/\/lospoliticosveracruz.com\/#\/schema\/person\/b8702bb0e538456e6efd07080bf2a4a2"},"headline":"Sergio, con el motor de San Crist\u00f3bal","datePublished":"2021-12-17T01:57:41+00:00","dateModified":"2021-12-17T01:57:44+00:00","mainEntityOfPage":{"@id":"https:\/\/lospoliticosveracruz.com\/?p=83530"},"wordCount":229,"publisher":{"@id":"https:\/\/lospoliticosveracruz.com\/#organization"},"keywords":["ca\u00f1eros del San Crist\u00f3bal","Luis Carlos P\u00e9rez Balderas","Mauricio Carl\u00edn Castillo","Morena","Papaloapan","Sergio Guti\u00e9rrez Luna","Veracruz"],"articleSection":["La Nota"],"inLanguage":"es"},{"@type":"WebPage","@id":"https:\/\/lospoliticosveracruz.com\/?p=83530","url":"https:\/\/lospoliticosveracruz.com\/?p=83530","name":"Sergio, con el motor de San Crist\u00f3bal - Los pol\u00edticos Veracruz","isPartOf":{"@id":"https:\/\/lospoliticosveracruz.com\/#website"},"datePublished":"2021-12-17T01:57:41+00:00","dateModified":"2021-12-17T01:57:44+00:00","breadcrumb":{"@id":"https:\/\/lospoliticosveracruz.com\/?p=83530#breadcrumb"},"inLanguage":"es","potentialAction":[{"@type":"ReadAction","target":["https:\/\/lospoliticosveracruz.com\/?p=83530"]}]},{"@type":"BreadcrumbList","@id":"https:\/\/lospoliticosveracruz.com\/?p=83530#breadcrumb","itemListElement":[{"@type":"ListItem","position":1,"name":"Portada","item":"https:\/\/lospoliticosveracruz.com\/"},{"@type":"ListItem","position":2,"name":"Sergio, con el motor de San Crist\u00f3bal"}]},{"@type":"WebSite","@id":"https:\/\/lospoliticosveracruz.com\/#website","url":"https:\/\/lospoliticosveracruz.com\/","name":"Los pol\u00edticos Veracruz","description":"","publisher":{"@id":"https:\/\/lospoliticosveracruz.com\/#organization"},"potentialAction":[{"@type":"SearchAction","target":{"@type":"EntryPoint","urlTemplate":"https:\/\/lospoliticosveracruz.com\/?s={search_term_string}"},"query-input":{"@type":"PropertyValueSpecification","valueRequired":true,"valueName":"search_term_string"}}],"inLanguage":"es"},{"@type":"Organization","@id":"https:\/\/lospoliticosveracruz.com\/#organization","name":"Los pol\u00edticos Veracruz","url":"https:\/\/lospoliticosveracruz.com\/","logo":{"@type":"ImageObject","inLanguage":"es","@id":"https:\/\/lospoliticosveracruz.com\/#\/schema\/logo\/image\/","url":"https:\/\/lospoliticosveracruz.com\/wp-content\/uploads\/2025\/12\/Logo-Nuevo-LOS-POLITICOS-1.jpg","contentUrl":"https:\/\/lospoliticosveracruz.com\/wp-content\/uploads\/2025\/12\/Logo-Nuevo-LOS-POLITICOS-1.jpg","width":260,"height":70,"caption":"Los pol\u00edticos Veracruz"},"image":{"@id":"https:\/\/lospoliticosveracruz.com\/#\/schema\/logo\/image\/"},"sameAs":["https:\/\/www.facebook.com\/people\/Notimemes-de-los-Polticos\/61565672886568\/","https:\/\/x.com\/LosPoliticosVer"]},{"@type":"Person","@id":"https:\/\/lospoliticosveracruz.com\/#\/schema\/person\/b8702bb0e538456e6efd07080bf2a4a2","name":"Lo viste en Los Pol\u00edticos","image":{"@type":"ImageObject","inLanguage":"es","@id":"https:\/\/secure.gravatar.com\/avatar\/3a8de04a2656d44082be478bd6c086daa447c4651605818287b9532d3d0bd435?s=96&d=mm&r=g","url":"https:\/\/secure.gravatar.com\/avatar\/3a8de04a2656d44082be478bd6c086daa447c4651605818287b9532d3d0bd435?s=96&d=mm&r=g","contentUrl":"https:\/\/secure.gravatar.com\/avatar\/3a8de04a2656d44082be478bd6c086daa447c4651605818287b9532d3d0bd435?s=96&d=mm&r=g","caption":"Lo viste en Los Pol\u00edticos"},"url":"https:\/\/lospoliticosveracruz.com\/?author=2"}]}},"_links":{"self":[{"href":"https:\/\/lospoliticosveracruz.com\/index.php?rest_route=\/wp\/v2\/posts\/83530","targetHints":{"allow":["GET"]}}],"collection":[{"href":"https:\/\/lospoliticosveracruz.com\/index.php?rest_route=\/wp\/v2\/posts"}],"about":[{"href":"https:\/\/lospoliticosveracruz.com\/index.php?rest_route=\/wp\/v2\/types\/post"}],"author":[{"embeddable":true,"href":"https:\/\/lospoliticosveracruz.com\/index.php?rest_route=\/wp\/v2\/users\/2"}],"replies":[{"embeddable":true,"href":"https:\/\/lospoliticosveracruz.com\/index.php?rest_route=%2Fwp%2Fv2%2Fcomments&post=83530"}],"version-history":[{"count":1,"href":"https:\/\/lospoliticosveracruz.com\/index.php?rest_route=\/wp\/v2\/posts\/83530\/revisions"}],"predecessor-version":[{"id":83532,"href":"https:\/\/lospoliticosveracruz.com\/index.php?rest_route=\/wp\/v2\/posts\/83530\/revisions\/83532"}],"wp:attachment":[{"href":"https:\/\/lospoliticosveracruz.com\/index.php?rest_route=%2Fwp%2Fv2%2Fmedia&parent=83530"}],"wp:term":[{"taxonomy":"category","embeddable":true,"href":"https:\/\/lospoliticosveracruz.com\/index.php?rest_route=%2Fwp%2Fv2%2Fcategories&post=83530"},{"taxonomy":"post_tag","embeddable":true,"href":"https:\/\/lospoliticosveracruz.com\/index.php?rest_route=%2Fwp%2Fv2%2Ftags&post=83530"}],"curies":[{"name":"wp","href":"https:\/\/api.w.org\/{rel}","templated":true}]}}