{"id":83542,"date":"2021-12-17T08:35:37","date_gmt":"2021-12-17T14:35:37","guid":{"rendered":"https:\/\/lospoliticosveracruz.com.mx\/?p=83542"},"modified":"2021-12-17T08:35:45","modified_gmt":"2021-12-17T14:35:45","slug":"fotos-familiares-en-moloch","status":"publish","type":"post","link":"https:\/\/lospoliticosveracruz.com\/?p=83542","title":{"rendered":"\u00a1Fotos familiares en \u201cmoloch\u201d!"},"content":{"rendered":"\n<p><\/p>\n\n\n\n<p><strong>Felipe de Jes\u00fas Fern\u00e1ndez Basilio<br><\/strong><em>Desde A Janela<\/em><\/p>\n\n\n\n<p><em><br><\/em>En el t\u00edtulo de esta colaboraci\u00f3n utilizo la palabra \u201cmoloch\u201d no para referir a la deidad de la antig\u00fcedad atribuida a fenicios y p\u00fanicos pero que al parecer correspondi\u00f3 a hebreos y cananeos, sino que la evoco como una palabra del maya yucateco que todav\u00eda se utiliza para referirse a mucha gente junta, es decir a un bol\u00f3n de gente.<br>Y es que amables lectores, si se fijan bien en Veracruz, todos los titulares o representantes de poderes y de \u00f3rganos aut\u00f3nomos, se toman fotos juntos un d\u00eda s\u00ed y el otro tambi\u00e9n.<\/p>\n\n\n\n<div class=\"wp-block-image\"><figure class=\"alignleft size-full is-resized\"><a href=\"https:\/\/lospoliticosveracruz.com.mx\/wp-content\/uploads\/2021\/10\/Zacauilt.jpg\"><img loading=\"lazy\" decoding=\"async\" src=\"https:\/\/lospoliticosveracruz.com.mx\/wp-content\/uploads\/2021\/10\/Zacauilt.jpg\" alt=\"\" class=\"wp-image-80558\" width=\"250\" height=\"500\"\/><\/a><\/figure><\/div>\n\n\n\n<p><br>Y esas fotograf\u00edas se producen tanto en eventos solemnes como en nimiedades y as\u00ed vemos al bol\u00f3n de funcionarios que en teor\u00eda debieran ser independientes, siempre junto al gobernador en cosas tan solemnes y trascendentes como encender un adorno navide\u00f1o.<br>Asimismo, esas fotos grupales las vemos en todas y cada una de las sedes de los poderes y organismos constitucionalmente aut\u00f3nomos y curiosamente no se ven otras que fueran m\u00e1s naturales, como lo ser\u00eda una del gobernador con su gabinete o de los consejeros que integran los \u00f3rganos aut\u00f3nomos celebrando la navidad en sus propios institutos.<br>Y ello se debe a que el mensaje que se quiere mandar es que la independencia de los poderes y autonom\u00eda s\u00f3lo existe en la letra de la constituci\u00f3n del estado m\u00e1s en la realidad las cosas son muy diferentes y lo que demuestran es que todos los poderes y los organismos aut\u00f3nomos son una gran familia que gira en torno al gobernador y a su secretario de gobierno.<br>Es decir, la autollamada 4t en todo su esplendor y lo que se muestra en esas fotos es el resultado de la colonizaci\u00f3n llevada a cabo por personajes afines al ejecutivo estatal, ya que muchos de ellos salieron de los s\u00f3tanos de palacio de gobierno para instalarse en los organismos aut\u00f3nomos.<br>Y as\u00ed tenemos que esa gran familia que se retrata en \u201cmoloch\u201d, como las familias antiguas lo hac\u00edan, de la misma manera act\u00faa bajo la direcci\u00f3n de quien los coloc\u00f3 en la posici\u00f3n que ocupan.<br>Y as\u00ed tenemos a un poder legislativo que no cuestiona nada y pasa las iniciativas que desde Enr\u00edquez le env\u00edan, a un poder judicial que se aprieta el cintur\u00f3n y cierra juzgados para dizque ahorrar dinero y enviarlo de regreso a las arcas estatales y estas a su vez a las de la federaci\u00f3n, en donde sabr\u00e1 Dios en que se gastan; am\u00e9n de que casi no imparten justicia.<br>Y en lo que a los \u00f3rganos constitucionalmente aut\u00f3nomos se refiere, las cosas para nada son diferentes y as\u00ed tenemos a un \u00d3rgano de Fiscalizaci\u00f3n que no revisa las cuentas p\u00fablicas y si lo llega a hacer, s\u00f3lo palomea las enviadas desde Palacio de Gobierno de repente reprueba a alg\u00fan ayuntamiento que se sale del huacal.<br>Tambi\u00e9n tenemos un Instituto Veracruzano de Transparencia y Acceso a la Informaci\u00f3n que se jacta de abatir un supuesto rezago en peticiones de informaci\u00f3n p\u00fablica por parte de ciudadanos y que ese abatimiento consiste en sobreseer las peticiones que se hacen en relaci\u00f3n a los manejos de la administraci\u00f3n estatal en turno, es decir las resuelve sin resolver y s\u00f3lo para fines estad\u00edsticos, pero de transparencia no tiene nada.<br>De la misma manera, tenemos una fiscal\u00eda que no investiga a nadie de la actual administraci\u00f3n y que solo es capaz de armar unas cuantas carpetas de investigaci\u00f3n en v\u00eda r\u00e1pida para frenar a alg\u00fan personaje opositor o para extorsionar a ciudadanos mediante esa joya de barbarie que son los ultrajes a la autoridad en versi\u00f3n jarocha 4t.<br>Y ya que estamos con los ultrajes a la autoridad, bien vale la pena preguntar si la Comisi\u00f3n Estatal de los Derechos Humanos todav\u00eda existe y parece que s\u00ed, porque su titular fue vista en una foto en la que junto a sus pares de otros \u00f3rganos aut\u00f3nomos hac\u00edan un concurso por ver qui\u00e9n presentaba el informe mejor encuadernado y con la portada m\u00e1s vistosa; pero de los encarcelamientos cotidianos por ultrajes a la autoridad nada ha dicho ni tampoco de las desapariciones forzadas ni mucho menos de los abusos cometidos por las autoridades actuales.<br>Y adem\u00e1s resulta que si alguna de estas instituciones decide cumplir con su mandato constitucional y desligarse de la gran familia del poder 4t, entonces s\u00ed aparecer\u00e1 el dios Moloch y se los devorar\u00e1, aunque provengan de la misma 4t, tal y como sucedi\u00f3 con la presidente del Tribunal Superior de Justicia, quien a pesar de haber sido designada por el actual gobernador no logr\u00f3 ni siquiera conservar el cargo de magistrada y eso sucedi\u00f3 porque como todo r\u00e9gimen que aspira a ser totalitario, la 4t, tambi\u00e9n devora a sus hijos.<br>Y para evitar eso, es que los representantes de todos los poderes y \u00f3rganos aut\u00f3nomos, mejor salen todos juntos en cuanta foto el gobierno les pida; ya que esos representantes est\u00e1n nada m\u00e1s para ocupar el cargo de forma decorativa y \u00a1qu\u00e9 mejor decoraci\u00f3n, que posar juntos en cuanta foto se les ocurra en Palacio de Gobierno!<br>Y ya que mencionamos el tema de las navidades y como ya es tradici\u00f3n, esta columna entra en receso y se reanudar\u00e1 pasando Reyes, por lo que a todos mis apreciados lectores, les deseo una feliz navidad y un excelente 2022.<br>felfebas@gmail.com<br>Twitter: @FelipeFBasilio<\/p>\n","protected":false},"excerpt":{"rendered":"<p>Felipe de Jes\u00fas Fern\u00e1ndez BasilioDesde A Janela En el t\u00edtulo de esta colaboraci\u00f3n utilizo la palabra \u201cmoloch\u201d no para referir a la deidad de la antig\u00fcedad atribuida a fenicios y p\u00fanicos pero que al parecer correspondi\u00f3 a hebreos y cananeos, sino que la evoco como una palabra del maya yucateco que todav\u00eda se utiliza para [&hellip;]<\/p>\n","protected":false},"author":2,"featured_media":0,"comment_status":"closed","ping_status":"closed","sticky":false,"template":"","format":"standard","meta":{"tdm_status":"","tdm_grid_status":"","footnotes":""},"categories":[70],"tags":[12710,985,1067,195],"class_list":{"0":"post-83542","1":"post","2":"type-post","3":"status-publish","4":"format-standard","6":"category-de-opinion","7":"tag-felipe-de-jesus-fernandez-basilio","8":"tag-ivai","9":"tag-transparencia","10":"tag-veracruz"},"yoast_head":"<!-- This site is optimized with the Yoast SEO plugin v27.4 - https:\/\/yoast.com\/product\/yoast-seo-wordpress\/ -->\n<title>\u00a1Fotos familiares en \u201cmoloch\u201d! - Los pol\u00edticos Veracruz<\/title>\n<meta name=\"robots\" content=\"index, follow, max-snippet:-1, max-image-preview:large, max-video-preview:-1\" \/>\n<link rel=\"canonical\" href=\"https:\/\/lospoliticosveracruz.com\/?p=83542\" \/>\n<meta property=\"og:locale\" content=\"es_ES\" \/>\n<meta property=\"og:type\" content=\"article\" \/>\n<meta property=\"og:title\" content=\"\u00a1Fotos familiares en \u201cmoloch\u201d! - Los pol\u00edticos Veracruz\" \/>\n<meta property=\"og:description\" content=\"Felipe de Jes\u00fas Fern\u00e1ndez BasilioDesde A Janela En el t\u00edtulo de esta colaboraci\u00f3n utilizo la palabra \u201cmoloch\u201d no para referir a la deidad de la antig\u00fcedad atribuida a fenicios y p\u00fanicos pero que al parecer correspondi\u00f3 a hebreos y cananeos, sino que la evoco como una palabra del maya yucateco que todav\u00eda se utiliza para [&hellip;]\" \/>\n<meta property=\"og:url\" content=\"https:\/\/lospoliticosveracruz.com\/?p=83542\" \/>\n<meta property=\"og:site_name\" content=\"Los pol\u00edticos Veracruz\" \/>\n<meta property=\"article:publisher\" content=\"https:\/\/www.facebook.com\/people\/Notimemes-de-los-Polticos\/61565672886568\/\" \/>\n<meta property=\"article:published_time\" content=\"2021-12-17T14:35:37+00:00\" \/>\n<meta property=\"article:modified_time\" content=\"2021-12-17T14:35:45+00:00\" \/>\n<meta property=\"og:image\" content=\"https:\/\/lospoliticosveracruz.com.mx\/wp-content\/uploads\/2021\/10\/Zacauilt.jpg\" \/>\n<meta name=\"author\" content=\"Lo viste en Los Pol\u00edticos\" \/>\n<meta name=\"twitter:card\" content=\"summary_large_image\" \/>\n<meta name=\"twitter:creator\" content=\"@LosPoliticosVer\" \/>\n<meta name=\"twitter:site\" content=\"@LosPoliticosVer\" \/>\n<meta name=\"twitter:label1\" content=\"Escrito por\" \/>\n\t<meta name=\"twitter:data1\" content=\"Lo viste en Los Pol\u00edticos\" \/>\n\t<meta name=\"twitter:label2\" content=\"Tiempo de lectura\" \/>\n\t<meta name=\"twitter:data2\" content=\"5 minutos\" \/>\n<script type=\"application\/ld+json\" class=\"yoast-schema-graph\">{\"@context\":\"https:\\\/\\\/schema.org\",\"@graph\":[{\"@type\":\"Article\",\"@id\":\"https:\\\/\\\/lospoliticosveracruz.com\\\/?p=83542#article\",\"isPartOf\":{\"@id\":\"https:\\\/\\\/lospoliticosveracruz.com\\\/?p=83542\"},\"author\":{\"name\":\"Lo viste en Los Pol\u00edticos\",\"@id\":\"https:\\\/\\\/lospoliticosveracruz.com\\\/#\\\/schema\\\/person\\\/b8702bb0e538456e6efd07080bf2a4a2\"},\"headline\":\"\u00a1Fotos familiares en \u201cmoloch\u201d!\",\"datePublished\":\"2021-12-17T14:35:37+00:00\",\"dateModified\":\"2021-12-17T14:35:45+00:00\",\"mainEntityOfPage\":{\"@id\":\"https:\\\/\\\/lospoliticosveracruz.com\\\/?p=83542\"},\"wordCount\":965,\"publisher\":{\"@id\":\"https:\\\/\\\/lospoliticosveracruz.com\\\/#organization\"},\"image\":{\"@id\":\"https:\\\/\\\/lospoliticosveracruz.com\\\/?p=83542#primaryimage\"},\"thumbnailUrl\":\"https:\\\/\\\/lospoliticosveracruz.com.mx\\\/wp-content\\\/uploads\\\/2021\\\/10\\\/Zacauilt.jpg\",\"keywords\":[\"Felipe de Jes\u00fas Fern\u00e1ndez Basilio\",\"IVAI\",\"transparencia\",\"Veracruz\"],\"articleSection\":[\"De Opini\u00f3n\"],\"inLanguage\":\"es\"},{\"@type\":\"WebPage\",\"@id\":\"https:\\\/\\\/lospoliticosveracruz.com\\\/?p=83542\",\"url\":\"https:\\\/\\\/lospoliticosveracruz.com\\\/?p=83542\",\"name\":\"\u00a1Fotos familiares en \u201cmoloch\u201d! - Los pol\u00edticos Veracruz\",\"isPartOf\":{\"@id\":\"https:\\\/\\\/lospoliticosveracruz.com\\\/#website\"},\"primaryImageOfPage\":{\"@id\":\"https:\\\/\\\/lospoliticosveracruz.com\\\/?p=83542#primaryimage\"},\"image\":{\"@id\":\"https:\\\/\\\/lospoliticosveracruz.com\\\/?p=83542#primaryimage\"},\"thumbnailUrl\":\"https:\\\/\\\/lospoliticosveracruz.com.mx\\\/wp-content\\\/uploads\\\/2021\\\/10\\\/Zacauilt.jpg\",\"datePublished\":\"2021-12-17T14:35:37+00:00\",\"dateModified\":\"2021-12-17T14:35:45+00:00\",\"breadcrumb\":{\"@id\":\"https:\\\/\\\/lospoliticosveracruz.com\\\/?p=83542#breadcrumb\"},\"inLanguage\":\"es\",\"potentialAction\":[{\"@type\":\"ReadAction\",\"target\":[\"https:\\\/\\\/lospoliticosveracruz.com\\\/?p=83542\"]}]},{\"@type\":\"ImageObject\",\"inLanguage\":\"es\",\"@id\":\"https:\\\/\\\/lospoliticosveracruz.com\\\/?p=83542#primaryimage\",\"url\":\"https:\\\/\\\/lospoliticosveracruz.com.mx\\\/wp-content\\\/uploads\\\/2021\\\/10\\\/Zacauilt.jpg\",\"contentUrl\":\"https:\\\/\\\/lospoliticosveracruz.com.mx\\\/wp-content\\\/uploads\\\/2021\\\/10\\\/Zacauilt.jpg\"},{\"@type\":\"BreadcrumbList\",\"@id\":\"https:\\\/\\\/lospoliticosveracruz.com\\\/?p=83542#breadcrumb\",\"itemListElement\":[{\"@type\":\"ListItem\",\"position\":1,\"name\":\"Portada\",\"item\":\"https:\\\/\\\/lospoliticosveracruz.com\\\/\"},{\"@type\":\"ListItem\",\"position\":2,\"name\":\"\u00a1Fotos familiares en \u201cmoloch\u201d!\"}]},{\"@type\":\"WebSite\",\"@id\":\"https:\\\/\\\/lospoliticosveracruz.com\\\/#website\",\"url\":\"https:\\\/\\\/lospoliticosveracruz.com\\\/\",\"name\":\"Los pol\u00edticos Veracruz\",\"description\":\"\",\"publisher\":{\"@id\":\"https:\\\/\\\/lospoliticosveracruz.com\\\/#organization\"},\"potentialAction\":[{\"@type\":\"SearchAction\",\"target\":{\"@type\":\"EntryPoint\",\"urlTemplate\":\"https:\\\/\\\/lospoliticosveracruz.com\\\/?s={search_term_string}\"},\"query-input\":{\"@type\":\"PropertyValueSpecification\",\"valueRequired\":true,\"valueName\":\"search_term_string\"}}],\"inLanguage\":\"es\"},{\"@type\":\"Organization\",\"@id\":\"https:\\\/\\\/lospoliticosveracruz.com\\\/#organization\",\"name\":\"Los pol\u00edticos Veracruz\",\"url\":\"https:\\\/\\\/lospoliticosveracruz.com\\\/\",\"logo\":{\"@type\":\"ImageObject\",\"inLanguage\":\"es\",\"@id\":\"https:\\\/\\\/lospoliticosveracruz.com\\\/#\\\/schema\\\/logo\\\/image\\\/\",\"url\":\"https:\\\/\\\/lospoliticosveracruz.com\\\/wp-content\\\/uploads\\\/2025\\\/12\\\/Logo-Nuevo-LOS-POLITICOS-1.jpg\",\"contentUrl\":\"https:\\\/\\\/lospoliticosveracruz.com\\\/wp-content\\\/uploads\\\/2025\\\/12\\\/Logo-Nuevo-LOS-POLITICOS-1.jpg\",\"width\":260,\"height\":70,\"caption\":\"Los pol\u00edticos Veracruz\"},\"image\":{\"@id\":\"https:\\\/\\\/lospoliticosveracruz.com\\\/#\\\/schema\\\/logo\\\/image\\\/\"},\"sameAs\":[\"https:\\\/\\\/www.facebook.com\\\/people\\\/Notimemes-de-los-Polticos\\\/61565672886568\\\/\",\"https:\\\/\\\/x.com\\\/LosPoliticosVer\"]},{\"@type\":\"Person\",\"@id\":\"https:\\\/\\\/lospoliticosveracruz.com\\\/#\\\/schema\\\/person\\\/b8702bb0e538456e6efd07080bf2a4a2\",\"name\":\"Lo viste en Los Pol\u00edticos\",\"image\":{\"@type\":\"ImageObject\",\"inLanguage\":\"es\",\"@id\":\"https:\\\/\\\/secure.gravatar.com\\\/avatar\\\/3a8de04a2656d44082be478bd6c086daa447c4651605818287b9532d3d0bd435?s=96&d=mm&r=g\",\"url\":\"https:\\\/\\\/secure.gravatar.com\\\/avatar\\\/3a8de04a2656d44082be478bd6c086daa447c4651605818287b9532d3d0bd435?s=96&d=mm&r=g\",\"contentUrl\":\"https:\\\/\\\/secure.gravatar.com\\\/avatar\\\/3a8de04a2656d44082be478bd6c086daa447c4651605818287b9532d3d0bd435?s=96&d=mm&r=g\",\"caption\":\"Lo viste en Los Pol\u00edticos\"},\"url\":\"https:\\\/\\\/lospoliticosveracruz.com\\\/?author=2\"}]}<\/script>\n<!-- \/ Yoast SEO plugin. -->","yoast_head_json":{"title":"\u00a1Fotos familiares en \u201cmoloch\u201d! - Los pol\u00edticos Veracruz","robots":{"index":"index","follow":"follow","max-snippet":"max-snippet:-1","max-image-preview":"max-image-preview:large","max-video-preview":"max-video-preview:-1"},"canonical":"https:\/\/lospoliticosveracruz.com\/?p=83542","og_locale":"es_ES","og_type":"article","og_title":"\u00a1Fotos familiares en \u201cmoloch\u201d! - Los pol\u00edticos Veracruz","og_description":"Felipe de Jes\u00fas Fern\u00e1ndez BasilioDesde A Janela En el t\u00edtulo de esta colaboraci\u00f3n utilizo la palabra \u201cmoloch\u201d no para referir a la deidad de la antig\u00fcedad atribuida a fenicios y p\u00fanicos pero que al parecer correspondi\u00f3 a hebreos y cananeos, sino que la evoco como una palabra del maya yucateco que todav\u00eda se utiliza para [&hellip;]","og_url":"https:\/\/lospoliticosveracruz.com\/?p=83542","og_site_name":"Los pol\u00edticos Veracruz","article_publisher":"https:\/\/www.facebook.com\/people\/Notimemes-de-los-Polticos\/61565672886568\/","article_published_time":"2021-12-17T14:35:37+00:00","article_modified_time":"2021-12-17T14:35:45+00:00","og_image":[{"url":"https:\/\/lospoliticosveracruz.com.mx\/wp-content\/uploads\/2021\/10\/Zacauilt.jpg","type":"","width":"","height":""}],"author":"Lo viste en Los Pol\u00edticos","twitter_card":"summary_large_image","twitter_creator":"@LosPoliticosVer","twitter_site":"@LosPoliticosVer","twitter_misc":{"Escrito por":"Lo viste en Los Pol\u00edticos","Tiempo de lectura":"5 minutos"},"schema":{"@context":"https:\/\/schema.org","@graph":[{"@type":"Article","@id":"https:\/\/lospoliticosveracruz.com\/?p=83542#article","isPartOf":{"@id":"https:\/\/lospoliticosveracruz.com\/?p=83542"},"author":{"name":"Lo viste en Los Pol\u00edticos","@id":"https:\/\/lospoliticosveracruz.com\/#\/schema\/person\/b8702bb0e538456e6efd07080bf2a4a2"},"headline":"\u00a1Fotos familiares en \u201cmoloch\u201d!","datePublished":"2021-12-17T14:35:37+00:00","dateModified":"2021-12-17T14:35:45+00:00","mainEntityOfPage":{"@id":"https:\/\/lospoliticosveracruz.com\/?p=83542"},"wordCount":965,"publisher":{"@id":"https:\/\/lospoliticosveracruz.com\/#organization"},"image":{"@id":"https:\/\/lospoliticosveracruz.com\/?p=83542#primaryimage"},"thumbnailUrl":"https:\/\/lospoliticosveracruz.com.mx\/wp-content\/uploads\/2021\/10\/Zacauilt.jpg","keywords":["Felipe de Jes\u00fas Fern\u00e1ndez Basilio","IVAI","transparencia","Veracruz"],"articleSection":["De Opini\u00f3n"],"inLanguage":"es"},{"@type":"WebPage","@id":"https:\/\/lospoliticosveracruz.com\/?p=83542","url":"https:\/\/lospoliticosveracruz.com\/?p=83542","name":"\u00a1Fotos familiares en \u201cmoloch\u201d! - Los pol\u00edticos Veracruz","isPartOf":{"@id":"https:\/\/lospoliticosveracruz.com\/#website"},"primaryImageOfPage":{"@id":"https:\/\/lospoliticosveracruz.com\/?p=83542#primaryimage"},"image":{"@id":"https:\/\/lospoliticosveracruz.com\/?p=83542#primaryimage"},"thumbnailUrl":"https:\/\/lospoliticosveracruz.com.mx\/wp-content\/uploads\/2021\/10\/Zacauilt.jpg","datePublished":"2021-12-17T14:35:37+00:00","dateModified":"2021-12-17T14:35:45+00:00","breadcrumb":{"@id":"https:\/\/lospoliticosveracruz.com\/?p=83542#breadcrumb"},"inLanguage":"es","potentialAction":[{"@type":"ReadAction","target":["https:\/\/lospoliticosveracruz.com\/?p=83542"]}]},{"@type":"ImageObject","inLanguage":"es","@id":"https:\/\/lospoliticosveracruz.com\/?p=83542#primaryimage","url":"https:\/\/lospoliticosveracruz.com.mx\/wp-content\/uploads\/2021\/10\/Zacauilt.jpg","contentUrl":"https:\/\/lospoliticosveracruz.com.mx\/wp-content\/uploads\/2021\/10\/Zacauilt.jpg"},{"@type":"BreadcrumbList","@id":"https:\/\/lospoliticosveracruz.com\/?p=83542#breadcrumb","itemListElement":[{"@type":"ListItem","position":1,"name":"Portada","item":"https:\/\/lospoliticosveracruz.com\/"},{"@type":"ListItem","position":2,"name":"\u00a1Fotos familiares en \u201cmoloch\u201d!"}]},{"@type":"WebSite","@id":"https:\/\/lospoliticosveracruz.com\/#website","url":"https:\/\/lospoliticosveracruz.com\/","name":"Los pol\u00edticos Veracruz","description":"","publisher":{"@id":"https:\/\/lospoliticosveracruz.com\/#organization"},"potentialAction":[{"@type":"SearchAction","target":{"@type":"EntryPoint","urlTemplate":"https:\/\/lospoliticosveracruz.com\/?s={search_term_string}"},"query-input":{"@type":"PropertyValueSpecification","valueRequired":true,"valueName":"search_term_string"}}],"inLanguage":"es"},{"@type":"Organization","@id":"https:\/\/lospoliticosveracruz.com\/#organization","name":"Los pol\u00edticos Veracruz","url":"https:\/\/lospoliticosveracruz.com\/","logo":{"@type":"ImageObject","inLanguage":"es","@id":"https:\/\/lospoliticosveracruz.com\/#\/schema\/logo\/image\/","url":"https:\/\/lospoliticosveracruz.com\/wp-content\/uploads\/2025\/12\/Logo-Nuevo-LOS-POLITICOS-1.jpg","contentUrl":"https:\/\/lospoliticosveracruz.com\/wp-content\/uploads\/2025\/12\/Logo-Nuevo-LOS-POLITICOS-1.jpg","width":260,"height":70,"caption":"Los pol\u00edticos Veracruz"},"image":{"@id":"https:\/\/lospoliticosveracruz.com\/#\/schema\/logo\/image\/"},"sameAs":["https:\/\/www.facebook.com\/people\/Notimemes-de-los-Polticos\/61565672886568\/","https:\/\/x.com\/LosPoliticosVer"]},{"@type":"Person","@id":"https:\/\/lospoliticosveracruz.com\/#\/schema\/person\/b8702bb0e538456e6efd07080bf2a4a2","name":"Lo viste en Los Pol\u00edticos","image":{"@type":"ImageObject","inLanguage":"es","@id":"https:\/\/secure.gravatar.com\/avatar\/3a8de04a2656d44082be478bd6c086daa447c4651605818287b9532d3d0bd435?s=96&d=mm&r=g","url":"https:\/\/secure.gravatar.com\/avatar\/3a8de04a2656d44082be478bd6c086daa447c4651605818287b9532d3d0bd435?s=96&d=mm&r=g","contentUrl":"https:\/\/secure.gravatar.com\/avatar\/3a8de04a2656d44082be478bd6c086daa447c4651605818287b9532d3d0bd435?s=96&d=mm&r=g","caption":"Lo viste en Los Pol\u00edticos"},"url":"https:\/\/lospoliticosveracruz.com\/?author=2"}]}},"_links":{"self":[{"href":"https:\/\/lospoliticosveracruz.com\/index.php?rest_route=\/wp\/v2\/posts\/83542","targetHints":{"allow":["GET"]}}],"collection":[{"href":"https:\/\/lospoliticosveracruz.com\/index.php?rest_route=\/wp\/v2\/posts"}],"about":[{"href":"https:\/\/lospoliticosveracruz.com\/index.php?rest_route=\/wp\/v2\/types\/post"}],"author":[{"embeddable":true,"href":"https:\/\/lospoliticosveracruz.com\/index.php?rest_route=\/wp\/v2\/users\/2"}],"replies":[{"embeddable":true,"href":"https:\/\/lospoliticosveracruz.com\/index.php?rest_route=%2Fwp%2Fv2%2Fcomments&post=83542"}],"version-history":[{"count":1,"href":"https:\/\/lospoliticosveracruz.com\/index.php?rest_route=\/wp\/v2\/posts\/83542\/revisions"}],"predecessor-version":[{"id":83544,"href":"https:\/\/lospoliticosveracruz.com\/index.php?rest_route=\/wp\/v2\/posts\/83542\/revisions\/83544"}],"wp:attachment":[{"href":"https:\/\/lospoliticosveracruz.com\/index.php?rest_route=%2Fwp%2Fv2%2Fmedia&parent=83542"}],"wp:term":[{"taxonomy":"category","embeddable":true,"href":"https:\/\/lospoliticosveracruz.com\/index.php?rest_route=%2Fwp%2Fv2%2Fcategories&post=83542"},{"taxonomy":"post_tag","embeddable":true,"href":"https:\/\/lospoliticosveracruz.com\/index.php?rest_route=%2Fwp%2Fv2%2Ftags&post=83542"}],"curies":[{"name":"wp","href":"https:\/\/api.w.org\/{rel}","templated":true}]}}