{"id":83545,"date":"2021-12-17T08:41:21","date_gmt":"2021-12-17T14:41:21","guid":{"rendered":"https:\/\/lospoliticosveracruz.com.mx\/?p=83545"},"modified":"2021-12-17T08:41:30","modified_gmt":"2021-12-17T14:41:30","slug":"anilu-la-denuncia-prometida","status":"publish","type":"post","link":"https:\/\/lospoliticosveracruz.com\/?p=83545","title":{"rendered":"Anil\u00fa: la denuncia prometida"},"content":{"rendered":"\n<p><strong>Omar Z\u00fa\u00f1iga<br><\/strong><em>De Primera Mano Taj\u00edn<br><\/em><\/p>\n\n\n\n<p>La guapa jarocha Anil\u00fa Ingram Vallines quien adem\u00e1s de coordinador la minibancada tricolor en el Congreso local, preside la comisi\u00f3n de Derechos Humanos, ayer le cumpli\u00f3 a Roberto Ramos Alor, remedo de funcionario que dice es secretario de Salud,<br>Anil\u00fa interpuso la denuncia prometida contra este muchacho por violencia pol\u00edtica en raz\u00f3n de g\u00e9nero ante la Fiscal\u00eda Anticorrupci\u00f3n de la FGE, en el OPLE, en el TEV y la Contralor\u00eda General del Estado por las declaraciones con que este ser se refiri\u00f3 a Anil\u00fa el 6 de diciembre pasado, durante su comparecencia de Ley, al \u201cresponder\u201d un cuestionamietno directo y ante la ineptitud de no poder decir algo medianamente inteligente, dijo que \u201cVeracruz y el pa\u00eds ya est\u00e1 cansado de conocer la historia de diputadas y diputados que nunca hacen esta pr\u00e1ctica democr\u00e1tica y que son totalmente palacio y antes muertas que sencillas porque nunca han estado cerca del pueblo, \u00bfqu\u00e9 representan esas diputadas?, me pregunto yo\u201d.<br>El secre no entiende que no entiende,y que representa al Poder Ejecutivo del Estado Libre y Soberano de Veracruz Llave, no a cualquier hijo de vecino, aunque parezca (o peor).<br>Yo por ejemplo, no puedo decir que es un gordo horrendo, porque adem\u00e1s de \u201cdarme un tiro en el pie\u201d, sucede que lo estar\u00eda difamando, pues es un asunto totalmente de su incumbencia descuidarse de esa manera, aunque sea un m\u00e9dico y supuesto ejemplo para los ciudadanos veracruzanos, entonces, mejor no lo digo.<br>Tambi\u00e9n podr\u00eda decir que es un homosexual de cl\u00f3set \u2013vox populi-, pero tambi\u00e9n estar\u00eda incurriendo en una violaci\u00f3n a la ley, pues adem\u00e1s de que no me consta, tambi\u00e9n forma parte de su intimidad y de sus gustos y preferencias, entonces, y como yo no estereotipo a nadie, no quiero incurrir en alguna falta y soy muy respetuoso, mejor no digo nada.<br>Lo que s\u00ed puedo decir es que es un tipo total y absolutamente irresponsable, inepto, soberbio e ignorante, a quien le importa un carajo dar resultados.<br>Y lo puedo decir porque me consta, como el rid\u00edculo hecho en el pasado festejo por la celebraci\u00f3n de D\u00eda de Muertos, donde intent\u00f3 echarse un palomazo en los bong\u00f3s en la misma Secretar\u00eda de Salud (al pueblo pan y circo) en lugar de atender la falta de medicamentos para menores con c\u00e1ncer, por s\u00f3lo poner el bot\u00f3n de muestra.<br>No hay duda, pensaron quienes detentan el poder que se encontrar\u00edan con una oposici\u00f3n de caricatura, pero se encontraron con A Nightmare Before Christmas, pues a pesar de ser pocos, se multiplican como gremlins a quienes les echan agua y les est\u00e1n haciendo ver su suerte.<br>Ahora a esperar que la Fiscal\u00eda act\u00fae en consecuencia y por supuesto, que lo sepamos y no se caiga en el oscurantismo que acostumbran.<\/p>\n\n\n\n<hr class=\"wp-block-separator\"\/>\n\n\n\n<p>Gran respuesta social a la presentaci\u00f3n del Observatorio Integral de Xalapa (OCIX), ahora a dar resultados. \u00a1Enhorabuena!<\/p>\n\n\n\n<p>\u00a1Qu\u00e9 barbaridad!<br>deprimera.mano2020@gmail.com<\/p>\n","protected":false},"excerpt":{"rendered":"<p>Omar Z\u00fa\u00f1igaDe Primera Mano Taj\u00edn La guapa jarocha Anil\u00fa Ingram Vallines quien adem\u00e1s de coordinador la minibancada tricolor en el Congreso local, preside la comisi\u00f3n de Derechos Humanos, ayer le cumpli\u00f3 a Roberto Ramos Alor, remedo de funcionario que dice es secretario de Salud,Anil\u00fa interpuso la denuncia prometida contra este muchacho por violencia pol\u00edtica en [&hellip;]<\/p>\n","protected":false},"author":2,"featured_media":0,"comment_status":"closed","ping_status":"closed","sticky":false,"template":"","format":"standard","meta":{"tdm_status":"","tdm_grid_status":"","footnotes":""},"categories":[70],"tags":[1872,6870,31661,28705,3272,12606,8317],"class_list":{"0":"post-83545","1":"post","2":"type-post","3":"status-publish","4":"format-standard","6":"category-de-opinion","7":"tag-anilu-ingram-vallines","8":"tag-fge","9":"tag-observatorio-integral-de-xalapa","10":"tag-omar-zuniga","11":"tag-ople","12":"tag-roberto-ramos-alor","13":"tag-tev"},"yoast_head":"<!-- This site is optimized with the Yoast SEO plugin v27.4 - https:\/\/yoast.com\/product\/yoast-seo-wordpress\/ -->\n<title>Anil\u00fa: la denuncia prometida - Los pol\u00edticos Veracruz<\/title>\n<meta name=\"robots\" content=\"index, follow, max-snippet:-1, max-image-preview:large, max-video-preview:-1\" \/>\n<link rel=\"canonical\" href=\"https:\/\/lospoliticosveracruz.com\/?p=83545\" \/>\n<meta property=\"og:locale\" content=\"es_ES\" \/>\n<meta property=\"og:type\" content=\"article\" \/>\n<meta property=\"og:title\" content=\"Anil\u00fa: la denuncia prometida - Los pol\u00edticos Veracruz\" \/>\n<meta property=\"og:description\" content=\"Omar Z\u00fa\u00f1igaDe Primera Mano Taj\u00edn La guapa jarocha Anil\u00fa Ingram Vallines quien adem\u00e1s de coordinador la minibancada tricolor en el Congreso local, preside la comisi\u00f3n de Derechos Humanos, ayer le cumpli\u00f3 a Roberto Ramos Alor, remedo de funcionario que dice es secretario de Salud,Anil\u00fa interpuso la denuncia prometida contra este muchacho por violencia pol\u00edtica en [&hellip;]\" \/>\n<meta property=\"og:url\" content=\"https:\/\/lospoliticosveracruz.com\/?p=83545\" \/>\n<meta property=\"og:site_name\" content=\"Los pol\u00edticos Veracruz\" \/>\n<meta property=\"article:publisher\" content=\"https:\/\/www.facebook.com\/people\/Notimemes-de-los-Polticos\/61565672886568\/\" \/>\n<meta property=\"article:published_time\" content=\"2021-12-17T14:41:21+00:00\" \/>\n<meta property=\"article:modified_time\" content=\"2021-12-17T14:41:30+00:00\" \/>\n<meta property=\"og:image\" content=\"https:\/\/lospoliticosveracruz.com\/wp-content\/uploads\/2016\/07\/Logo-Dor.jpg\" \/>\n\t<meta property=\"og:image:width\" content=\"200\" \/>\n\t<meta property=\"og:image:height\" content=\"200\" \/>\n\t<meta property=\"og:image:type\" content=\"image\/jpeg\" \/>\n<meta name=\"author\" content=\"Lo viste en Los Pol\u00edticos\" \/>\n<meta name=\"twitter:card\" content=\"summary_large_image\" \/>\n<meta name=\"twitter:creator\" content=\"@LosPoliticosVer\" \/>\n<meta name=\"twitter:site\" content=\"@LosPoliticosVer\" \/>\n<meta name=\"twitter:label1\" content=\"Escrito por\" \/>\n\t<meta name=\"twitter:data1\" content=\"Lo viste en Los Pol\u00edticos\" \/>\n\t<meta name=\"twitter:label2\" content=\"Tiempo de lectura\" \/>\n\t<meta name=\"twitter:data2\" content=\"3 minutos\" \/>\n<script type=\"application\/ld+json\" class=\"yoast-schema-graph\">{\"@context\":\"https:\\\/\\\/schema.org\",\"@graph\":[{\"@type\":\"Article\",\"@id\":\"https:\\\/\\\/lospoliticosveracruz.com\\\/?p=83545#article\",\"isPartOf\":{\"@id\":\"https:\\\/\\\/lospoliticosveracruz.com\\\/?p=83545\"},\"author\":{\"name\":\"Lo viste en Los Pol\u00edticos\",\"@id\":\"https:\\\/\\\/lospoliticosveracruz.com\\\/#\\\/schema\\\/person\\\/b8702bb0e538456e6efd07080bf2a4a2\"},\"headline\":\"Anil\u00fa: la denuncia prometida\",\"datePublished\":\"2021-12-17T14:41:21+00:00\",\"dateModified\":\"2021-12-17T14:41:30+00:00\",\"mainEntityOfPage\":{\"@id\":\"https:\\\/\\\/lospoliticosveracruz.com\\\/?p=83545\"},\"wordCount\":529,\"publisher\":{\"@id\":\"https:\\\/\\\/lospoliticosveracruz.com\\\/#organization\"},\"keywords\":[\"Anil\u00fa Ingram Vallines\",\"FGE\",\"Observatorio Integral de Xalapa\",\"Omar Z\u00fa\u00f1iga\",\"OPLE\",\"Roberto Ramos Alor\",\"TEV\"],\"articleSection\":[\"De Opini\u00f3n\"],\"inLanguage\":\"es\"},{\"@type\":\"WebPage\",\"@id\":\"https:\\\/\\\/lospoliticosveracruz.com\\\/?p=83545\",\"url\":\"https:\\\/\\\/lospoliticosveracruz.com\\\/?p=83545\",\"name\":\"Anil\u00fa: la denuncia prometida - Los pol\u00edticos Veracruz\",\"isPartOf\":{\"@id\":\"https:\\\/\\\/lospoliticosveracruz.com\\\/#website\"},\"datePublished\":\"2021-12-17T14:41:21+00:00\",\"dateModified\":\"2021-12-17T14:41:30+00:00\",\"breadcrumb\":{\"@id\":\"https:\\\/\\\/lospoliticosveracruz.com\\\/?p=83545#breadcrumb\"},\"inLanguage\":\"es\",\"potentialAction\":[{\"@type\":\"ReadAction\",\"target\":[\"https:\\\/\\\/lospoliticosveracruz.com\\\/?p=83545\"]}]},{\"@type\":\"BreadcrumbList\",\"@id\":\"https:\\\/\\\/lospoliticosveracruz.com\\\/?p=83545#breadcrumb\",\"itemListElement\":[{\"@type\":\"ListItem\",\"position\":1,\"name\":\"Portada\",\"item\":\"https:\\\/\\\/lospoliticosveracruz.com\\\/\"},{\"@type\":\"ListItem\",\"position\":2,\"name\":\"Anil\u00fa: la denuncia prometida\"}]},{\"@type\":\"WebSite\",\"@id\":\"https:\\\/\\\/lospoliticosveracruz.com\\\/#website\",\"url\":\"https:\\\/\\\/lospoliticosveracruz.com\\\/\",\"name\":\"Los pol\u00edticos Veracruz\",\"description\":\"\",\"publisher\":{\"@id\":\"https:\\\/\\\/lospoliticosveracruz.com\\\/#organization\"},\"potentialAction\":[{\"@type\":\"SearchAction\",\"target\":{\"@type\":\"EntryPoint\",\"urlTemplate\":\"https:\\\/\\\/lospoliticosveracruz.com\\\/?s={search_term_string}\"},\"query-input\":{\"@type\":\"PropertyValueSpecification\",\"valueRequired\":true,\"valueName\":\"search_term_string\"}}],\"inLanguage\":\"es\"},{\"@type\":\"Organization\",\"@id\":\"https:\\\/\\\/lospoliticosveracruz.com\\\/#organization\",\"name\":\"Los pol\u00edticos Veracruz\",\"url\":\"https:\\\/\\\/lospoliticosveracruz.com\\\/\",\"logo\":{\"@type\":\"ImageObject\",\"inLanguage\":\"es\",\"@id\":\"https:\\\/\\\/lospoliticosveracruz.com\\\/#\\\/schema\\\/logo\\\/image\\\/\",\"url\":\"https:\\\/\\\/lospoliticosveracruz.com\\\/wp-content\\\/uploads\\\/2025\\\/12\\\/Logo-Nuevo-LOS-POLITICOS-1.jpg\",\"contentUrl\":\"https:\\\/\\\/lospoliticosveracruz.com\\\/wp-content\\\/uploads\\\/2025\\\/12\\\/Logo-Nuevo-LOS-POLITICOS-1.jpg\",\"width\":260,\"height\":70,\"caption\":\"Los pol\u00edticos Veracruz\"},\"image\":{\"@id\":\"https:\\\/\\\/lospoliticosveracruz.com\\\/#\\\/schema\\\/logo\\\/image\\\/\"},\"sameAs\":[\"https:\\\/\\\/www.facebook.com\\\/people\\\/Notimemes-de-los-Polticos\\\/61565672886568\\\/\",\"https:\\\/\\\/x.com\\\/LosPoliticosVer\"]},{\"@type\":\"Person\",\"@id\":\"https:\\\/\\\/lospoliticosveracruz.com\\\/#\\\/schema\\\/person\\\/b8702bb0e538456e6efd07080bf2a4a2\",\"name\":\"Lo viste en Los Pol\u00edticos\",\"image\":{\"@type\":\"ImageObject\",\"inLanguage\":\"es\",\"@id\":\"https:\\\/\\\/secure.gravatar.com\\\/avatar\\\/3a8de04a2656d44082be478bd6c086daa447c4651605818287b9532d3d0bd435?s=96&d=mm&r=g\",\"url\":\"https:\\\/\\\/secure.gravatar.com\\\/avatar\\\/3a8de04a2656d44082be478bd6c086daa447c4651605818287b9532d3d0bd435?s=96&d=mm&r=g\",\"contentUrl\":\"https:\\\/\\\/secure.gravatar.com\\\/avatar\\\/3a8de04a2656d44082be478bd6c086daa447c4651605818287b9532d3d0bd435?s=96&d=mm&r=g\",\"caption\":\"Lo viste en Los Pol\u00edticos\"},\"url\":\"https:\\\/\\\/lospoliticosveracruz.com\\\/?author=2\"}]}<\/script>\n<!-- \/ Yoast SEO plugin. -->","yoast_head_json":{"title":"Anil\u00fa: la denuncia prometida - Los pol\u00edticos Veracruz","robots":{"index":"index","follow":"follow","max-snippet":"max-snippet:-1","max-image-preview":"max-image-preview:large","max-video-preview":"max-video-preview:-1"},"canonical":"https:\/\/lospoliticosveracruz.com\/?p=83545","og_locale":"es_ES","og_type":"article","og_title":"Anil\u00fa: la denuncia prometida - Los pol\u00edticos Veracruz","og_description":"Omar Z\u00fa\u00f1igaDe Primera Mano Taj\u00edn La guapa jarocha Anil\u00fa Ingram Vallines quien adem\u00e1s de coordinador la minibancada tricolor en el Congreso local, preside la comisi\u00f3n de Derechos Humanos, ayer le cumpli\u00f3 a Roberto Ramos Alor, remedo de funcionario que dice es secretario de Salud,Anil\u00fa interpuso la denuncia prometida contra este muchacho por violencia pol\u00edtica en [&hellip;]","og_url":"https:\/\/lospoliticosveracruz.com\/?p=83545","og_site_name":"Los pol\u00edticos Veracruz","article_publisher":"https:\/\/www.facebook.com\/people\/Notimemes-de-los-Polticos\/61565672886568\/","article_published_time":"2021-12-17T14:41:21+00:00","article_modified_time":"2021-12-17T14:41:30+00:00","og_image":[{"width":200,"height":200,"url":"https:\/\/lospoliticosveracruz.com\/wp-content\/uploads\/2016\/07\/Logo-Dor.jpg","type":"image\/jpeg"}],"author":"Lo viste en Los Pol\u00edticos","twitter_card":"summary_large_image","twitter_creator":"@LosPoliticosVer","twitter_site":"@LosPoliticosVer","twitter_misc":{"Escrito por":"Lo viste en Los Pol\u00edticos","Tiempo de lectura":"3 minutos"},"schema":{"@context":"https:\/\/schema.org","@graph":[{"@type":"Article","@id":"https:\/\/lospoliticosveracruz.com\/?p=83545#article","isPartOf":{"@id":"https:\/\/lospoliticosveracruz.com\/?p=83545"},"author":{"name":"Lo viste en Los Pol\u00edticos","@id":"https:\/\/lospoliticosveracruz.com\/#\/schema\/person\/b8702bb0e538456e6efd07080bf2a4a2"},"headline":"Anil\u00fa: la denuncia prometida","datePublished":"2021-12-17T14:41:21+00:00","dateModified":"2021-12-17T14:41:30+00:00","mainEntityOfPage":{"@id":"https:\/\/lospoliticosveracruz.com\/?p=83545"},"wordCount":529,"publisher":{"@id":"https:\/\/lospoliticosveracruz.com\/#organization"},"keywords":["Anil\u00fa Ingram Vallines","FGE","Observatorio Integral de Xalapa","Omar Z\u00fa\u00f1iga","OPLE","Roberto Ramos Alor","TEV"],"articleSection":["De Opini\u00f3n"],"inLanguage":"es"},{"@type":"WebPage","@id":"https:\/\/lospoliticosveracruz.com\/?p=83545","url":"https:\/\/lospoliticosveracruz.com\/?p=83545","name":"Anil\u00fa: la denuncia prometida - Los pol\u00edticos Veracruz","isPartOf":{"@id":"https:\/\/lospoliticosveracruz.com\/#website"},"datePublished":"2021-12-17T14:41:21+00:00","dateModified":"2021-12-17T14:41:30+00:00","breadcrumb":{"@id":"https:\/\/lospoliticosveracruz.com\/?p=83545#breadcrumb"},"inLanguage":"es","potentialAction":[{"@type":"ReadAction","target":["https:\/\/lospoliticosveracruz.com\/?p=83545"]}]},{"@type":"BreadcrumbList","@id":"https:\/\/lospoliticosveracruz.com\/?p=83545#breadcrumb","itemListElement":[{"@type":"ListItem","position":1,"name":"Portada","item":"https:\/\/lospoliticosveracruz.com\/"},{"@type":"ListItem","position":2,"name":"Anil\u00fa: la denuncia prometida"}]},{"@type":"WebSite","@id":"https:\/\/lospoliticosveracruz.com\/#website","url":"https:\/\/lospoliticosveracruz.com\/","name":"Los pol\u00edticos Veracruz","description":"","publisher":{"@id":"https:\/\/lospoliticosveracruz.com\/#organization"},"potentialAction":[{"@type":"SearchAction","target":{"@type":"EntryPoint","urlTemplate":"https:\/\/lospoliticosveracruz.com\/?s={search_term_string}"},"query-input":{"@type":"PropertyValueSpecification","valueRequired":true,"valueName":"search_term_string"}}],"inLanguage":"es"},{"@type":"Organization","@id":"https:\/\/lospoliticosveracruz.com\/#organization","name":"Los pol\u00edticos Veracruz","url":"https:\/\/lospoliticosveracruz.com\/","logo":{"@type":"ImageObject","inLanguage":"es","@id":"https:\/\/lospoliticosveracruz.com\/#\/schema\/logo\/image\/","url":"https:\/\/lospoliticosveracruz.com\/wp-content\/uploads\/2025\/12\/Logo-Nuevo-LOS-POLITICOS-1.jpg","contentUrl":"https:\/\/lospoliticosveracruz.com\/wp-content\/uploads\/2025\/12\/Logo-Nuevo-LOS-POLITICOS-1.jpg","width":260,"height":70,"caption":"Los pol\u00edticos Veracruz"},"image":{"@id":"https:\/\/lospoliticosveracruz.com\/#\/schema\/logo\/image\/"},"sameAs":["https:\/\/www.facebook.com\/people\/Notimemes-de-los-Polticos\/61565672886568\/","https:\/\/x.com\/LosPoliticosVer"]},{"@type":"Person","@id":"https:\/\/lospoliticosveracruz.com\/#\/schema\/person\/b8702bb0e538456e6efd07080bf2a4a2","name":"Lo viste en Los Pol\u00edticos","image":{"@type":"ImageObject","inLanguage":"es","@id":"https:\/\/secure.gravatar.com\/avatar\/3a8de04a2656d44082be478bd6c086daa447c4651605818287b9532d3d0bd435?s=96&d=mm&r=g","url":"https:\/\/secure.gravatar.com\/avatar\/3a8de04a2656d44082be478bd6c086daa447c4651605818287b9532d3d0bd435?s=96&d=mm&r=g","contentUrl":"https:\/\/secure.gravatar.com\/avatar\/3a8de04a2656d44082be478bd6c086daa447c4651605818287b9532d3d0bd435?s=96&d=mm&r=g","caption":"Lo viste en Los Pol\u00edticos"},"url":"https:\/\/lospoliticosveracruz.com\/?author=2"}]}},"_links":{"self":[{"href":"https:\/\/lospoliticosveracruz.com\/index.php?rest_route=\/wp\/v2\/posts\/83545","targetHints":{"allow":["GET"]}}],"collection":[{"href":"https:\/\/lospoliticosveracruz.com\/index.php?rest_route=\/wp\/v2\/posts"}],"about":[{"href":"https:\/\/lospoliticosveracruz.com\/index.php?rest_route=\/wp\/v2\/types\/post"}],"author":[{"embeddable":true,"href":"https:\/\/lospoliticosveracruz.com\/index.php?rest_route=\/wp\/v2\/users\/2"}],"replies":[{"embeddable":true,"href":"https:\/\/lospoliticosveracruz.com\/index.php?rest_route=%2Fwp%2Fv2%2Fcomments&post=83545"}],"version-history":[{"count":1,"href":"https:\/\/lospoliticosveracruz.com\/index.php?rest_route=\/wp\/v2\/posts\/83545\/revisions"}],"predecessor-version":[{"id":83547,"href":"https:\/\/lospoliticosveracruz.com\/index.php?rest_route=\/wp\/v2\/posts\/83545\/revisions\/83547"}],"wp:attachment":[{"href":"https:\/\/lospoliticosveracruz.com\/index.php?rest_route=%2Fwp%2Fv2%2Fmedia&parent=83545"}],"wp:term":[{"taxonomy":"category","embeddable":true,"href":"https:\/\/lospoliticosveracruz.com\/index.php?rest_route=%2Fwp%2Fv2%2Fcategories&post=83545"},{"taxonomy":"post_tag","embeddable":true,"href":"https:\/\/lospoliticosveracruz.com\/index.php?rest_route=%2Fwp%2Fv2%2Ftags&post=83545"}],"curies":[{"name":"wp","href":"https:\/\/api.w.org\/{rel}","templated":true}]}}