{"id":83569,"date":"2021-12-17T13:59:48","date_gmt":"2021-12-17T19:59:48","guid":{"rendered":"https:\/\/lospoliticosveracruz.com.mx\/?p=83569"},"modified":"2021-12-17T13:59:54","modified_gmt":"2021-12-17T19:59:54","slug":"gracias-azules","status":"publish","type":"post","link":"https:\/\/lospoliticosveracruz.com\/?p=83569","title":{"rendered":"Gracias azules!"},"content":{"rendered":"\n<p><\/p>\n\n\n\n<p><strong>Xalapa<\/strong><\/p>\n\n\n\n<p><br>Despu\u00e9s de una exitosa gira por todo el estado, el Candidato a Presidente del Comit\u00e9 Directivo Estatal del PAN de Veracruz, Joaqu\u00edn Rosendo Guzm\u00e1n Avil\u00e9s, agradeci\u00f3 el apoyo a los militantes que lo recibieron para dialogar y conocer sus propuestas.<\/p>\n\n\n\n<p>Destac\u00f3 que recibi\u00f3 una c\u00e1lida recepci\u00f3n tanto \u00e9l como sus compa\u00f1eros de planilla que lo acompa\u00f1aron en los diferentes municipios que visitaron para conocer de cerca las peticiones de los panistas, quienes se manifestaron a favor de que exista democracia que durante muchos a\u00f1os dejo de existir en el partido.<\/p>\n\n\n\n<p>\u201cHemos estado cerca de sus peticiones y sabemos que ustedes quieren mantener la democracia en el partido, ser tomados en cuenta y tener igualdad de participaci\u00f3n\u201d.<\/p>\n\n\n\n<p>Record\u00f3 que en la planilla que junto a Mayra Cort\u00e9s encabeza, se cuenta con igualdad, juventud pero sobre todo con experiencia y congruencia, para defender al PAN y recuperar la confianza de los ciudadanos.<\/p>\n\n\n\n<p>\u201cBuscamos recuperar la confianza del ciudadano para demostrar que el PAN gobierna bien, para devolverle a las familias las guarder\u00edas para sus hijos, para atender a la sociedad con los programas que del campo y de asistencia que s\u00ed funcionaban, pero sobre todo para que la gente tenga empleo, que nuestros hijos no tengan que irse a otros lados a buscar trabajo y que adem\u00e1s podamos caminar tranquilos porque la falta de oportunidades ha generado m\u00e1s inseguridad\u201d.<\/p>\n\n\n\n<p>Subray\u00f3 que en su gesti\u00f3n se har\u00e1 equipo con los Legisladores, y Presidentes Municipales panistas, que tienen claro que la unidad con la ciudadan\u00eda es clave para lograr un bien gobierno y el bienestar de la poblaci\u00f3n.<\/p>\n\n\n\n<p>Record\u00f3 a la militancia acudir a votar por la f\u00f3rmula de Mayra Cort\u00e9s Rodr\u00edguez y Joaqu\u00edn Guzm\u00e1n Avil\u00e9s, por lo que los exhort\u00f3 a salir a sufragar este domingo 19 de diciembre, de 09:00 de la ma\u00f1ana a las 17:00 horas de la tarde.<\/p>\n\n\n\n<p>Cabe mencionar que el centro de votaci\u00f3n en la ciudad de Xalapa, de acuerdo a la Comisi\u00f3n Estatal Organizadora, estar\u00e1 en el estacionamiento del Comit\u00e9 Directivo Municipal del PAN, ubicado en Jos\u00e9 Mar\u00eda Mata esquina con Zamora de la zona Centro.<\/p>\n\n\n\n<p>Para poder votar es necesario que los militantes presenten la identificaci\u00f3n oficial emitida por el Instituto Nacional Electoral.<\/p>\n\n\n\n<p>\u00a1\u00a1El triunfo es de los PANISTAS, CON LA FUERZA DE TODOS!!<\/p>\n","protected":false},"excerpt":{"rendered":"<p>Xalapa Despu\u00e9s de una exitosa gira por todo el estado, el Candidato a Presidente del Comit\u00e9 Directivo Estatal del PAN de Veracruz, Joaqu\u00edn Rosendo Guzm\u00e1n Avil\u00e9s, agradeci\u00f3 el apoyo a los militantes que lo recibieron para dialogar y conocer sus propuestas. Destac\u00f3 que recibi\u00f3 una c\u00e1lida recepci\u00f3n tanto \u00e9l como sus compa\u00f1eros de planilla que [&hellip;]<\/p>\n","protected":false},"author":2,"featured_media":0,"comment_status":"closed","ping_status":"closed","sticky":false,"template":"","format":"standard","meta":{"tdm_status":"","tdm_grid_status":"","footnotes":""},"categories":[73],"tags":[2814,29820,6968,31297],"class_list":{"0":"post-83569","1":"post","2":"type-post","3":"status-publish","4":"format-standard","6":"category-de-boleto","7":"tag-joaquin-rosendo-guzman-aviles","8":"tag-mayra-cortes","9":"tag-mayra-cortes-rodriguez","10":"tag-pan-de-veracruz"},"yoast_head":"<!-- This site is optimized with the Yoast SEO plugin v27.4 - https:\/\/yoast.com\/product\/yoast-seo-wordpress\/ -->\n<title>Gracias azules! - Los pol\u00edticos Veracruz<\/title>\n<meta name=\"robots\" content=\"index, follow, max-snippet:-1, max-image-preview:large, max-video-preview:-1\" \/>\n<link rel=\"canonical\" href=\"https:\/\/lospoliticosveracruz.com\/?p=83569\" \/>\n<meta property=\"og:locale\" content=\"es_ES\" \/>\n<meta property=\"og:type\" content=\"article\" \/>\n<meta property=\"og:title\" content=\"Gracias azules! - Los pol\u00edticos Veracruz\" \/>\n<meta property=\"og:description\" content=\"Xalapa Despu\u00e9s de una exitosa gira por todo el estado, el Candidato a Presidente del Comit\u00e9 Directivo Estatal del PAN de Veracruz, Joaqu\u00edn Rosendo Guzm\u00e1n Avil\u00e9s, agradeci\u00f3 el apoyo a los militantes que lo recibieron para dialogar y conocer sus propuestas. Destac\u00f3 que recibi\u00f3 una c\u00e1lida recepci\u00f3n tanto \u00e9l como sus compa\u00f1eros de planilla que [&hellip;]\" \/>\n<meta property=\"og:url\" content=\"https:\/\/lospoliticosveracruz.com\/?p=83569\" \/>\n<meta property=\"og:site_name\" content=\"Los pol\u00edticos Veracruz\" \/>\n<meta property=\"article:publisher\" content=\"https:\/\/www.facebook.com\/people\/Notimemes-de-los-Polticos\/61565672886568\/\" \/>\n<meta property=\"article:published_time\" content=\"2021-12-17T19:59:48+00:00\" \/>\n<meta property=\"article:modified_time\" content=\"2021-12-17T19:59:54+00:00\" \/>\n<meta property=\"og:image\" content=\"https:\/\/lospoliticosveracruz.com\/wp-content\/uploads\/2016\/07\/Logo-Dor.jpg\" \/>\n\t<meta property=\"og:image:width\" content=\"200\" \/>\n\t<meta property=\"og:image:height\" content=\"200\" \/>\n\t<meta property=\"og:image:type\" content=\"image\/jpeg\" \/>\n<meta name=\"author\" content=\"Lo viste en Los Pol\u00edticos\" \/>\n<meta name=\"twitter:card\" content=\"summary_large_image\" \/>\n<meta name=\"twitter:creator\" content=\"@LosPoliticosVer\" \/>\n<meta name=\"twitter:site\" content=\"@LosPoliticosVer\" \/>\n<meta name=\"twitter:label1\" content=\"Escrito por\" \/>\n\t<meta name=\"twitter:data1\" content=\"Lo viste en Los Pol\u00edticos\" \/>\n\t<meta name=\"twitter:label2\" content=\"Tiempo de lectura\" \/>\n\t<meta name=\"twitter:data2\" content=\"2 minutos\" \/>\n<script type=\"application\/ld+json\" class=\"yoast-schema-graph\">{\"@context\":\"https:\\\/\\\/schema.org\",\"@graph\":[{\"@type\":\"Article\",\"@id\":\"https:\\\/\\\/lospoliticosveracruz.com\\\/?p=83569#article\",\"isPartOf\":{\"@id\":\"https:\\\/\\\/lospoliticosveracruz.com\\\/?p=83569\"},\"author\":{\"name\":\"Lo viste en Los Pol\u00edticos\",\"@id\":\"https:\\\/\\\/lospoliticosveracruz.com\\\/#\\\/schema\\\/person\\\/b8702bb0e538456e6efd07080bf2a4a2\"},\"headline\":\"Gracias azules!\",\"datePublished\":\"2021-12-17T19:59:48+00:00\",\"dateModified\":\"2021-12-17T19:59:54+00:00\",\"mainEntityOfPage\":{\"@id\":\"https:\\\/\\\/lospoliticosveracruz.com\\\/?p=83569\"},\"wordCount\":406,\"publisher\":{\"@id\":\"https:\\\/\\\/lospoliticosveracruz.com\\\/#organization\"},\"keywords\":[\"Joaqu\u00edn Rosendo Guzm\u00e1n Avil\u00e9s\",\"Mayra Cort\u00e9s\",\"Mayra Cort\u00e9s Rodr\u00edguez\",\"PAN de Veracruz\"],\"articleSection\":[\"De Boleto\"],\"inLanguage\":\"es\"},{\"@type\":\"WebPage\",\"@id\":\"https:\\\/\\\/lospoliticosveracruz.com\\\/?p=83569\",\"url\":\"https:\\\/\\\/lospoliticosveracruz.com\\\/?p=83569\",\"name\":\"Gracias azules! - Los pol\u00edticos Veracruz\",\"isPartOf\":{\"@id\":\"https:\\\/\\\/lospoliticosveracruz.com\\\/#website\"},\"datePublished\":\"2021-12-17T19:59:48+00:00\",\"dateModified\":\"2021-12-17T19:59:54+00:00\",\"breadcrumb\":{\"@id\":\"https:\\\/\\\/lospoliticosveracruz.com\\\/?p=83569#breadcrumb\"},\"inLanguage\":\"es\",\"potentialAction\":[{\"@type\":\"ReadAction\",\"target\":[\"https:\\\/\\\/lospoliticosveracruz.com\\\/?p=83569\"]}]},{\"@type\":\"BreadcrumbList\",\"@id\":\"https:\\\/\\\/lospoliticosveracruz.com\\\/?p=83569#breadcrumb\",\"itemListElement\":[{\"@type\":\"ListItem\",\"position\":1,\"name\":\"Portada\",\"item\":\"https:\\\/\\\/lospoliticosveracruz.com\\\/\"},{\"@type\":\"ListItem\",\"position\":2,\"name\":\"Gracias azules!\"}]},{\"@type\":\"WebSite\",\"@id\":\"https:\\\/\\\/lospoliticosveracruz.com\\\/#website\",\"url\":\"https:\\\/\\\/lospoliticosveracruz.com\\\/\",\"name\":\"Los pol\u00edticos Veracruz\",\"description\":\"\",\"publisher\":{\"@id\":\"https:\\\/\\\/lospoliticosveracruz.com\\\/#organization\"},\"potentialAction\":[{\"@type\":\"SearchAction\",\"target\":{\"@type\":\"EntryPoint\",\"urlTemplate\":\"https:\\\/\\\/lospoliticosveracruz.com\\\/?s={search_term_string}\"},\"query-input\":{\"@type\":\"PropertyValueSpecification\",\"valueRequired\":true,\"valueName\":\"search_term_string\"}}],\"inLanguage\":\"es\"},{\"@type\":\"Organization\",\"@id\":\"https:\\\/\\\/lospoliticosveracruz.com\\\/#organization\",\"name\":\"Los pol\u00edticos Veracruz\",\"url\":\"https:\\\/\\\/lospoliticosveracruz.com\\\/\",\"logo\":{\"@type\":\"ImageObject\",\"inLanguage\":\"es\",\"@id\":\"https:\\\/\\\/lospoliticosveracruz.com\\\/#\\\/schema\\\/logo\\\/image\\\/\",\"url\":\"https:\\\/\\\/lospoliticosveracruz.com\\\/wp-content\\\/uploads\\\/2025\\\/12\\\/Logo-Nuevo-LOS-POLITICOS-1.jpg\",\"contentUrl\":\"https:\\\/\\\/lospoliticosveracruz.com\\\/wp-content\\\/uploads\\\/2025\\\/12\\\/Logo-Nuevo-LOS-POLITICOS-1.jpg\",\"width\":260,\"height\":70,\"caption\":\"Los pol\u00edticos Veracruz\"},\"image\":{\"@id\":\"https:\\\/\\\/lospoliticosveracruz.com\\\/#\\\/schema\\\/logo\\\/image\\\/\"},\"sameAs\":[\"https:\\\/\\\/www.facebook.com\\\/people\\\/Notimemes-de-los-Polticos\\\/61565672886568\\\/\",\"https:\\\/\\\/x.com\\\/LosPoliticosVer\"]},{\"@type\":\"Person\",\"@id\":\"https:\\\/\\\/lospoliticosveracruz.com\\\/#\\\/schema\\\/person\\\/b8702bb0e538456e6efd07080bf2a4a2\",\"name\":\"Lo viste en Los Pol\u00edticos\",\"image\":{\"@type\":\"ImageObject\",\"inLanguage\":\"es\",\"@id\":\"https:\\\/\\\/secure.gravatar.com\\\/avatar\\\/3a8de04a2656d44082be478bd6c086daa447c4651605818287b9532d3d0bd435?s=96&d=mm&r=g\",\"url\":\"https:\\\/\\\/secure.gravatar.com\\\/avatar\\\/3a8de04a2656d44082be478bd6c086daa447c4651605818287b9532d3d0bd435?s=96&d=mm&r=g\",\"contentUrl\":\"https:\\\/\\\/secure.gravatar.com\\\/avatar\\\/3a8de04a2656d44082be478bd6c086daa447c4651605818287b9532d3d0bd435?s=96&d=mm&r=g\",\"caption\":\"Lo viste en Los Pol\u00edticos\"},\"url\":\"https:\\\/\\\/lospoliticosveracruz.com\\\/?author=2\"}]}<\/script>\n<!-- \/ Yoast SEO plugin. -->","yoast_head_json":{"title":"Gracias azules! - Los pol\u00edticos Veracruz","robots":{"index":"index","follow":"follow","max-snippet":"max-snippet:-1","max-image-preview":"max-image-preview:large","max-video-preview":"max-video-preview:-1"},"canonical":"https:\/\/lospoliticosveracruz.com\/?p=83569","og_locale":"es_ES","og_type":"article","og_title":"Gracias azules! - Los pol\u00edticos Veracruz","og_description":"Xalapa Despu\u00e9s de una exitosa gira por todo el estado, el Candidato a Presidente del Comit\u00e9 Directivo Estatal del PAN de Veracruz, Joaqu\u00edn Rosendo Guzm\u00e1n Avil\u00e9s, agradeci\u00f3 el apoyo a los militantes que lo recibieron para dialogar y conocer sus propuestas. Destac\u00f3 que recibi\u00f3 una c\u00e1lida recepci\u00f3n tanto \u00e9l como sus compa\u00f1eros de planilla que [&hellip;]","og_url":"https:\/\/lospoliticosveracruz.com\/?p=83569","og_site_name":"Los pol\u00edticos Veracruz","article_publisher":"https:\/\/www.facebook.com\/people\/Notimemes-de-los-Polticos\/61565672886568\/","article_published_time":"2021-12-17T19:59:48+00:00","article_modified_time":"2021-12-17T19:59:54+00:00","og_image":[{"width":200,"height":200,"url":"https:\/\/lospoliticosveracruz.com\/wp-content\/uploads\/2016\/07\/Logo-Dor.jpg","type":"image\/jpeg"}],"author":"Lo viste en Los Pol\u00edticos","twitter_card":"summary_large_image","twitter_creator":"@LosPoliticosVer","twitter_site":"@LosPoliticosVer","twitter_misc":{"Escrito por":"Lo viste en Los Pol\u00edticos","Tiempo de lectura":"2 minutos"},"schema":{"@context":"https:\/\/schema.org","@graph":[{"@type":"Article","@id":"https:\/\/lospoliticosveracruz.com\/?p=83569#article","isPartOf":{"@id":"https:\/\/lospoliticosveracruz.com\/?p=83569"},"author":{"name":"Lo viste en Los Pol\u00edticos","@id":"https:\/\/lospoliticosveracruz.com\/#\/schema\/person\/b8702bb0e538456e6efd07080bf2a4a2"},"headline":"Gracias azules!","datePublished":"2021-12-17T19:59:48+00:00","dateModified":"2021-12-17T19:59:54+00:00","mainEntityOfPage":{"@id":"https:\/\/lospoliticosveracruz.com\/?p=83569"},"wordCount":406,"publisher":{"@id":"https:\/\/lospoliticosveracruz.com\/#organization"},"keywords":["Joaqu\u00edn Rosendo Guzm\u00e1n Avil\u00e9s","Mayra Cort\u00e9s","Mayra Cort\u00e9s Rodr\u00edguez","PAN de Veracruz"],"articleSection":["De Boleto"],"inLanguage":"es"},{"@type":"WebPage","@id":"https:\/\/lospoliticosveracruz.com\/?p=83569","url":"https:\/\/lospoliticosveracruz.com\/?p=83569","name":"Gracias azules! - Los pol\u00edticos Veracruz","isPartOf":{"@id":"https:\/\/lospoliticosveracruz.com\/#website"},"datePublished":"2021-12-17T19:59:48+00:00","dateModified":"2021-12-17T19:59:54+00:00","breadcrumb":{"@id":"https:\/\/lospoliticosveracruz.com\/?p=83569#breadcrumb"},"inLanguage":"es","potentialAction":[{"@type":"ReadAction","target":["https:\/\/lospoliticosveracruz.com\/?p=83569"]}]},{"@type":"BreadcrumbList","@id":"https:\/\/lospoliticosveracruz.com\/?p=83569#breadcrumb","itemListElement":[{"@type":"ListItem","position":1,"name":"Portada","item":"https:\/\/lospoliticosveracruz.com\/"},{"@type":"ListItem","position":2,"name":"Gracias azules!"}]},{"@type":"WebSite","@id":"https:\/\/lospoliticosveracruz.com\/#website","url":"https:\/\/lospoliticosveracruz.com\/","name":"Los pol\u00edticos Veracruz","description":"","publisher":{"@id":"https:\/\/lospoliticosveracruz.com\/#organization"},"potentialAction":[{"@type":"SearchAction","target":{"@type":"EntryPoint","urlTemplate":"https:\/\/lospoliticosveracruz.com\/?s={search_term_string}"},"query-input":{"@type":"PropertyValueSpecification","valueRequired":true,"valueName":"search_term_string"}}],"inLanguage":"es"},{"@type":"Organization","@id":"https:\/\/lospoliticosveracruz.com\/#organization","name":"Los pol\u00edticos Veracruz","url":"https:\/\/lospoliticosveracruz.com\/","logo":{"@type":"ImageObject","inLanguage":"es","@id":"https:\/\/lospoliticosveracruz.com\/#\/schema\/logo\/image\/","url":"https:\/\/lospoliticosveracruz.com\/wp-content\/uploads\/2025\/12\/Logo-Nuevo-LOS-POLITICOS-1.jpg","contentUrl":"https:\/\/lospoliticosveracruz.com\/wp-content\/uploads\/2025\/12\/Logo-Nuevo-LOS-POLITICOS-1.jpg","width":260,"height":70,"caption":"Los pol\u00edticos Veracruz"},"image":{"@id":"https:\/\/lospoliticosveracruz.com\/#\/schema\/logo\/image\/"},"sameAs":["https:\/\/www.facebook.com\/people\/Notimemes-de-los-Polticos\/61565672886568\/","https:\/\/x.com\/LosPoliticosVer"]},{"@type":"Person","@id":"https:\/\/lospoliticosveracruz.com\/#\/schema\/person\/b8702bb0e538456e6efd07080bf2a4a2","name":"Lo viste en Los Pol\u00edticos","image":{"@type":"ImageObject","inLanguage":"es","@id":"https:\/\/secure.gravatar.com\/avatar\/3a8de04a2656d44082be478bd6c086daa447c4651605818287b9532d3d0bd435?s=96&d=mm&r=g","url":"https:\/\/secure.gravatar.com\/avatar\/3a8de04a2656d44082be478bd6c086daa447c4651605818287b9532d3d0bd435?s=96&d=mm&r=g","contentUrl":"https:\/\/secure.gravatar.com\/avatar\/3a8de04a2656d44082be478bd6c086daa447c4651605818287b9532d3d0bd435?s=96&d=mm&r=g","caption":"Lo viste en Los Pol\u00edticos"},"url":"https:\/\/lospoliticosveracruz.com\/?author=2"}]}},"_links":{"self":[{"href":"https:\/\/lospoliticosveracruz.com\/index.php?rest_route=\/wp\/v2\/posts\/83569","targetHints":{"allow":["GET"]}}],"collection":[{"href":"https:\/\/lospoliticosveracruz.com\/index.php?rest_route=\/wp\/v2\/posts"}],"about":[{"href":"https:\/\/lospoliticosveracruz.com\/index.php?rest_route=\/wp\/v2\/types\/post"}],"author":[{"embeddable":true,"href":"https:\/\/lospoliticosveracruz.com\/index.php?rest_route=\/wp\/v2\/users\/2"}],"replies":[{"embeddable":true,"href":"https:\/\/lospoliticosveracruz.com\/index.php?rest_route=%2Fwp%2Fv2%2Fcomments&post=83569"}],"version-history":[{"count":1,"href":"https:\/\/lospoliticosveracruz.com\/index.php?rest_route=\/wp\/v2\/posts\/83569\/revisions"}],"predecessor-version":[{"id":83571,"href":"https:\/\/lospoliticosveracruz.com\/index.php?rest_route=\/wp\/v2\/posts\/83569\/revisions\/83571"}],"wp:attachment":[{"href":"https:\/\/lospoliticosveracruz.com\/index.php?rest_route=%2Fwp%2Fv2%2Fmedia&parent=83569"}],"wp:term":[{"taxonomy":"category","embeddable":true,"href":"https:\/\/lospoliticosveracruz.com\/index.php?rest_route=%2Fwp%2Fv2%2Fcategories&post=83569"},{"taxonomy":"post_tag","embeddable":true,"href":"https:\/\/lospoliticosveracruz.com\/index.php?rest_route=%2Fwp%2Fv2%2Ftags&post=83569"}],"curies":[{"name":"wp","href":"https:\/\/api.w.org\/{rel}","templated":true}]}}