{"id":83585,"date":"2021-12-17T15:25:28","date_gmt":"2021-12-17T21:25:28","guid":{"rendered":"https:\/\/lospoliticosveracruz.com.mx\/?p=83585"},"modified":"2021-12-17T15:25:34","modified_gmt":"2021-12-17T21:25:34","slug":"todos-los-chavos-de-maryjose-vacunados","status":"publish","type":"post","link":"https:\/\/lospoliticosveracruz.com\/?p=83585","title":{"rendered":"Todos los chavos de Maryjose, vacunados!"},"content":{"rendered":"\n<p><\/p>\n\n\n\n<p><br><strong>Veracruz<\/strong><\/p>\n\n\n\n<p><br>La diputada federal, Maryjose Gamboa Torales, inform\u00f3 que el d\u00eda de hoy 263 menores de edad fueron vacunados en el centro m\u00e9dico \u201cDr. Gast\u00f3n Melo\u201d de la ciudad de Xalapa, concluyendo as\u00ed la \u00faltima ronda de los m\u00e1s de 1,200 ni\u00f1os que fueron amparados para recibir la vacuna contra el COVID-19.<\/p>\n\n\n\n<p>\u201cDe los mil 287 ni\u00f1os que eran, estamos en los datos completos de segunda dosis, m\u00e1s de 263 fueron vacunados entre la primera y segunda dosis el d\u00eda de hoy. Hubo por all\u00ed 90 ni\u00f1os que por alguna circunstancia no terminaron el proceso, pero casi mil 200 s\u00ed fueron o est\u00e1n siendo vacunados por las autoridades de salud\u201d, manifest\u00f3.<\/p>\n\n\n\n<p>Maryjose dijo que de esta forma el d\u00eda de hoy est\u00e1 terminando con los amparos de este 2021, pero en 2022 seguir\u00e1 con los tr\u00e1mites de amparo para que m\u00e1s ni\u00f1os sean sean inmunizados.<\/p>\n\n\n\n<p>\u201cA partir de enero vamos a retomar, pero solamente ni\u00f1os de 12, 13 y 14 a\u00f1os, que son los que reciben la vacuna Pzifer, que s\u00ed est\u00e1 aprobada por COFEPRIS; seguiremos apoyando a quien lo requiera del Distrito 12, con mucho gusto y mucho cari\u00f1o\u201d, afirm\u00f3.<\/p>\n\n\n\n<p>Sobre la negativa del gobierno de ampliar la vacunaci\u00f3n a estos ni\u00f1os, sin la necesidad de un amparo, la diputada federal sostuvo que el Gobierno Federal prefiri\u00f3 incrementar el presupuesto del Tren Maya en 40 mil millones de pesos \u2013 que ya va casi en 200 mil millones de pesos- en lugar de ocuparlos para vacunar a la poblaci\u00f3n de entre 12 y 14 a\u00f1os que son los que nos faltan, que son casi 6.7 millones de ni\u00f1as y ni\u00f1os mexicanos los que est\u00e1n en ese rango de edad.<\/p>\n\n\n\n<p>\u201cAh\u00ed est\u00e1n las prioridades del Gobierno Federal, pero nuestras prioridades siguen siendo apoyar a la gente que confi\u00f3 en nosotros y en ese entendido seguiremos apoyando y promoviendo amparos para que los vacunen\u201d, concluy\u00f3 Maryjose Gamboa.<\/p>\n","protected":false},"excerpt":{"rendered":"<p>Veracruz La diputada federal, Maryjose Gamboa Torales, inform\u00f3 que el d\u00eda de hoy 263 menores de edad fueron vacunados en el centro m\u00e9dico \u201cDr. Gast\u00f3n Melo\u201d de la ciudad de Xalapa, concluyendo as\u00ed la \u00faltima ronda de los m\u00e1s de 1,200 ni\u00f1os que fueron amparados para recibir la vacuna contra el COVID-19. \u201cDe los mil [&hellip;]<\/p>\n","protected":false},"author":2,"featured_media":0,"comment_status":"closed","ping_status":"closed","sticky":false,"template":"","format":"standard","meta":{"tdm_status":"","tdm_grid_status":"","footnotes":""},"categories":[73],"tags":[27136,24761,195],"class_list":{"0":"post-83585","1":"post","2":"type-post","3":"status-publish","4":"format-standard","6":"category-de-boleto","7":"tag-maryjose-gamboa-torales-2","8":"tag-vacuna-contra-el-covid","9":"tag-veracruz"},"yoast_head":"<!-- This site is optimized with the Yoast SEO plugin v27.4 - https:\/\/yoast.com\/product\/yoast-seo-wordpress\/ -->\n<title>Todos los chavos de Maryjose, vacunados! - Los pol\u00edticos Veracruz<\/title>\n<meta name=\"robots\" content=\"index, follow, max-snippet:-1, max-image-preview:large, max-video-preview:-1\" \/>\n<link rel=\"canonical\" href=\"https:\/\/lospoliticosveracruz.com\/?p=83585\" \/>\n<meta property=\"og:locale\" content=\"es_ES\" \/>\n<meta property=\"og:type\" content=\"article\" \/>\n<meta property=\"og:title\" content=\"Todos los chavos de Maryjose, vacunados! - Los pol\u00edticos Veracruz\" \/>\n<meta property=\"og:description\" content=\"Veracruz La diputada federal, Maryjose Gamboa Torales, inform\u00f3 que el d\u00eda de hoy 263 menores de edad fueron vacunados en el centro m\u00e9dico \u201cDr. Gast\u00f3n Melo\u201d de la ciudad de Xalapa, concluyendo as\u00ed la \u00faltima ronda de los m\u00e1s de 1,200 ni\u00f1os que fueron amparados para recibir la vacuna contra el COVID-19. \u201cDe los mil [&hellip;]\" \/>\n<meta property=\"og:url\" content=\"https:\/\/lospoliticosveracruz.com\/?p=83585\" \/>\n<meta property=\"og:site_name\" content=\"Los pol\u00edticos Veracruz\" \/>\n<meta property=\"article:publisher\" content=\"https:\/\/www.facebook.com\/people\/Notimemes-de-los-Polticos\/61565672886568\/\" \/>\n<meta property=\"article:published_time\" content=\"2021-12-17T21:25:28+00:00\" \/>\n<meta property=\"article:modified_time\" content=\"2021-12-17T21:25:34+00:00\" \/>\n<meta property=\"og:image\" content=\"https:\/\/lospoliticosveracruz.com\/wp-content\/uploads\/2016\/07\/Logo-Dor.jpg\" \/>\n\t<meta property=\"og:image:width\" content=\"200\" \/>\n\t<meta property=\"og:image:height\" content=\"200\" \/>\n\t<meta property=\"og:image:type\" content=\"image\/jpeg\" \/>\n<meta name=\"author\" content=\"Lo viste en Los Pol\u00edticos\" \/>\n<meta name=\"twitter:card\" content=\"summary_large_image\" \/>\n<meta name=\"twitter:creator\" content=\"@LosPoliticosVer\" \/>\n<meta name=\"twitter:site\" content=\"@LosPoliticosVer\" \/>\n<meta name=\"twitter:label1\" content=\"Escrito por\" \/>\n\t<meta name=\"twitter:data1\" content=\"Lo viste en Los Pol\u00edticos\" \/>\n\t<meta name=\"twitter:label2\" content=\"Tiempo de lectura\" \/>\n\t<meta name=\"twitter:data2\" content=\"2 minutos\" \/>\n<script type=\"application\/ld+json\" class=\"yoast-schema-graph\">{\"@context\":\"https:\\\/\\\/schema.org\",\"@graph\":[{\"@type\":\"Article\",\"@id\":\"https:\\\/\\\/lospoliticosveracruz.com\\\/?p=83585#article\",\"isPartOf\":{\"@id\":\"https:\\\/\\\/lospoliticosveracruz.com\\\/?p=83585\"},\"author\":{\"name\":\"Lo viste en Los Pol\u00edticos\",\"@id\":\"https:\\\/\\\/lospoliticosveracruz.com\\\/#\\\/schema\\\/person\\\/b8702bb0e538456e6efd07080bf2a4a2\"},\"headline\":\"Todos los chavos de Maryjose, vacunados!\",\"datePublished\":\"2021-12-17T21:25:28+00:00\",\"dateModified\":\"2021-12-17T21:25:34+00:00\",\"mainEntityOfPage\":{\"@id\":\"https:\\\/\\\/lospoliticosveracruz.com\\\/?p=83585\"},\"wordCount\":329,\"publisher\":{\"@id\":\"https:\\\/\\\/lospoliticosveracruz.com\\\/#organization\"},\"keywords\":[\"Maryjose Gamboa Torales\",\"vacuna contra el covid\",\"Veracruz\"],\"articleSection\":[\"De Boleto\"],\"inLanguage\":\"es\"},{\"@type\":\"WebPage\",\"@id\":\"https:\\\/\\\/lospoliticosveracruz.com\\\/?p=83585\",\"url\":\"https:\\\/\\\/lospoliticosveracruz.com\\\/?p=83585\",\"name\":\"Todos los chavos de Maryjose, vacunados! - Los pol\u00edticos Veracruz\",\"isPartOf\":{\"@id\":\"https:\\\/\\\/lospoliticosveracruz.com\\\/#website\"},\"datePublished\":\"2021-12-17T21:25:28+00:00\",\"dateModified\":\"2021-12-17T21:25:34+00:00\",\"breadcrumb\":{\"@id\":\"https:\\\/\\\/lospoliticosveracruz.com\\\/?p=83585#breadcrumb\"},\"inLanguage\":\"es\",\"potentialAction\":[{\"@type\":\"ReadAction\",\"target\":[\"https:\\\/\\\/lospoliticosveracruz.com\\\/?p=83585\"]}]},{\"@type\":\"BreadcrumbList\",\"@id\":\"https:\\\/\\\/lospoliticosveracruz.com\\\/?p=83585#breadcrumb\",\"itemListElement\":[{\"@type\":\"ListItem\",\"position\":1,\"name\":\"Portada\",\"item\":\"https:\\\/\\\/lospoliticosveracruz.com\\\/\"},{\"@type\":\"ListItem\",\"position\":2,\"name\":\"Todos los chavos de Maryjose, vacunados!\"}]},{\"@type\":\"WebSite\",\"@id\":\"https:\\\/\\\/lospoliticosveracruz.com\\\/#website\",\"url\":\"https:\\\/\\\/lospoliticosveracruz.com\\\/\",\"name\":\"Los pol\u00edticos Veracruz\",\"description\":\"\",\"publisher\":{\"@id\":\"https:\\\/\\\/lospoliticosveracruz.com\\\/#organization\"},\"potentialAction\":[{\"@type\":\"SearchAction\",\"target\":{\"@type\":\"EntryPoint\",\"urlTemplate\":\"https:\\\/\\\/lospoliticosveracruz.com\\\/?s={search_term_string}\"},\"query-input\":{\"@type\":\"PropertyValueSpecification\",\"valueRequired\":true,\"valueName\":\"search_term_string\"}}],\"inLanguage\":\"es\"},{\"@type\":\"Organization\",\"@id\":\"https:\\\/\\\/lospoliticosveracruz.com\\\/#organization\",\"name\":\"Los pol\u00edticos Veracruz\",\"url\":\"https:\\\/\\\/lospoliticosveracruz.com\\\/\",\"logo\":{\"@type\":\"ImageObject\",\"inLanguage\":\"es\",\"@id\":\"https:\\\/\\\/lospoliticosveracruz.com\\\/#\\\/schema\\\/logo\\\/image\\\/\",\"url\":\"https:\\\/\\\/lospoliticosveracruz.com\\\/wp-content\\\/uploads\\\/2025\\\/12\\\/Logo-Nuevo-LOS-POLITICOS-1.jpg\",\"contentUrl\":\"https:\\\/\\\/lospoliticosveracruz.com\\\/wp-content\\\/uploads\\\/2025\\\/12\\\/Logo-Nuevo-LOS-POLITICOS-1.jpg\",\"width\":260,\"height\":70,\"caption\":\"Los pol\u00edticos Veracruz\"},\"image\":{\"@id\":\"https:\\\/\\\/lospoliticosveracruz.com\\\/#\\\/schema\\\/logo\\\/image\\\/\"},\"sameAs\":[\"https:\\\/\\\/www.facebook.com\\\/people\\\/Notimemes-de-los-Polticos\\\/61565672886568\\\/\",\"https:\\\/\\\/x.com\\\/LosPoliticosVer\"]},{\"@type\":\"Person\",\"@id\":\"https:\\\/\\\/lospoliticosveracruz.com\\\/#\\\/schema\\\/person\\\/b8702bb0e538456e6efd07080bf2a4a2\",\"name\":\"Lo viste en Los Pol\u00edticos\",\"image\":{\"@type\":\"ImageObject\",\"inLanguage\":\"es\",\"@id\":\"https:\\\/\\\/secure.gravatar.com\\\/avatar\\\/3a8de04a2656d44082be478bd6c086daa447c4651605818287b9532d3d0bd435?s=96&d=mm&r=g\",\"url\":\"https:\\\/\\\/secure.gravatar.com\\\/avatar\\\/3a8de04a2656d44082be478bd6c086daa447c4651605818287b9532d3d0bd435?s=96&d=mm&r=g\",\"contentUrl\":\"https:\\\/\\\/secure.gravatar.com\\\/avatar\\\/3a8de04a2656d44082be478bd6c086daa447c4651605818287b9532d3d0bd435?s=96&d=mm&r=g\",\"caption\":\"Lo viste en Los Pol\u00edticos\"},\"url\":\"https:\\\/\\\/lospoliticosveracruz.com\\\/?author=2\"}]}<\/script>\n<!-- \/ Yoast SEO plugin. -->","yoast_head_json":{"title":"Todos los chavos de Maryjose, vacunados! - Los pol\u00edticos Veracruz","robots":{"index":"index","follow":"follow","max-snippet":"max-snippet:-1","max-image-preview":"max-image-preview:large","max-video-preview":"max-video-preview:-1"},"canonical":"https:\/\/lospoliticosveracruz.com\/?p=83585","og_locale":"es_ES","og_type":"article","og_title":"Todos los chavos de Maryjose, vacunados! - Los pol\u00edticos Veracruz","og_description":"Veracruz La diputada federal, Maryjose Gamboa Torales, inform\u00f3 que el d\u00eda de hoy 263 menores de edad fueron vacunados en el centro m\u00e9dico \u201cDr. Gast\u00f3n Melo\u201d de la ciudad de Xalapa, concluyendo as\u00ed la \u00faltima ronda de los m\u00e1s de 1,200 ni\u00f1os que fueron amparados para recibir la vacuna contra el COVID-19. \u201cDe los mil [&hellip;]","og_url":"https:\/\/lospoliticosveracruz.com\/?p=83585","og_site_name":"Los pol\u00edticos Veracruz","article_publisher":"https:\/\/www.facebook.com\/people\/Notimemes-de-los-Polticos\/61565672886568\/","article_published_time":"2021-12-17T21:25:28+00:00","article_modified_time":"2021-12-17T21:25:34+00:00","og_image":[{"width":200,"height":200,"url":"https:\/\/lospoliticosveracruz.com\/wp-content\/uploads\/2016\/07\/Logo-Dor.jpg","type":"image\/jpeg"}],"author":"Lo viste en Los Pol\u00edticos","twitter_card":"summary_large_image","twitter_creator":"@LosPoliticosVer","twitter_site":"@LosPoliticosVer","twitter_misc":{"Escrito por":"Lo viste en Los Pol\u00edticos","Tiempo de lectura":"2 minutos"},"schema":{"@context":"https:\/\/schema.org","@graph":[{"@type":"Article","@id":"https:\/\/lospoliticosveracruz.com\/?p=83585#article","isPartOf":{"@id":"https:\/\/lospoliticosveracruz.com\/?p=83585"},"author":{"name":"Lo viste en Los Pol\u00edticos","@id":"https:\/\/lospoliticosveracruz.com\/#\/schema\/person\/b8702bb0e538456e6efd07080bf2a4a2"},"headline":"Todos los chavos de Maryjose, vacunados!","datePublished":"2021-12-17T21:25:28+00:00","dateModified":"2021-12-17T21:25:34+00:00","mainEntityOfPage":{"@id":"https:\/\/lospoliticosveracruz.com\/?p=83585"},"wordCount":329,"publisher":{"@id":"https:\/\/lospoliticosveracruz.com\/#organization"},"keywords":["Maryjose Gamboa Torales","vacuna contra el covid","Veracruz"],"articleSection":["De Boleto"],"inLanguage":"es"},{"@type":"WebPage","@id":"https:\/\/lospoliticosveracruz.com\/?p=83585","url":"https:\/\/lospoliticosveracruz.com\/?p=83585","name":"Todos los chavos de Maryjose, vacunados! - Los pol\u00edticos Veracruz","isPartOf":{"@id":"https:\/\/lospoliticosveracruz.com\/#website"},"datePublished":"2021-12-17T21:25:28+00:00","dateModified":"2021-12-17T21:25:34+00:00","breadcrumb":{"@id":"https:\/\/lospoliticosveracruz.com\/?p=83585#breadcrumb"},"inLanguage":"es","potentialAction":[{"@type":"ReadAction","target":["https:\/\/lospoliticosveracruz.com\/?p=83585"]}]},{"@type":"BreadcrumbList","@id":"https:\/\/lospoliticosveracruz.com\/?p=83585#breadcrumb","itemListElement":[{"@type":"ListItem","position":1,"name":"Portada","item":"https:\/\/lospoliticosveracruz.com\/"},{"@type":"ListItem","position":2,"name":"Todos los chavos de Maryjose, vacunados!"}]},{"@type":"WebSite","@id":"https:\/\/lospoliticosveracruz.com\/#website","url":"https:\/\/lospoliticosveracruz.com\/","name":"Los pol\u00edticos Veracruz","description":"","publisher":{"@id":"https:\/\/lospoliticosveracruz.com\/#organization"},"potentialAction":[{"@type":"SearchAction","target":{"@type":"EntryPoint","urlTemplate":"https:\/\/lospoliticosveracruz.com\/?s={search_term_string}"},"query-input":{"@type":"PropertyValueSpecification","valueRequired":true,"valueName":"search_term_string"}}],"inLanguage":"es"},{"@type":"Organization","@id":"https:\/\/lospoliticosveracruz.com\/#organization","name":"Los pol\u00edticos Veracruz","url":"https:\/\/lospoliticosveracruz.com\/","logo":{"@type":"ImageObject","inLanguage":"es","@id":"https:\/\/lospoliticosveracruz.com\/#\/schema\/logo\/image\/","url":"https:\/\/lospoliticosveracruz.com\/wp-content\/uploads\/2025\/12\/Logo-Nuevo-LOS-POLITICOS-1.jpg","contentUrl":"https:\/\/lospoliticosveracruz.com\/wp-content\/uploads\/2025\/12\/Logo-Nuevo-LOS-POLITICOS-1.jpg","width":260,"height":70,"caption":"Los pol\u00edticos Veracruz"},"image":{"@id":"https:\/\/lospoliticosveracruz.com\/#\/schema\/logo\/image\/"},"sameAs":["https:\/\/www.facebook.com\/people\/Notimemes-de-los-Polticos\/61565672886568\/","https:\/\/x.com\/LosPoliticosVer"]},{"@type":"Person","@id":"https:\/\/lospoliticosveracruz.com\/#\/schema\/person\/b8702bb0e538456e6efd07080bf2a4a2","name":"Lo viste en Los Pol\u00edticos","image":{"@type":"ImageObject","inLanguage":"es","@id":"https:\/\/secure.gravatar.com\/avatar\/3a8de04a2656d44082be478bd6c086daa447c4651605818287b9532d3d0bd435?s=96&d=mm&r=g","url":"https:\/\/secure.gravatar.com\/avatar\/3a8de04a2656d44082be478bd6c086daa447c4651605818287b9532d3d0bd435?s=96&d=mm&r=g","contentUrl":"https:\/\/secure.gravatar.com\/avatar\/3a8de04a2656d44082be478bd6c086daa447c4651605818287b9532d3d0bd435?s=96&d=mm&r=g","caption":"Lo viste en Los Pol\u00edticos"},"url":"https:\/\/lospoliticosveracruz.com\/?author=2"}]}},"_links":{"self":[{"href":"https:\/\/lospoliticosveracruz.com\/index.php?rest_route=\/wp\/v2\/posts\/83585","targetHints":{"allow":["GET"]}}],"collection":[{"href":"https:\/\/lospoliticosveracruz.com\/index.php?rest_route=\/wp\/v2\/posts"}],"about":[{"href":"https:\/\/lospoliticosveracruz.com\/index.php?rest_route=\/wp\/v2\/types\/post"}],"author":[{"embeddable":true,"href":"https:\/\/lospoliticosveracruz.com\/index.php?rest_route=\/wp\/v2\/users\/2"}],"replies":[{"embeddable":true,"href":"https:\/\/lospoliticosveracruz.com\/index.php?rest_route=%2Fwp%2Fv2%2Fcomments&post=83585"}],"version-history":[{"count":1,"href":"https:\/\/lospoliticosveracruz.com\/index.php?rest_route=\/wp\/v2\/posts\/83585\/revisions"}],"predecessor-version":[{"id":83587,"href":"https:\/\/lospoliticosveracruz.com\/index.php?rest_route=\/wp\/v2\/posts\/83585\/revisions\/83587"}],"wp:attachment":[{"href":"https:\/\/lospoliticosveracruz.com\/index.php?rest_route=%2Fwp%2Fv2%2Fmedia&parent=83585"}],"wp:term":[{"taxonomy":"category","embeddable":true,"href":"https:\/\/lospoliticosveracruz.com\/index.php?rest_route=%2Fwp%2Fv2%2Fcategories&post=83585"},{"taxonomy":"post_tag","embeddable":true,"href":"https:\/\/lospoliticosveracruz.com\/index.php?rest_route=%2Fwp%2Fv2%2Ftags&post=83585"}],"curies":[{"name":"wp","href":"https:\/\/api.w.org\/{rel}","templated":true}]}}