{"id":83591,"date":"2021-12-17T16:45:07","date_gmt":"2021-12-17T22:45:07","guid":{"rendered":"https:\/\/lospoliticosveracruz.com.mx\/?p=83591"},"modified":"2021-12-17T16:45:12","modified_gmt":"2021-12-17T22:45:12","slug":"simulacion-el-moche-de-prerrogativas-a-partidos-ruth","status":"publish","type":"post","link":"https:\/\/lospoliticosveracruz.com\/?p=83591","title":{"rendered":"Simulaci\u00f3n, el moche de prerrogativas a partidos: Ruth"},"content":{"rendered":"\n<p><\/p>\n\n\n\n<p><\/p>\n\n\n\n<p><strong>Xalapa<\/strong><\/p>\n\n\n\n<p><br>La diputada del Movimiento Ciudadano no se anduvo por las ramas, y si Morena pide eliminar el 50 por ciento de las prerrogativas al partido, los Naranja apuestan por eliminar en su totalidad el financiamiento.<br>En su posicionamiento, Ruth Callejas asegura que el dictamen que se analiza, contradice lo establecido por la Carta Magna, misma que en su art\u00edculo 41 fracci\u00f3n II, segundo p\u00e1rrafo, inciso a), se\u00f1ala que: El financiamiento p\u00fablico de los Partidos Pol\u00edticos para el sostenimiento de sus actividades ordinarias permanentes se fijar\u00e1 anualmente, multiplicando el n\u00famero total de ciudadanos inscritos en el padr\u00f3n electoral por el 65% del valor diario de la Unidad de Medida y Actualizaci\u00f3n (UMA).<br>Reduce la base del c\u00e1lculo de 65% a 32.5% del valor de la UMA.<br>\u201cPor lo que de aprobarla, devendr\u00eda en Anticonstitucional\u201d.<br>Adem\u00e1s, que contraviene lo establecido en el art\u00edculo 23 numeral 1 inciso d), de la Ley General de Partidos Pol\u00edticos, en el que se se\u00f1ala que: \u201c\u2026En las entidades federativas donde exista financiamiento local para los Partidos Pol\u00edticos nacionales\u2026, las leyes locales no podr\u00e1n establecer limitaciones a dicho financiamiento\u2026\u201d<br>Ruth Callejas se\u00f1al\u00f3 que el financiamiento p\u00fablico para los Partidos Pol\u00edticos Nacionales que se propone en el Dictamen, desafortunadamente es una simulaci\u00f3n m\u00e1s. \u201cLo ideal ser\u00eda eliminar el financiamiento p\u00fablico a todos los Partidos Pol\u00edticos, as\u00ed tendr\u00edamos todos un piso parejo\u201d.<br>En Movimiento Ciudadano \u2013desde nuestro Programa de Acci\u00f3n-, compartimos los leg\u00edtimos reclamos sociales sobre el destino de los recursos p\u00fablicos y proponemos que los Partidos Pol\u00edticos no reciban ning\u00fan financiamiento p\u00fablico, sino que se sostengan exclusivamente con el apoyo de sus militantes y simpatizantes, sostuvo en Tribuna.<br>\u201cNosotros hemos planteado desde 2007 la eliminaci\u00f3n del financiamiento p\u00fablico a los Partidos Pol\u00edticos, y una de nuestras propuestas en 2015 fue: \u00abNi un peso a los Partidos Pol\u00edticos\u00bb, la cual fue presentada por los Diputados Ciudadanos en el Congreso de la Uni\u00f3n, y, en congruencia con esa postura renunciamos al 100% del financiamiento.<br>\u201cEn Movimiento Ciudadano siempre hemos impulsado la bandera la austeridad. Durante las \u00faltimas dos legislaturas federales hemos renunciado a bonos, privilegios y excesos. Estamos \u2013por supuesto-, en contra de la brecha de desigualdad en los salarios y l\u00f3gicamente a favor de que bajen los salarios de los altos funcionarios.<br>La propuesta simplista que presenta el Dictamen en an\u00e1lisis, de reducir a la mitad las prerrogativas que reciben los Partidos Pol\u00edticos nacionales, no atiende de fondo la discusi\u00f3n sobre los esquemas de financiamiento a los Partidos Pol\u00edticos, ni mucho menos presenta una soluci\u00f3n a largo plazo para reducir el costo de nuestra democracia.<br>El Dictamen a discusi\u00f3n tiene, en realidad, \u00fanicamente tiene dos prop\u00f3sitos con un claro beneficiario:<br>PRIMERO: Se pretende que el Partido Pol\u00edtico gobernante haga una simulaci\u00f3n de austeridad ante la opini\u00f3n p\u00fablica; y<br>SEGUNDO: Se extiende al \u00e1mbito de Partidos Pol\u00edticos nacionales la estrategia del Partido Pol\u00edtico gobernante de ahorcar a sus opositores mediante el recorte de recursos.<br>Y es una simulaci\u00f3n porque, a\u00fan con la reducci\u00f3n \u201ca la mitad\u201d que este Dictamen propone, Morena en el 2022 ser\u00e1 el Partido Pol\u00edtico que m\u00e1s reciba de prerrogativas tanto federales como locales.<br>Movimiento Ciudadano, asegura Ruth Callejas, compartiendo los leg\u00edtimos reclamos sociales sobre el destino de los recursos p\u00fablicos, ha propuesto desde sus inicios que los Partidos Pol\u00edticos no reciban ni un solo peso de financiamiento p\u00fablico, sino que se sostengan exclusivamente por el apoyo de sus militantes y simpatizantes y las actividades contempladas en la Ley. Y que, adem\u00e1s, todas las prerrogativas sean manejadas por el Organismo P\u00fablico Local Electoral.<br>Es por ello por lo que, nuestro voto ser\u00e1 en contra. \u00a1Es cuanto Diputada Presidenta!<\/p>\n","protected":false},"excerpt":{"rendered":"<p>Xalapa La diputada del Movimiento Ciudadano no se anduvo por las ramas, y si Morena pide eliminar el 50 por ciento de las prerrogativas al partido, los Naranja apuestan por eliminar en su totalidad el financiamiento.En su posicionamiento, Ruth Callejas asegura que el dictamen que se analiza, contradice lo establecido por la Carta Magna, misma [&hellip;]<\/p>\n","protected":false},"author":2,"featured_media":0,"comment_status":"closed","ping_status":"closed","sticky":false,"template":"","format":"standard","meta":{"tdm_status":"","tdm_grid_status":"","footnotes":""},"categories":[73],"tags":[6154,1026,2327,1709,1385,195],"class_list":{"0":"post-83591","1":"post","2":"type-post","3":"status-publish","4":"format-standard","6":"category-de-boleto","7":"tag-austeridad","8":"tag-morena","9":"tag-movimiento-ciudadano","10":"tag-partidos-politicos","11":"tag-ruth-callejas","12":"tag-veracruz"},"yoast_head":"<!-- This site is optimized with the Yoast SEO plugin v27.4 - https:\/\/yoast.com\/product\/yoast-seo-wordpress\/ -->\n<title>Simulaci\u00f3n, el moche de prerrogativas a partidos: Ruth - Los pol\u00edticos Veracruz<\/title>\n<meta name=\"robots\" content=\"index, follow, max-snippet:-1, max-image-preview:large, max-video-preview:-1\" \/>\n<link rel=\"canonical\" href=\"https:\/\/lospoliticosveracruz.com\/?p=83591\" \/>\n<meta property=\"og:locale\" content=\"es_ES\" \/>\n<meta property=\"og:type\" content=\"article\" \/>\n<meta property=\"og:title\" content=\"Simulaci\u00f3n, el moche de prerrogativas a partidos: Ruth - Los pol\u00edticos Veracruz\" \/>\n<meta property=\"og:description\" content=\"Xalapa La diputada del Movimiento Ciudadano no se anduvo por las ramas, y si Morena pide eliminar el 50 por ciento de las prerrogativas al partido, los Naranja apuestan por eliminar en su totalidad el financiamiento.En su posicionamiento, Ruth Callejas asegura que el dictamen que se analiza, contradice lo establecido por la Carta Magna, misma [&hellip;]\" \/>\n<meta property=\"og:url\" content=\"https:\/\/lospoliticosveracruz.com\/?p=83591\" \/>\n<meta property=\"og:site_name\" content=\"Los pol\u00edticos Veracruz\" \/>\n<meta property=\"article:publisher\" content=\"https:\/\/www.facebook.com\/people\/Notimemes-de-los-Polticos\/61565672886568\/\" \/>\n<meta property=\"article:published_time\" content=\"2021-12-17T22:45:07+00:00\" \/>\n<meta property=\"article:modified_time\" content=\"2021-12-17T22:45:12+00:00\" \/>\n<meta property=\"og:image\" content=\"https:\/\/lospoliticosveracruz.com\/wp-content\/uploads\/2016\/07\/Logo-Dor.jpg\" \/>\n\t<meta property=\"og:image:width\" content=\"200\" \/>\n\t<meta property=\"og:image:height\" content=\"200\" \/>\n\t<meta property=\"og:image:type\" content=\"image\/jpeg\" \/>\n<meta name=\"author\" content=\"Lo viste en Los Pol\u00edticos\" \/>\n<meta name=\"twitter:card\" content=\"summary_large_image\" \/>\n<meta name=\"twitter:creator\" content=\"@LosPoliticosVer\" \/>\n<meta name=\"twitter:site\" content=\"@LosPoliticosVer\" \/>\n<meta name=\"twitter:label1\" content=\"Escrito por\" \/>\n\t<meta name=\"twitter:data1\" content=\"Lo viste en Los Pol\u00edticos\" \/>\n\t<meta name=\"twitter:label2\" content=\"Tiempo de lectura\" \/>\n\t<meta name=\"twitter:data2\" content=\"3 minutos\" \/>\n<script type=\"application\/ld+json\" class=\"yoast-schema-graph\">{\"@context\":\"https:\\\/\\\/schema.org\",\"@graph\":[{\"@type\":\"Article\",\"@id\":\"https:\\\/\\\/lospoliticosveracruz.com\\\/?p=83591#article\",\"isPartOf\":{\"@id\":\"https:\\\/\\\/lospoliticosveracruz.com\\\/?p=83591\"},\"author\":{\"name\":\"Lo viste en Los Pol\u00edticos\",\"@id\":\"https:\\\/\\\/lospoliticosveracruz.com\\\/#\\\/schema\\\/person\\\/b8702bb0e538456e6efd07080bf2a4a2\"},\"headline\":\"Simulaci\u00f3n, el moche de prerrogativas a partidos: Ruth\",\"datePublished\":\"2021-12-17T22:45:07+00:00\",\"dateModified\":\"2021-12-17T22:45:12+00:00\",\"mainEntityOfPage\":{\"@id\":\"https:\\\/\\\/lospoliticosveracruz.com\\\/?p=83591\"},\"wordCount\":661,\"publisher\":{\"@id\":\"https:\\\/\\\/lospoliticosveracruz.com\\\/#organization\"},\"keywords\":[\"Austeridad\",\"Morena\",\"Movimiento Ciudadano\",\"partidos pol\u00edticos\",\"Ruth Callejas\",\"Veracruz\"],\"articleSection\":[\"De Boleto\"],\"inLanguage\":\"es\"},{\"@type\":\"WebPage\",\"@id\":\"https:\\\/\\\/lospoliticosveracruz.com\\\/?p=83591\",\"url\":\"https:\\\/\\\/lospoliticosveracruz.com\\\/?p=83591\",\"name\":\"Simulaci\u00f3n, el moche de prerrogativas a partidos: Ruth - Los pol\u00edticos Veracruz\",\"isPartOf\":{\"@id\":\"https:\\\/\\\/lospoliticosveracruz.com\\\/#website\"},\"datePublished\":\"2021-12-17T22:45:07+00:00\",\"dateModified\":\"2021-12-17T22:45:12+00:00\",\"breadcrumb\":{\"@id\":\"https:\\\/\\\/lospoliticosveracruz.com\\\/?p=83591#breadcrumb\"},\"inLanguage\":\"es\",\"potentialAction\":[{\"@type\":\"ReadAction\",\"target\":[\"https:\\\/\\\/lospoliticosveracruz.com\\\/?p=83591\"]}]},{\"@type\":\"BreadcrumbList\",\"@id\":\"https:\\\/\\\/lospoliticosveracruz.com\\\/?p=83591#breadcrumb\",\"itemListElement\":[{\"@type\":\"ListItem\",\"position\":1,\"name\":\"Portada\",\"item\":\"https:\\\/\\\/lospoliticosveracruz.com\\\/\"},{\"@type\":\"ListItem\",\"position\":2,\"name\":\"Simulaci\u00f3n, el moche de prerrogativas a partidos: Ruth\"}]},{\"@type\":\"WebSite\",\"@id\":\"https:\\\/\\\/lospoliticosveracruz.com\\\/#website\",\"url\":\"https:\\\/\\\/lospoliticosveracruz.com\\\/\",\"name\":\"Los pol\u00edticos Veracruz\",\"description\":\"\",\"publisher\":{\"@id\":\"https:\\\/\\\/lospoliticosveracruz.com\\\/#organization\"},\"potentialAction\":[{\"@type\":\"SearchAction\",\"target\":{\"@type\":\"EntryPoint\",\"urlTemplate\":\"https:\\\/\\\/lospoliticosveracruz.com\\\/?s={search_term_string}\"},\"query-input\":{\"@type\":\"PropertyValueSpecification\",\"valueRequired\":true,\"valueName\":\"search_term_string\"}}],\"inLanguage\":\"es\"},{\"@type\":\"Organization\",\"@id\":\"https:\\\/\\\/lospoliticosveracruz.com\\\/#organization\",\"name\":\"Los pol\u00edticos Veracruz\",\"url\":\"https:\\\/\\\/lospoliticosveracruz.com\\\/\",\"logo\":{\"@type\":\"ImageObject\",\"inLanguage\":\"es\",\"@id\":\"https:\\\/\\\/lospoliticosveracruz.com\\\/#\\\/schema\\\/logo\\\/image\\\/\",\"url\":\"https:\\\/\\\/lospoliticosveracruz.com\\\/wp-content\\\/uploads\\\/2025\\\/12\\\/Logo-Nuevo-LOS-POLITICOS-1.jpg\",\"contentUrl\":\"https:\\\/\\\/lospoliticosveracruz.com\\\/wp-content\\\/uploads\\\/2025\\\/12\\\/Logo-Nuevo-LOS-POLITICOS-1.jpg\",\"width\":260,\"height\":70,\"caption\":\"Los pol\u00edticos Veracruz\"},\"image\":{\"@id\":\"https:\\\/\\\/lospoliticosveracruz.com\\\/#\\\/schema\\\/logo\\\/image\\\/\"},\"sameAs\":[\"https:\\\/\\\/www.facebook.com\\\/people\\\/Notimemes-de-los-Polticos\\\/61565672886568\\\/\",\"https:\\\/\\\/x.com\\\/LosPoliticosVer\"]},{\"@type\":\"Person\",\"@id\":\"https:\\\/\\\/lospoliticosveracruz.com\\\/#\\\/schema\\\/person\\\/b8702bb0e538456e6efd07080bf2a4a2\",\"name\":\"Lo viste en Los Pol\u00edticos\",\"image\":{\"@type\":\"ImageObject\",\"inLanguage\":\"es\",\"@id\":\"https:\\\/\\\/secure.gravatar.com\\\/avatar\\\/3a8de04a2656d44082be478bd6c086daa447c4651605818287b9532d3d0bd435?s=96&d=mm&r=g\",\"url\":\"https:\\\/\\\/secure.gravatar.com\\\/avatar\\\/3a8de04a2656d44082be478bd6c086daa447c4651605818287b9532d3d0bd435?s=96&d=mm&r=g\",\"contentUrl\":\"https:\\\/\\\/secure.gravatar.com\\\/avatar\\\/3a8de04a2656d44082be478bd6c086daa447c4651605818287b9532d3d0bd435?s=96&d=mm&r=g\",\"caption\":\"Lo viste en Los Pol\u00edticos\"},\"url\":\"https:\\\/\\\/lospoliticosveracruz.com\\\/?author=2\"}]}<\/script>\n<!-- \/ Yoast SEO plugin. -->","yoast_head_json":{"title":"Simulaci\u00f3n, el moche de prerrogativas a partidos: Ruth - Los pol\u00edticos Veracruz","robots":{"index":"index","follow":"follow","max-snippet":"max-snippet:-1","max-image-preview":"max-image-preview:large","max-video-preview":"max-video-preview:-1"},"canonical":"https:\/\/lospoliticosveracruz.com\/?p=83591","og_locale":"es_ES","og_type":"article","og_title":"Simulaci\u00f3n, el moche de prerrogativas a partidos: Ruth - Los pol\u00edticos Veracruz","og_description":"Xalapa La diputada del Movimiento Ciudadano no se anduvo por las ramas, y si Morena pide eliminar el 50 por ciento de las prerrogativas al partido, los Naranja apuestan por eliminar en su totalidad el financiamiento.En su posicionamiento, Ruth Callejas asegura que el dictamen que se analiza, contradice lo establecido por la Carta Magna, misma [&hellip;]","og_url":"https:\/\/lospoliticosveracruz.com\/?p=83591","og_site_name":"Los pol\u00edticos Veracruz","article_publisher":"https:\/\/www.facebook.com\/people\/Notimemes-de-los-Polticos\/61565672886568\/","article_published_time":"2021-12-17T22:45:07+00:00","article_modified_time":"2021-12-17T22:45:12+00:00","og_image":[{"width":200,"height":200,"url":"https:\/\/lospoliticosveracruz.com\/wp-content\/uploads\/2016\/07\/Logo-Dor.jpg","type":"image\/jpeg"}],"author":"Lo viste en Los Pol\u00edticos","twitter_card":"summary_large_image","twitter_creator":"@LosPoliticosVer","twitter_site":"@LosPoliticosVer","twitter_misc":{"Escrito por":"Lo viste en Los Pol\u00edticos","Tiempo de lectura":"3 minutos"},"schema":{"@context":"https:\/\/schema.org","@graph":[{"@type":"Article","@id":"https:\/\/lospoliticosveracruz.com\/?p=83591#article","isPartOf":{"@id":"https:\/\/lospoliticosveracruz.com\/?p=83591"},"author":{"name":"Lo viste en Los Pol\u00edticos","@id":"https:\/\/lospoliticosveracruz.com\/#\/schema\/person\/b8702bb0e538456e6efd07080bf2a4a2"},"headline":"Simulaci\u00f3n, el moche de prerrogativas a partidos: Ruth","datePublished":"2021-12-17T22:45:07+00:00","dateModified":"2021-12-17T22:45:12+00:00","mainEntityOfPage":{"@id":"https:\/\/lospoliticosveracruz.com\/?p=83591"},"wordCount":661,"publisher":{"@id":"https:\/\/lospoliticosveracruz.com\/#organization"},"keywords":["Austeridad","Morena","Movimiento Ciudadano","partidos pol\u00edticos","Ruth Callejas","Veracruz"],"articleSection":["De Boleto"],"inLanguage":"es"},{"@type":"WebPage","@id":"https:\/\/lospoliticosveracruz.com\/?p=83591","url":"https:\/\/lospoliticosveracruz.com\/?p=83591","name":"Simulaci\u00f3n, el moche de prerrogativas a partidos: Ruth - Los pol\u00edticos Veracruz","isPartOf":{"@id":"https:\/\/lospoliticosveracruz.com\/#website"},"datePublished":"2021-12-17T22:45:07+00:00","dateModified":"2021-12-17T22:45:12+00:00","breadcrumb":{"@id":"https:\/\/lospoliticosveracruz.com\/?p=83591#breadcrumb"},"inLanguage":"es","potentialAction":[{"@type":"ReadAction","target":["https:\/\/lospoliticosveracruz.com\/?p=83591"]}]},{"@type":"BreadcrumbList","@id":"https:\/\/lospoliticosveracruz.com\/?p=83591#breadcrumb","itemListElement":[{"@type":"ListItem","position":1,"name":"Portada","item":"https:\/\/lospoliticosveracruz.com\/"},{"@type":"ListItem","position":2,"name":"Simulaci\u00f3n, el moche de prerrogativas a partidos: Ruth"}]},{"@type":"WebSite","@id":"https:\/\/lospoliticosveracruz.com\/#website","url":"https:\/\/lospoliticosveracruz.com\/","name":"Los pol\u00edticos Veracruz","description":"","publisher":{"@id":"https:\/\/lospoliticosveracruz.com\/#organization"},"potentialAction":[{"@type":"SearchAction","target":{"@type":"EntryPoint","urlTemplate":"https:\/\/lospoliticosveracruz.com\/?s={search_term_string}"},"query-input":{"@type":"PropertyValueSpecification","valueRequired":true,"valueName":"search_term_string"}}],"inLanguage":"es"},{"@type":"Organization","@id":"https:\/\/lospoliticosveracruz.com\/#organization","name":"Los pol\u00edticos Veracruz","url":"https:\/\/lospoliticosveracruz.com\/","logo":{"@type":"ImageObject","inLanguage":"es","@id":"https:\/\/lospoliticosveracruz.com\/#\/schema\/logo\/image\/","url":"https:\/\/lospoliticosveracruz.com\/wp-content\/uploads\/2025\/12\/Logo-Nuevo-LOS-POLITICOS-1.jpg","contentUrl":"https:\/\/lospoliticosveracruz.com\/wp-content\/uploads\/2025\/12\/Logo-Nuevo-LOS-POLITICOS-1.jpg","width":260,"height":70,"caption":"Los pol\u00edticos Veracruz"},"image":{"@id":"https:\/\/lospoliticosveracruz.com\/#\/schema\/logo\/image\/"},"sameAs":["https:\/\/www.facebook.com\/people\/Notimemes-de-los-Polticos\/61565672886568\/","https:\/\/x.com\/LosPoliticosVer"]},{"@type":"Person","@id":"https:\/\/lospoliticosveracruz.com\/#\/schema\/person\/b8702bb0e538456e6efd07080bf2a4a2","name":"Lo viste en Los Pol\u00edticos","image":{"@type":"ImageObject","inLanguage":"es","@id":"https:\/\/secure.gravatar.com\/avatar\/3a8de04a2656d44082be478bd6c086daa447c4651605818287b9532d3d0bd435?s=96&d=mm&r=g","url":"https:\/\/secure.gravatar.com\/avatar\/3a8de04a2656d44082be478bd6c086daa447c4651605818287b9532d3d0bd435?s=96&d=mm&r=g","contentUrl":"https:\/\/secure.gravatar.com\/avatar\/3a8de04a2656d44082be478bd6c086daa447c4651605818287b9532d3d0bd435?s=96&d=mm&r=g","caption":"Lo viste en Los Pol\u00edticos"},"url":"https:\/\/lospoliticosveracruz.com\/?author=2"}]}},"_links":{"self":[{"href":"https:\/\/lospoliticosveracruz.com\/index.php?rest_route=\/wp\/v2\/posts\/83591","targetHints":{"allow":["GET"]}}],"collection":[{"href":"https:\/\/lospoliticosveracruz.com\/index.php?rest_route=\/wp\/v2\/posts"}],"about":[{"href":"https:\/\/lospoliticosveracruz.com\/index.php?rest_route=\/wp\/v2\/types\/post"}],"author":[{"embeddable":true,"href":"https:\/\/lospoliticosveracruz.com\/index.php?rest_route=\/wp\/v2\/users\/2"}],"replies":[{"embeddable":true,"href":"https:\/\/lospoliticosveracruz.com\/index.php?rest_route=%2Fwp%2Fv2%2Fcomments&post=83591"}],"version-history":[{"count":1,"href":"https:\/\/lospoliticosveracruz.com\/index.php?rest_route=\/wp\/v2\/posts\/83591\/revisions"}],"predecessor-version":[{"id":83593,"href":"https:\/\/lospoliticosveracruz.com\/index.php?rest_route=\/wp\/v2\/posts\/83591\/revisions\/83593"}],"wp:attachment":[{"href":"https:\/\/lospoliticosveracruz.com\/index.php?rest_route=%2Fwp%2Fv2%2Fmedia&parent=83591"}],"wp:term":[{"taxonomy":"category","embeddable":true,"href":"https:\/\/lospoliticosveracruz.com\/index.php?rest_route=%2Fwp%2Fv2%2Fcategories&post=83591"},{"taxonomy":"post_tag","embeddable":true,"href":"https:\/\/lospoliticosveracruz.com\/index.php?rest_route=%2Fwp%2Fv2%2Ftags&post=83591"}],"curies":[{"name":"wp","href":"https:\/\/api.w.org\/{rel}","templated":true}]}}