{"id":83635,"date":"2021-12-18T16:51:48","date_gmt":"2021-12-18T22:51:48","guid":{"rendered":"https:\/\/lospoliticosveracruz.com.mx\/?p=83635"},"modified":"2021-12-18T16:51:56","modified_gmt":"2021-12-18T22:51:56","slug":"resolucion-del-ine-sera-impugnada","status":"publish","type":"post","link":"https:\/\/lospoliticosveracruz.com\/?p=83635","title":{"rendered":"Resoluci\u00f3n del INE ser\u00e1 impugnada"},"content":{"rendered":"\n<p><\/p>\n\n\n\n<p><\/p>\n\n\n\n<p><strong>Veracruz<\/strong><\/p>\n\n\n\n<p><br>La elecci\u00f3n de Veracruz sigue anulada y hasta el momento la Sala Regional del Tribunal Electoral del Poder Judicial de la Federaci\u00f3n (TEPJF) no ha emitido ning\u00fan fallo.<\/p>\n\n\n\n<p>Lo anterior fue dado a conocer por el candidato a la alcald\u00eda de Veracruz por la Coalici\u00f3n \u00abJuntos Haremos Historia en Veracruz\u00bb, Morena, PVEM, PT, Ricardo Exsome Zapata, quien precis\u00f3 que no ha habido cambio sobre la determinaci\u00f3n del Tribunal Electoral de Veracruz (TEV) de anular la elecci\u00f3n.<\/p>\n\n\n\n<p>Adelant\u00f3 que la pr\u00f3xima semana podr\u00eda haber alguna resoluci\u00f3n de la Sala Regional del TEPJF con sede en Xalapa respecto a la impugnaci\u00f3n del fallo emitido recientemente por el TEV de anular la elecci\u00f3n de Veracruz por diversas irregularidades en el proceso electoral.<\/p>\n\n\n\n<p>Aclar\u00f3 que la resoluci\u00f3n del Instituto Nacional Electoral (INE) sobre que la candidata del PAN, Patricia Lobeira de Yunes, no excedi\u00f3 los gastos en el tope de campa\u00f1a con la marcha \u201cTodos somos Miguel\u201d, es un veredicto aparte del que resolvi\u00f3 el TEV de anular la elecci\u00f3n municipal del pasado seis de junio.<\/p>\n\n\n\n<p>Abund\u00f3 que lo cierto es que \u201cHoy la elecci\u00f3n est\u00e1 anulada y est\u00e1 anulada por cosas que no tienen que ver con el gasto. El rebase de topes de campa\u00f1a, es un argumento que por s\u00ed solo podr\u00eda anular la elecci\u00f3n, pero se presentaron much\u00edsimos m\u00e1s argumentos como la intervenci\u00f3n del alcalde, las irregularidades del OPLE municipal y los delitos electorales de la campa\u00f1a panista.<\/p>\n\n\n\n<p>Sin embargo, aclar\u00f3 que promover\u00e1n la impugnaci\u00f3n ahora ante la Sala Superior del Tribunal Electoral del Poder Judicial de la Federaci\u00f3n (TEPJF) que es la \u00faltima instancia, aunque lament\u00f3 que en este caso el INE tiene una actuaci\u00f3n parcial contra Morena.<\/p>\n\n\n\n<p>Record\u00f3 \u201cYa sab\u00edamos que el INE iba a resolver de esta manera porque est\u00e1 en contra de Morena. Inclusive el Presidente ha insistido que ha sido parcial y \u00e9ste es uno de esos casos. Los tribunales dicen: No estoy de acuerdo con la cuantificaci\u00f3n, rev\u00edsala a fondo\u2019 y (el INE) dice: \u2018\u00a1Ah, s\u00ed! La revisan y te dicen 30 y tantos mil\u2019. Es una burla\u201d, insisti\u00f3.<\/p>\n\n\n\n<p>Tambi\u00e9n el candidato de la Coalici\u00f3n \u00abJuntos Haremos Historia en Veracruz\u00bb, Ricardo Exsome Zapata, refiri\u00f3 que la nueva presidenta del Organismo P\u00fablico Local Electoral (OPLE) municipal de Veracruz, Sandra Slendy Vel\u00e1zquez Solano, es empleada del alcalde de Veracruz Fernando Yunes M\u00e1rquez.<\/p>\n\n\n\n<p>Exsome Zapata fue entrevistado durante un convivio navide\u00f1o con representantes de los medios de comunicaci\u00f3n donde estuvo presente la diputada federal, Rosa Mar\u00eda Hern\u00e1ndez Espejo, los diputados locales, Fernando Arteaga Aponte y Gonzalo Iv\u00e1n Dur\u00e1n Chincoya, as\u00ed como el alcalde electo de Medell\u00edn, Marcos Isle\u00f1o Andrade.<\/p>\n","protected":false},"excerpt":{"rendered":"<p>Veracruz La elecci\u00f3n de Veracruz sigue anulada y hasta el momento la Sala Regional del Tribunal Electoral del Poder Judicial de la Federaci\u00f3n (TEPJF) no ha emitido ning\u00fan fallo. Lo anterior fue dado a conocer por el candidato a la alcald\u00eda de Veracruz por la Coalici\u00f3n \u00abJuntos Haremos Historia en Veracruz\u00bb, Morena, PVEM, PT, Ricardo [&hellip;]<\/p>\n","protected":false},"author":2,"featured_media":0,"comment_status":"closed","ping_status":"closed","sticky":false,"template":"","format":"standard","meta":{"tdm_status":"","tdm_grid_status":"","footnotes":""},"categories":[73],"tags":[1183,818,30885,18727,1389,1026,3272,13435,31676,31677,8317,12731,195],"class_list":{"0":"post-83635","1":"post","2":"type-post","3":"status-publish","4":"format-standard","6":"category-de-boleto","7":"tag-fernando-arteaga-aponte","8":"tag-fernando-yunes-marquez","9":"tag-gonzalo-ivan-duran-chincoya","10":"tag-marcos-isleno-andrade","11":"tag-medellin","12":"tag-morena","13":"tag-ople","14":"tag-ricardo-exsome-zapata","15":"tag-sala-regional-del-tepjf","16":"tag-sandra-slendy-velazquez-solano","17":"tag-tev","18":"tag-tribunal-electoral","19":"tag-veracruz"},"yoast_head":"<!-- This site is optimized with the Yoast SEO plugin v27.4 - https:\/\/yoast.com\/product\/yoast-seo-wordpress\/ -->\n<title>Resoluci\u00f3n del INE ser\u00e1 impugnada - Los pol\u00edticos Veracruz<\/title>\n<meta name=\"robots\" content=\"index, follow, max-snippet:-1, max-image-preview:large, max-video-preview:-1\" \/>\n<link rel=\"canonical\" href=\"https:\/\/lospoliticosveracruz.com\/?p=83635\" \/>\n<meta property=\"og:locale\" content=\"es_ES\" \/>\n<meta property=\"og:type\" content=\"article\" \/>\n<meta property=\"og:title\" content=\"Resoluci\u00f3n del INE ser\u00e1 impugnada - Los pol\u00edticos Veracruz\" \/>\n<meta property=\"og:description\" content=\"Veracruz La elecci\u00f3n de Veracruz sigue anulada y hasta el momento la Sala Regional del Tribunal Electoral del Poder Judicial de la Federaci\u00f3n (TEPJF) no ha emitido ning\u00fan fallo. Lo anterior fue dado a conocer por el candidato a la alcald\u00eda de Veracruz por la Coalici\u00f3n \u00abJuntos Haremos Historia en Veracruz\u00bb, Morena, PVEM, PT, Ricardo [&hellip;]\" \/>\n<meta property=\"og:url\" content=\"https:\/\/lospoliticosveracruz.com\/?p=83635\" \/>\n<meta property=\"og:site_name\" content=\"Los pol\u00edticos Veracruz\" \/>\n<meta property=\"article:publisher\" content=\"https:\/\/www.facebook.com\/people\/Notimemes-de-los-Polticos\/61565672886568\/\" \/>\n<meta property=\"article:published_time\" content=\"2021-12-18T22:51:48+00:00\" \/>\n<meta property=\"article:modified_time\" content=\"2021-12-18T22:51:56+00:00\" \/>\n<meta property=\"og:image\" content=\"https:\/\/lospoliticosveracruz.com\/wp-content\/uploads\/2016\/07\/Logo-Dor.jpg\" \/>\n\t<meta property=\"og:image:width\" content=\"200\" \/>\n\t<meta property=\"og:image:height\" content=\"200\" \/>\n\t<meta property=\"og:image:type\" content=\"image\/jpeg\" \/>\n<meta name=\"author\" content=\"Lo viste en Los Pol\u00edticos\" \/>\n<meta name=\"twitter:card\" content=\"summary_large_image\" \/>\n<meta name=\"twitter:creator\" content=\"@LosPoliticosVer\" \/>\n<meta name=\"twitter:site\" content=\"@LosPoliticosVer\" \/>\n<meta name=\"twitter:label1\" content=\"Escrito por\" \/>\n\t<meta name=\"twitter:data1\" content=\"Lo viste en Los Pol\u00edticos\" \/>\n\t<meta name=\"twitter:label2\" content=\"Tiempo de lectura\" \/>\n\t<meta name=\"twitter:data2\" content=\"2 minutos\" \/>\n<script type=\"application\/ld+json\" class=\"yoast-schema-graph\">{\"@context\":\"https:\\\/\\\/schema.org\",\"@graph\":[{\"@type\":\"Article\",\"@id\":\"https:\\\/\\\/lospoliticosveracruz.com\\\/?p=83635#article\",\"isPartOf\":{\"@id\":\"https:\\\/\\\/lospoliticosveracruz.com\\\/?p=83635\"},\"author\":{\"name\":\"Lo viste en Los Pol\u00edticos\",\"@id\":\"https:\\\/\\\/lospoliticosveracruz.com\\\/#\\\/schema\\\/person\\\/b8702bb0e538456e6efd07080bf2a4a2\"},\"headline\":\"Resoluci\u00f3n del INE ser\u00e1 impugnada\",\"datePublished\":\"2021-12-18T22:51:48+00:00\",\"dateModified\":\"2021-12-18T22:51:56+00:00\",\"mainEntityOfPage\":{\"@id\":\"https:\\\/\\\/lospoliticosveracruz.com\\\/?p=83635\"},\"wordCount\":480,\"publisher\":{\"@id\":\"https:\\\/\\\/lospoliticosveracruz.com\\\/#organization\"},\"keywords\":[\"Fernando Arteaga Aponte\",\"Fernando Yunes M\u00e1rquez\",\"Gonzalo Iv\u00e1n Dur\u00e1n Chincoya\",\"Marcos Isle\u00f1o Andrade\",\"Medell\u00edn\",\"Morena\",\"OPLE\",\"Ricardo Exsome Zapata\",\"Sala Regional del TEPJF\",\"Sandra Slendy Vel\u00e1zquez Solano\",\"TEV\",\"Tribunal Electoral\",\"Veracruz\"],\"articleSection\":[\"De Boleto\"],\"inLanguage\":\"es\"},{\"@type\":\"WebPage\",\"@id\":\"https:\\\/\\\/lospoliticosveracruz.com\\\/?p=83635\",\"url\":\"https:\\\/\\\/lospoliticosveracruz.com\\\/?p=83635\",\"name\":\"Resoluci\u00f3n del INE ser\u00e1 impugnada - Los pol\u00edticos Veracruz\",\"isPartOf\":{\"@id\":\"https:\\\/\\\/lospoliticosveracruz.com\\\/#website\"},\"datePublished\":\"2021-12-18T22:51:48+00:00\",\"dateModified\":\"2021-12-18T22:51:56+00:00\",\"breadcrumb\":{\"@id\":\"https:\\\/\\\/lospoliticosveracruz.com\\\/?p=83635#breadcrumb\"},\"inLanguage\":\"es\",\"potentialAction\":[{\"@type\":\"ReadAction\",\"target\":[\"https:\\\/\\\/lospoliticosveracruz.com\\\/?p=83635\"]}]},{\"@type\":\"BreadcrumbList\",\"@id\":\"https:\\\/\\\/lospoliticosveracruz.com\\\/?p=83635#breadcrumb\",\"itemListElement\":[{\"@type\":\"ListItem\",\"position\":1,\"name\":\"Portada\",\"item\":\"https:\\\/\\\/lospoliticosveracruz.com\\\/\"},{\"@type\":\"ListItem\",\"position\":2,\"name\":\"Resoluci\u00f3n del INE ser\u00e1 impugnada\"}]},{\"@type\":\"WebSite\",\"@id\":\"https:\\\/\\\/lospoliticosveracruz.com\\\/#website\",\"url\":\"https:\\\/\\\/lospoliticosveracruz.com\\\/\",\"name\":\"Los pol\u00edticos Veracruz\",\"description\":\"\",\"publisher\":{\"@id\":\"https:\\\/\\\/lospoliticosveracruz.com\\\/#organization\"},\"potentialAction\":[{\"@type\":\"SearchAction\",\"target\":{\"@type\":\"EntryPoint\",\"urlTemplate\":\"https:\\\/\\\/lospoliticosveracruz.com\\\/?s={search_term_string}\"},\"query-input\":{\"@type\":\"PropertyValueSpecification\",\"valueRequired\":true,\"valueName\":\"search_term_string\"}}],\"inLanguage\":\"es\"},{\"@type\":\"Organization\",\"@id\":\"https:\\\/\\\/lospoliticosveracruz.com\\\/#organization\",\"name\":\"Los pol\u00edticos Veracruz\",\"url\":\"https:\\\/\\\/lospoliticosveracruz.com\\\/\",\"logo\":{\"@type\":\"ImageObject\",\"inLanguage\":\"es\",\"@id\":\"https:\\\/\\\/lospoliticosveracruz.com\\\/#\\\/schema\\\/logo\\\/image\\\/\",\"url\":\"https:\\\/\\\/lospoliticosveracruz.com\\\/wp-content\\\/uploads\\\/2025\\\/12\\\/Logo-Nuevo-LOS-POLITICOS-1.jpg\",\"contentUrl\":\"https:\\\/\\\/lospoliticosveracruz.com\\\/wp-content\\\/uploads\\\/2025\\\/12\\\/Logo-Nuevo-LOS-POLITICOS-1.jpg\",\"width\":260,\"height\":70,\"caption\":\"Los pol\u00edticos Veracruz\"},\"image\":{\"@id\":\"https:\\\/\\\/lospoliticosveracruz.com\\\/#\\\/schema\\\/logo\\\/image\\\/\"},\"sameAs\":[\"https:\\\/\\\/www.facebook.com\\\/people\\\/Notimemes-de-los-Polticos\\\/61565672886568\\\/\",\"https:\\\/\\\/x.com\\\/LosPoliticosVer\"]},{\"@type\":\"Person\",\"@id\":\"https:\\\/\\\/lospoliticosveracruz.com\\\/#\\\/schema\\\/person\\\/b8702bb0e538456e6efd07080bf2a4a2\",\"name\":\"Lo viste en Los Pol\u00edticos\",\"image\":{\"@type\":\"ImageObject\",\"inLanguage\":\"es\",\"@id\":\"https:\\\/\\\/secure.gravatar.com\\\/avatar\\\/3a8de04a2656d44082be478bd6c086daa447c4651605818287b9532d3d0bd435?s=96&d=mm&r=g\",\"url\":\"https:\\\/\\\/secure.gravatar.com\\\/avatar\\\/3a8de04a2656d44082be478bd6c086daa447c4651605818287b9532d3d0bd435?s=96&d=mm&r=g\",\"contentUrl\":\"https:\\\/\\\/secure.gravatar.com\\\/avatar\\\/3a8de04a2656d44082be478bd6c086daa447c4651605818287b9532d3d0bd435?s=96&d=mm&r=g\",\"caption\":\"Lo viste en Los Pol\u00edticos\"},\"url\":\"https:\\\/\\\/lospoliticosveracruz.com\\\/?author=2\"}]}<\/script>\n<!-- \/ Yoast SEO plugin. -->","yoast_head_json":{"title":"Resoluci\u00f3n del INE ser\u00e1 impugnada - Los pol\u00edticos Veracruz","robots":{"index":"index","follow":"follow","max-snippet":"max-snippet:-1","max-image-preview":"max-image-preview:large","max-video-preview":"max-video-preview:-1"},"canonical":"https:\/\/lospoliticosveracruz.com\/?p=83635","og_locale":"es_ES","og_type":"article","og_title":"Resoluci\u00f3n del INE ser\u00e1 impugnada - Los pol\u00edticos Veracruz","og_description":"Veracruz La elecci\u00f3n de Veracruz sigue anulada y hasta el momento la Sala Regional del Tribunal Electoral del Poder Judicial de la Federaci\u00f3n (TEPJF) no ha emitido ning\u00fan fallo. Lo anterior fue dado a conocer por el candidato a la alcald\u00eda de Veracruz por la Coalici\u00f3n \u00abJuntos Haremos Historia en Veracruz\u00bb, Morena, PVEM, PT, Ricardo [&hellip;]","og_url":"https:\/\/lospoliticosveracruz.com\/?p=83635","og_site_name":"Los pol\u00edticos Veracruz","article_publisher":"https:\/\/www.facebook.com\/people\/Notimemes-de-los-Polticos\/61565672886568\/","article_published_time":"2021-12-18T22:51:48+00:00","article_modified_time":"2021-12-18T22:51:56+00:00","og_image":[{"width":200,"height":200,"url":"https:\/\/lospoliticosveracruz.com\/wp-content\/uploads\/2016\/07\/Logo-Dor.jpg","type":"image\/jpeg"}],"author":"Lo viste en Los Pol\u00edticos","twitter_card":"summary_large_image","twitter_creator":"@LosPoliticosVer","twitter_site":"@LosPoliticosVer","twitter_misc":{"Escrito por":"Lo viste en Los Pol\u00edticos","Tiempo de lectura":"2 minutos"},"schema":{"@context":"https:\/\/schema.org","@graph":[{"@type":"Article","@id":"https:\/\/lospoliticosveracruz.com\/?p=83635#article","isPartOf":{"@id":"https:\/\/lospoliticosveracruz.com\/?p=83635"},"author":{"name":"Lo viste en Los Pol\u00edticos","@id":"https:\/\/lospoliticosveracruz.com\/#\/schema\/person\/b8702bb0e538456e6efd07080bf2a4a2"},"headline":"Resoluci\u00f3n del INE ser\u00e1 impugnada","datePublished":"2021-12-18T22:51:48+00:00","dateModified":"2021-12-18T22:51:56+00:00","mainEntityOfPage":{"@id":"https:\/\/lospoliticosveracruz.com\/?p=83635"},"wordCount":480,"publisher":{"@id":"https:\/\/lospoliticosveracruz.com\/#organization"},"keywords":["Fernando Arteaga Aponte","Fernando Yunes M\u00e1rquez","Gonzalo Iv\u00e1n Dur\u00e1n Chincoya","Marcos Isle\u00f1o Andrade","Medell\u00edn","Morena","OPLE","Ricardo Exsome Zapata","Sala Regional del TEPJF","Sandra Slendy Vel\u00e1zquez Solano","TEV","Tribunal Electoral","Veracruz"],"articleSection":["De Boleto"],"inLanguage":"es"},{"@type":"WebPage","@id":"https:\/\/lospoliticosveracruz.com\/?p=83635","url":"https:\/\/lospoliticosveracruz.com\/?p=83635","name":"Resoluci\u00f3n del INE ser\u00e1 impugnada - Los pol\u00edticos Veracruz","isPartOf":{"@id":"https:\/\/lospoliticosveracruz.com\/#website"},"datePublished":"2021-12-18T22:51:48+00:00","dateModified":"2021-12-18T22:51:56+00:00","breadcrumb":{"@id":"https:\/\/lospoliticosveracruz.com\/?p=83635#breadcrumb"},"inLanguage":"es","potentialAction":[{"@type":"ReadAction","target":["https:\/\/lospoliticosveracruz.com\/?p=83635"]}]},{"@type":"BreadcrumbList","@id":"https:\/\/lospoliticosveracruz.com\/?p=83635#breadcrumb","itemListElement":[{"@type":"ListItem","position":1,"name":"Portada","item":"https:\/\/lospoliticosveracruz.com\/"},{"@type":"ListItem","position":2,"name":"Resoluci\u00f3n del INE ser\u00e1 impugnada"}]},{"@type":"WebSite","@id":"https:\/\/lospoliticosveracruz.com\/#website","url":"https:\/\/lospoliticosveracruz.com\/","name":"Los pol\u00edticos Veracruz","description":"","publisher":{"@id":"https:\/\/lospoliticosveracruz.com\/#organization"},"potentialAction":[{"@type":"SearchAction","target":{"@type":"EntryPoint","urlTemplate":"https:\/\/lospoliticosveracruz.com\/?s={search_term_string}"},"query-input":{"@type":"PropertyValueSpecification","valueRequired":true,"valueName":"search_term_string"}}],"inLanguage":"es"},{"@type":"Organization","@id":"https:\/\/lospoliticosveracruz.com\/#organization","name":"Los pol\u00edticos Veracruz","url":"https:\/\/lospoliticosveracruz.com\/","logo":{"@type":"ImageObject","inLanguage":"es","@id":"https:\/\/lospoliticosveracruz.com\/#\/schema\/logo\/image\/","url":"https:\/\/lospoliticosveracruz.com\/wp-content\/uploads\/2025\/12\/Logo-Nuevo-LOS-POLITICOS-1.jpg","contentUrl":"https:\/\/lospoliticosveracruz.com\/wp-content\/uploads\/2025\/12\/Logo-Nuevo-LOS-POLITICOS-1.jpg","width":260,"height":70,"caption":"Los pol\u00edticos Veracruz"},"image":{"@id":"https:\/\/lospoliticosveracruz.com\/#\/schema\/logo\/image\/"},"sameAs":["https:\/\/www.facebook.com\/people\/Notimemes-de-los-Polticos\/61565672886568\/","https:\/\/x.com\/LosPoliticosVer"]},{"@type":"Person","@id":"https:\/\/lospoliticosveracruz.com\/#\/schema\/person\/b8702bb0e538456e6efd07080bf2a4a2","name":"Lo viste en Los Pol\u00edticos","image":{"@type":"ImageObject","inLanguage":"es","@id":"https:\/\/secure.gravatar.com\/avatar\/3a8de04a2656d44082be478bd6c086daa447c4651605818287b9532d3d0bd435?s=96&d=mm&r=g","url":"https:\/\/secure.gravatar.com\/avatar\/3a8de04a2656d44082be478bd6c086daa447c4651605818287b9532d3d0bd435?s=96&d=mm&r=g","contentUrl":"https:\/\/secure.gravatar.com\/avatar\/3a8de04a2656d44082be478bd6c086daa447c4651605818287b9532d3d0bd435?s=96&d=mm&r=g","caption":"Lo viste en Los Pol\u00edticos"},"url":"https:\/\/lospoliticosveracruz.com\/?author=2"}]}},"_links":{"self":[{"href":"https:\/\/lospoliticosveracruz.com\/index.php?rest_route=\/wp\/v2\/posts\/83635","targetHints":{"allow":["GET"]}}],"collection":[{"href":"https:\/\/lospoliticosveracruz.com\/index.php?rest_route=\/wp\/v2\/posts"}],"about":[{"href":"https:\/\/lospoliticosveracruz.com\/index.php?rest_route=\/wp\/v2\/types\/post"}],"author":[{"embeddable":true,"href":"https:\/\/lospoliticosveracruz.com\/index.php?rest_route=\/wp\/v2\/users\/2"}],"replies":[{"embeddable":true,"href":"https:\/\/lospoliticosveracruz.com\/index.php?rest_route=%2Fwp%2Fv2%2Fcomments&post=83635"}],"version-history":[{"count":1,"href":"https:\/\/lospoliticosveracruz.com\/index.php?rest_route=\/wp\/v2\/posts\/83635\/revisions"}],"predecessor-version":[{"id":83637,"href":"https:\/\/lospoliticosveracruz.com\/index.php?rest_route=\/wp\/v2\/posts\/83635\/revisions\/83637"}],"wp:attachment":[{"href":"https:\/\/lospoliticosveracruz.com\/index.php?rest_route=%2Fwp%2Fv2%2Fmedia&parent=83635"}],"wp:term":[{"taxonomy":"category","embeddable":true,"href":"https:\/\/lospoliticosveracruz.com\/index.php?rest_route=%2Fwp%2Fv2%2Fcategories&post=83635"},{"taxonomy":"post_tag","embeddable":true,"href":"https:\/\/lospoliticosveracruz.com\/index.php?rest_route=%2Fwp%2Fv2%2Ftags&post=83635"}],"curies":[{"name":"wp","href":"https:\/\/api.w.org\/{rel}","templated":true}]}}