{"id":83645,"date":"2021-12-19T13:08:31","date_gmt":"2021-12-19T19:08:31","guid":{"rendered":"https:\/\/lospoliticosveracruz.com.mx\/?p=83645"},"modified":"2021-12-19T13:08:35","modified_gmt":"2021-12-19T19:08:35","slug":"ine-le-sobra-dinero-le-falta-verguenza-mier","status":"publish","type":"post","link":"https:\/\/lospoliticosveracruz.com\/?p=83645","title":{"rendered":"INE, le sobra dinero, le falta verg\u00fcenza: Mier"},"content":{"rendered":"\n<p><br><em>Ciudad de M\u00e9xico<\/em><br>El coordinador de la bancada de Morena en la C\u00e1mara de Diputados, Ignacio Mier Velazco, anunci\u00f3 que, ante la resoluci\u00f3n del INE sobre la revocaci\u00f3n de mandato, el Grupo Parlamentario combatir\u00e1 legal y pac\u00edficamente este fraude a la ley y atentado a la democracia, cometido por una camarilla de consejeros que una vez m\u00e1s demuestran sumisi\u00f3n a intereses ajenos al mandato constitucional.<\/p>\n\n\n\n<p>\u00abLa defensa del PAN, PRD y MC a la triqui\u00f1uela jur\u00eddica del INE es una verdad desnuda que confirma la existencia de la Liga de la Justicia y Custodia que tiene como prop\u00f3sito central preservar las instituciones y personajes inmorales que con sutileza nos hacen creer que act\u00faan en favor de la democracia y el bien de M\u00e9xico, pero con sus acciones traicionan al pueblo\u00bb, expuso el diputado federal.<\/p>\n\n\n\n<p>El coordinador de Morena respald\u00f3 el anuncio que hizo el presidente de la Mesa Directiva, Sergio Guti\u00e9rrez Luna, para que, como representante legal de la C\u00e1mara de Diputados, presente un recurso de queja ante la SCJN, as\u00ed como la denuncia ante la FGR, y la Contralor\u00eda del INE por las probables responsabilidades administrativas y penales, por la posible comisi\u00f3n de los delitos de abuso de autoridad y coalici\u00f3n de servidores p\u00fablicos.<\/p>\n\n\n\n<p>Ignacio Mier afirm\u00f3 que en el INE sobra dinero, pero \u00abfalta tantita verg\u00fcenza, mucha responsabilidad p\u00fablica y bastante moral para hacer un esfuerzo de austeridad y ahorrar el 15 por ciento de su abultado presupuesto para organizar la consulta.<\/p>\n\n\n\n<p>\u201cHan decidido continuar con el esquema mediante el cual se manejaban antes de la llegada de la Cuarta Transformaci\u00f3n, donde actuaban soterradamente, enmascarados en Pactos por M\u00e9xico y en el supuesto consenso, con un objetivo central: salvar el modelo de negocios en que convirtieron nuestro pa\u00eds\u201d, manifest\u00f3.<\/p>\n\n\n\n<p>El coordinador parlamentario record\u00f3 la advertencia que hizo hace un tiempo sobre la actuaci\u00f3n del INE, la cual se confirma nuevamente con esta negativa a realizar la consulta para la Revocaci\u00f3n del Mandato: \u201cel INE se convirti\u00f3 en un templo de eg\u00f3latras\u201d.<\/p>\n\n\n\n<p>Ignacio Mier detall\u00f3 que el m\u00e1ximo \u00f3rgano electoral del pa\u00eds, ejerce un presupuesto mayor al del Poder Legislativo, incluso de otros entes aut\u00f3nomos. Tan s\u00f3lo para 2022, el INE tendr\u00e1 disponibles casi 20 mil millones de pesos, esto sin contar los fideicomisos que ejerce sin transparencia ni rendici\u00f3n de cuentas.<\/p>\n\n\n\n<p>\u201cPero dentro de todo ese presupuesto, el cap\u00edtulo de salarios es insultante para el pueblo de M\u00e9xico. S\u00f3lo por poner un ejemplo, el consejero presidente gana al a\u00f1o, (considerando el pago de celular y gastos de alimentaci\u00f3n) tres millones, 269 mil, 660 pesos, lo que equivaldr\u00eda a 175 pensiones anuales para el Bienestar de Personas Adultas Mayores; 201 pensiones para el Bienestar de las Personas con Discapacidad; 340 apoyos para el Bienestar de las Ni\u00f1as, Ni\u00f1os, Hijos de Madres Trabajadoras, etc\u00e9tera.<\/p>\n\n\n\n<p>\u201cSon sueldos estratosf\u00e9ricos, cualquier trabajador que tenga un noble oficio o incluso un profesor de escuela p\u00fablica en M\u00e9xico, una enfermera, un m\u00e9dico, no gana lo que gana un representante del Instituto Nacional Electoral, pero algunos siguen empecinados en querer defender lo indefendible\u201d, explic\u00f3.<\/p>\n\n\n\n<p>Finalmente, para el coordinador de Morena en la C\u00e1mara de Diputados, la decisi\u00f3n del INE de posponer la revocaci\u00f3n de mandato fue un error y una violaci\u00f3n a la Constituci\u00f3n y a la ley en la materia, por lo tanto, el Tribunal Electoral del Poder Judicial de la Federaci\u00f3n y la propia Suprema Corte de Justicia de la Naci\u00f3n tendr\u00e1n que corregir.<\/p>\n","protected":false},"excerpt":{"rendered":"<p>Ciudad de M\u00e9xicoEl coordinador de la bancada de Morena en la C\u00e1mara de Diputados, Ignacio Mier Velazco, anunci\u00f3 que, ante la resoluci\u00f3n del INE sobre la revocaci\u00f3n de mandato, el Grupo Parlamentario combatir\u00e1 legal y pac\u00edficamente este fraude a la ley y atentado a la democracia, cometido por una camarilla de consejeros que una vez [&hellip;]<\/p>\n","protected":false},"author":2,"featured_media":0,"comment_status":"closed","ping_status":"closed","sticky":false,"template":"","format":"standard","meta":{"tdm_status":"","tdm_grid_status":"","footnotes":""},"categories":[73],"tags":[2661,31210,554,1026,2327,266,107,251,14240,16147],"class_list":{"0":"post-83645","1":"post","2":"type-post","3":"status-publish","4":"format-standard","6":"category-de-boleto","7":"tag-camara-de-diputados","8":"tag-ignacio-mier-velazco","9":"tag-ine","10":"tag-morena","11":"tag-movimiento-ciudadano","12":"tag-pan","13":"tag-prd","14":"tag-pri","15":"tag-revocacion-de-mandato","16":"tag-sergio-gutierrez-luna"},"yoast_head":"<!-- This site is optimized with the Yoast SEO plugin v27.4 - https:\/\/yoast.com\/product\/yoast-seo-wordpress\/ -->\n<title>INE, le sobra dinero, le falta verg\u00fcenza: Mier - Los pol\u00edticos Veracruz<\/title>\n<meta name=\"robots\" content=\"index, follow, max-snippet:-1, max-image-preview:large, max-video-preview:-1\" \/>\n<link rel=\"canonical\" href=\"https:\/\/lospoliticosveracruz.com\/?p=83645\" \/>\n<meta property=\"og:locale\" content=\"es_ES\" \/>\n<meta property=\"og:type\" content=\"article\" \/>\n<meta property=\"og:title\" content=\"INE, le sobra dinero, le falta verg\u00fcenza: Mier - Los pol\u00edticos Veracruz\" \/>\n<meta property=\"og:description\" content=\"Ciudad de M\u00e9xicoEl coordinador de la bancada de Morena en la C\u00e1mara de Diputados, Ignacio Mier Velazco, anunci\u00f3 que, ante la resoluci\u00f3n del INE sobre la revocaci\u00f3n de mandato, el Grupo Parlamentario combatir\u00e1 legal y pac\u00edficamente este fraude a la ley y atentado a la democracia, cometido por una camarilla de consejeros que una vez [&hellip;]\" \/>\n<meta property=\"og:url\" content=\"https:\/\/lospoliticosveracruz.com\/?p=83645\" \/>\n<meta property=\"og:site_name\" content=\"Los pol\u00edticos Veracruz\" \/>\n<meta property=\"article:publisher\" content=\"https:\/\/www.facebook.com\/people\/Notimemes-de-los-Polticos\/61565672886568\/\" \/>\n<meta property=\"article:published_time\" content=\"2021-12-19T19:08:31+00:00\" \/>\n<meta property=\"article:modified_time\" content=\"2021-12-19T19:08:35+00:00\" \/>\n<meta property=\"og:image\" content=\"https:\/\/lospoliticosveracruz.com\/wp-content\/uploads\/2016\/07\/Logo-Dor.jpg\" \/>\n\t<meta property=\"og:image:width\" content=\"200\" \/>\n\t<meta property=\"og:image:height\" content=\"200\" \/>\n\t<meta property=\"og:image:type\" content=\"image\/jpeg\" \/>\n<meta name=\"author\" content=\"Lo viste en Los Pol\u00edticos\" \/>\n<meta name=\"twitter:card\" content=\"summary_large_image\" \/>\n<meta name=\"twitter:creator\" content=\"@LosPoliticosVer\" \/>\n<meta name=\"twitter:site\" content=\"@LosPoliticosVer\" \/>\n<meta name=\"twitter:label1\" content=\"Escrito por\" \/>\n\t<meta name=\"twitter:data1\" content=\"Lo viste en Los Pol\u00edticos\" \/>\n\t<meta name=\"twitter:label2\" content=\"Tiempo de lectura\" \/>\n\t<meta name=\"twitter:data2\" content=\"3 minutos\" \/>\n<script type=\"application\/ld+json\" class=\"yoast-schema-graph\">{\"@context\":\"https:\\\/\\\/schema.org\",\"@graph\":[{\"@type\":\"Article\",\"@id\":\"https:\\\/\\\/lospoliticosveracruz.com\\\/?p=83645#article\",\"isPartOf\":{\"@id\":\"https:\\\/\\\/lospoliticosveracruz.com\\\/?p=83645\"},\"author\":{\"name\":\"Lo viste en Los Pol\u00edticos\",\"@id\":\"https:\\\/\\\/lospoliticosveracruz.com\\\/#\\\/schema\\\/person\\\/b8702bb0e538456e6efd07080bf2a4a2\"},\"headline\":\"INE, le sobra dinero, le falta verg\u00fcenza: Mier\",\"datePublished\":\"2021-12-19T19:08:31+00:00\",\"dateModified\":\"2021-12-19T19:08:35+00:00\",\"mainEntityOfPage\":{\"@id\":\"https:\\\/\\\/lospoliticosveracruz.com\\\/?p=83645\"},\"wordCount\":623,\"publisher\":{\"@id\":\"https:\\\/\\\/lospoliticosveracruz.com\\\/#organization\"},\"keywords\":[\"C\u00e1mara de Diputados\",\"Ignacio Mier Velazco\",\"INE\",\"Morena\",\"Movimiento Ciudadano\",\"PAN\",\"PRD\",\"PRI\",\"Revocaci\u00f3n de Mandato\",\"Sergio Guti\u00e9rrez Luna\"],\"articleSection\":[\"De Boleto\"],\"inLanguage\":\"es\"},{\"@type\":\"WebPage\",\"@id\":\"https:\\\/\\\/lospoliticosveracruz.com\\\/?p=83645\",\"url\":\"https:\\\/\\\/lospoliticosveracruz.com\\\/?p=83645\",\"name\":\"INE, le sobra dinero, le falta verg\u00fcenza: Mier - Los pol\u00edticos Veracruz\",\"isPartOf\":{\"@id\":\"https:\\\/\\\/lospoliticosveracruz.com\\\/#website\"},\"datePublished\":\"2021-12-19T19:08:31+00:00\",\"dateModified\":\"2021-12-19T19:08:35+00:00\",\"breadcrumb\":{\"@id\":\"https:\\\/\\\/lospoliticosveracruz.com\\\/?p=83645#breadcrumb\"},\"inLanguage\":\"es\",\"potentialAction\":[{\"@type\":\"ReadAction\",\"target\":[\"https:\\\/\\\/lospoliticosveracruz.com\\\/?p=83645\"]}]},{\"@type\":\"BreadcrumbList\",\"@id\":\"https:\\\/\\\/lospoliticosveracruz.com\\\/?p=83645#breadcrumb\",\"itemListElement\":[{\"@type\":\"ListItem\",\"position\":1,\"name\":\"Portada\",\"item\":\"https:\\\/\\\/lospoliticosveracruz.com\\\/\"},{\"@type\":\"ListItem\",\"position\":2,\"name\":\"INE, le sobra dinero, le falta verg\u00fcenza: Mier\"}]},{\"@type\":\"WebSite\",\"@id\":\"https:\\\/\\\/lospoliticosveracruz.com\\\/#website\",\"url\":\"https:\\\/\\\/lospoliticosveracruz.com\\\/\",\"name\":\"Los pol\u00edticos Veracruz\",\"description\":\"\",\"publisher\":{\"@id\":\"https:\\\/\\\/lospoliticosveracruz.com\\\/#organization\"},\"potentialAction\":[{\"@type\":\"SearchAction\",\"target\":{\"@type\":\"EntryPoint\",\"urlTemplate\":\"https:\\\/\\\/lospoliticosveracruz.com\\\/?s={search_term_string}\"},\"query-input\":{\"@type\":\"PropertyValueSpecification\",\"valueRequired\":true,\"valueName\":\"search_term_string\"}}],\"inLanguage\":\"es\"},{\"@type\":\"Organization\",\"@id\":\"https:\\\/\\\/lospoliticosveracruz.com\\\/#organization\",\"name\":\"Los pol\u00edticos Veracruz\",\"url\":\"https:\\\/\\\/lospoliticosveracruz.com\\\/\",\"logo\":{\"@type\":\"ImageObject\",\"inLanguage\":\"es\",\"@id\":\"https:\\\/\\\/lospoliticosveracruz.com\\\/#\\\/schema\\\/logo\\\/image\\\/\",\"url\":\"https:\\\/\\\/lospoliticosveracruz.com\\\/wp-content\\\/uploads\\\/2025\\\/12\\\/Logo-Nuevo-LOS-POLITICOS-1.jpg\",\"contentUrl\":\"https:\\\/\\\/lospoliticosveracruz.com\\\/wp-content\\\/uploads\\\/2025\\\/12\\\/Logo-Nuevo-LOS-POLITICOS-1.jpg\",\"width\":260,\"height\":70,\"caption\":\"Los pol\u00edticos Veracruz\"},\"image\":{\"@id\":\"https:\\\/\\\/lospoliticosveracruz.com\\\/#\\\/schema\\\/logo\\\/image\\\/\"},\"sameAs\":[\"https:\\\/\\\/www.facebook.com\\\/people\\\/Notimemes-de-los-Polticos\\\/61565672886568\\\/\",\"https:\\\/\\\/x.com\\\/LosPoliticosVer\"]},{\"@type\":\"Person\",\"@id\":\"https:\\\/\\\/lospoliticosveracruz.com\\\/#\\\/schema\\\/person\\\/b8702bb0e538456e6efd07080bf2a4a2\",\"name\":\"Lo viste en Los Pol\u00edticos\",\"image\":{\"@type\":\"ImageObject\",\"inLanguage\":\"es\",\"@id\":\"https:\\\/\\\/secure.gravatar.com\\\/avatar\\\/3a8de04a2656d44082be478bd6c086daa447c4651605818287b9532d3d0bd435?s=96&d=mm&r=g\",\"url\":\"https:\\\/\\\/secure.gravatar.com\\\/avatar\\\/3a8de04a2656d44082be478bd6c086daa447c4651605818287b9532d3d0bd435?s=96&d=mm&r=g\",\"contentUrl\":\"https:\\\/\\\/secure.gravatar.com\\\/avatar\\\/3a8de04a2656d44082be478bd6c086daa447c4651605818287b9532d3d0bd435?s=96&d=mm&r=g\",\"caption\":\"Lo viste en Los Pol\u00edticos\"},\"url\":\"https:\\\/\\\/lospoliticosveracruz.com\\\/?author=2\"}]}<\/script>\n<!-- \/ Yoast SEO plugin. -->","yoast_head_json":{"title":"INE, le sobra dinero, le falta verg\u00fcenza: Mier - Los pol\u00edticos Veracruz","robots":{"index":"index","follow":"follow","max-snippet":"max-snippet:-1","max-image-preview":"max-image-preview:large","max-video-preview":"max-video-preview:-1"},"canonical":"https:\/\/lospoliticosveracruz.com\/?p=83645","og_locale":"es_ES","og_type":"article","og_title":"INE, le sobra dinero, le falta verg\u00fcenza: Mier - Los pol\u00edticos Veracruz","og_description":"Ciudad de M\u00e9xicoEl coordinador de la bancada de Morena en la C\u00e1mara de Diputados, Ignacio Mier Velazco, anunci\u00f3 que, ante la resoluci\u00f3n del INE sobre la revocaci\u00f3n de mandato, el Grupo Parlamentario combatir\u00e1 legal y pac\u00edficamente este fraude a la ley y atentado a la democracia, cometido por una camarilla de consejeros que una vez [&hellip;]","og_url":"https:\/\/lospoliticosveracruz.com\/?p=83645","og_site_name":"Los pol\u00edticos Veracruz","article_publisher":"https:\/\/www.facebook.com\/people\/Notimemes-de-los-Polticos\/61565672886568\/","article_published_time":"2021-12-19T19:08:31+00:00","article_modified_time":"2021-12-19T19:08:35+00:00","og_image":[{"width":200,"height":200,"url":"https:\/\/lospoliticosveracruz.com\/wp-content\/uploads\/2016\/07\/Logo-Dor.jpg","type":"image\/jpeg"}],"author":"Lo viste en Los Pol\u00edticos","twitter_card":"summary_large_image","twitter_creator":"@LosPoliticosVer","twitter_site":"@LosPoliticosVer","twitter_misc":{"Escrito por":"Lo viste en Los Pol\u00edticos","Tiempo de lectura":"3 minutos"},"schema":{"@context":"https:\/\/schema.org","@graph":[{"@type":"Article","@id":"https:\/\/lospoliticosveracruz.com\/?p=83645#article","isPartOf":{"@id":"https:\/\/lospoliticosveracruz.com\/?p=83645"},"author":{"name":"Lo viste en Los Pol\u00edticos","@id":"https:\/\/lospoliticosveracruz.com\/#\/schema\/person\/b8702bb0e538456e6efd07080bf2a4a2"},"headline":"INE, le sobra dinero, le falta verg\u00fcenza: Mier","datePublished":"2021-12-19T19:08:31+00:00","dateModified":"2021-12-19T19:08:35+00:00","mainEntityOfPage":{"@id":"https:\/\/lospoliticosveracruz.com\/?p=83645"},"wordCount":623,"publisher":{"@id":"https:\/\/lospoliticosveracruz.com\/#organization"},"keywords":["C\u00e1mara de Diputados","Ignacio Mier Velazco","INE","Morena","Movimiento Ciudadano","PAN","PRD","PRI","Revocaci\u00f3n de Mandato","Sergio Guti\u00e9rrez Luna"],"articleSection":["De Boleto"],"inLanguage":"es"},{"@type":"WebPage","@id":"https:\/\/lospoliticosveracruz.com\/?p=83645","url":"https:\/\/lospoliticosveracruz.com\/?p=83645","name":"INE, le sobra dinero, le falta verg\u00fcenza: Mier - Los pol\u00edticos Veracruz","isPartOf":{"@id":"https:\/\/lospoliticosveracruz.com\/#website"},"datePublished":"2021-12-19T19:08:31+00:00","dateModified":"2021-12-19T19:08:35+00:00","breadcrumb":{"@id":"https:\/\/lospoliticosveracruz.com\/?p=83645#breadcrumb"},"inLanguage":"es","potentialAction":[{"@type":"ReadAction","target":["https:\/\/lospoliticosveracruz.com\/?p=83645"]}]},{"@type":"BreadcrumbList","@id":"https:\/\/lospoliticosveracruz.com\/?p=83645#breadcrumb","itemListElement":[{"@type":"ListItem","position":1,"name":"Portada","item":"https:\/\/lospoliticosveracruz.com\/"},{"@type":"ListItem","position":2,"name":"INE, le sobra dinero, le falta verg\u00fcenza: Mier"}]},{"@type":"WebSite","@id":"https:\/\/lospoliticosveracruz.com\/#website","url":"https:\/\/lospoliticosveracruz.com\/","name":"Los pol\u00edticos Veracruz","description":"","publisher":{"@id":"https:\/\/lospoliticosveracruz.com\/#organization"},"potentialAction":[{"@type":"SearchAction","target":{"@type":"EntryPoint","urlTemplate":"https:\/\/lospoliticosveracruz.com\/?s={search_term_string}"},"query-input":{"@type":"PropertyValueSpecification","valueRequired":true,"valueName":"search_term_string"}}],"inLanguage":"es"},{"@type":"Organization","@id":"https:\/\/lospoliticosveracruz.com\/#organization","name":"Los pol\u00edticos Veracruz","url":"https:\/\/lospoliticosveracruz.com\/","logo":{"@type":"ImageObject","inLanguage":"es","@id":"https:\/\/lospoliticosveracruz.com\/#\/schema\/logo\/image\/","url":"https:\/\/lospoliticosveracruz.com\/wp-content\/uploads\/2025\/12\/Logo-Nuevo-LOS-POLITICOS-1.jpg","contentUrl":"https:\/\/lospoliticosveracruz.com\/wp-content\/uploads\/2025\/12\/Logo-Nuevo-LOS-POLITICOS-1.jpg","width":260,"height":70,"caption":"Los pol\u00edticos Veracruz"},"image":{"@id":"https:\/\/lospoliticosveracruz.com\/#\/schema\/logo\/image\/"},"sameAs":["https:\/\/www.facebook.com\/people\/Notimemes-de-los-Polticos\/61565672886568\/","https:\/\/x.com\/LosPoliticosVer"]},{"@type":"Person","@id":"https:\/\/lospoliticosveracruz.com\/#\/schema\/person\/b8702bb0e538456e6efd07080bf2a4a2","name":"Lo viste en Los Pol\u00edticos","image":{"@type":"ImageObject","inLanguage":"es","@id":"https:\/\/secure.gravatar.com\/avatar\/3a8de04a2656d44082be478bd6c086daa447c4651605818287b9532d3d0bd435?s=96&d=mm&r=g","url":"https:\/\/secure.gravatar.com\/avatar\/3a8de04a2656d44082be478bd6c086daa447c4651605818287b9532d3d0bd435?s=96&d=mm&r=g","contentUrl":"https:\/\/secure.gravatar.com\/avatar\/3a8de04a2656d44082be478bd6c086daa447c4651605818287b9532d3d0bd435?s=96&d=mm&r=g","caption":"Lo viste en Los Pol\u00edticos"},"url":"https:\/\/lospoliticosveracruz.com\/?author=2"}]}},"_links":{"self":[{"href":"https:\/\/lospoliticosveracruz.com\/index.php?rest_route=\/wp\/v2\/posts\/83645","targetHints":{"allow":["GET"]}}],"collection":[{"href":"https:\/\/lospoliticosveracruz.com\/index.php?rest_route=\/wp\/v2\/posts"}],"about":[{"href":"https:\/\/lospoliticosveracruz.com\/index.php?rest_route=\/wp\/v2\/types\/post"}],"author":[{"embeddable":true,"href":"https:\/\/lospoliticosveracruz.com\/index.php?rest_route=\/wp\/v2\/users\/2"}],"replies":[{"embeddable":true,"href":"https:\/\/lospoliticosveracruz.com\/index.php?rest_route=%2Fwp%2Fv2%2Fcomments&post=83645"}],"version-history":[{"count":1,"href":"https:\/\/lospoliticosveracruz.com\/index.php?rest_route=\/wp\/v2\/posts\/83645\/revisions"}],"predecessor-version":[{"id":83647,"href":"https:\/\/lospoliticosveracruz.com\/index.php?rest_route=\/wp\/v2\/posts\/83645\/revisions\/83647"}],"wp:attachment":[{"href":"https:\/\/lospoliticosveracruz.com\/index.php?rest_route=%2Fwp%2Fv2%2Fmedia&parent=83645"}],"wp:term":[{"taxonomy":"category","embeddable":true,"href":"https:\/\/lospoliticosveracruz.com\/index.php?rest_route=%2Fwp%2Fv2%2Fcategories&post=83645"},{"taxonomy":"post_tag","embeddable":true,"href":"https:\/\/lospoliticosveracruz.com\/index.php?rest_route=%2Fwp%2Fv2%2Ftags&post=83645"}],"curies":[{"name":"wp","href":"https:\/\/api.w.org\/{rel}","templated":true}]}}