{"id":83656,"date":"2021-12-20T08:46:42","date_gmt":"2021-12-20T14:46:42","guid":{"rendered":"https:\/\/lospoliticosveracruz.com.mx\/?p=83656"},"modified":"2021-12-20T08:46:49","modified_gmt":"2021-12-20T14:46:49","slug":"el-coscorron-a-cuic","status":"publish","type":"post","link":"https:\/\/lospoliticosveracruz.com\/?p=83656","title":{"rendered":"El coscorr\u00f3n a Cuic"},"content":{"rendered":"\n<p><strong>Omar Z\u00fa\u00f1iga<br><\/strong><em>De Primera Mano Taj\u00edn<\/em><\/p>\n\n\n\n<p>No es ning\u00fan secreto -para nadie-, que el se\u00f1or gobernador del estado Libre y Soberano de Veracruz-Llave, Cuitl\u00e1huac Garc\u00eda Jim\u00e9nez, de profesi\u00f3n ingeniero, no es el m\u00e1s ducho en la administraci\u00f3n p\u00fablica, es m\u00e1s, hay quien lo tilda de ser un verdadero pelmazo, un aut\u00e9ntico cero a la izquierda sin liderazgo, ni autoridad, aunque eso es lo que dicen algunas voces, a saber si sea cierto, pero bueno, esto en la administraci\u00f3n p\u00fablica, pues en la negociaci\u00f3n pol\u00edtica es diferente, pues dicen que es peor.<br>Esta situaci\u00f3n de ha quedado m\u00e1s que manifiesta con el tama\u00f1o del coscorr\u00f3n, bueno la verdad fue un tremendo upper de izquierda que le propin\u00f3 Ricardo \u00abEl Finito\u00bb Monreal a la mand\u00edbula que seguro dej\u00f3 a Cuic \u00abEl Pende\u2026nciero\u00bb Garc\u00eda en la lona, en los albores del cuarto asalto, con la cuenta de protecci\u00f3n encima.<\/p>\n\n\n\n<div class=\"wp-block-image\"><figure class=\"alignleft size-full is-resized\"><a href=\"https:\/\/lospoliticosveracruz.com.mx\/wp-content\/uploads\/2021\/10\/Zacauilt.jpg\"><img loading=\"lazy\" decoding=\"async\" src=\"https:\/\/lospoliticosveracruz.com.mx\/wp-content\/uploads\/2021\/10\/Zacauilt.jpg\" alt=\"\" class=\"wp-image-80558\" width=\"250\" height=\"500\"\/><\/a><\/figure><\/div>\n\n\n\n<p><br>Resulta que ayer domingo 19 de diciembre, el senador, presidente de la Junta de Coordinaci\u00f3n Pol\u00edtica de la C\u00e1mara Alta, uno de los personajes de mayor jerarqu\u00eda y experiencia en el entramado nacional, y con una mano izquierda muy educada, le vino a marcar el territorio y volvi\u00f3 a subir un video desde el penal de Pacho Viejo, donde estaban recluidos seis j\u00f3venes detenidos por el delito de ultrajes a la autoridad y que ayer mismo fueron liberados gracias a la presi\u00f3n del senador Monreal \u00c1vila.<br>Cuic lo acus\u00f3 de defender delincuentes y Monreal le contest\u00f3 as\u00ed:<br>\u00abNo se\u00f1or gobernador, yo no defiendo delincuentes, defiendo el Estado de Derecho, defiendo los principios constitucionales de presunci\u00f3n de inocencia y debido proceso, defiendo a la gente del autoritarismo y de las vendettas pol\u00edticas que siempre son injustas\u00bb.<br>\u00abUsted debe ser cuidadoso con lo que hace y con lo que pronuncia, porque su investidura no le permite convertirse en juzgador y condenar a ciudadanos que han sido exonerados por un juez federal\u00bb.<br>\u00abCuando una persona -recu\u00e9rdelo-, concentra poderes, se acerca a la tiran\u00eda. No se\u00f1or gobernador, no coincido con su expresi\u00f3n, no se la acepto, soy un hombre recto y un servidor p\u00fablico consciente, no formo parte de su corte de aplaudidores\u00bb.<br>\u00abLe hago una sugerencia muy respetuosa: que quienes le rodean y lo asesoran, no act\u00faen sin freno, y que se haga aconsejar de buenas abogadas y abogados, que aqu\u00ed en Veracruz sobran; o por hombres y mujeres honorables, de los que esta tierra extraordinaria est\u00e1 llena. Aqu\u00ed estoy\u00bb.<br>Abund\u00f3 el senador y dijo, tranquilito pero puntilloso, la \u00abjusticia local es omisa y mediocre\u00bb.<br>Anunci\u00f3 que present\u00f3 un exhorto al Congreso local para derogar el que calific\u00f3 (todos lo hacemos) como \u00abominoso y pernicioso\u00bb delito de ultrajes a la autoridad, vigente en Veracruz con pena de hasta siete a\u00f1os de c\u00e1rcel a partir de marzo de este a\u00f1o que \u00abojal\u00e1 encuentre eco en los diputados locales\u00bb.<br>El mensaje es claro \u00abluchar\u00e9 con (toda) mi fuerza pol\u00edtica como Senador de la Rep\u00fablica, para que incluso la Comisi\u00f3n Nacional de los Derechos Humanos se pronuncie sobre estos casos\u00bb.<br>\u00ab\u00c1nimo, tenemos que estar juntos para poder derogar \u00e9ste y otros ominosos tipos penales y que la gente pueda ser libre y pueda estar tranquila en Veracruz\u00bb.<br>Breve pero demoledor el discurso de Monreal. Cuitl\u00e1huac le ense\u00f1\u00f3 la mand\u00edbula y lo prendieron. \u00a1\u00d3rale!<\/p>\n\n\n\n<hr class=\"wp-block-separator\"\/>\n\n\n\n<p>Sergio Guti\u00e9rrez Luna, diputado presidente de la C\u00e1mara de Diputados y tambi\u00e9n presidente de la Comisi\u00f3n Permanente del Congreso General est\u00e1 desatado e incansable en sus recorridos por Veracruz. Este fin de semana toc\u00f3 el turno al norte del estado, y sigue sumando adeptos que se convencen cada vez m\u00e1s en \u00e9l es el bueno para el 2024, y no s\u00f3lo en su partido Morena sino en otros tambi\u00e9n.<br>Em estos recorridos el s\u00e1bado estuvo presente, invitado por Citlali Medell\u00edn Careaga, diputada por el Partido Verde, a la inauguraci\u00f3n de la casa de gesti\u00f3n en Tuxpan de la exalcaldesa de Tamiahua.<br>Manque se enchilen en el Palacio de Enr\u00edquez\u2026<\/p>\n\n\n\n<hr class=\"wp-block-separator\"\/>\n\n\n\n<p>Una apretada victoria de la planilla de Tito\/Indira com cambio de candidato por la bronca legal del terrablanquense ser\u00e1 impugnada por la indiscriminada compra de votos en favor de estos y por haber cambiado caballo a medio r\u00edo, situaci\u00f3n que impiden los estatutos del blanquiazul. El m\u00e1s contento fue el propio Miguel \u00c1ngel Yunes que no pudo ocultar la alegr\u00eda de saberse nuevamente como el poder detr\u00e1s del trono panista veracruzano.., aunque sea moment\u00e1neamente.<\/p>\n\n\n\n<p>\u00a1Qu\u00e9 barbaridad!<br>deprimera.mano2020@gmail.com<\/p>\n","protected":false},"excerpt":{"rendered":"<p>Omar Z\u00fa\u00f1igaDe Primera Mano Taj\u00edn No es ning\u00fan secreto -para nadie-, que el se\u00f1or gobernador del estado Libre y Soberano de Veracruz-Llave, Cuitl\u00e1huac Garc\u00eda Jim\u00e9nez, de profesi\u00f3n ingeniero, no es el m\u00e1s ducho en la administraci\u00f3n p\u00fablica, es m\u00e1s, hay quien lo tilda de ser un verdadero pelmazo, un aut\u00e9ntico cero a la izquierda sin [&hellip;]<\/p>\n","protected":false},"author":2,"featured_media":0,"comment_status":"closed","ping_status":"closed","sticky":false,"template":"","format":"standard","meta":{"tdm_status":"","tdm_grid_status":"","footnotes":""},"categories":[70],"tags":[8106,1563,5506,1026,28705,31679,2944,16147,7518,195],"class_list":{"0":"post-83656","1":"post","2":"type-post","3":"status-publish","4":"format-standard","6":"category-de-opinion","7":"tag-citlali-medellin-careaga","8":"tag-cuitlahuac-garcia-jimenez","9":"tag-indira-rosales-san-roman","10":"tag-morena","11":"tag-omar-zuniga","12":"tag-ricardo-el-finito-monreal","13":"tag-ricardo-monreal-avila","14":"tag-sergio-gutierrez-luna","15":"tag-tito-delfin-cano","16":"tag-veracruz"},"yoast_head":"<!-- This site is optimized with the Yoast SEO plugin v27.4 - https:\/\/yoast.com\/product\/yoast-seo-wordpress\/ -->\n<title>El coscorr\u00f3n a Cuic - Los pol\u00edticos Veracruz<\/title>\n<meta name=\"robots\" content=\"index, follow, max-snippet:-1, max-image-preview:large, max-video-preview:-1\" \/>\n<link rel=\"canonical\" href=\"https:\/\/lospoliticosveracruz.com\/?p=83656\" \/>\n<meta property=\"og:locale\" content=\"es_ES\" \/>\n<meta property=\"og:type\" content=\"article\" \/>\n<meta property=\"og:title\" content=\"El coscorr\u00f3n a Cuic - Los pol\u00edticos Veracruz\" \/>\n<meta property=\"og:description\" content=\"Omar Z\u00fa\u00f1igaDe Primera Mano Taj\u00edn No es ning\u00fan secreto -para nadie-, que el se\u00f1or gobernador del estado Libre y Soberano de Veracruz-Llave, Cuitl\u00e1huac Garc\u00eda Jim\u00e9nez, de profesi\u00f3n ingeniero, no es el m\u00e1s ducho en la administraci\u00f3n p\u00fablica, es m\u00e1s, hay quien lo tilda de ser un verdadero pelmazo, un aut\u00e9ntico cero a la izquierda sin [&hellip;]\" \/>\n<meta property=\"og:url\" content=\"https:\/\/lospoliticosveracruz.com\/?p=83656\" \/>\n<meta property=\"og:site_name\" content=\"Los pol\u00edticos Veracruz\" \/>\n<meta property=\"article:publisher\" content=\"https:\/\/www.facebook.com\/people\/Notimemes-de-los-Polticos\/61565672886568\/\" \/>\n<meta property=\"article:published_time\" content=\"2021-12-20T14:46:42+00:00\" \/>\n<meta property=\"article:modified_time\" content=\"2021-12-20T14:46:49+00:00\" \/>\n<meta property=\"og:image\" content=\"https:\/\/lospoliticosveracruz.com.mx\/wp-content\/uploads\/2021\/10\/Zacauilt.jpg\" \/>\n<meta name=\"author\" content=\"Lo viste en Los Pol\u00edticos\" \/>\n<meta name=\"twitter:card\" content=\"summary_large_image\" \/>\n<meta name=\"twitter:creator\" content=\"@LosPoliticosVer\" \/>\n<meta name=\"twitter:site\" content=\"@LosPoliticosVer\" \/>\n<meta name=\"twitter:label1\" content=\"Escrito por\" \/>\n\t<meta name=\"twitter:data1\" content=\"Lo viste en Los Pol\u00edticos\" \/>\n\t<meta name=\"twitter:label2\" content=\"Tiempo de lectura\" \/>\n\t<meta name=\"twitter:data2\" content=\"4 minutos\" \/>\n<script type=\"application\/ld+json\" class=\"yoast-schema-graph\">{\"@context\":\"https:\\\/\\\/schema.org\",\"@graph\":[{\"@type\":\"Article\",\"@id\":\"https:\\\/\\\/lospoliticosveracruz.com\\\/?p=83656#article\",\"isPartOf\":{\"@id\":\"https:\\\/\\\/lospoliticosveracruz.com\\\/?p=83656\"},\"author\":{\"name\":\"Lo viste en Los Pol\u00edticos\",\"@id\":\"https:\\\/\\\/lospoliticosveracruz.com\\\/#\\\/schema\\\/person\\\/b8702bb0e538456e6efd07080bf2a4a2\"},\"headline\":\"El coscorr\u00f3n a Cuic\",\"datePublished\":\"2021-12-20T14:46:42+00:00\",\"dateModified\":\"2021-12-20T14:46:49+00:00\",\"mainEntityOfPage\":{\"@id\":\"https:\\\/\\\/lospoliticosveracruz.com\\\/?p=83656\"},\"wordCount\":802,\"publisher\":{\"@id\":\"https:\\\/\\\/lospoliticosveracruz.com\\\/#organization\"},\"image\":{\"@id\":\"https:\\\/\\\/lospoliticosveracruz.com\\\/?p=83656#primaryimage\"},\"thumbnailUrl\":\"https:\\\/\\\/lospoliticosveracruz.com.mx\\\/wp-content\\\/uploads\\\/2021\\\/10\\\/Zacauilt.jpg\",\"keywords\":[\"Citlali Medell\u00edn Careaga\",\"Cuitl\u00e1huac Garc\u00eda Jim\u00e9nez\",\"Indira Rosales San Rom\u00e1n\",\"Morena\",\"Omar Z\u00fa\u00f1iga\",\"Ricardo &quot;El Finito&quot; Monreal\",\"Ricardo Monreal \u00c1vila\",\"Sergio Guti\u00e9rrez Luna\",\"Tito Delf\u00edn Cano\",\"Veracruz\"],\"articleSection\":[\"De Opini\u00f3n\"],\"inLanguage\":\"es\"},{\"@type\":\"WebPage\",\"@id\":\"https:\\\/\\\/lospoliticosveracruz.com\\\/?p=83656\",\"url\":\"https:\\\/\\\/lospoliticosveracruz.com\\\/?p=83656\",\"name\":\"El coscorr\u00f3n a Cuic - Los pol\u00edticos Veracruz\",\"isPartOf\":{\"@id\":\"https:\\\/\\\/lospoliticosveracruz.com\\\/#website\"},\"primaryImageOfPage\":{\"@id\":\"https:\\\/\\\/lospoliticosveracruz.com\\\/?p=83656#primaryimage\"},\"image\":{\"@id\":\"https:\\\/\\\/lospoliticosveracruz.com\\\/?p=83656#primaryimage\"},\"thumbnailUrl\":\"https:\\\/\\\/lospoliticosveracruz.com.mx\\\/wp-content\\\/uploads\\\/2021\\\/10\\\/Zacauilt.jpg\",\"datePublished\":\"2021-12-20T14:46:42+00:00\",\"dateModified\":\"2021-12-20T14:46:49+00:00\",\"breadcrumb\":{\"@id\":\"https:\\\/\\\/lospoliticosveracruz.com\\\/?p=83656#breadcrumb\"},\"inLanguage\":\"es\",\"potentialAction\":[{\"@type\":\"ReadAction\",\"target\":[\"https:\\\/\\\/lospoliticosveracruz.com\\\/?p=83656\"]}]},{\"@type\":\"ImageObject\",\"inLanguage\":\"es\",\"@id\":\"https:\\\/\\\/lospoliticosveracruz.com\\\/?p=83656#primaryimage\",\"url\":\"https:\\\/\\\/lospoliticosveracruz.com.mx\\\/wp-content\\\/uploads\\\/2021\\\/10\\\/Zacauilt.jpg\",\"contentUrl\":\"https:\\\/\\\/lospoliticosveracruz.com.mx\\\/wp-content\\\/uploads\\\/2021\\\/10\\\/Zacauilt.jpg\"},{\"@type\":\"BreadcrumbList\",\"@id\":\"https:\\\/\\\/lospoliticosveracruz.com\\\/?p=83656#breadcrumb\",\"itemListElement\":[{\"@type\":\"ListItem\",\"position\":1,\"name\":\"Portada\",\"item\":\"https:\\\/\\\/lospoliticosveracruz.com\\\/\"},{\"@type\":\"ListItem\",\"position\":2,\"name\":\"El coscorr\u00f3n a Cuic\"}]},{\"@type\":\"WebSite\",\"@id\":\"https:\\\/\\\/lospoliticosveracruz.com\\\/#website\",\"url\":\"https:\\\/\\\/lospoliticosveracruz.com\\\/\",\"name\":\"Los pol\u00edticos Veracruz\",\"description\":\"\",\"publisher\":{\"@id\":\"https:\\\/\\\/lospoliticosveracruz.com\\\/#organization\"},\"potentialAction\":[{\"@type\":\"SearchAction\",\"target\":{\"@type\":\"EntryPoint\",\"urlTemplate\":\"https:\\\/\\\/lospoliticosveracruz.com\\\/?s={search_term_string}\"},\"query-input\":{\"@type\":\"PropertyValueSpecification\",\"valueRequired\":true,\"valueName\":\"search_term_string\"}}],\"inLanguage\":\"es\"},{\"@type\":\"Organization\",\"@id\":\"https:\\\/\\\/lospoliticosveracruz.com\\\/#organization\",\"name\":\"Los pol\u00edticos Veracruz\",\"url\":\"https:\\\/\\\/lospoliticosveracruz.com\\\/\",\"logo\":{\"@type\":\"ImageObject\",\"inLanguage\":\"es\",\"@id\":\"https:\\\/\\\/lospoliticosveracruz.com\\\/#\\\/schema\\\/logo\\\/image\\\/\",\"url\":\"https:\\\/\\\/lospoliticosveracruz.com\\\/wp-content\\\/uploads\\\/2025\\\/12\\\/Logo-Nuevo-LOS-POLITICOS-1.jpg\",\"contentUrl\":\"https:\\\/\\\/lospoliticosveracruz.com\\\/wp-content\\\/uploads\\\/2025\\\/12\\\/Logo-Nuevo-LOS-POLITICOS-1.jpg\",\"width\":260,\"height\":70,\"caption\":\"Los pol\u00edticos Veracruz\"},\"image\":{\"@id\":\"https:\\\/\\\/lospoliticosveracruz.com\\\/#\\\/schema\\\/logo\\\/image\\\/\"},\"sameAs\":[\"https:\\\/\\\/www.facebook.com\\\/people\\\/Notimemes-de-los-Polticos\\\/61565672886568\\\/\",\"https:\\\/\\\/x.com\\\/LosPoliticosVer\"]},{\"@type\":\"Person\",\"@id\":\"https:\\\/\\\/lospoliticosveracruz.com\\\/#\\\/schema\\\/person\\\/b8702bb0e538456e6efd07080bf2a4a2\",\"name\":\"Lo viste en Los Pol\u00edticos\",\"image\":{\"@type\":\"ImageObject\",\"inLanguage\":\"es\",\"@id\":\"https:\\\/\\\/secure.gravatar.com\\\/avatar\\\/3a8de04a2656d44082be478bd6c086daa447c4651605818287b9532d3d0bd435?s=96&d=mm&r=g\",\"url\":\"https:\\\/\\\/secure.gravatar.com\\\/avatar\\\/3a8de04a2656d44082be478bd6c086daa447c4651605818287b9532d3d0bd435?s=96&d=mm&r=g\",\"contentUrl\":\"https:\\\/\\\/secure.gravatar.com\\\/avatar\\\/3a8de04a2656d44082be478bd6c086daa447c4651605818287b9532d3d0bd435?s=96&d=mm&r=g\",\"caption\":\"Lo viste en Los Pol\u00edticos\"},\"url\":\"https:\\\/\\\/lospoliticosveracruz.com\\\/?author=2\"}]}<\/script>\n<!-- \/ Yoast SEO plugin. -->","yoast_head_json":{"title":"El coscorr\u00f3n a Cuic - Los pol\u00edticos Veracruz","robots":{"index":"index","follow":"follow","max-snippet":"max-snippet:-1","max-image-preview":"max-image-preview:large","max-video-preview":"max-video-preview:-1"},"canonical":"https:\/\/lospoliticosveracruz.com\/?p=83656","og_locale":"es_ES","og_type":"article","og_title":"El coscorr\u00f3n a Cuic - Los pol\u00edticos Veracruz","og_description":"Omar Z\u00fa\u00f1igaDe Primera Mano Taj\u00edn No es ning\u00fan secreto -para nadie-, que el se\u00f1or gobernador del estado Libre y Soberano de Veracruz-Llave, Cuitl\u00e1huac Garc\u00eda Jim\u00e9nez, de profesi\u00f3n ingeniero, no es el m\u00e1s ducho en la administraci\u00f3n p\u00fablica, es m\u00e1s, hay quien lo tilda de ser un verdadero pelmazo, un aut\u00e9ntico cero a la izquierda sin [&hellip;]","og_url":"https:\/\/lospoliticosveracruz.com\/?p=83656","og_site_name":"Los pol\u00edticos Veracruz","article_publisher":"https:\/\/www.facebook.com\/people\/Notimemes-de-los-Polticos\/61565672886568\/","article_published_time":"2021-12-20T14:46:42+00:00","article_modified_time":"2021-12-20T14:46:49+00:00","og_image":[{"url":"https:\/\/lospoliticosveracruz.com.mx\/wp-content\/uploads\/2021\/10\/Zacauilt.jpg","type":"","width":"","height":""}],"author":"Lo viste en Los Pol\u00edticos","twitter_card":"summary_large_image","twitter_creator":"@LosPoliticosVer","twitter_site":"@LosPoliticosVer","twitter_misc":{"Escrito por":"Lo viste en Los Pol\u00edticos","Tiempo de lectura":"4 minutos"},"schema":{"@context":"https:\/\/schema.org","@graph":[{"@type":"Article","@id":"https:\/\/lospoliticosveracruz.com\/?p=83656#article","isPartOf":{"@id":"https:\/\/lospoliticosveracruz.com\/?p=83656"},"author":{"name":"Lo viste en Los Pol\u00edticos","@id":"https:\/\/lospoliticosveracruz.com\/#\/schema\/person\/b8702bb0e538456e6efd07080bf2a4a2"},"headline":"El coscorr\u00f3n a Cuic","datePublished":"2021-12-20T14:46:42+00:00","dateModified":"2021-12-20T14:46:49+00:00","mainEntityOfPage":{"@id":"https:\/\/lospoliticosveracruz.com\/?p=83656"},"wordCount":802,"publisher":{"@id":"https:\/\/lospoliticosveracruz.com\/#organization"},"image":{"@id":"https:\/\/lospoliticosveracruz.com\/?p=83656#primaryimage"},"thumbnailUrl":"https:\/\/lospoliticosveracruz.com.mx\/wp-content\/uploads\/2021\/10\/Zacauilt.jpg","keywords":["Citlali Medell\u00edn Careaga","Cuitl\u00e1huac Garc\u00eda Jim\u00e9nez","Indira Rosales San Rom\u00e1n","Morena","Omar Z\u00fa\u00f1iga","Ricardo &quot;El Finito&quot; Monreal","Ricardo Monreal \u00c1vila","Sergio Guti\u00e9rrez Luna","Tito Delf\u00edn Cano","Veracruz"],"articleSection":["De Opini\u00f3n"],"inLanguage":"es"},{"@type":"WebPage","@id":"https:\/\/lospoliticosveracruz.com\/?p=83656","url":"https:\/\/lospoliticosveracruz.com\/?p=83656","name":"El coscorr\u00f3n a Cuic - Los pol\u00edticos Veracruz","isPartOf":{"@id":"https:\/\/lospoliticosveracruz.com\/#website"},"primaryImageOfPage":{"@id":"https:\/\/lospoliticosveracruz.com\/?p=83656#primaryimage"},"image":{"@id":"https:\/\/lospoliticosveracruz.com\/?p=83656#primaryimage"},"thumbnailUrl":"https:\/\/lospoliticosveracruz.com.mx\/wp-content\/uploads\/2021\/10\/Zacauilt.jpg","datePublished":"2021-12-20T14:46:42+00:00","dateModified":"2021-12-20T14:46:49+00:00","breadcrumb":{"@id":"https:\/\/lospoliticosveracruz.com\/?p=83656#breadcrumb"},"inLanguage":"es","potentialAction":[{"@type":"ReadAction","target":["https:\/\/lospoliticosveracruz.com\/?p=83656"]}]},{"@type":"ImageObject","inLanguage":"es","@id":"https:\/\/lospoliticosveracruz.com\/?p=83656#primaryimage","url":"https:\/\/lospoliticosveracruz.com.mx\/wp-content\/uploads\/2021\/10\/Zacauilt.jpg","contentUrl":"https:\/\/lospoliticosveracruz.com.mx\/wp-content\/uploads\/2021\/10\/Zacauilt.jpg"},{"@type":"BreadcrumbList","@id":"https:\/\/lospoliticosveracruz.com\/?p=83656#breadcrumb","itemListElement":[{"@type":"ListItem","position":1,"name":"Portada","item":"https:\/\/lospoliticosveracruz.com\/"},{"@type":"ListItem","position":2,"name":"El coscorr\u00f3n a Cuic"}]},{"@type":"WebSite","@id":"https:\/\/lospoliticosveracruz.com\/#website","url":"https:\/\/lospoliticosveracruz.com\/","name":"Los pol\u00edticos Veracruz","description":"","publisher":{"@id":"https:\/\/lospoliticosveracruz.com\/#organization"},"potentialAction":[{"@type":"SearchAction","target":{"@type":"EntryPoint","urlTemplate":"https:\/\/lospoliticosveracruz.com\/?s={search_term_string}"},"query-input":{"@type":"PropertyValueSpecification","valueRequired":true,"valueName":"search_term_string"}}],"inLanguage":"es"},{"@type":"Organization","@id":"https:\/\/lospoliticosveracruz.com\/#organization","name":"Los pol\u00edticos Veracruz","url":"https:\/\/lospoliticosveracruz.com\/","logo":{"@type":"ImageObject","inLanguage":"es","@id":"https:\/\/lospoliticosveracruz.com\/#\/schema\/logo\/image\/","url":"https:\/\/lospoliticosveracruz.com\/wp-content\/uploads\/2025\/12\/Logo-Nuevo-LOS-POLITICOS-1.jpg","contentUrl":"https:\/\/lospoliticosveracruz.com\/wp-content\/uploads\/2025\/12\/Logo-Nuevo-LOS-POLITICOS-1.jpg","width":260,"height":70,"caption":"Los pol\u00edticos Veracruz"},"image":{"@id":"https:\/\/lospoliticosveracruz.com\/#\/schema\/logo\/image\/"},"sameAs":["https:\/\/www.facebook.com\/people\/Notimemes-de-los-Polticos\/61565672886568\/","https:\/\/x.com\/LosPoliticosVer"]},{"@type":"Person","@id":"https:\/\/lospoliticosveracruz.com\/#\/schema\/person\/b8702bb0e538456e6efd07080bf2a4a2","name":"Lo viste en Los Pol\u00edticos","image":{"@type":"ImageObject","inLanguage":"es","@id":"https:\/\/secure.gravatar.com\/avatar\/3a8de04a2656d44082be478bd6c086daa447c4651605818287b9532d3d0bd435?s=96&d=mm&r=g","url":"https:\/\/secure.gravatar.com\/avatar\/3a8de04a2656d44082be478bd6c086daa447c4651605818287b9532d3d0bd435?s=96&d=mm&r=g","contentUrl":"https:\/\/secure.gravatar.com\/avatar\/3a8de04a2656d44082be478bd6c086daa447c4651605818287b9532d3d0bd435?s=96&d=mm&r=g","caption":"Lo viste en Los Pol\u00edticos"},"url":"https:\/\/lospoliticosveracruz.com\/?author=2"}]}},"_links":{"self":[{"href":"https:\/\/lospoliticosveracruz.com\/index.php?rest_route=\/wp\/v2\/posts\/83656","targetHints":{"allow":["GET"]}}],"collection":[{"href":"https:\/\/lospoliticosveracruz.com\/index.php?rest_route=\/wp\/v2\/posts"}],"about":[{"href":"https:\/\/lospoliticosveracruz.com\/index.php?rest_route=\/wp\/v2\/types\/post"}],"author":[{"embeddable":true,"href":"https:\/\/lospoliticosveracruz.com\/index.php?rest_route=\/wp\/v2\/users\/2"}],"replies":[{"embeddable":true,"href":"https:\/\/lospoliticosveracruz.com\/index.php?rest_route=%2Fwp%2Fv2%2Fcomments&post=83656"}],"version-history":[{"count":1,"href":"https:\/\/lospoliticosveracruz.com\/index.php?rest_route=\/wp\/v2\/posts\/83656\/revisions"}],"predecessor-version":[{"id":83658,"href":"https:\/\/lospoliticosveracruz.com\/index.php?rest_route=\/wp\/v2\/posts\/83656\/revisions\/83658"}],"wp:attachment":[{"href":"https:\/\/lospoliticosveracruz.com\/index.php?rest_route=%2Fwp%2Fv2%2Fmedia&parent=83656"}],"wp:term":[{"taxonomy":"category","embeddable":true,"href":"https:\/\/lospoliticosveracruz.com\/index.php?rest_route=%2Fwp%2Fv2%2Fcategories&post=83656"},{"taxonomy":"post_tag","embeddable":true,"href":"https:\/\/lospoliticosveracruz.com\/index.php?rest_route=%2Fwp%2Fv2%2Ftags&post=83656"}],"curies":[{"name":"wp","href":"https:\/\/api.w.org\/{rel}","templated":true}]}}