{"id":83666,"date":"2021-12-20T09:08:31","date_gmt":"2021-12-20T15:08:31","guid":{"rendered":"https:\/\/lospoliticosveracruz.com.mx\/?p=83666"},"modified":"2021-12-20T09:08:36","modified_gmt":"2021-12-20T15:08:36","slug":"factor-monreal","status":"publish","type":"post","link":"https:\/\/lospoliticosveracruz.com\/?p=83666","title":{"rendered":"Factor Monreal"},"content":{"rendered":"\n<p><strong>Ignacio Alvarez<br><\/strong><em>Pluma Negra<\/em><\/p>\n\n\n\n<p><\/p>\n\n\n\n<p>El Senador Ricardo Monreal parece ser la punta de lanza para la revoluci\u00f3n interna de Morena en el estado de Veracruz, rumbo a la elecci\u00f3n elecci\u00f3n del 2024. Con l\u00ed-nea central de uno de los aspirantes presidenciales, el zacatecano despliega su es-trategia para una disputa territorial al interior de las aldeas morenistas.<\/p>\n\n\n\n<div class=\"wp-block-image\"><figure class=\"alignleft size-full is-resized\"><a href=\"https:\/\/lospoliticosveracruz.com.mx\/wp-content\/uploads\/2021\/10\/Zacauilt.jpg\"><img loading=\"lazy\" decoding=\"async\" src=\"https:\/\/lospoliticosveracruz.com.mx\/wp-content\/uploads\/2021\/10\/Zacauilt.jpg\" alt=\"\" class=\"wp-image-80558\" width=\"250\" height=\"500\"\/><\/a><\/figure><\/div>\n\n\n\n<p>Las diferencias del grupo de Monreal con las huestes locales de su partido en Vera-cruz, por el tema de un presunto abuso con el delito de ultrajes a la autoridad, que escal\u00f3 a lo p\u00fablico y caus\u00f3 efecto en lo legal, con la liberaci\u00f3n de seis j\u00f3venes acu-sados de ese presunto delito, es solo uno de los primeros movimientos en el tablero del ajedrez.<\/p>\n\n\n\n<p>As\u00ed el coordinador de Morena en el Senado, emite un mensaje de su efectividad como operador pol\u00edtico de alto nivel, capaz de corregir la plana al sistema judicial de un es-tado e incluso intercambiar diferencias con el Ejecutivo, en los medios de comunica-ci\u00f3n.<\/p>\n\n\n\n<p>La ropa sucia de los morenos, al menos entre el estado y el senador Monreal se lava en los medios y los veracruzanos concibieron sus conclusiones.<\/p>\n\n\n\n<p>Las diferencias p\u00fablicas y privadas entre los locales y los nacionales se arreciar\u00e1n paulatinamente; otro factor, es la presencia constante del Presidente de al Mesa Di-rectiva de la C\u00e1mara de Diputados al estado de Veracruz, que incomoda de manera notable a los militantes y aspirantes locales de Morena, aunque se trata de un pol\u00edtico nacido en Veracruz.<\/p>\n\n\n\n<p><strong>Judicializan elecci\u00f3n azul<\/strong><\/p>\n\n\n\n<p>Es un hecho que la elecci\u00f3n interna del PAN para la renovaci\u00f3n de su Comit\u00e9 Directi-vo Estatal no se definir\u00e1 con el conteo simple de votos de su militancia. Los dos ban-dos en disputa, se declararon vencedores antes de que concluyera el conteo de las 200 casillas instaladas, ambos trataron de madrugar y legitimar un triunfo que nin-guno ten\u00eda en las manos.<\/p>\n\n\n\n<p>La Comisi\u00f3n Estatal de Organizadora del proceso se vio obligada a salir a los medios de comunicaci\u00f3n a exhortar a las f\u00f3rmulas en competencia a la cordura y al respeto del voto panista. En un comunicado se exigi\u00f3 no confundir a la militancia y respetar los resultados.<\/p>\n\n\n\n<p>Las actitudes tanto de, Joaqu\u00edn Guzm\u00e1n Avil\u00e9s como de Federico Salom\u00f3n, de auto-nombrarse ganadores del proceso interno con supuestos n\u00fameros en las manos, in-dica que el perdedor, no aceptar\u00e1 el resultado y acudir\u00e1, primero a las instancias in-ternas del PAN y luego a los tribunales para impugnar y el triunfo del otro y trata de obligar a una nueva elecci\u00f3n.<\/p>\n\n\n\n<p>En Veracruz, el padr\u00f3n de militantes del PAN es de, unos 24 mil, de los cuales se es-peraba una votaci\u00f3n de m\u00e1s de 70 por ciento.<\/p>\n\n\n\n<p><strong>Morena contra INE<\/strong><\/p>\n\n\n\n<p>Los gobernadores, diputados y senadores, cerraron filas en contra de los consejeros del INA para exigir que se realice la consulta de Revocaci\u00f3n de Mandato o Perma-nencia de Mandato, del Presidente de M\u00e9xico a pesar de que ninguno de los sectores pol\u00edticos o econ\u00f3micos del pa\u00eds, tiene inter\u00e9s en interrumpir el sexenio del actual mandatario.<\/p>\n\n\n\n<p>La ansiedad de MORENA apunta m\u00e1s a una cuesti\u00f3n de estrategia de alto impacto electoral, a sabiendas que seria irrisorio el n\u00famero de participantes y menos el n\u00fame-ro de mexicanos que ocupen esa herramienta para pedir la salida anticipada del pre-sidente.<\/p>\n\n\n\n<p>Por lo pronto, el INE mantiene su postura de aplazar la realizaci\u00f3n de la consulta, por falta de recursos para ese fin.<\/p>\n","protected":false},"excerpt":{"rendered":"<p>Ignacio AlvarezPluma Negra El Senador Ricardo Monreal parece ser la punta de lanza para la revoluci\u00f3n interna de Morena en el estado de Veracruz, rumbo a la elecci\u00f3n elecci\u00f3n del 2024. Con l\u00ed-nea central de uno de los aspirantes presidenciales, el zacatecano despliega su es-trategia para una disputa territorial al interior de las aldeas morenistas. [&hellip;]<\/p>\n","protected":false},"author":2,"featured_media":0,"comment_status":"closed","ping_status":"closed","sticky":false,"template":"","format":"standard","meta":{"tdm_status":"","tdm_grid_status":"","footnotes":""},"categories":[70],"tags":[1563,31556,554,3288,1026,2944,195],"class_list":{"0":"post-83666","1":"post","2":"type-post","3":"status-publish","4":"format-standard","6":"category-de-opinion","7":"tag-cuitlahuac-garcia-jimenez","8":"tag-federico-salomon","9":"tag-ine","10":"tag-joaquin-guzman-aviles","11":"tag-morena","12":"tag-ricardo-monreal-avila","13":"tag-veracruz"},"yoast_head":"<!-- This site is optimized with the Yoast SEO plugin v27.4 - https:\/\/yoast.com\/product\/yoast-seo-wordpress\/ -->\n<title>Factor Monreal - Los pol\u00edticos Veracruz<\/title>\n<meta name=\"robots\" content=\"index, follow, max-snippet:-1, max-image-preview:large, max-video-preview:-1\" \/>\n<link rel=\"canonical\" href=\"https:\/\/lospoliticosveracruz.com\/?p=83666\" \/>\n<meta property=\"og:locale\" content=\"es_ES\" \/>\n<meta property=\"og:type\" content=\"article\" \/>\n<meta property=\"og:title\" content=\"Factor Monreal - Los pol\u00edticos Veracruz\" \/>\n<meta property=\"og:description\" content=\"Ignacio AlvarezPluma Negra El Senador Ricardo Monreal parece ser la punta de lanza para la revoluci\u00f3n interna de Morena en el estado de Veracruz, rumbo a la elecci\u00f3n elecci\u00f3n del 2024. Con l\u00ed-nea central de uno de los aspirantes presidenciales, el zacatecano despliega su es-trategia para una disputa territorial al interior de las aldeas morenistas. [&hellip;]\" \/>\n<meta property=\"og:url\" content=\"https:\/\/lospoliticosveracruz.com\/?p=83666\" \/>\n<meta property=\"og:site_name\" content=\"Los pol\u00edticos Veracruz\" \/>\n<meta property=\"article:publisher\" content=\"https:\/\/www.facebook.com\/people\/Notimemes-de-los-Polticos\/61565672886568\/\" \/>\n<meta property=\"article:published_time\" content=\"2021-12-20T15:08:31+00:00\" \/>\n<meta property=\"article:modified_time\" content=\"2021-12-20T15:08:36+00:00\" \/>\n<meta property=\"og:image\" content=\"https:\/\/lospoliticosveracruz.com.mx\/wp-content\/uploads\/2021\/10\/Zacauilt.jpg\" \/>\n<meta name=\"author\" content=\"Lo viste en Los Pol\u00edticos\" \/>\n<meta name=\"twitter:card\" content=\"summary_large_image\" \/>\n<meta name=\"twitter:creator\" content=\"@LosPoliticosVer\" \/>\n<meta name=\"twitter:site\" content=\"@LosPoliticosVer\" \/>\n<meta name=\"twitter:label1\" content=\"Escrito por\" \/>\n\t<meta name=\"twitter:data1\" content=\"Lo viste en Los Pol\u00edticos\" \/>\n\t<meta name=\"twitter:label2\" content=\"Tiempo de lectura\" \/>\n\t<meta name=\"twitter:data2\" content=\"3 minutos\" \/>\n<script type=\"application\/ld+json\" class=\"yoast-schema-graph\">{\"@context\":\"https:\\\/\\\/schema.org\",\"@graph\":[{\"@type\":\"Article\",\"@id\":\"https:\\\/\\\/lospoliticosveracruz.com\\\/?p=83666#article\",\"isPartOf\":{\"@id\":\"https:\\\/\\\/lospoliticosveracruz.com\\\/?p=83666\"},\"author\":{\"name\":\"Lo viste en Los Pol\u00edticos\",\"@id\":\"https:\\\/\\\/lospoliticosveracruz.com\\\/#\\\/schema\\\/person\\\/b8702bb0e538456e6efd07080bf2a4a2\"},\"headline\":\"Factor Monreal\",\"datePublished\":\"2021-12-20T15:08:31+00:00\",\"dateModified\":\"2021-12-20T15:08:36+00:00\",\"mainEntityOfPage\":{\"@id\":\"https:\\\/\\\/lospoliticosveracruz.com\\\/?p=83666\"},\"wordCount\":603,\"publisher\":{\"@id\":\"https:\\\/\\\/lospoliticosveracruz.com\\\/#organization\"},\"image\":{\"@id\":\"https:\\\/\\\/lospoliticosveracruz.com\\\/?p=83666#primaryimage\"},\"thumbnailUrl\":\"https:\\\/\\\/lospoliticosveracruz.com.mx\\\/wp-content\\\/uploads\\\/2021\\\/10\\\/Zacauilt.jpg\",\"keywords\":[\"Cuitl\u00e1huac Garc\u00eda Jim\u00e9nez\",\"Federico Salom\u00f3n\",\"INE\",\"Joaqu\u00edn Guzm\u00e1n Avil\u00e9s\",\"Morena\",\"Ricardo Monreal \u00c1vila\",\"Veracruz\"],\"articleSection\":[\"De Opini\u00f3n\"],\"inLanguage\":\"es\"},{\"@type\":\"WebPage\",\"@id\":\"https:\\\/\\\/lospoliticosveracruz.com\\\/?p=83666\",\"url\":\"https:\\\/\\\/lospoliticosveracruz.com\\\/?p=83666\",\"name\":\"Factor Monreal - Los pol\u00edticos Veracruz\",\"isPartOf\":{\"@id\":\"https:\\\/\\\/lospoliticosveracruz.com\\\/#website\"},\"primaryImageOfPage\":{\"@id\":\"https:\\\/\\\/lospoliticosveracruz.com\\\/?p=83666#primaryimage\"},\"image\":{\"@id\":\"https:\\\/\\\/lospoliticosveracruz.com\\\/?p=83666#primaryimage\"},\"thumbnailUrl\":\"https:\\\/\\\/lospoliticosveracruz.com.mx\\\/wp-content\\\/uploads\\\/2021\\\/10\\\/Zacauilt.jpg\",\"datePublished\":\"2021-12-20T15:08:31+00:00\",\"dateModified\":\"2021-12-20T15:08:36+00:00\",\"breadcrumb\":{\"@id\":\"https:\\\/\\\/lospoliticosveracruz.com\\\/?p=83666#breadcrumb\"},\"inLanguage\":\"es\",\"potentialAction\":[{\"@type\":\"ReadAction\",\"target\":[\"https:\\\/\\\/lospoliticosveracruz.com\\\/?p=83666\"]}]},{\"@type\":\"ImageObject\",\"inLanguage\":\"es\",\"@id\":\"https:\\\/\\\/lospoliticosveracruz.com\\\/?p=83666#primaryimage\",\"url\":\"https:\\\/\\\/lospoliticosveracruz.com.mx\\\/wp-content\\\/uploads\\\/2021\\\/10\\\/Zacauilt.jpg\",\"contentUrl\":\"https:\\\/\\\/lospoliticosveracruz.com.mx\\\/wp-content\\\/uploads\\\/2021\\\/10\\\/Zacauilt.jpg\"},{\"@type\":\"BreadcrumbList\",\"@id\":\"https:\\\/\\\/lospoliticosveracruz.com\\\/?p=83666#breadcrumb\",\"itemListElement\":[{\"@type\":\"ListItem\",\"position\":1,\"name\":\"Portada\",\"item\":\"https:\\\/\\\/lospoliticosveracruz.com\\\/\"},{\"@type\":\"ListItem\",\"position\":2,\"name\":\"Factor Monreal\"}]},{\"@type\":\"WebSite\",\"@id\":\"https:\\\/\\\/lospoliticosveracruz.com\\\/#website\",\"url\":\"https:\\\/\\\/lospoliticosveracruz.com\\\/\",\"name\":\"Los pol\u00edticos Veracruz\",\"description\":\"\",\"publisher\":{\"@id\":\"https:\\\/\\\/lospoliticosveracruz.com\\\/#organization\"},\"potentialAction\":[{\"@type\":\"SearchAction\",\"target\":{\"@type\":\"EntryPoint\",\"urlTemplate\":\"https:\\\/\\\/lospoliticosveracruz.com\\\/?s={search_term_string}\"},\"query-input\":{\"@type\":\"PropertyValueSpecification\",\"valueRequired\":true,\"valueName\":\"search_term_string\"}}],\"inLanguage\":\"es\"},{\"@type\":\"Organization\",\"@id\":\"https:\\\/\\\/lospoliticosveracruz.com\\\/#organization\",\"name\":\"Los pol\u00edticos Veracruz\",\"url\":\"https:\\\/\\\/lospoliticosveracruz.com\\\/\",\"logo\":{\"@type\":\"ImageObject\",\"inLanguage\":\"es\",\"@id\":\"https:\\\/\\\/lospoliticosveracruz.com\\\/#\\\/schema\\\/logo\\\/image\\\/\",\"url\":\"https:\\\/\\\/lospoliticosveracruz.com\\\/wp-content\\\/uploads\\\/2025\\\/12\\\/Logo-Nuevo-LOS-POLITICOS-1.jpg\",\"contentUrl\":\"https:\\\/\\\/lospoliticosveracruz.com\\\/wp-content\\\/uploads\\\/2025\\\/12\\\/Logo-Nuevo-LOS-POLITICOS-1.jpg\",\"width\":260,\"height\":70,\"caption\":\"Los pol\u00edticos Veracruz\"},\"image\":{\"@id\":\"https:\\\/\\\/lospoliticosveracruz.com\\\/#\\\/schema\\\/logo\\\/image\\\/\"},\"sameAs\":[\"https:\\\/\\\/www.facebook.com\\\/people\\\/Notimemes-de-los-Polticos\\\/61565672886568\\\/\",\"https:\\\/\\\/x.com\\\/LosPoliticosVer\"]},{\"@type\":\"Person\",\"@id\":\"https:\\\/\\\/lospoliticosveracruz.com\\\/#\\\/schema\\\/person\\\/b8702bb0e538456e6efd07080bf2a4a2\",\"name\":\"Lo viste en Los Pol\u00edticos\",\"image\":{\"@type\":\"ImageObject\",\"inLanguage\":\"es\",\"@id\":\"https:\\\/\\\/secure.gravatar.com\\\/avatar\\\/3a8de04a2656d44082be478bd6c086daa447c4651605818287b9532d3d0bd435?s=96&d=mm&r=g\",\"url\":\"https:\\\/\\\/secure.gravatar.com\\\/avatar\\\/3a8de04a2656d44082be478bd6c086daa447c4651605818287b9532d3d0bd435?s=96&d=mm&r=g\",\"contentUrl\":\"https:\\\/\\\/secure.gravatar.com\\\/avatar\\\/3a8de04a2656d44082be478bd6c086daa447c4651605818287b9532d3d0bd435?s=96&d=mm&r=g\",\"caption\":\"Lo viste en Los Pol\u00edticos\"},\"url\":\"https:\\\/\\\/lospoliticosveracruz.com\\\/?author=2\"}]}<\/script>\n<!-- \/ Yoast SEO plugin. -->","yoast_head_json":{"title":"Factor Monreal - Los pol\u00edticos Veracruz","robots":{"index":"index","follow":"follow","max-snippet":"max-snippet:-1","max-image-preview":"max-image-preview:large","max-video-preview":"max-video-preview:-1"},"canonical":"https:\/\/lospoliticosveracruz.com\/?p=83666","og_locale":"es_ES","og_type":"article","og_title":"Factor Monreal - Los pol\u00edticos Veracruz","og_description":"Ignacio AlvarezPluma Negra El Senador Ricardo Monreal parece ser la punta de lanza para la revoluci\u00f3n interna de Morena en el estado de Veracruz, rumbo a la elecci\u00f3n elecci\u00f3n del 2024. Con l\u00ed-nea central de uno de los aspirantes presidenciales, el zacatecano despliega su es-trategia para una disputa territorial al interior de las aldeas morenistas. [&hellip;]","og_url":"https:\/\/lospoliticosveracruz.com\/?p=83666","og_site_name":"Los pol\u00edticos Veracruz","article_publisher":"https:\/\/www.facebook.com\/people\/Notimemes-de-los-Polticos\/61565672886568\/","article_published_time":"2021-12-20T15:08:31+00:00","article_modified_time":"2021-12-20T15:08:36+00:00","og_image":[{"url":"https:\/\/lospoliticosveracruz.com.mx\/wp-content\/uploads\/2021\/10\/Zacauilt.jpg","type":"","width":"","height":""}],"author":"Lo viste en Los Pol\u00edticos","twitter_card":"summary_large_image","twitter_creator":"@LosPoliticosVer","twitter_site":"@LosPoliticosVer","twitter_misc":{"Escrito por":"Lo viste en Los Pol\u00edticos","Tiempo de lectura":"3 minutos"},"schema":{"@context":"https:\/\/schema.org","@graph":[{"@type":"Article","@id":"https:\/\/lospoliticosveracruz.com\/?p=83666#article","isPartOf":{"@id":"https:\/\/lospoliticosveracruz.com\/?p=83666"},"author":{"name":"Lo viste en Los Pol\u00edticos","@id":"https:\/\/lospoliticosveracruz.com\/#\/schema\/person\/b8702bb0e538456e6efd07080bf2a4a2"},"headline":"Factor Monreal","datePublished":"2021-12-20T15:08:31+00:00","dateModified":"2021-12-20T15:08:36+00:00","mainEntityOfPage":{"@id":"https:\/\/lospoliticosveracruz.com\/?p=83666"},"wordCount":603,"publisher":{"@id":"https:\/\/lospoliticosveracruz.com\/#organization"},"image":{"@id":"https:\/\/lospoliticosveracruz.com\/?p=83666#primaryimage"},"thumbnailUrl":"https:\/\/lospoliticosveracruz.com.mx\/wp-content\/uploads\/2021\/10\/Zacauilt.jpg","keywords":["Cuitl\u00e1huac Garc\u00eda Jim\u00e9nez","Federico Salom\u00f3n","INE","Joaqu\u00edn Guzm\u00e1n Avil\u00e9s","Morena","Ricardo Monreal \u00c1vila","Veracruz"],"articleSection":["De Opini\u00f3n"],"inLanguage":"es"},{"@type":"WebPage","@id":"https:\/\/lospoliticosveracruz.com\/?p=83666","url":"https:\/\/lospoliticosveracruz.com\/?p=83666","name":"Factor Monreal - Los pol\u00edticos Veracruz","isPartOf":{"@id":"https:\/\/lospoliticosveracruz.com\/#website"},"primaryImageOfPage":{"@id":"https:\/\/lospoliticosveracruz.com\/?p=83666#primaryimage"},"image":{"@id":"https:\/\/lospoliticosveracruz.com\/?p=83666#primaryimage"},"thumbnailUrl":"https:\/\/lospoliticosveracruz.com.mx\/wp-content\/uploads\/2021\/10\/Zacauilt.jpg","datePublished":"2021-12-20T15:08:31+00:00","dateModified":"2021-12-20T15:08:36+00:00","breadcrumb":{"@id":"https:\/\/lospoliticosveracruz.com\/?p=83666#breadcrumb"},"inLanguage":"es","potentialAction":[{"@type":"ReadAction","target":["https:\/\/lospoliticosveracruz.com\/?p=83666"]}]},{"@type":"ImageObject","inLanguage":"es","@id":"https:\/\/lospoliticosveracruz.com\/?p=83666#primaryimage","url":"https:\/\/lospoliticosveracruz.com.mx\/wp-content\/uploads\/2021\/10\/Zacauilt.jpg","contentUrl":"https:\/\/lospoliticosveracruz.com.mx\/wp-content\/uploads\/2021\/10\/Zacauilt.jpg"},{"@type":"BreadcrumbList","@id":"https:\/\/lospoliticosveracruz.com\/?p=83666#breadcrumb","itemListElement":[{"@type":"ListItem","position":1,"name":"Portada","item":"https:\/\/lospoliticosveracruz.com\/"},{"@type":"ListItem","position":2,"name":"Factor Monreal"}]},{"@type":"WebSite","@id":"https:\/\/lospoliticosveracruz.com\/#website","url":"https:\/\/lospoliticosveracruz.com\/","name":"Los pol\u00edticos Veracruz","description":"","publisher":{"@id":"https:\/\/lospoliticosveracruz.com\/#organization"},"potentialAction":[{"@type":"SearchAction","target":{"@type":"EntryPoint","urlTemplate":"https:\/\/lospoliticosveracruz.com\/?s={search_term_string}"},"query-input":{"@type":"PropertyValueSpecification","valueRequired":true,"valueName":"search_term_string"}}],"inLanguage":"es"},{"@type":"Organization","@id":"https:\/\/lospoliticosveracruz.com\/#organization","name":"Los pol\u00edticos Veracruz","url":"https:\/\/lospoliticosveracruz.com\/","logo":{"@type":"ImageObject","inLanguage":"es","@id":"https:\/\/lospoliticosveracruz.com\/#\/schema\/logo\/image\/","url":"https:\/\/lospoliticosveracruz.com\/wp-content\/uploads\/2025\/12\/Logo-Nuevo-LOS-POLITICOS-1.jpg","contentUrl":"https:\/\/lospoliticosveracruz.com\/wp-content\/uploads\/2025\/12\/Logo-Nuevo-LOS-POLITICOS-1.jpg","width":260,"height":70,"caption":"Los pol\u00edticos Veracruz"},"image":{"@id":"https:\/\/lospoliticosveracruz.com\/#\/schema\/logo\/image\/"},"sameAs":["https:\/\/www.facebook.com\/people\/Notimemes-de-los-Polticos\/61565672886568\/","https:\/\/x.com\/LosPoliticosVer"]},{"@type":"Person","@id":"https:\/\/lospoliticosveracruz.com\/#\/schema\/person\/b8702bb0e538456e6efd07080bf2a4a2","name":"Lo viste en Los Pol\u00edticos","image":{"@type":"ImageObject","inLanguage":"es","@id":"https:\/\/secure.gravatar.com\/avatar\/3a8de04a2656d44082be478bd6c086daa447c4651605818287b9532d3d0bd435?s=96&d=mm&r=g","url":"https:\/\/secure.gravatar.com\/avatar\/3a8de04a2656d44082be478bd6c086daa447c4651605818287b9532d3d0bd435?s=96&d=mm&r=g","contentUrl":"https:\/\/secure.gravatar.com\/avatar\/3a8de04a2656d44082be478bd6c086daa447c4651605818287b9532d3d0bd435?s=96&d=mm&r=g","caption":"Lo viste en Los Pol\u00edticos"},"url":"https:\/\/lospoliticosveracruz.com\/?author=2"}]}},"_links":{"self":[{"href":"https:\/\/lospoliticosveracruz.com\/index.php?rest_route=\/wp\/v2\/posts\/83666","targetHints":{"allow":["GET"]}}],"collection":[{"href":"https:\/\/lospoliticosveracruz.com\/index.php?rest_route=\/wp\/v2\/posts"}],"about":[{"href":"https:\/\/lospoliticosveracruz.com\/index.php?rest_route=\/wp\/v2\/types\/post"}],"author":[{"embeddable":true,"href":"https:\/\/lospoliticosveracruz.com\/index.php?rest_route=\/wp\/v2\/users\/2"}],"replies":[{"embeddable":true,"href":"https:\/\/lospoliticosveracruz.com\/index.php?rest_route=%2Fwp%2Fv2%2Fcomments&post=83666"}],"version-history":[{"count":1,"href":"https:\/\/lospoliticosveracruz.com\/index.php?rest_route=\/wp\/v2\/posts\/83666\/revisions"}],"predecessor-version":[{"id":83668,"href":"https:\/\/lospoliticosveracruz.com\/index.php?rest_route=\/wp\/v2\/posts\/83666\/revisions\/83668"}],"wp:attachment":[{"href":"https:\/\/lospoliticosveracruz.com\/index.php?rest_route=%2Fwp%2Fv2%2Fmedia&parent=83666"}],"wp:term":[{"taxonomy":"category","embeddable":true,"href":"https:\/\/lospoliticosveracruz.com\/index.php?rest_route=%2Fwp%2Fv2%2Fcategories&post=83666"},{"taxonomy":"post_tag","embeddable":true,"href":"https:\/\/lospoliticosveracruz.com\/index.php?rest_route=%2Fwp%2Fv2%2Ftags&post=83666"}],"curies":[{"name":"wp","href":"https:\/\/api.w.org\/{rel}","templated":true}]}}