{"id":83672,"date":"2021-12-20T10:11:54","date_gmt":"2021-12-20T16:11:54","guid":{"rendered":"https:\/\/lospoliticosveracruz.com.mx\/?p=83672"},"modified":"2021-12-20T10:12:01","modified_gmt":"2021-12-20T16:12:01","slug":"tiempo-de-reflexion-3","status":"publish","type":"post","link":"https:\/\/lospoliticosveracruz.com\/?p=83672","title":{"rendered":"Tiempo de reflexi\u00f3n"},"content":{"rendered":"\n<p><\/p>\n\n\n\n<p><strong>Sergio Gonz\u00e1lez Levet<\/strong><\/p>\n\n\n\n<p><em>Sin tacto<\/em><\/p>\n\n\n\n<p><\/p>\n\n\n\n<p><em>Pueblo sin Alameda. Pueblo de sol, reseco, brillante. Pilones de cantera, consumidos, en las plazas, en las esquinas. Pueblo cerrado. Pueblo de mujeres enlutadas. Pueblo solemne.<\/em> (Agust\u00edn Y\u00e1\u00f1ez, <em>Al filo del agua<\/em>).<\/p>\n\n\n\n<p><em>Pueblo con Plaza Am\u00e9ricas. Pueblo de niebla, h\u00famedo, oscuro. Pilones de gente, consumidora, en las plazas, en las esquinas. Pueblo comprado. Pueblo de mujeres enfiestadas. Pueblo avorazado. Pueblo medio vacunado e indemne.<\/em><\/p>\n\n\n\n<p>(Nuestra realidad).<\/p>\n\n\n\n<p>[Cada a\u00f1o y por estas fechas, hago el ejercicio de publicar una versi\u00f3n de este texto sobre el peligro de gastar sin medida nuestras gratificaciones de fin de a\u00f1o; cada a\u00f1o, acudo a don Agust\u00edn Y\u00e1\u00f1ez y su poderosa novela para encontrar el tono adecuado que se debe usar en este tema; cada a\u00f1o, optimista irredento, pienso que algo voy a lograr para evitar que cuando menos alguna persona gaste de m\u00e1s y en lo que no debe; cada a\u00f1o\u2026]<\/p>\n\n\n\n<p>&nbsp;&nbsp;&nbsp;&nbsp; Es la \u00e9poca del dispendio y el derroche, tal vez ahora m\u00e1s que nunca, ante la amenaza sin par de una pandemia que nos tiene asolados por los cuatro vientos, que tiene destrozadas las finanzas del mundo, que nos ha tra\u00eddo la m\u00e1s sentida de las desgracias, que es la desgracia de la salud, y con ella la financiera, ideol\u00f3gica, la social, la humana.<\/p>\n\n\n\n<p>&nbsp;&nbsp;&nbsp;&nbsp; Es una crisis que tenemos que enfrentar entre todos y que no es solamente de salubridad sino peor, porque se suma en un mundo de violencia, de crimen, de muerte.<\/p>\n\n\n\n<p>&nbsp;&nbsp;&nbsp;&nbsp; Para poder seguir siendo pa\u00eds, sociedad, gobierno, hay que a\u00f1adir la esperanza de un a\u00f1o m\u00e1s bonancible, gracias a las medidas anunciadas, o a pesar de ellas.<\/p>\n\n\n\n<p>&nbsp;&nbsp;&nbsp;&nbsp; Los buenos deseos: se acabar\u00e1 el coronavirus, culminar\u00e1n las genuinas manifestaciones del pueblo, seremos felices, no habr\u00e1 cambios, s\u00ed habr\u00e1 cambios, seremos m\u00e1s felices\u2026<\/p>\n\n\n\n<p>&nbsp;&nbsp;&nbsp;&nbsp; Pero ac\u00e1: las colas en las cajas de los negocios que son de Carlos Slim y de algunos otros resultan in\u00e9ditas, como si en lugar del cataclismo estuvi\u00e9ramos en la bonanza; como si el aguinaldo que ya estamos gastando no tuviera que ser utilizado ahora s\u00ed, en serio, como la tabla de salvaci\u00f3n para evitar el acoso de los bancos, la usura sin igual, la cobranza salvaje, el embargo, la p\u00e9rdida de bienes; los r\u00e9ditos hasta la punta de la pir\u00e1mide de la riqueza.<\/p>\n\n\n\n<p>&nbsp;&nbsp;&nbsp;&nbsp; Como si no pasara nada, como si no hubiera un pa\u00eds devastado, saqueado, mucha gente se arremolina en las plazas con cierta ansiedad, con prisa por llevarse la prenda nueva, el accesorio de moda, el regalo para los seres cercanos en el afecto o en la n\u00f3mina. Es que muchos piensan que ser\u00e1 su \u00faltima oportunidad de comprar en la vida, porque temen que lo que viene ser\u00e1 la miseria inmisericorde, la misericordia miserable, la inconmensurable miserabilidad.<\/p>\n\n\n\n<p><strong>\u00a0\u00a0\u00a0\u00a0 Y la pandemia no cesa.<\/strong><\/p>\n\n\n\n<p>&nbsp;&nbsp;&nbsp;&nbsp; Yo no s\u00e9 c\u00f3mo logran llegar entre tanto veh\u00edculo que impide el acceso, sin un lugar donde estacionarse, arremolinados ya desde la misma calle. Pero ah\u00ed est\u00e1n, en las tiendas, disputando al mejor postor la prenda moderna, el vestido sin igual, las miles de frusler\u00edas que al parecer hacen apacible la vida<\/p>\n\n\n\n<p>&nbsp;&nbsp;&nbsp;&nbsp; Ah\u00ed los vemos: buen espect\u00e1culo el de los atenienses xalape\u00f1os arremolinados ante los aparadores, d\u00e1ndole vuelo a la tarjeta de cr\u00e9dito, comprando ahora y pagando hasta marzo (cuando ya s\u00f3lo podr\u00e1n echar mano del Monte de Piedad, por piedad), gastando hasta lo que no tendr\u00e1n nunca, porque pronto todo pasar\u00e1 al poder de los que lo tienen todo ya.<\/p>\n\n\n\n<p>&nbsp;&nbsp;&nbsp;&nbsp; Pueblo con Plaza Am\u00e9ricas. Pueblo con tarjeta de cr\u00e9dito; con un arma suicida.<\/p>\n\n\n\n<p>&nbsp;&nbsp;&nbsp;&nbsp; Pueblo de mujeres enlutadas\u2026<\/p>\n\n\n\n<p><a href=\"mailto:sglevet@gmail.com\">sglevet@gmail.com<\/a><\/p>\n","protected":false},"excerpt":{"rendered":"<p>Sergio Gonz\u00e1lez Levet Sin tacto Pueblo sin Alameda. Pueblo de sol, reseco, brillante. Pilones de cantera, consumidos, en las plazas, en las esquinas. Pueblo cerrado. Pueblo de mujeres enlutadas. Pueblo solemne. (Agust\u00edn Y\u00e1\u00f1ez, Al filo del agua). Pueblo con Plaza Am\u00e9ricas. Pueblo de niebla, h\u00famedo, oscuro. Pilones de gente, consumidora, en las plazas, en las [&hellip;]<\/p>\n","protected":false},"author":2,"featured_media":0,"comment_status":"closed","ping_status":"closed","sticky":false,"template":"","format":"standard","meta":{"tdm_status":"","tdm_grid_status":"","footnotes":""},"categories":[70],"tags":[31681,4363,1282],"class_list":{"0":"post-83672","1":"post","2":"type-post","3":"status-publish","4":"format-standard","6":"category-de-opinion","7":"tag-compras","8":"tag-navidad","9":"tag-sergio-gonzalez-levet"},"yoast_head":"<!-- This site is optimized with the Yoast SEO plugin v27.4 - https:\/\/yoast.com\/product\/yoast-seo-wordpress\/ -->\n<title>Tiempo de reflexi\u00f3n - Los pol\u00edticos Veracruz<\/title>\n<meta name=\"robots\" content=\"index, follow, max-snippet:-1, max-image-preview:large, max-video-preview:-1\" \/>\n<link rel=\"canonical\" href=\"https:\/\/lospoliticosveracruz.com\/?p=83672\" \/>\n<meta property=\"og:locale\" content=\"es_ES\" \/>\n<meta property=\"og:type\" content=\"article\" \/>\n<meta property=\"og:title\" content=\"Tiempo de reflexi\u00f3n - Los pol\u00edticos Veracruz\" \/>\n<meta property=\"og:description\" content=\"Sergio Gonz\u00e1lez Levet Sin tacto Pueblo sin Alameda. Pueblo de sol, reseco, brillante. Pilones de cantera, consumidos, en las plazas, en las esquinas. Pueblo cerrado. Pueblo de mujeres enlutadas. Pueblo solemne. (Agust\u00edn Y\u00e1\u00f1ez, Al filo del agua). Pueblo con Plaza Am\u00e9ricas. Pueblo de niebla, h\u00famedo, oscuro. Pilones de gente, consumidora, en las plazas, en las [&hellip;]\" \/>\n<meta property=\"og:url\" content=\"https:\/\/lospoliticosveracruz.com\/?p=83672\" \/>\n<meta property=\"og:site_name\" content=\"Los pol\u00edticos Veracruz\" \/>\n<meta property=\"article:publisher\" content=\"https:\/\/www.facebook.com\/people\/Notimemes-de-los-Polticos\/61565672886568\/\" \/>\n<meta property=\"article:published_time\" content=\"2021-12-20T16:11:54+00:00\" \/>\n<meta property=\"article:modified_time\" content=\"2021-12-20T16:12:01+00:00\" \/>\n<meta property=\"og:image\" content=\"https:\/\/lospoliticosveracruz.com\/wp-content\/uploads\/2016\/07\/Logo-Dor.jpg\" \/>\n\t<meta property=\"og:image:width\" content=\"200\" \/>\n\t<meta property=\"og:image:height\" content=\"200\" \/>\n\t<meta property=\"og:image:type\" content=\"image\/jpeg\" \/>\n<meta name=\"author\" content=\"Lo viste en Los Pol\u00edticos\" \/>\n<meta name=\"twitter:card\" content=\"summary_large_image\" \/>\n<meta name=\"twitter:creator\" content=\"@LosPoliticosVer\" \/>\n<meta name=\"twitter:site\" content=\"@LosPoliticosVer\" \/>\n<meta name=\"twitter:label1\" content=\"Escrito por\" \/>\n\t<meta name=\"twitter:data1\" content=\"Lo viste en Los Pol\u00edticos\" \/>\n\t<meta name=\"twitter:label2\" content=\"Tiempo de lectura\" \/>\n\t<meta name=\"twitter:data2\" content=\"3 minutos\" \/>\n<script type=\"application\/ld+json\" class=\"yoast-schema-graph\">{\"@context\":\"https:\\\/\\\/schema.org\",\"@graph\":[{\"@type\":\"Article\",\"@id\":\"https:\\\/\\\/lospoliticosveracruz.com\\\/?p=83672#article\",\"isPartOf\":{\"@id\":\"https:\\\/\\\/lospoliticosveracruz.com\\\/?p=83672\"},\"author\":{\"name\":\"Lo viste en Los Pol\u00edticos\",\"@id\":\"https:\\\/\\\/lospoliticosveracruz.com\\\/#\\\/schema\\\/person\\\/b8702bb0e538456e6efd07080bf2a4a2\"},\"headline\":\"Tiempo de reflexi\u00f3n\",\"datePublished\":\"2021-12-20T16:11:54+00:00\",\"dateModified\":\"2021-12-20T16:12:01+00:00\",\"mainEntityOfPage\":{\"@id\":\"https:\\\/\\\/lospoliticosveracruz.com\\\/?p=83672\"},\"wordCount\":682,\"publisher\":{\"@id\":\"https:\\\/\\\/lospoliticosveracruz.com\\\/#organization\"},\"keywords\":[\"Compras\",\"navidad\",\"Sergio Gonz\u00e1lez Levet\"],\"articleSection\":[\"De Opini\u00f3n\"],\"inLanguage\":\"es\"},{\"@type\":\"WebPage\",\"@id\":\"https:\\\/\\\/lospoliticosveracruz.com\\\/?p=83672\",\"url\":\"https:\\\/\\\/lospoliticosveracruz.com\\\/?p=83672\",\"name\":\"Tiempo de reflexi\u00f3n - Los pol\u00edticos Veracruz\",\"isPartOf\":{\"@id\":\"https:\\\/\\\/lospoliticosveracruz.com\\\/#website\"},\"datePublished\":\"2021-12-20T16:11:54+00:00\",\"dateModified\":\"2021-12-20T16:12:01+00:00\",\"breadcrumb\":{\"@id\":\"https:\\\/\\\/lospoliticosveracruz.com\\\/?p=83672#breadcrumb\"},\"inLanguage\":\"es\",\"potentialAction\":[{\"@type\":\"ReadAction\",\"target\":[\"https:\\\/\\\/lospoliticosveracruz.com\\\/?p=83672\"]}]},{\"@type\":\"BreadcrumbList\",\"@id\":\"https:\\\/\\\/lospoliticosveracruz.com\\\/?p=83672#breadcrumb\",\"itemListElement\":[{\"@type\":\"ListItem\",\"position\":1,\"name\":\"Portada\",\"item\":\"https:\\\/\\\/lospoliticosveracruz.com\\\/\"},{\"@type\":\"ListItem\",\"position\":2,\"name\":\"Tiempo de reflexi\u00f3n\"}]},{\"@type\":\"WebSite\",\"@id\":\"https:\\\/\\\/lospoliticosveracruz.com\\\/#website\",\"url\":\"https:\\\/\\\/lospoliticosveracruz.com\\\/\",\"name\":\"Los pol\u00edticos Veracruz\",\"description\":\"\",\"publisher\":{\"@id\":\"https:\\\/\\\/lospoliticosveracruz.com\\\/#organization\"},\"potentialAction\":[{\"@type\":\"SearchAction\",\"target\":{\"@type\":\"EntryPoint\",\"urlTemplate\":\"https:\\\/\\\/lospoliticosveracruz.com\\\/?s={search_term_string}\"},\"query-input\":{\"@type\":\"PropertyValueSpecification\",\"valueRequired\":true,\"valueName\":\"search_term_string\"}}],\"inLanguage\":\"es\"},{\"@type\":\"Organization\",\"@id\":\"https:\\\/\\\/lospoliticosveracruz.com\\\/#organization\",\"name\":\"Los pol\u00edticos Veracruz\",\"url\":\"https:\\\/\\\/lospoliticosveracruz.com\\\/\",\"logo\":{\"@type\":\"ImageObject\",\"inLanguage\":\"es\",\"@id\":\"https:\\\/\\\/lospoliticosveracruz.com\\\/#\\\/schema\\\/logo\\\/image\\\/\",\"url\":\"https:\\\/\\\/lospoliticosveracruz.com\\\/wp-content\\\/uploads\\\/2025\\\/12\\\/Logo-Nuevo-LOS-POLITICOS-1.jpg\",\"contentUrl\":\"https:\\\/\\\/lospoliticosveracruz.com\\\/wp-content\\\/uploads\\\/2025\\\/12\\\/Logo-Nuevo-LOS-POLITICOS-1.jpg\",\"width\":260,\"height\":70,\"caption\":\"Los pol\u00edticos Veracruz\"},\"image\":{\"@id\":\"https:\\\/\\\/lospoliticosveracruz.com\\\/#\\\/schema\\\/logo\\\/image\\\/\"},\"sameAs\":[\"https:\\\/\\\/www.facebook.com\\\/people\\\/Notimemes-de-los-Polticos\\\/61565672886568\\\/\",\"https:\\\/\\\/x.com\\\/LosPoliticosVer\"]},{\"@type\":\"Person\",\"@id\":\"https:\\\/\\\/lospoliticosveracruz.com\\\/#\\\/schema\\\/person\\\/b8702bb0e538456e6efd07080bf2a4a2\",\"name\":\"Lo viste en Los Pol\u00edticos\",\"image\":{\"@type\":\"ImageObject\",\"inLanguage\":\"es\",\"@id\":\"https:\\\/\\\/secure.gravatar.com\\\/avatar\\\/3a8de04a2656d44082be478bd6c086daa447c4651605818287b9532d3d0bd435?s=96&d=mm&r=g\",\"url\":\"https:\\\/\\\/secure.gravatar.com\\\/avatar\\\/3a8de04a2656d44082be478bd6c086daa447c4651605818287b9532d3d0bd435?s=96&d=mm&r=g\",\"contentUrl\":\"https:\\\/\\\/secure.gravatar.com\\\/avatar\\\/3a8de04a2656d44082be478bd6c086daa447c4651605818287b9532d3d0bd435?s=96&d=mm&r=g\",\"caption\":\"Lo viste en Los Pol\u00edticos\"},\"url\":\"https:\\\/\\\/lospoliticosveracruz.com\\\/?author=2\"}]}<\/script>\n<!-- \/ Yoast SEO plugin. -->","yoast_head_json":{"title":"Tiempo de reflexi\u00f3n - Los pol\u00edticos Veracruz","robots":{"index":"index","follow":"follow","max-snippet":"max-snippet:-1","max-image-preview":"max-image-preview:large","max-video-preview":"max-video-preview:-1"},"canonical":"https:\/\/lospoliticosveracruz.com\/?p=83672","og_locale":"es_ES","og_type":"article","og_title":"Tiempo de reflexi\u00f3n - Los pol\u00edticos Veracruz","og_description":"Sergio Gonz\u00e1lez Levet Sin tacto Pueblo sin Alameda. Pueblo de sol, reseco, brillante. Pilones de cantera, consumidos, en las plazas, en las esquinas. Pueblo cerrado. Pueblo de mujeres enlutadas. Pueblo solemne. (Agust\u00edn Y\u00e1\u00f1ez, Al filo del agua). Pueblo con Plaza Am\u00e9ricas. Pueblo de niebla, h\u00famedo, oscuro. Pilones de gente, consumidora, en las plazas, en las [&hellip;]","og_url":"https:\/\/lospoliticosveracruz.com\/?p=83672","og_site_name":"Los pol\u00edticos Veracruz","article_publisher":"https:\/\/www.facebook.com\/people\/Notimemes-de-los-Polticos\/61565672886568\/","article_published_time":"2021-12-20T16:11:54+00:00","article_modified_time":"2021-12-20T16:12:01+00:00","og_image":[{"width":200,"height":200,"url":"https:\/\/lospoliticosveracruz.com\/wp-content\/uploads\/2016\/07\/Logo-Dor.jpg","type":"image\/jpeg"}],"author":"Lo viste en Los Pol\u00edticos","twitter_card":"summary_large_image","twitter_creator":"@LosPoliticosVer","twitter_site":"@LosPoliticosVer","twitter_misc":{"Escrito por":"Lo viste en Los Pol\u00edticos","Tiempo de lectura":"3 minutos"},"schema":{"@context":"https:\/\/schema.org","@graph":[{"@type":"Article","@id":"https:\/\/lospoliticosveracruz.com\/?p=83672#article","isPartOf":{"@id":"https:\/\/lospoliticosveracruz.com\/?p=83672"},"author":{"name":"Lo viste en Los Pol\u00edticos","@id":"https:\/\/lospoliticosveracruz.com\/#\/schema\/person\/b8702bb0e538456e6efd07080bf2a4a2"},"headline":"Tiempo de reflexi\u00f3n","datePublished":"2021-12-20T16:11:54+00:00","dateModified":"2021-12-20T16:12:01+00:00","mainEntityOfPage":{"@id":"https:\/\/lospoliticosveracruz.com\/?p=83672"},"wordCount":682,"publisher":{"@id":"https:\/\/lospoliticosveracruz.com\/#organization"},"keywords":["Compras","navidad","Sergio Gonz\u00e1lez Levet"],"articleSection":["De Opini\u00f3n"],"inLanguage":"es"},{"@type":"WebPage","@id":"https:\/\/lospoliticosveracruz.com\/?p=83672","url":"https:\/\/lospoliticosveracruz.com\/?p=83672","name":"Tiempo de reflexi\u00f3n - Los pol\u00edticos Veracruz","isPartOf":{"@id":"https:\/\/lospoliticosveracruz.com\/#website"},"datePublished":"2021-12-20T16:11:54+00:00","dateModified":"2021-12-20T16:12:01+00:00","breadcrumb":{"@id":"https:\/\/lospoliticosveracruz.com\/?p=83672#breadcrumb"},"inLanguage":"es","potentialAction":[{"@type":"ReadAction","target":["https:\/\/lospoliticosveracruz.com\/?p=83672"]}]},{"@type":"BreadcrumbList","@id":"https:\/\/lospoliticosveracruz.com\/?p=83672#breadcrumb","itemListElement":[{"@type":"ListItem","position":1,"name":"Portada","item":"https:\/\/lospoliticosveracruz.com\/"},{"@type":"ListItem","position":2,"name":"Tiempo de reflexi\u00f3n"}]},{"@type":"WebSite","@id":"https:\/\/lospoliticosveracruz.com\/#website","url":"https:\/\/lospoliticosveracruz.com\/","name":"Los pol\u00edticos Veracruz","description":"","publisher":{"@id":"https:\/\/lospoliticosveracruz.com\/#organization"},"potentialAction":[{"@type":"SearchAction","target":{"@type":"EntryPoint","urlTemplate":"https:\/\/lospoliticosveracruz.com\/?s={search_term_string}"},"query-input":{"@type":"PropertyValueSpecification","valueRequired":true,"valueName":"search_term_string"}}],"inLanguage":"es"},{"@type":"Organization","@id":"https:\/\/lospoliticosveracruz.com\/#organization","name":"Los pol\u00edticos Veracruz","url":"https:\/\/lospoliticosveracruz.com\/","logo":{"@type":"ImageObject","inLanguage":"es","@id":"https:\/\/lospoliticosveracruz.com\/#\/schema\/logo\/image\/","url":"https:\/\/lospoliticosveracruz.com\/wp-content\/uploads\/2025\/12\/Logo-Nuevo-LOS-POLITICOS-1.jpg","contentUrl":"https:\/\/lospoliticosveracruz.com\/wp-content\/uploads\/2025\/12\/Logo-Nuevo-LOS-POLITICOS-1.jpg","width":260,"height":70,"caption":"Los pol\u00edticos Veracruz"},"image":{"@id":"https:\/\/lospoliticosveracruz.com\/#\/schema\/logo\/image\/"},"sameAs":["https:\/\/www.facebook.com\/people\/Notimemes-de-los-Polticos\/61565672886568\/","https:\/\/x.com\/LosPoliticosVer"]},{"@type":"Person","@id":"https:\/\/lospoliticosveracruz.com\/#\/schema\/person\/b8702bb0e538456e6efd07080bf2a4a2","name":"Lo viste en Los Pol\u00edticos","image":{"@type":"ImageObject","inLanguage":"es","@id":"https:\/\/secure.gravatar.com\/avatar\/3a8de04a2656d44082be478bd6c086daa447c4651605818287b9532d3d0bd435?s=96&d=mm&r=g","url":"https:\/\/secure.gravatar.com\/avatar\/3a8de04a2656d44082be478bd6c086daa447c4651605818287b9532d3d0bd435?s=96&d=mm&r=g","contentUrl":"https:\/\/secure.gravatar.com\/avatar\/3a8de04a2656d44082be478bd6c086daa447c4651605818287b9532d3d0bd435?s=96&d=mm&r=g","caption":"Lo viste en Los Pol\u00edticos"},"url":"https:\/\/lospoliticosveracruz.com\/?author=2"}]}},"_links":{"self":[{"href":"https:\/\/lospoliticosveracruz.com\/index.php?rest_route=\/wp\/v2\/posts\/83672","targetHints":{"allow":["GET"]}}],"collection":[{"href":"https:\/\/lospoliticosveracruz.com\/index.php?rest_route=\/wp\/v2\/posts"}],"about":[{"href":"https:\/\/lospoliticosveracruz.com\/index.php?rest_route=\/wp\/v2\/types\/post"}],"author":[{"embeddable":true,"href":"https:\/\/lospoliticosveracruz.com\/index.php?rest_route=\/wp\/v2\/users\/2"}],"replies":[{"embeddable":true,"href":"https:\/\/lospoliticosveracruz.com\/index.php?rest_route=%2Fwp%2Fv2%2Fcomments&post=83672"}],"version-history":[{"count":1,"href":"https:\/\/lospoliticosveracruz.com\/index.php?rest_route=\/wp\/v2\/posts\/83672\/revisions"}],"predecessor-version":[{"id":83674,"href":"https:\/\/lospoliticosveracruz.com\/index.php?rest_route=\/wp\/v2\/posts\/83672\/revisions\/83674"}],"wp:attachment":[{"href":"https:\/\/lospoliticosveracruz.com\/index.php?rest_route=%2Fwp%2Fv2%2Fmedia&parent=83672"}],"wp:term":[{"taxonomy":"category","embeddable":true,"href":"https:\/\/lospoliticosveracruz.com\/index.php?rest_route=%2Fwp%2Fv2%2Fcategories&post=83672"},{"taxonomy":"post_tag","embeddable":true,"href":"https:\/\/lospoliticosveracruz.com\/index.php?rest_route=%2Fwp%2Fv2%2Ftags&post=83672"}],"curies":[{"name":"wp","href":"https:\/\/api.w.org\/{rel}","templated":true}]}}