{"id":83694,"date":"2021-12-20T19:15:03","date_gmt":"2021-12-21T01:15:03","guid":{"rendered":"https:\/\/lospoliticosveracruz.com.mx\/?p=83694"},"modified":"2021-12-20T19:15:09","modified_gmt":"2021-12-21T01:15:09","slug":"palo-a-sigala-y-tania-un-buen-mensaje-marlon","status":"publish","type":"post","link":"https:\/\/lospoliticosveracruz.com\/?p=83694","title":{"rendered":"Palo a Sigala y Tania, un buen mensaje: Marlon"},"content":{"rendered":"\n<p><\/p>\n\n\n\n<p><strong>Cosoleacaque<\/strong><\/p>\n\n\n\n<p><br>El Poder Judicial Federal es el \u00faltimo reducto que permite a los ciudadanos tener la certeza de que vivimos en un pa\u00eds con un Estado de derecho, con normas y con leyes fuertes que nos permitan tener un desarrollo arm\u00f3nico como sociedad, afirm\u00f3 Marlon Ram\u00edrez Mar\u00edn, presidente del CDE del PRI en Veracruz, y diputado local.<\/p>\n\n\n\n<p>Se\u00f1al\u00f3 que a todos nos debe interesar que nuestro sistema judicial se solidifique y consolide, m\u00e1s en este momento cuando hay claras intenciones de un poder de superponerse sobre los otros. \u201cLa actuaci\u00f3n de todos los que integran el sistema de impartici\u00f3n de justicia debe estar en todo momento apegada a la ley, a la Constituci\u00f3n y dar certeza porque vemos una gran cantidad de se\u00f1ales contrarias a la regularidad democr\u00e1tica.\u201d<\/p>\n\n\n\n<p>\u201cHoy la Sala Regional del Tribunal Electoral del Poder Judicial de la Federaci\u00f3n, manda un mensaje claro de autoridad, autonom\u00eda, e independencia con las que se conduce, y eso debe llamar la atenci\u00f3n de quienes integran la primera instancia\u201d, dijo al referirse a la revocaci\u00f3n de las sentencias que hizo al Tribunal Electoral de Veracruz, relativas a la elecci\u00f3n de la presidencia municipal de la ciudad de Veracruz, en la que result\u00f3 electa Patricia Lobeira, candidata de la coalici\u00f3n \u201cVeracruz Va.\u201d<\/p>\n\n\n\n<p>En entrevista durante su asistencia al \u00faltimo informe de gobierno de Cirilo V\u00e1zquez Parissi, alcalde priista de Cosoleacaque, puntualiz\u00f3 que vale la pena iniciar una reflexi\u00f3n para revisar el orden jur\u00eddico en Veracruz, un an\u00e1lisis profundo de la reforma pol\u00edtica del estado, y buscar el mecanismo para generar leyes m\u00e1s claras.<\/p>\n\n\n\n<p>Por otra parte, indic\u00f3 que de nueva cuenta se recurrir\u00e1 a la Suprema Corte de Justicia de la Naci\u00f3n, para obtener la revocaci\u00f3n de la modificaci\u00f3n que aprobaron los diputados de Morena de la LXVI Legislatura del Congreso de Veracruz en la pasada sesi\u00f3n, al Art\u00edculo 50 del C\u00f3digo Electoral, respecto a la reducci\u00f3n del 50 por ciento de las prerrogativas de los partidos pol\u00edticos en la entidad, porque existe una clara acci\u00f3n de inconstitucionalidad.<\/p>\n\n\n\n<p>\u201cSe concluye el proceso electoral hasta que el Organismo P\u00fablico Local Electoral (OPLE) en una sesi\u00f3n lo determine y esto no se ha dado porque existen distintos procesos vigentes. Con esto se violenta el Art\u00edculo 105 Constitucional que establece que no se puede modificar la Constituci\u00f3n en temas electorales, noventa d\u00edas antes del proceso electoral o en la consecuci\u00f3n o desarrollo del mismo\u201d, detall\u00f3.<\/p>\n\n\n\n<p>Record\u00f3 que, en el 2020, la reforma que se hab\u00eda hecho al C\u00f3digo Electoral en Veracruz, fue echada abajo por la Suprema Corte de Justicia de la Naci\u00f3n, quien aclar\u00f3 que no pod\u00eda hacerse una modificaci\u00f3n a la ley electoral hasta que no concluyera el proceso electoral, y hoy en Veracruz hay procesos electorales, de inicio se repetir\u00e1n elecciones en Jes\u00fas Carranza y en Chiconamel el pr\u00f3ximo a\u00f1o.<\/p>\n","protected":false},"excerpt":{"rendered":"<p>Cosoleacaque El Poder Judicial Federal es el \u00faltimo reducto que permite a los ciudadanos tener la certeza de que vivimos en un pa\u00eds con un Estado de derecho, con normas y con leyes fuertes que nos permitan tener un desarrollo arm\u00f3nico como sociedad, afirm\u00f3 Marlon Ram\u00edrez Mar\u00edn, presidente del CDE del PRI en Veracruz, y [&hellip;]<\/p>\n","protected":false},"author":2,"featured_media":0,"comment_status":"closed","ping_status":"closed","sticky":false,"template":"","format":"standard","meta":{"tdm_status":"","tdm_grid_status":"","footnotes":""},"categories":[73],"tags":[1517,2908,3272,28254,20045,26380,11622,12731,6753],"class_list":{"0":"post-83694","1":"post","2":"type-post","3":"status-publish","4":"format-standard","6":"category-de-boleto","7":"tag-cirilo-vazquez-parissi","8":"tag-marlon-ramirez-marin","9":"tag-ople","10":"tag-patricia-lobeira","11":"tag-pri-en-veracruz","12":"tag-roberto-eduardo-sigala-aguilar","13":"tag-tania-cruz-santos","14":"tag-tribunal-electoral","15":"tag-tribunal-electoral-de-veracruz"},"yoast_head":"<!-- This site is optimized with the Yoast SEO plugin v27.4 - https:\/\/yoast.com\/product\/yoast-seo-wordpress\/ -->\n<title>Palo a Sigala y Tania, un buen mensaje: Marlon - Los pol\u00edticos Veracruz<\/title>\n<meta name=\"robots\" content=\"index, follow, max-snippet:-1, max-image-preview:large, max-video-preview:-1\" \/>\n<link rel=\"canonical\" href=\"https:\/\/lospoliticosveracruz.com\/?p=83694\" \/>\n<meta property=\"og:locale\" content=\"es_ES\" \/>\n<meta property=\"og:type\" content=\"article\" \/>\n<meta property=\"og:title\" content=\"Palo a Sigala y Tania, un buen mensaje: Marlon - Los pol\u00edticos Veracruz\" \/>\n<meta property=\"og:description\" content=\"Cosoleacaque El Poder Judicial Federal es el \u00faltimo reducto que permite a los ciudadanos tener la certeza de que vivimos en un pa\u00eds con un Estado de derecho, con normas y con leyes fuertes que nos permitan tener un desarrollo arm\u00f3nico como sociedad, afirm\u00f3 Marlon Ram\u00edrez Mar\u00edn, presidente del CDE del PRI en Veracruz, y [&hellip;]\" \/>\n<meta property=\"og:url\" content=\"https:\/\/lospoliticosveracruz.com\/?p=83694\" \/>\n<meta property=\"og:site_name\" content=\"Los pol\u00edticos Veracruz\" \/>\n<meta property=\"article:publisher\" content=\"https:\/\/www.facebook.com\/people\/Notimemes-de-los-Polticos\/61565672886568\/\" \/>\n<meta property=\"article:published_time\" content=\"2021-12-21T01:15:03+00:00\" \/>\n<meta property=\"article:modified_time\" content=\"2021-12-21T01:15:09+00:00\" \/>\n<meta property=\"og:image\" content=\"https:\/\/lospoliticosveracruz.com\/wp-content\/uploads\/2016\/07\/Logo-Dor.jpg\" \/>\n\t<meta property=\"og:image:width\" content=\"200\" \/>\n\t<meta property=\"og:image:height\" content=\"200\" \/>\n\t<meta property=\"og:image:type\" content=\"image\/jpeg\" \/>\n<meta name=\"author\" content=\"Lo viste en Los Pol\u00edticos\" \/>\n<meta name=\"twitter:card\" content=\"summary_large_image\" \/>\n<meta name=\"twitter:creator\" content=\"@LosPoliticosVer\" \/>\n<meta name=\"twitter:site\" content=\"@LosPoliticosVer\" \/>\n<meta name=\"twitter:label1\" content=\"Escrito por\" \/>\n\t<meta name=\"twitter:data1\" content=\"Lo viste en Los Pol\u00edticos\" \/>\n\t<meta name=\"twitter:label2\" content=\"Tiempo de lectura\" \/>\n\t<meta name=\"twitter:data2\" content=\"3 minutos\" \/>\n<script type=\"application\/ld+json\" class=\"yoast-schema-graph\">{\"@context\":\"https:\\\/\\\/schema.org\",\"@graph\":[{\"@type\":\"Article\",\"@id\":\"https:\\\/\\\/lospoliticosveracruz.com\\\/?p=83694#article\",\"isPartOf\":{\"@id\":\"https:\\\/\\\/lospoliticosveracruz.com\\\/?p=83694\"},\"author\":{\"name\":\"Lo viste en Los Pol\u00edticos\",\"@id\":\"https:\\\/\\\/lospoliticosveracruz.com\\\/#\\\/schema\\\/person\\\/b8702bb0e538456e6efd07080bf2a4a2\"},\"headline\":\"Palo a Sigala y Tania, un buen mensaje: Marlon\",\"datePublished\":\"2021-12-21T01:15:03+00:00\",\"dateModified\":\"2021-12-21T01:15:09+00:00\",\"mainEntityOfPage\":{\"@id\":\"https:\\\/\\\/lospoliticosveracruz.com\\\/?p=83694\"},\"wordCount\":519,\"publisher\":{\"@id\":\"https:\\\/\\\/lospoliticosveracruz.com\\\/#organization\"},\"keywords\":[\"Cirilo V\u00e1zquez Parissi\",\"Marlon Ram\u00edrez Mar\u00edn\",\"OPLE\",\"Patricia Lobeira\",\"PRI en Veracruz\",\"Roberto Eduardo Sigala Aguilar\",\"Tania Cruz Santos\",\"Tribunal Electoral\",\"Tribunal Electoral de Veracruz\"],\"articleSection\":[\"De Boleto\"],\"inLanguage\":\"es\"},{\"@type\":\"WebPage\",\"@id\":\"https:\\\/\\\/lospoliticosveracruz.com\\\/?p=83694\",\"url\":\"https:\\\/\\\/lospoliticosveracruz.com\\\/?p=83694\",\"name\":\"Palo a Sigala y Tania, un buen mensaje: Marlon - Los pol\u00edticos Veracruz\",\"isPartOf\":{\"@id\":\"https:\\\/\\\/lospoliticosveracruz.com\\\/#website\"},\"datePublished\":\"2021-12-21T01:15:03+00:00\",\"dateModified\":\"2021-12-21T01:15:09+00:00\",\"breadcrumb\":{\"@id\":\"https:\\\/\\\/lospoliticosveracruz.com\\\/?p=83694#breadcrumb\"},\"inLanguage\":\"es\",\"potentialAction\":[{\"@type\":\"ReadAction\",\"target\":[\"https:\\\/\\\/lospoliticosveracruz.com\\\/?p=83694\"]}]},{\"@type\":\"BreadcrumbList\",\"@id\":\"https:\\\/\\\/lospoliticosveracruz.com\\\/?p=83694#breadcrumb\",\"itemListElement\":[{\"@type\":\"ListItem\",\"position\":1,\"name\":\"Portada\",\"item\":\"https:\\\/\\\/lospoliticosveracruz.com\\\/\"},{\"@type\":\"ListItem\",\"position\":2,\"name\":\"Palo a Sigala y Tania, un buen mensaje: Marlon\"}]},{\"@type\":\"WebSite\",\"@id\":\"https:\\\/\\\/lospoliticosveracruz.com\\\/#website\",\"url\":\"https:\\\/\\\/lospoliticosveracruz.com\\\/\",\"name\":\"Los pol\u00edticos Veracruz\",\"description\":\"\",\"publisher\":{\"@id\":\"https:\\\/\\\/lospoliticosveracruz.com\\\/#organization\"},\"potentialAction\":[{\"@type\":\"SearchAction\",\"target\":{\"@type\":\"EntryPoint\",\"urlTemplate\":\"https:\\\/\\\/lospoliticosveracruz.com\\\/?s={search_term_string}\"},\"query-input\":{\"@type\":\"PropertyValueSpecification\",\"valueRequired\":true,\"valueName\":\"search_term_string\"}}],\"inLanguage\":\"es\"},{\"@type\":\"Organization\",\"@id\":\"https:\\\/\\\/lospoliticosveracruz.com\\\/#organization\",\"name\":\"Los pol\u00edticos Veracruz\",\"url\":\"https:\\\/\\\/lospoliticosveracruz.com\\\/\",\"logo\":{\"@type\":\"ImageObject\",\"inLanguage\":\"es\",\"@id\":\"https:\\\/\\\/lospoliticosveracruz.com\\\/#\\\/schema\\\/logo\\\/image\\\/\",\"url\":\"https:\\\/\\\/lospoliticosveracruz.com\\\/wp-content\\\/uploads\\\/2025\\\/12\\\/Logo-Nuevo-LOS-POLITICOS-1.jpg\",\"contentUrl\":\"https:\\\/\\\/lospoliticosveracruz.com\\\/wp-content\\\/uploads\\\/2025\\\/12\\\/Logo-Nuevo-LOS-POLITICOS-1.jpg\",\"width\":260,\"height\":70,\"caption\":\"Los pol\u00edticos Veracruz\"},\"image\":{\"@id\":\"https:\\\/\\\/lospoliticosveracruz.com\\\/#\\\/schema\\\/logo\\\/image\\\/\"},\"sameAs\":[\"https:\\\/\\\/www.facebook.com\\\/people\\\/Notimemes-de-los-Polticos\\\/61565672886568\\\/\",\"https:\\\/\\\/x.com\\\/LosPoliticosVer\"]},{\"@type\":\"Person\",\"@id\":\"https:\\\/\\\/lospoliticosveracruz.com\\\/#\\\/schema\\\/person\\\/b8702bb0e538456e6efd07080bf2a4a2\",\"name\":\"Lo viste en Los Pol\u00edticos\",\"image\":{\"@type\":\"ImageObject\",\"inLanguage\":\"es\",\"@id\":\"https:\\\/\\\/secure.gravatar.com\\\/avatar\\\/3a8de04a2656d44082be478bd6c086daa447c4651605818287b9532d3d0bd435?s=96&d=mm&r=g\",\"url\":\"https:\\\/\\\/secure.gravatar.com\\\/avatar\\\/3a8de04a2656d44082be478bd6c086daa447c4651605818287b9532d3d0bd435?s=96&d=mm&r=g\",\"contentUrl\":\"https:\\\/\\\/secure.gravatar.com\\\/avatar\\\/3a8de04a2656d44082be478bd6c086daa447c4651605818287b9532d3d0bd435?s=96&d=mm&r=g\",\"caption\":\"Lo viste en Los Pol\u00edticos\"},\"url\":\"https:\\\/\\\/lospoliticosveracruz.com\\\/?author=2\"}]}<\/script>\n<!-- \/ Yoast SEO plugin. -->","yoast_head_json":{"title":"Palo a Sigala y Tania, un buen mensaje: Marlon - Los pol\u00edticos Veracruz","robots":{"index":"index","follow":"follow","max-snippet":"max-snippet:-1","max-image-preview":"max-image-preview:large","max-video-preview":"max-video-preview:-1"},"canonical":"https:\/\/lospoliticosveracruz.com\/?p=83694","og_locale":"es_ES","og_type":"article","og_title":"Palo a Sigala y Tania, un buen mensaje: Marlon - Los pol\u00edticos Veracruz","og_description":"Cosoleacaque El Poder Judicial Federal es el \u00faltimo reducto que permite a los ciudadanos tener la certeza de que vivimos en un pa\u00eds con un Estado de derecho, con normas y con leyes fuertes que nos permitan tener un desarrollo arm\u00f3nico como sociedad, afirm\u00f3 Marlon Ram\u00edrez Mar\u00edn, presidente del CDE del PRI en Veracruz, y [&hellip;]","og_url":"https:\/\/lospoliticosveracruz.com\/?p=83694","og_site_name":"Los pol\u00edticos Veracruz","article_publisher":"https:\/\/www.facebook.com\/people\/Notimemes-de-los-Polticos\/61565672886568\/","article_published_time":"2021-12-21T01:15:03+00:00","article_modified_time":"2021-12-21T01:15:09+00:00","og_image":[{"width":200,"height":200,"url":"https:\/\/lospoliticosveracruz.com\/wp-content\/uploads\/2016\/07\/Logo-Dor.jpg","type":"image\/jpeg"}],"author":"Lo viste en Los Pol\u00edticos","twitter_card":"summary_large_image","twitter_creator":"@LosPoliticosVer","twitter_site":"@LosPoliticosVer","twitter_misc":{"Escrito por":"Lo viste en Los Pol\u00edticos","Tiempo de lectura":"3 minutos"},"schema":{"@context":"https:\/\/schema.org","@graph":[{"@type":"Article","@id":"https:\/\/lospoliticosveracruz.com\/?p=83694#article","isPartOf":{"@id":"https:\/\/lospoliticosveracruz.com\/?p=83694"},"author":{"name":"Lo viste en Los Pol\u00edticos","@id":"https:\/\/lospoliticosveracruz.com\/#\/schema\/person\/b8702bb0e538456e6efd07080bf2a4a2"},"headline":"Palo a Sigala y Tania, un buen mensaje: Marlon","datePublished":"2021-12-21T01:15:03+00:00","dateModified":"2021-12-21T01:15:09+00:00","mainEntityOfPage":{"@id":"https:\/\/lospoliticosveracruz.com\/?p=83694"},"wordCount":519,"publisher":{"@id":"https:\/\/lospoliticosveracruz.com\/#organization"},"keywords":["Cirilo V\u00e1zquez Parissi","Marlon Ram\u00edrez Mar\u00edn","OPLE","Patricia Lobeira","PRI en Veracruz","Roberto Eduardo Sigala Aguilar","Tania Cruz Santos","Tribunal Electoral","Tribunal Electoral de Veracruz"],"articleSection":["De Boleto"],"inLanguage":"es"},{"@type":"WebPage","@id":"https:\/\/lospoliticosveracruz.com\/?p=83694","url":"https:\/\/lospoliticosveracruz.com\/?p=83694","name":"Palo a Sigala y Tania, un buen mensaje: Marlon - Los pol\u00edticos Veracruz","isPartOf":{"@id":"https:\/\/lospoliticosveracruz.com\/#website"},"datePublished":"2021-12-21T01:15:03+00:00","dateModified":"2021-12-21T01:15:09+00:00","breadcrumb":{"@id":"https:\/\/lospoliticosveracruz.com\/?p=83694#breadcrumb"},"inLanguage":"es","potentialAction":[{"@type":"ReadAction","target":["https:\/\/lospoliticosveracruz.com\/?p=83694"]}]},{"@type":"BreadcrumbList","@id":"https:\/\/lospoliticosveracruz.com\/?p=83694#breadcrumb","itemListElement":[{"@type":"ListItem","position":1,"name":"Portada","item":"https:\/\/lospoliticosveracruz.com\/"},{"@type":"ListItem","position":2,"name":"Palo a Sigala y Tania, un buen mensaje: Marlon"}]},{"@type":"WebSite","@id":"https:\/\/lospoliticosveracruz.com\/#website","url":"https:\/\/lospoliticosveracruz.com\/","name":"Los pol\u00edticos Veracruz","description":"","publisher":{"@id":"https:\/\/lospoliticosveracruz.com\/#organization"},"potentialAction":[{"@type":"SearchAction","target":{"@type":"EntryPoint","urlTemplate":"https:\/\/lospoliticosveracruz.com\/?s={search_term_string}"},"query-input":{"@type":"PropertyValueSpecification","valueRequired":true,"valueName":"search_term_string"}}],"inLanguage":"es"},{"@type":"Organization","@id":"https:\/\/lospoliticosveracruz.com\/#organization","name":"Los pol\u00edticos Veracruz","url":"https:\/\/lospoliticosveracruz.com\/","logo":{"@type":"ImageObject","inLanguage":"es","@id":"https:\/\/lospoliticosveracruz.com\/#\/schema\/logo\/image\/","url":"https:\/\/lospoliticosveracruz.com\/wp-content\/uploads\/2025\/12\/Logo-Nuevo-LOS-POLITICOS-1.jpg","contentUrl":"https:\/\/lospoliticosveracruz.com\/wp-content\/uploads\/2025\/12\/Logo-Nuevo-LOS-POLITICOS-1.jpg","width":260,"height":70,"caption":"Los pol\u00edticos Veracruz"},"image":{"@id":"https:\/\/lospoliticosveracruz.com\/#\/schema\/logo\/image\/"},"sameAs":["https:\/\/www.facebook.com\/people\/Notimemes-de-los-Polticos\/61565672886568\/","https:\/\/x.com\/LosPoliticosVer"]},{"@type":"Person","@id":"https:\/\/lospoliticosveracruz.com\/#\/schema\/person\/b8702bb0e538456e6efd07080bf2a4a2","name":"Lo viste en Los Pol\u00edticos","image":{"@type":"ImageObject","inLanguage":"es","@id":"https:\/\/secure.gravatar.com\/avatar\/3a8de04a2656d44082be478bd6c086daa447c4651605818287b9532d3d0bd435?s=96&d=mm&r=g","url":"https:\/\/secure.gravatar.com\/avatar\/3a8de04a2656d44082be478bd6c086daa447c4651605818287b9532d3d0bd435?s=96&d=mm&r=g","contentUrl":"https:\/\/secure.gravatar.com\/avatar\/3a8de04a2656d44082be478bd6c086daa447c4651605818287b9532d3d0bd435?s=96&d=mm&r=g","caption":"Lo viste en Los Pol\u00edticos"},"url":"https:\/\/lospoliticosveracruz.com\/?author=2"}]}},"_links":{"self":[{"href":"https:\/\/lospoliticosveracruz.com\/index.php?rest_route=\/wp\/v2\/posts\/83694","targetHints":{"allow":["GET"]}}],"collection":[{"href":"https:\/\/lospoliticosveracruz.com\/index.php?rest_route=\/wp\/v2\/posts"}],"about":[{"href":"https:\/\/lospoliticosveracruz.com\/index.php?rest_route=\/wp\/v2\/types\/post"}],"author":[{"embeddable":true,"href":"https:\/\/lospoliticosveracruz.com\/index.php?rest_route=\/wp\/v2\/users\/2"}],"replies":[{"embeddable":true,"href":"https:\/\/lospoliticosveracruz.com\/index.php?rest_route=%2Fwp%2Fv2%2Fcomments&post=83694"}],"version-history":[{"count":1,"href":"https:\/\/lospoliticosveracruz.com\/index.php?rest_route=\/wp\/v2\/posts\/83694\/revisions"}],"predecessor-version":[{"id":83696,"href":"https:\/\/lospoliticosveracruz.com\/index.php?rest_route=\/wp\/v2\/posts\/83694\/revisions\/83696"}],"wp:attachment":[{"href":"https:\/\/lospoliticosveracruz.com\/index.php?rest_route=%2Fwp%2Fv2%2Fmedia&parent=83694"}],"wp:term":[{"taxonomy":"category","embeddable":true,"href":"https:\/\/lospoliticosveracruz.com\/index.php?rest_route=%2Fwp%2Fv2%2Fcategories&post=83694"},{"taxonomy":"post_tag","embeddable":true,"href":"https:\/\/lospoliticosveracruz.com\/index.php?rest_route=%2Fwp%2Fv2%2Ftags&post=83694"}],"curies":[{"name":"wp","href":"https:\/\/api.w.org\/{rel}","templated":true}]}}