{"id":83739,"date":"2021-12-22T08:45:50","date_gmt":"2021-12-22T14:45:50","guid":{"rendered":"https:\/\/lospoliticosveracruz.com.mx\/?p=83739"},"modified":"2021-12-22T09:04:40","modified_gmt":"2021-12-22T15:04:40","slug":"mandantes-vox-populi","status":"publish","type":"post","link":"https:\/\/lospoliticosveracruz.com\/?p=83739","title":{"rendered":"Mandantes, Vox populi"},"content":{"rendered":"\n<p><strong>Guadalupe H. Mar<br><\/strong><em>Mira Pol\u00edtica<\/em><\/p>\n\n\n\n<p><\/p>\n\n\n\n<p>&nbsp;MANDANTES<br>VOX POPULI&nbsp;\u2026 El primero de julio del a\u00f1o 2018, un mill\u00f3n 667 mil 239 veracruzanos votaron a favor del ingeniero Cuitl\u00e1huac Garc\u00eda Jim\u00e9nez, candidato del Partido Movimiento de Regeneraci\u00f3n Nacional (Morena), para que este fuera el gobernador del estado de Veracruz.<br>Ese domingo, Garc\u00eda Jim\u00e9nez recibi\u00f3 a favor 213 mil 301 sufragios m\u00e1s que el candidato de los partidos Acci\u00f3n Nacional (PAN) y de la Revoluci\u00f3n Democr\u00e1tica (PRD), Miguel \u00c1ngel Yunes M\u00e1rquez.<br>Asimismo, el candidato morenista super\u00f3 en m\u00e1s de 1.1 millones de votos al entonces candidato del Partido Revolucionario Institucional (PRI), Jos\u00e9 Yunes Zorrilla.<\/p>\n\n\n\n<div class=\"wp-block-image\"><figure class=\"alignleft size-full is-resized\"><a href=\"https:\/\/lospoliticosveracruz.com.mx\/wp-content\/uploads\/2021\/10\/Zacauilt.jpg\"><img loading=\"lazy\" decoding=\"async\" src=\"https:\/\/lospoliticosveracruz.com.mx\/wp-content\/uploads\/2021\/10\/Zacauilt.jpg\" alt=\"\" class=\"wp-image-80558\" width=\"250\" height=\"500\"\/><\/a><\/figure><\/div>\n\n\n\n<p><br>Por ende, el triunfo de Garc\u00eda Jim\u00e9nez fue inobjetable, determinante, arrollador, ya que m\u00e1s de 1.6 millones de veracruzanos as\u00ed lo decidieron, quiz\u00e1 motivados por el efecto AMLO (Andr\u00e9s Manuel L\u00f3pez Obrador), quien era el candidato del partido Morena a la presidencia de la rep\u00fablica.<br>A poco m\u00e1s de tres a\u00f1os de esa hist\u00f3rica votaci\u00f3n amables lectores, es justo y necesario recordar tan importante fecha en la que el 65.56 por ciento de los veracruzanos inscritos en el padr\u00f3n electoral, salieron a sufragar atra\u00eddos por la promesa del cambio y del futuro de M\u00e9xico.<br>Debe recordarse, porque pareciera que lo anterior se le ha olvidado a quien obtuvo esos m\u00e1s de 1.6 millones de sufragios para ocupar el m\u00e1s importante cargo de elecci\u00f3n popular del estado de Veracruz, el de mandatario estatal.<br>Como botones que sirvan de muestra, est\u00e1 por ejemplo aquella frase de octubre pasado cuando en evento con la zacatecana Norma Roc\u00edo Nahle Garc\u00eda, secretaria de Energ\u00eda del gobierno federal, el ejecutivo estatal dijo orgulloso que ella y \u00e9l eran del equipo del presidente Andr\u00e9s Manuel L\u00f3pez Obrador, \u201cel equipo de la transformaci\u00f3n\u201d.<br>As\u00ed como esa frase, ha expresado otras y sobre todo realizado acciones para congraciarse con el mandatario nacional, relegando al verdadero mandante, a quien se debe, a los veracruzanos.<br>Uno de esos botones de muestra, fue el de ayer cuando se difundi\u00f3 profusamente para que se escuchara y leyera hasta la Ciudad de M\u00e9xico, que en Veracruz se super\u00f3 en m\u00e1s del 380 por ciento, las 179 mil firmas que se requer\u00edan como m\u00ednimo en la entidad veracruzana, para promover la disque revocaci\u00f3n del mandato de Andr\u00e9s Manuel L\u00f3pez Obrador.<br>Era tal el orgullo por haberle cumplido al presidente de la rep\u00fablica, que se manej\u00f3 la versi\u00f3n medi\u00e1tica de que Veracruz era la \u00fanica entidad federativa del pa\u00eds que hab\u00eda superado en mayor porcentaje, la cantidad m\u00ednima de firmas a recabar para que se respaldara la gran idea del mandatario nacional.<br>PLATICA POBLANO&nbsp;\u2026 Mientras yo te gano, es uno de los dichos populares mexicanos que viene como anillo al dedo para darle una idea amable lector de lo que est\u00e1 sucediendo en Veracruz, donde uno est\u00e1 apurado en congraciarse con el altiplano, en tanto otro venido de all\u00e1, el diputado federal veracruzano Sergio Carlos Guti\u00e9rrez Luna se re\u00fane con los morenistas, con los empresarios ninguneados y con l\u00edderes de opini\u00f3n relegados, para sumarlos a otro proyecto, el suyo.<br>Guti\u00e9rrez luna, quien seguramente tiene la venia del primer morenista del pa\u00eds para meterse pol\u00edticamente en Veracruz, viene a posicionarse y a recoger aplausos y con ello genera abucheos para otros. As\u00ed es la pol\u00edtica.<br>Claro, faltan poco menos de tres a\u00f1os para que se renueve el gobierno del estado de Veracruz, pero como escribi\u00f3 uno de los m\u00e1s distinguidos telegrafistas de este pa\u00eds, Renato Leduc \u201csab\u00eda virtud de conocer el tiempo\u201d.<br>RECONTRAPORCIERTO&nbsp;\u2026 Eso de que Veracruz tenga dos secretarios de turismo, que hasta se pelean por contratar los mejores espect\u00e1culos, ya se est\u00e1 notando en la pol\u00edtica interna de la entidad veracruzana, donde en t\u00e9rminos futbol\u00edsticos a los de palacio de gobierno ya les est\u00e1n metiendo goles sin portero.<br>Por ejemplo, no se sustent\u00f3 jur\u00eddicamente el reclamo para la invalidaci\u00f3n de la elecci\u00f3n de la ciudad de Veracruz, se tuvieron que liberar a seis presuntos delincuentes defendidos por el morenista Ricardo Monreal \u00c1vila y, por si fuera poco, se perdi\u00f3 la l\u00ednea directa con uno de los m\u00e1s importantes partidos opositores en Veracruz. Aguas.<br>FELIZ NAVIDAD&nbsp;\u2026 Amables lectores, estos son tiempos de familia, de sacar pendientes acad\u00e9micos y, sobre todo, de celebrar la vida, por lo cual dejaremos de leernos unos d\u00edas hasta el lunes 3 de enero del 2022.<br>Les deseamos Feliz Navidad y un excelente a\u00f1o venidero.<br>D\u00cdGALO SIN MIEDO&nbsp;\u2026 Al correo electr\u00f3nico&nbsp;guadaupehmar@yahoo.com<\/p>\n","protected":false},"excerpt":{"rendered":"<p>Guadalupe H. MarMira Pol\u00edtica &nbsp;MANDANTESVOX POPULI&nbsp;\u2026 El primero de julio del a\u00f1o 2018, un mill\u00f3n 667 mil 239 veracruzanos votaron a favor del ingeniero Cuitl\u00e1huac Garc\u00eda Jim\u00e9nez, candidato del Partido Movimiento de Regeneraci\u00f3n Nacional (Morena), para que este fuera el gobernador del estado de Veracruz.Ese domingo, Garc\u00eda Jim\u00e9nez recibi\u00f3 a favor 213 mil 301 sufragios [&hellip;]<\/p>\n","protected":false},"author":2,"featured_media":0,"comment_status":"closed","ping_status":"closed","sticky":false,"template":"","format":"standard","meta":{"tdm_status":"","tdm_grid_status":"","footnotes":""},"categories":[70],"tags":[1563,536,1026,2944,16147,195],"class_list":{"0":"post-83739","1":"post","2":"type-post","3":"status-publish","4":"format-standard","6":"category-de-opinion","7":"tag-cuitlahuac-garcia-jimenez","8":"tag-miguel-angel-yunes-marquez","9":"tag-morena","10":"tag-ricardo-monreal-avila","11":"tag-sergio-gutierrez-luna","12":"tag-veracruz"},"yoast_head":"<!-- This site is optimized with the Yoast SEO plugin v27.4 - https:\/\/yoast.com\/product\/yoast-seo-wordpress\/ -->\n<title>Mandantes, Vox populi - Los pol\u00edticos Veracruz<\/title>\n<meta name=\"robots\" content=\"index, follow, max-snippet:-1, max-image-preview:large, max-video-preview:-1\" \/>\n<link rel=\"canonical\" href=\"https:\/\/lospoliticosveracruz.com\/?p=83739\" \/>\n<meta property=\"og:locale\" content=\"es_ES\" \/>\n<meta property=\"og:type\" content=\"article\" \/>\n<meta property=\"og:title\" content=\"Mandantes, Vox populi - Los pol\u00edticos Veracruz\" \/>\n<meta property=\"og:description\" content=\"Guadalupe H. MarMira Pol\u00edtica &nbsp;MANDANTESVOX POPULI&nbsp;\u2026 El primero de julio del a\u00f1o 2018, un mill\u00f3n 667 mil 239 veracruzanos votaron a favor del ingeniero Cuitl\u00e1huac Garc\u00eda Jim\u00e9nez, candidato del Partido Movimiento de Regeneraci\u00f3n Nacional (Morena), para que este fuera el gobernador del estado de Veracruz.Ese domingo, Garc\u00eda Jim\u00e9nez recibi\u00f3 a favor 213 mil 301 sufragios [&hellip;]\" \/>\n<meta property=\"og:url\" content=\"https:\/\/lospoliticosveracruz.com\/?p=83739\" \/>\n<meta property=\"og:site_name\" content=\"Los pol\u00edticos Veracruz\" \/>\n<meta property=\"article:publisher\" content=\"https:\/\/www.facebook.com\/people\/Notimemes-de-los-Polticos\/61565672886568\/\" \/>\n<meta property=\"article:published_time\" content=\"2021-12-22T14:45:50+00:00\" \/>\n<meta property=\"article:modified_time\" content=\"2021-12-22T15:04:40+00:00\" \/>\n<meta property=\"og:image\" content=\"https:\/\/lospoliticosveracruz.com.mx\/wp-content\/uploads\/2021\/10\/Zacauilt.jpg\" \/>\n<meta name=\"author\" content=\"Lo viste en Los Pol\u00edticos\" \/>\n<meta name=\"twitter:card\" content=\"summary_large_image\" \/>\n<meta name=\"twitter:creator\" content=\"@LosPoliticosVer\" \/>\n<meta name=\"twitter:site\" content=\"@LosPoliticosVer\" \/>\n<meta name=\"twitter:label1\" content=\"Escrito por\" \/>\n\t<meta name=\"twitter:data1\" content=\"Lo viste en Los Pol\u00edticos\" \/>\n\t<meta name=\"twitter:label2\" content=\"Tiempo de lectura\" \/>\n\t<meta name=\"twitter:data2\" content=\"4 minutos\" \/>\n<script type=\"application\/ld+json\" class=\"yoast-schema-graph\">{\"@context\":\"https:\\\/\\\/schema.org\",\"@graph\":[{\"@type\":\"Article\",\"@id\":\"https:\\\/\\\/lospoliticosveracruz.com\\\/?p=83739#article\",\"isPartOf\":{\"@id\":\"https:\\\/\\\/lospoliticosveracruz.com\\\/?p=83739\"},\"author\":{\"name\":\"Lo viste en Los Pol\u00edticos\",\"@id\":\"https:\\\/\\\/lospoliticosveracruz.com\\\/#\\\/schema\\\/person\\\/b8702bb0e538456e6efd07080bf2a4a2\"},\"headline\":\"Mandantes, Vox populi\",\"datePublished\":\"2021-12-22T14:45:50+00:00\",\"dateModified\":\"2021-12-22T15:04:40+00:00\",\"mainEntityOfPage\":{\"@id\":\"https:\\\/\\\/lospoliticosveracruz.com\\\/?p=83739\"},\"wordCount\":806,\"publisher\":{\"@id\":\"https:\\\/\\\/lospoliticosveracruz.com\\\/#organization\"},\"image\":{\"@id\":\"https:\\\/\\\/lospoliticosveracruz.com\\\/?p=83739#primaryimage\"},\"thumbnailUrl\":\"https:\\\/\\\/lospoliticosveracruz.com.mx\\\/wp-content\\\/uploads\\\/2021\\\/10\\\/Zacauilt.jpg\",\"keywords\":[\"Cuitl\u00e1huac Garc\u00eda Jim\u00e9nez\",\"Miguel \u00c1ngel Yunes M\u00e1rquez\",\"Morena\",\"Ricardo Monreal \u00c1vila\",\"Sergio Guti\u00e9rrez Luna\",\"Veracruz\"],\"articleSection\":[\"De Opini\u00f3n\"],\"inLanguage\":\"es\"},{\"@type\":\"WebPage\",\"@id\":\"https:\\\/\\\/lospoliticosveracruz.com\\\/?p=83739\",\"url\":\"https:\\\/\\\/lospoliticosveracruz.com\\\/?p=83739\",\"name\":\"Mandantes, Vox populi - Los pol\u00edticos Veracruz\",\"isPartOf\":{\"@id\":\"https:\\\/\\\/lospoliticosveracruz.com\\\/#website\"},\"primaryImageOfPage\":{\"@id\":\"https:\\\/\\\/lospoliticosveracruz.com\\\/?p=83739#primaryimage\"},\"image\":{\"@id\":\"https:\\\/\\\/lospoliticosveracruz.com\\\/?p=83739#primaryimage\"},\"thumbnailUrl\":\"https:\\\/\\\/lospoliticosveracruz.com.mx\\\/wp-content\\\/uploads\\\/2021\\\/10\\\/Zacauilt.jpg\",\"datePublished\":\"2021-12-22T14:45:50+00:00\",\"dateModified\":\"2021-12-22T15:04:40+00:00\",\"breadcrumb\":{\"@id\":\"https:\\\/\\\/lospoliticosveracruz.com\\\/?p=83739#breadcrumb\"},\"inLanguage\":\"es\",\"potentialAction\":[{\"@type\":\"ReadAction\",\"target\":[\"https:\\\/\\\/lospoliticosveracruz.com\\\/?p=83739\"]}]},{\"@type\":\"ImageObject\",\"inLanguage\":\"es\",\"@id\":\"https:\\\/\\\/lospoliticosveracruz.com\\\/?p=83739#primaryimage\",\"url\":\"https:\\\/\\\/lospoliticosveracruz.com.mx\\\/wp-content\\\/uploads\\\/2021\\\/10\\\/Zacauilt.jpg\",\"contentUrl\":\"https:\\\/\\\/lospoliticosveracruz.com.mx\\\/wp-content\\\/uploads\\\/2021\\\/10\\\/Zacauilt.jpg\"},{\"@type\":\"BreadcrumbList\",\"@id\":\"https:\\\/\\\/lospoliticosveracruz.com\\\/?p=83739#breadcrumb\",\"itemListElement\":[{\"@type\":\"ListItem\",\"position\":1,\"name\":\"Portada\",\"item\":\"https:\\\/\\\/lospoliticosveracruz.com\\\/\"},{\"@type\":\"ListItem\",\"position\":2,\"name\":\"Mandantes, Vox populi\"}]},{\"@type\":\"WebSite\",\"@id\":\"https:\\\/\\\/lospoliticosveracruz.com\\\/#website\",\"url\":\"https:\\\/\\\/lospoliticosveracruz.com\\\/\",\"name\":\"Los pol\u00edticos Veracruz\",\"description\":\"\",\"publisher\":{\"@id\":\"https:\\\/\\\/lospoliticosveracruz.com\\\/#organization\"},\"potentialAction\":[{\"@type\":\"SearchAction\",\"target\":{\"@type\":\"EntryPoint\",\"urlTemplate\":\"https:\\\/\\\/lospoliticosveracruz.com\\\/?s={search_term_string}\"},\"query-input\":{\"@type\":\"PropertyValueSpecification\",\"valueRequired\":true,\"valueName\":\"search_term_string\"}}],\"inLanguage\":\"es\"},{\"@type\":\"Organization\",\"@id\":\"https:\\\/\\\/lospoliticosveracruz.com\\\/#organization\",\"name\":\"Los pol\u00edticos Veracruz\",\"url\":\"https:\\\/\\\/lospoliticosveracruz.com\\\/\",\"logo\":{\"@type\":\"ImageObject\",\"inLanguage\":\"es\",\"@id\":\"https:\\\/\\\/lospoliticosveracruz.com\\\/#\\\/schema\\\/logo\\\/image\\\/\",\"url\":\"https:\\\/\\\/lospoliticosveracruz.com\\\/wp-content\\\/uploads\\\/2025\\\/12\\\/Logo-Nuevo-LOS-POLITICOS-1.jpg\",\"contentUrl\":\"https:\\\/\\\/lospoliticosveracruz.com\\\/wp-content\\\/uploads\\\/2025\\\/12\\\/Logo-Nuevo-LOS-POLITICOS-1.jpg\",\"width\":260,\"height\":70,\"caption\":\"Los pol\u00edticos Veracruz\"},\"image\":{\"@id\":\"https:\\\/\\\/lospoliticosveracruz.com\\\/#\\\/schema\\\/logo\\\/image\\\/\"},\"sameAs\":[\"https:\\\/\\\/www.facebook.com\\\/people\\\/Notimemes-de-los-Polticos\\\/61565672886568\\\/\",\"https:\\\/\\\/x.com\\\/LosPoliticosVer\"]},{\"@type\":\"Person\",\"@id\":\"https:\\\/\\\/lospoliticosveracruz.com\\\/#\\\/schema\\\/person\\\/b8702bb0e538456e6efd07080bf2a4a2\",\"name\":\"Lo viste en Los Pol\u00edticos\",\"image\":{\"@type\":\"ImageObject\",\"inLanguage\":\"es\",\"@id\":\"https:\\\/\\\/secure.gravatar.com\\\/avatar\\\/3a8de04a2656d44082be478bd6c086daa447c4651605818287b9532d3d0bd435?s=96&d=mm&r=g\",\"url\":\"https:\\\/\\\/secure.gravatar.com\\\/avatar\\\/3a8de04a2656d44082be478bd6c086daa447c4651605818287b9532d3d0bd435?s=96&d=mm&r=g\",\"contentUrl\":\"https:\\\/\\\/secure.gravatar.com\\\/avatar\\\/3a8de04a2656d44082be478bd6c086daa447c4651605818287b9532d3d0bd435?s=96&d=mm&r=g\",\"caption\":\"Lo viste en Los Pol\u00edticos\"},\"url\":\"https:\\\/\\\/lospoliticosveracruz.com\\\/?author=2\"}]}<\/script>\n<!-- \/ Yoast SEO plugin. -->","yoast_head_json":{"title":"Mandantes, Vox populi - Los pol\u00edticos Veracruz","robots":{"index":"index","follow":"follow","max-snippet":"max-snippet:-1","max-image-preview":"max-image-preview:large","max-video-preview":"max-video-preview:-1"},"canonical":"https:\/\/lospoliticosveracruz.com\/?p=83739","og_locale":"es_ES","og_type":"article","og_title":"Mandantes, Vox populi - Los pol\u00edticos Veracruz","og_description":"Guadalupe H. MarMira Pol\u00edtica &nbsp;MANDANTESVOX POPULI&nbsp;\u2026 El primero de julio del a\u00f1o 2018, un mill\u00f3n 667 mil 239 veracruzanos votaron a favor del ingeniero Cuitl\u00e1huac Garc\u00eda Jim\u00e9nez, candidato del Partido Movimiento de Regeneraci\u00f3n Nacional (Morena), para que este fuera el gobernador del estado de Veracruz.Ese domingo, Garc\u00eda Jim\u00e9nez recibi\u00f3 a favor 213 mil 301 sufragios [&hellip;]","og_url":"https:\/\/lospoliticosveracruz.com\/?p=83739","og_site_name":"Los pol\u00edticos Veracruz","article_publisher":"https:\/\/www.facebook.com\/people\/Notimemes-de-los-Polticos\/61565672886568\/","article_published_time":"2021-12-22T14:45:50+00:00","article_modified_time":"2021-12-22T15:04:40+00:00","og_image":[{"url":"https:\/\/lospoliticosveracruz.com.mx\/wp-content\/uploads\/2021\/10\/Zacauilt.jpg","type":"","width":"","height":""}],"author":"Lo viste en Los Pol\u00edticos","twitter_card":"summary_large_image","twitter_creator":"@LosPoliticosVer","twitter_site":"@LosPoliticosVer","twitter_misc":{"Escrito por":"Lo viste en Los Pol\u00edticos","Tiempo de lectura":"4 minutos"},"schema":{"@context":"https:\/\/schema.org","@graph":[{"@type":"Article","@id":"https:\/\/lospoliticosveracruz.com\/?p=83739#article","isPartOf":{"@id":"https:\/\/lospoliticosveracruz.com\/?p=83739"},"author":{"name":"Lo viste en Los Pol\u00edticos","@id":"https:\/\/lospoliticosveracruz.com\/#\/schema\/person\/b8702bb0e538456e6efd07080bf2a4a2"},"headline":"Mandantes, Vox populi","datePublished":"2021-12-22T14:45:50+00:00","dateModified":"2021-12-22T15:04:40+00:00","mainEntityOfPage":{"@id":"https:\/\/lospoliticosveracruz.com\/?p=83739"},"wordCount":806,"publisher":{"@id":"https:\/\/lospoliticosveracruz.com\/#organization"},"image":{"@id":"https:\/\/lospoliticosveracruz.com\/?p=83739#primaryimage"},"thumbnailUrl":"https:\/\/lospoliticosveracruz.com.mx\/wp-content\/uploads\/2021\/10\/Zacauilt.jpg","keywords":["Cuitl\u00e1huac Garc\u00eda Jim\u00e9nez","Miguel \u00c1ngel Yunes M\u00e1rquez","Morena","Ricardo Monreal \u00c1vila","Sergio Guti\u00e9rrez Luna","Veracruz"],"articleSection":["De Opini\u00f3n"],"inLanguage":"es"},{"@type":"WebPage","@id":"https:\/\/lospoliticosveracruz.com\/?p=83739","url":"https:\/\/lospoliticosveracruz.com\/?p=83739","name":"Mandantes, Vox populi - Los pol\u00edticos Veracruz","isPartOf":{"@id":"https:\/\/lospoliticosveracruz.com\/#website"},"primaryImageOfPage":{"@id":"https:\/\/lospoliticosveracruz.com\/?p=83739#primaryimage"},"image":{"@id":"https:\/\/lospoliticosveracruz.com\/?p=83739#primaryimage"},"thumbnailUrl":"https:\/\/lospoliticosveracruz.com.mx\/wp-content\/uploads\/2021\/10\/Zacauilt.jpg","datePublished":"2021-12-22T14:45:50+00:00","dateModified":"2021-12-22T15:04:40+00:00","breadcrumb":{"@id":"https:\/\/lospoliticosveracruz.com\/?p=83739#breadcrumb"},"inLanguage":"es","potentialAction":[{"@type":"ReadAction","target":["https:\/\/lospoliticosveracruz.com\/?p=83739"]}]},{"@type":"ImageObject","inLanguage":"es","@id":"https:\/\/lospoliticosveracruz.com\/?p=83739#primaryimage","url":"https:\/\/lospoliticosveracruz.com.mx\/wp-content\/uploads\/2021\/10\/Zacauilt.jpg","contentUrl":"https:\/\/lospoliticosveracruz.com.mx\/wp-content\/uploads\/2021\/10\/Zacauilt.jpg"},{"@type":"BreadcrumbList","@id":"https:\/\/lospoliticosveracruz.com\/?p=83739#breadcrumb","itemListElement":[{"@type":"ListItem","position":1,"name":"Portada","item":"https:\/\/lospoliticosveracruz.com\/"},{"@type":"ListItem","position":2,"name":"Mandantes, Vox populi"}]},{"@type":"WebSite","@id":"https:\/\/lospoliticosveracruz.com\/#website","url":"https:\/\/lospoliticosveracruz.com\/","name":"Los pol\u00edticos Veracruz","description":"","publisher":{"@id":"https:\/\/lospoliticosveracruz.com\/#organization"},"potentialAction":[{"@type":"SearchAction","target":{"@type":"EntryPoint","urlTemplate":"https:\/\/lospoliticosveracruz.com\/?s={search_term_string}"},"query-input":{"@type":"PropertyValueSpecification","valueRequired":true,"valueName":"search_term_string"}}],"inLanguage":"es"},{"@type":"Organization","@id":"https:\/\/lospoliticosveracruz.com\/#organization","name":"Los pol\u00edticos Veracruz","url":"https:\/\/lospoliticosveracruz.com\/","logo":{"@type":"ImageObject","inLanguage":"es","@id":"https:\/\/lospoliticosveracruz.com\/#\/schema\/logo\/image\/","url":"https:\/\/lospoliticosveracruz.com\/wp-content\/uploads\/2025\/12\/Logo-Nuevo-LOS-POLITICOS-1.jpg","contentUrl":"https:\/\/lospoliticosveracruz.com\/wp-content\/uploads\/2025\/12\/Logo-Nuevo-LOS-POLITICOS-1.jpg","width":260,"height":70,"caption":"Los pol\u00edticos Veracruz"},"image":{"@id":"https:\/\/lospoliticosveracruz.com\/#\/schema\/logo\/image\/"},"sameAs":["https:\/\/www.facebook.com\/people\/Notimemes-de-los-Polticos\/61565672886568\/","https:\/\/x.com\/LosPoliticosVer"]},{"@type":"Person","@id":"https:\/\/lospoliticosveracruz.com\/#\/schema\/person\/b8702bb0e538456e6efd07080bf2a4a2","name":"Lo viste en Los Pol\u00edticos","image":{"@type":"ImageObject","inLanguage":"es","@id":"https:\/\/secure.gravatar.com\/avatar\/3a8de04a2656d44082be478bd6c086daa447c4651605818287b9532d3d0bd435?s=96&d=mm&r=g","url":"https:\/\/secure.gravatar.com\/avatar\/3a8de04a2656d44082be478bd6c086daa447c4651605818287b9532d3d0bd435?s=96&d=mm&r=g","contentUrl":"https:\/\/secure.gravatar.com\/avatar\/3a8de04a2656d44082be478bd6c086daa447c4651605818287b9532d3d0bd435?s=96&d=mm&r=g","caption":"Lo viste en Los Pol\u00edticos"},"url":"https:\/\/lospoliticosveracruz.com\/?author=2"}]}},"_links":{"self":[{"href":"https:\/\/lospoliticosveracruz.com\/index.php?rest_route=\/wp\/v2\/posts\/83739","targetHints":{"allow":["GET"]}}],"collection":[{"href":"https:\/\/lospoliticosveracruz.com\/index.php?rest_route=\/wp\/v2\/posts"}],"about":[{"href":"https:\/\/lospoliticosveracruz.com\/index.php?rest_route=\/wp\/v2\/types\/post"}],"author":[{"embeddable":true,"href":"https:\/\/lospoliticosveracruz.com\/index.php?rest_route=\/wp\/v2\/users\/2"}],"replies":[{"embeddable":true,"href":"https:\/\/lospoliticosveracruz.com\/index.php?rest_route=%2Fwp%2Fv2%2Fcomments&post=83739"}],"version-history":[{"count":2,"href":"https:\/\/lospoliticosveracruz.com\/index.php?rest_route=\/wp\/v2\/posts\/83739\/revisions"}],"predecessor-version":[{"id":83749,"href":"https:\/\/lospoliticosveracruz.com\/index.php?rest_route=\/wp\/v2\/posts\/83739\/revisions\/83749"}],"wp:attachment":[{"href":"https:\/\/lospoliticosveracruz.com\/index.php?rest_route=%2Fwp%2Fv2%2Fmedia&parent=83739"}],"wp:term":[{"taxonomy":"category","embeddable":true,"href":"https:\/\/lospoliticosveracruz.com\/index.php?rest_route=%2Fwp%2Fv2%2Fcategories&post=83739"},{"taxonomy":"post_tag","embeddable":true,"href":"https:\/\/lospoliticosveracruz.com\/index.php?rest_route=%2Fwp%2Fv2%2Ftags&post=83739"}],"curies":[{"name":"wp","href":"https:\/\/api.w.org\/{rel}","templated":true}]}}