{"id":83791,"date":"2021-12-22T15:51:12","date_gmt":"2021-12-22T21:51:12","guid":{"rendered":"https:\/\/lospoliticosveracruz.com.mx\/?p=83791"},"modified":"2021-12-22T15:51:19","modified_gmt":"2021-12-22T21:51:19","slug":"gana-salomon-no-tito","status":"publish","type":"post","link":"https:\/\/lospoliticosveracruz.com\/?p=83791","title":{"rendered":"Gana Salom\u00f3n, no Tito"},"content":{"rendered":"\n<p><strong>Ignacio Alvarez<br><\/strong><em>Pluma Negra<\/em><\/p>\n\n\n\n<p><\/p>\n\n\n\n<p>El grupo de los Yunes gana terreno en el PAN estatal, con la magistral jugada de colocar como candidato a la dirigencia al pillo, Tito Delf\u00edn Cano para atraer a las fuerzas reacias de ese partido, pero con su encarcelamiento, les dej\u00f3 el camino libre, a menos de que Federico Salom\u00f3n salga respond\u00f3n.<\/p>\n\n\n\n<p>La ambici\u00f3n de Tito Delf\u00edn lo hizo caer en tentaci\u00f3n, a sabiendas que su larga cola de corrupci\u00f3n lo colocaba como el rival m\u00e1s d\u00e9bil. A\u00fan as\u00ed se dej\u00f3 manipular y con una vieja denuncia de la propia administraci\u00f3n Yunista de mayo del 2017, fue encarcelado el 27 de noviembre pasado, fue entonces que el CEN del PAN analiz\u00f3 su negro expediente y decidi\u00f3 sustituirlo de la candidatura a la dirigencia, porque est\u00e1 claro que inocente no es, tampoco podr\u00e1 abandonar la celda pronto.<\/p>\n\n\n\n<p>Tito Delf\u00edn es un ma\u00f1oso y corrupto pol\u00edtico del PAN que en la \u00faltima d\u00e9cada creci\u00f3 en la cuenca del Papaloapan, saque\u00f3 la administraci\u00f3n municipal de Tierra Blanca desde el 2011 como alcalde y desde entonces, manipul\u00f3 a los alcaldes de la zona, toda la obra p\u00fablica de la cuenca era para sus constructoras. Su habilidad le permiti\u00f3 negociar con Javier Duarte y con el propio Miguel \u00c1ngel Yunes, pero olvid\u00f3 sobreseer pol\u00edticamente y legalmente sus expedientes.<\/p>\n\n\n\n<p>La justicia de la 4T le cargar\u00e1 sentencias por todo los il\u00edcitos que cometi\u00f3, mientras los Yunes est\u00e1n satisfechos por deshacerse de un viejo enemigo, al que le pagan con la misma moneda que \u00e9l pag\u00f3 a sus viejos aliados, los chapitos.<\/p>\n\n\n\n<p>El PAN se mantendr\u00e1 como partido de oposici\u00f3n con Federico Salom\u00f3n con el soporte de los Yunes que le financiaron su campa\u00f1a de 15 d\u00edas como bateador emergente, solo queda conocer hasta donde se dejar\u00e1 manejar y hasta donde mantendr\u00e1 su margen de maniobra y su estilo de hacer pol\u00edtica. Su primera tarea es dejar claro que Tito Delf\u00edn no gan\u00f3 aun a pesar que estaba en las boletas de la elecci\u00f3n interna, su nombre en las boletas fue una cuesti\u00f3n t\u00e9cnica.<\/p>\n\n\n\n<p><strong>Monreal sacude al Congreso Local<\/strong><\/p>\n\n\n\n<p>El presidente de la Junta de Coordinaci\u00f3n Pol\u00edtica del Senado de la Rep\u00fablica, Ricardo Monreal, envi\u00f3 el lunes un exhorto al Congreso de Veracruz para que dentro de sus facultades derogue el delito de Ultrajes a la Autoridad del C\u00f3digo Penal del Estado de Veracruz.<\/p>\n\n\n\n<p>El motivo de la solicitud formal se debe a las constantes quejas de los detenidos que por cualquier otro delito, les agregan el de Ultrajes a la Autoridad, por la natural reacci\u00f3n de oponerse a una detenci\u00f3n con o sin orden de aprehensi\u00f3n.<\/p>\n\n\n\n<p>El exhorto del senador de MORENA a un Congreso con mayor\u00eda del mismo partido caus\u00f3 extra\u00f1eza y tras las diferencias p\u00fablicas entre el legislador federal y el gobernador Cuitl\u00e1huac Garc\u00eda Jim\u00e9nez, se observa complicado que se le pueda dar cauce en la Legislatura local.<\/p>\n\n\n\n<p>Lo que s\u00ed es cierto, es que el documento caus\u00f3 molestia entre los diputados locales de MORENA que apenas aprobaron la modificaci\u00f3n al C\u00f3digo Penal y ya existen varios detenidos por ese delito.<\/p>\n","protected":false},"excerpt":{"rendered":"<p>Ignacio AlvarezPluma Negra El grupo de los Yunes gana terreno en el PAN estatal, con la magistral jugada de colocar como candidato a la dirigencia al pillo, Tito Delf\u00edn Cano para atraer a las fuerzas reacias de ese partido, pero con su encarcelamiento, les dej\u00f3 el camino libre, a menos de que Federico Salom\u00f3n salga [&hellip;]<\/p>\n","protected":false},"author":2,"featured_media":0,"comment_status":"closed","ping_status":"closed","sticky":false,"template":"","format":"standard","meta":{"tdm_status":"","tdm_grid_status":"","footnotes":""},"categories":[70],"tags":[17426,29236,1563,31556,1510,1026,10353,1315,7518],"class_list":{"0":"post-83791","1":"post","2":"type-post","3":"status-publish","4":"format-standard","6":"category-de-opinion","7":"tag-4t","8":"tag-cen-del-pan","9":"tag-cuitlahuac-garcia-jimenez","10":"tag-federico-salomon","11":"tag-miguel-angel-yunes","12":"tag-morena","13":"tag-ricardo-monreal","14":"tag-senado-de-la-republica","15":"tag-tito-delfin-cano"},"yoast_head":"<!-- This site is optimized with the Yoast SEO plugin v27.4 - https:\/\/yoast.com\/product\/yoast-seo-wordpress\/ -->\n<title>Gana Salom\u00f3n, no Tito - Los pol\u00edticos Veracruz<\/title>\n<meta name=\"robots\" content=\"index, follow, max-snippet:-1, max-image-preview:large, max-video-preview:-1\" \/>\n<link rel=\"canonical\" href=\"https:\/\/lospoliticosveracruz.com\/?p=83791\" \/>\n<meta property=\"og:locale\" content=\"es_ES\" \/>\n<meta property=\"og:type\" content=\"article\" \/>\n<meta property=\"og:title\" content=\"Gana Salom\u00f3n, no Tito - Los pol\u00edticos Veracruz\" \/>\n<meta property=\"og:description\" content=\"Ignacio AlvarezPluma Negra El grupo de los Yunes gana terreno en el PAN estatal, con la magistral jugada de colocar como candidato a la dirigencia al pillo, Tito Delf\u00edn Cano para atraer a las fuerzas reacias de ese partido, pero con su encarcelamiento, les dej\u00f3 el camino libre, a menos de que Federico Salom\u00f3n salga [&hellip;]\" \/>\n<meta property=\"og:url\" content=\"https:\/\/lospoliticosveracruz.com\/?p=83791\" \/>\n<meta property=\"og:site_name\" content=\"Los pol\u00edticos Veracruz\" \/>\n<meta property=\"article:publisher\" content=\"https:\/\/www.facebook.com\/people\/Notimemes-de-los-Polticos\/61565672886568\/\" \/>\n<meta property=\"article:published_time\" content=\"2021-12-22T21:51:12+00:00\" \/>\n<meta property=\"article:modified_time\" content=\"2021-12-22T21:51:19+00:00\" \/>\n<meta property=\"og:image\" content=\"https:\/\/lospoliticosveracruz.com\/wp-content\/uploads\/2016\/07\/Logo-Dor.jpg\" \/>\n\t<meta property=\"og:image:width\" content=\"200\" \/>\n\t<meta property=\"og:image:height\" content=\"200\" \/>\n\t<meta property=\"og:image:type\" content=\"image\/jpeg\" \/>\n<meta name=\"author\" content=\"Lo viste en Los Pol\u00edticos\" \/>\n<meta name=\"twitter:card\" content=\"summary_large_image\" \/>\n<meta name=\"twitter:creator\" content=\"@LosPoliticosVer\" \/>\n<meta name=\"twitter:site\" content=\"@LosPoliticosVer\" \/>\n<meta name=\"twitter:label1\" content=\"Escrito por\" \/>\n\t<meta name=\"twitter:data1\" content=\"Lo viste en Los Pol\u00edticos\" \/>\n\t<meta name=\"twitter:label2\" content=\"Tiempo de lectura\" \/>\n\t<meta name=\"twitter:data2\" content=\"3 minutos\" \/>\n<script type=\"application\/ld+json\" class=\"yoast-schema-graph\">{\"@context\":\"https:\\\/\\\/schema.org\",\"@graph\":[{\"@type\":\"Article\",\"@id\":\"https:\\\/\\\/lospoliticosveracruz.com\\\/?p=83791#article\",\"isPartOf\":{\"@id\":\"https:\\\/\\\/lospoliticosveracruz.com\\\/?p=83791\"},\"author\":{\"name\":\"Lo viste en Los Pol\u00edticos\",\"@id\":\"https:\\\/\\\/lospoliticosveracruz.com\\\/#\\\/schema\\\/person\\\/b8702bb0e538456e6efd07080bf2a4a2\"},\"headline\":\"Gana Salom\u00f3n, no Tito\",\"datePublished\":\"2021-12-22T21:51:12+00:00\",\"dateModified\":\"2021-12-22T21:51:19+00:00\",\"mainEntityOfPage\":{\"@id\":\"https:\\\/\\\/lospoliticosveracruz.com\\\/?p=83791\"},\"wordCount\":557,\"publisher\":{\"@id\":\"https:\\\/\\\/lospoliticosveracruz.com\\\/#organization\"},\"keywords\":[\"4T\",\"CEN DEL PAN\",\"Cuitl\u00e1huac Garc\u00eda Jim\u00e9nez\",\"Federico Salom\u00f3n\",\"Miguel \u00c1ngel Yunes\",\"Morena\",\"Ricardo Monreal\",\"Senado de la Rep\u00fablica\",\"Tito Delf\u00edn Cano\"],\"articleSection\":[\"De Opini\u00f3n\"],\"inLanguage\":\"es\"},{\"@type\":\"WebPage\",\"@id\":\"https:\\\/\\\/lospoliticosveracruz.com\\\/?p=83791\",\"url\":\"https:\\\/\\\/lospoliticosveracruz.com\\\/?p=83791\",\"name\":\"Gana Salom\u00f3n, no Tito - Los pol\u00edticos Veracruz\",\"isPartOf\":{\"@id\":\"https:\\\/\\\/lospoliticosveracruz.com\\\/#website\"},\"datePublished\":\"2021-12-22T21:51:12+00:00\",\"dateModified\":\"2021-12-22T21:51:19+00:00\",\"breadcrumb\":{\"@id\":\"https:\\\/\\\/lospoliticosveracruz.com\\\/?p=83791#breadcrumb\"},\"inLanguage\":\"es\",\"potentialAction\":[{\"@type\":\"ReadAction\",\"target\":[\"https:\\\/\\\/lospoliticosveracruz.com\\\/?p=83791\"]}]},{\"@type\":\"BreadcrumbList\",\"@id\":\"https:\\\/\\\/lospoliticosveracruz.com\\\/?p=83791#breadcrumb\",\"itemListElement\":[{\"@type\":\"ListItem\",\"position\":1,\"name\":\"Portada\",\"item\":\"https:\\\/\\\/lospoliticosveracruz.com\\\/\"},{\"@type\":\"ListItem\",\"position\":2,\"name\":\"Gana Salom\u00f3n, no Tito\"}]},{\"@type\":\"WebSite\",\"@id\":\"https:\\\/\\\/lospoliticosveracruz.com\\\/#website\",\"url\":\"https:\\\/\\\/lospoliticosveracruz.com\\\/\",\"name\":\"Los pol\u00edticos Veracruz\",\"description\":\"\",\"publisher\":{\"@id\":\"https:\\\/\\\/lospoliticosveracruz.com\\\/#organization\"},\"potentialAction\":[{\"@type\":\"SearchAction\",\"target\":{\"@type\":\"EntryPoint\",\"urlTemplate\":\"https:\\\/\\\/lospoliticosveracruz.com\\\/?s={search_term_string}\"},\"query-input\":{\"@type\":\"PropertyValueSpecification\",\"valueRequired\":true,\"valueName\":\"search_term_string\"}}],\"inLanguage\":\"es\"},{\"@type\":\"Organization\",\"@id\":\"https:\\\/\\\/lospoliticosveracruz.com\\\/#organization\",\"name\":\"Los pol\u00edticos Veracruz\",\"url\":\"https:\\\/\\\/lospoliticosveracruz.com\\\/\",\"logo\":{\"@type\":\"ImageObject\",\"inLanguage\":\"es\",\"@id\":\"https:\\\/\\\/lospoliticosveracruz.com\\\/#\\\/schema\\\/logo\\\/image\\\/\",\"url\":\"https:\\\/\\\/lospoliticosveracruz.com\\\/wp-content\\\/uploads\\\/2025\\\/12\\\/Logo-Nuevo-LOS-POLITICOS-1.jpg\",\"contentUrl\":\"https:\\\/\\\/lospoliticosveracruz.com\\\/wp-content\\\/uploads\\\/2025\\\/12\\\/Logo-Nuevo-LOS-POLITICOS-1.jpg\",\"width\":260,\"height\":70,\"caption\":\"Los pol\u00edticos Veracruz\"},\"image\":{\"@id\":\"https:\\\/\\\/lospoliticosveracruz.com\\\/#\\\/schema\\\/logo\\\/image\\\/\"},\"sameAs\":[\"https:\\\/\\\/www.facebook.com\\\/people\\\/Notimemes-de-los-Polticos\\\/61565672886568\\\/\",\"https:\\\/\\\/x.com\\\/LosPoliticosVer\"]},{\"@type\":\"Person\",\"@id\":\"https:\\\/\\\/lospoliticosveracruz.com\\\/#\\\/schema\\\/person\\\/b8702bb0e538456e6efd07080bf2a4a2\",\"name\":\"Lo viste en Los Pol\u00edticos\",\"image\":{\"@type\":\"ImageObject\",\"inLanguage\":\"es\",\"@id\":\"https:\\\/\\\/secure.gravatar.com\\\/avatar\\\/3a8de04a2656d44082be478bd6c086daa447c4651605818287b9532d3d0bd435?s=96&d=mm&r=g\",\"url\":\"https:\\\/\\\/secure.gravatar.com\\\/avatar\\\/3a8de04a2656d44082be478bd6c086daa447c4651605818287b9532d3d0bd435?s=96&d=mm&r=g\",\"contentUrl\":\"https:\\\/\\\/secure.gravatar.com\\\/avatar\\\/3a8de04a2656d44082be478bd6c086daa447c4651605818287b9532d3d0bd435?s=96&d=mm&r=g\",\"caption\":\"Lo viste en Los Pol\u00edticos\"},\"url\":\"https:\\\/\\\/lospoliticosveracruz.com\\\/?author=2\"}]}<\/script>\n<!-- \/ Yoast SEO plugin. -->","yoast_head_json":{"title":"Gana Salom\u00f3n, no Tito - Los pol\u00edticos Veracruz","robots":{"index":"index","follow":"follow","max-snippet":"max-snippet:-1","max-image-preview":"max-image-preview:large","max-video-preview":"max-video-preview:-1"},"canonical":"https:\/\/lospoliticosveracruz.com\/?p=83791","og_locale":"es_ES","og_type":"article","og_title":"Gana Salom\u00f3n, no Tito - Los pol\u00edticos Veracruz","og_description":"Ignacio AlvarezPluma Negra El grupo de los Yunes gana terreno en el PAN estatal, con la magistral jugada de colocar como candidato a la dirigencia al pillo, Tito Delf\u00edn Cano para atraer a las fuerzas reacias de ese partido, pero con su encarcelamiento, les dej\u00f3 el camino libre, a menos de que Federico Salom\u00f3n salga [&hellip;]","og_url":"https:\/\/lospoliticosveracruz.com\/?p=83791","og_site_name":"Los pol\u00edticos Veracruz","article_publisher":"https:\/\/www.facebook.com\/people\/Notimemes-de-los-Polticos\/61565672886568\/","article_published_time":"2021-12-22T21:51:12+00:00","article_modified_time":"2021-12-22T21:51:19+00:00","og_image":[{"width":200,"height":200,"url":"https:\/\/lospoliticosveracruz.com\/wp-content\/uploads\/2016\/07\/Logo-Dor.jpg","type":"image\/jpeg"}],"author":"Lo viste en Los Pol\u00edticos","twitter_card":"summary_large_image","twitter_creator":"@LosPoliticosVer","twitter_site":"@LosPoliticosVer","twitter_misc":{"Escrito por":"Lo viste en Los Pol\u00edticos","Tiempo de lectura":"3 minutos"},"schema":{"@context":"https:\/\/schema.org","@graph":[{"@type":"Article","@id":"https:\/\/lospoliticosveracruz.com\/?p=83791#article","isPartOf":{"@id":"https:\/\/lospoliticosveracruz.com\/?p=83791"},"author":{"name":"Lo viste en Los Pol\u00edticos","@id":"https:\/\/lospoliticosveracruz.com\/#\/schema\/person\/b8702bb0e538456e6efd07080bf2a4a2"},"headline":"Gana Salom\u00f3n, no Tito","datePublished":"2021-12-22T21:51:12+00:00","dateModified":"2021-12-22T21:51:19+00:00","mainEntityOfPage":{"@id":"https:\/\/lospoliticosveracruz.com\/?p=83791"},"wordCount":557,"publisher":{"@id":"https:\/\/lospoliticosveracruz.com\/#organization"},"keywords":["4T","CEN DEL PAN","Cuitl\u00e1huac Garc\u00eda Jim\u00e9nez","Federico Salom\u00f3n","Miguel \u00c1ngel Yunes","Morena","Ricardo Monreal","Senado de la Rep\u00fablica","Tito Delf\u00edn Cano"],"articleSection":["De Opini\u00f3n"],"inLanguage":"es"},{"@type":"WebPage","@id":"https:\/\/lospoliticosveracruz.com\/?p=83791","url":"https:\/\/lospoliticosveracruz.com\/?p=83791","name":"Gana Salom\u00f3n, no Tito - Los pol\u00edticos Veracruz","isPartOf":{"@id":"https:\/\/lospoliticosveracruz.com\/#website"},"datePublished":"2021-12-22T21:51:12+00:00","dateModified":"2021-12-22T21:51:19+00:00","breadcrumb":{"@id":"https:\/\/lospoliticosveracruz.com\/?p=83791#breadcrumb"},"inLanguage":"es","potentialAction":[{"@type":"ReadAction","target":["https:\/\/lospoliticosveracruz.com\/?p=83791"]}]},{"@type":"BreadcrumbList","@id":"https:\/\/lospoliticosveracruz.com\/?p=83791#breadcrumb","itemListElement":[{"@type":"ListItem","position":1,"name":"Portada","item":"https:\/\/lospoliticosveracruz.com\/"},{"@type":"ListItem","position":2,"name":"Gana Salom\u00f3n, no Tito"}]},{"@type":"WebSite","@id":"https:\/\/lospoliticosveracruz.com\/#website","url":"https:\/\/lospoliticosveracruz.com\/","name":"Los pol\u00edticos Veracruz","description":"","publisher":{"@id":"https:\/\/lospoliticosveracruz.com\/#organization"},"potentialAction":[{"@type":"SearchAction","target":{"@type":"EntryPoint","urlTemplate":"https:\/\/lospoliticosveracruz.com\/?s={search_term_string}"},"query-input":{"@type":"PropertyValueSpecification","valueRequired":true,"valueName":"search_term_string"}}],"inLanguage":"es"},{"@type":"Organization","@id":"https:\/\/lospoliticosveracruz.com\/#organization","name":"Los pol\u00edticos Veracruz","url":"https:\/\/lospoliticosveracruz.com\/","logo":{"@type":"ImageObject","inLanguage":"es","@id":"https:\/\/lospoliticosveracruz.com\/#\/schema\/logo\/image\/","url":"https:\/\/lospoliticosveracruz.com\/wp-content\/uploads\/2025\/12\/Logo-Nuevo-LOS-POLITICOS-1.jpg","contentUrl":"https:\/\/lospoliticosveracruz.com\/wp-content\/uploads\/2025\/12\/Logo-Nuevo-LOS-POLITICOS-1.jpg","width":260,"height":70,"caption":"Los pol\u00edticos Veracruz"},"image":{"@id":"https:\/\/lospoliticosveracruz.com\/#\/schema\/logo\/image\/"},"sameAs":["https:\/\/www.facebook.com\/people\/Notimemes-de-los-Polticos\/61565672886568\/","https:\/\/x.com\/LosPoliticosVer"]},{"@type":"Person","@id":"https:\/\/lospoliticosveracruz.com\/#\/schema\/person\/b8702bb0e538456e6efd07080bf2a4a2","name":"Lo viste en Los Pol\u00edticos","image":{"@type":"ImageObject","inLanguage":"es","@id":"https:\/\/secure.gravatar.com\/avatar\/3a8de04a2656d44082be478bd6c086daa447c4651605818287b9532d3d0bd435?s=96&d=mm&r=g","url":"https:\/\/secure.gravatar.com\/avatar\/3a8de04a2656d44082be478bd6c086daa447c4651605818287b9532d3d0bd435?s=96&d=mm&r=g","contentUrl":"https:\/\/secure.gravatar.com\/avatar\/3a8de04a2656d44082be478bd6c086daa447c4651605818287b9532d3d0bd435?s=96&d=mm&r=g","caption":"Lo viste en Los Pol\u00edticos"},"url":"https:\/\/lospoliticosveracruz.com\/?author=2"}]}},"_links":{"self":[{"href":"https:\/\/lospoliticosveracruz.com\/index.php?rest_route=\/wp\/v2\/posts\/83791","targetHints":{"allow":["GET"]}}],"collection":[{"href":"https:\/\/lospoliticosveracruz.com\/index.php?rest_route=\/wp\/v2\/posts"}],"about":[{"href":"https:\/\/lospoliticosveracruz.com\/index.php?rest_route=\/wp\/v2\/types\/post"}],"author":[{"embeddable":true,"href":"https:\/\/lospoliticosveracruz.com\/index.php?rest_route=\/wp\/v2\/users\/2"}],"replies":[{"embeddable":true,"href":"https:\/\/lospoliticosveracruz.com\/index.php?rest_route=%2Fwp%2Fv2%2Fcomments&post=83791"}],"version-history":[{"count":1,"href":"https:\/\/lospoliticosveracruz.com\/index.php?rest_route=\/wp\/v2\/posts\/83791\/revisions"}],"predecessor-version":[{"id":83793,"href":"https:\/\/lospoliticosveracruz.com\/index.php?rest_route=\/wp\/v2\/posts\/83791\/revisions\/83793"}],"wp:attachment":[{"href":"https:\/\/lospoliticosveracruz.com\/index.php?rest_route=%2Fwp%2Fv2%2Fmedia&parent=83791"}],"wp:term":[{"taxonomy":"category","embeddable":true,"href":"https:\/\/lospoliticosveracruz.com\/index.php?rest_route=%2Fwp%2Fv2%2Fcategories&post=83791"},{"taxonomy":"post_tag","embeddable":true,"href":"https:\/\/lospoliticosveracruz.com\/index.php?rest_route=%2Fwp%2Fv2%2Ftags&post=83791"}],"curies":[{"name":"wp","href":"https:\/\/api.w.org\/{rel}","templated":true}]}}