{"id":83833,"date":"2021-12-23T12:23:28","date_gmt":"2021-12-23T18:23:28","guid":{"rendered":"https:\/\/lospoliticosveracruz.com.mx\/?p=83833"},"modified":"2021-12-23T12:23:33","modified_gmt":"2021-12-23T18:23:33","slug":"se-pusieron-al-corriente-en-el-imss","status":"publish","type":"post","link":"https:\/\/lospoliticosveracruz.com\/?p=83833","title":{"rendered":"Se pusieron al corriente en el IMSS!"},"content":{"rendered":"\n<p><\/p>\n\n\n\n<p><\/p>\n\n\n\n<p><strong>Xalapa<\/strong><\/p>\n\n\n\n<p><br>A trav\u00e9s de las Jornadas para la Recuperaci\u00f3n de Servicios de Salud, el Instituto Mexicano del Seguro Social (IMSS) en Veracruz Norte recobr\u00f3 las atenciones que disminuyeron por motivo de la pandemia de COVID-19, las principales intervenciones quir\u00fargicas que se efectuaron fueron en Cirug\u00eda General, Cirug\u00eda Pl\u00e1stica y Reconstructiva, Ginecolog\u00eda, Oftalmolog\u00eda, Urolog\u00eda, y de Traumatolog\u00eda y Ortopedia.<\/p>\n\n\n\n<p>\u00bbAl iniciar la estrategia \u00ab120 D\u00edas por un solo IMSS\u00bb, se programaron 14 jornadas para la recuperaci\u00f3n de servicios en todas las Unidades de Medicina Familiar (UMF) y Hospitales Generales de Zona (HGZ) del IMSS en Veracruz Norte, con la meta de realizar 97 mil 493 atenciones m\u00e9dicas\u00bb, declar\u00f3 la titular del Seguro Social en el estado, doctora Mar\u00eda de Lourdes Carranza Bernal.<\/p>\n\n\n\n<p>Se atendi\u00f3 la mayor demanda en consulta de Medicina Familiar que incluyeron Consulta Externa y detecciones de diabetes mellitus, hipertensi\u00f3n arterial, c\u00e1ncer de mama, c\u00e1ncer de pr\u00f3stata, c\u00e1ncer cervicouterino y jornadas de consultas de especialidades.<\/p>\n\n\n\n<p>Carranza Bernal, explic\u00f3 que \u00bblas Jornadas Nacionales de Recuperaci\u00f3n de Servicios Ordinarios, cumplieron el objetivo de acelerar la recuperaci\u00f3n de la atenci\u00f3n m\u00e9dica otorgando en el Primer y Segundo Nivel de Atenci\u00f3n en todas sus \u00e1reas, un total de 112 mil 134 acciones, concluyendo con \u00e9xito y rebasando la meta proyectada al inicio\u00bb.<\/p>\n\n\n\n<p>Asimismo, durante este periodo se reforzaron las visitas de supervisi\u00f3n, asesor\u00edas a las unidades m\u00e9dicas con mayor presi\u00f3n operativa apoyando en la reorganizaci\u00f3n de servicios, desconversi\u00f3n de unidades, identificaci\u00f3n de necesidades de capacitaci\u00f3n para garantizar la reorganizaci\u00f3n del personal m\u00e9dico y no m\u00e9dico.<\/p>\n","protected":false},"excerpt":{"rendered":"<p>Xalapa A trav\u00e9s de las Jornadas para la Recuperaci\u00f3n de Servicios de Salud, el Instituto Mexicano del Seguro Social (IMSS) en Veracruz Norte recobr\u00f3 las atenciones que disminuyeron por motivo de la pandemia de COVID-19, las principales intervenciones quir\u00fargicas que se efectuaron fueron en Cirug\u00eda General, Cirug\u00eda Pl\u00e1stica y Reconstructiva, Ginecolog\u00eda, Oftalmolog\u00eda, Urolog\u00eda, y de [&hellip;]<\/p>\n","protected":false},"author":2,"featured_media":0,"comment_status":"closed","ping_status":"closed","sticky":false,"template":"","format":"standard","meta":{"tdm_status":"","tdm_grid_status":"","footnotes":""},"categories":[73],"tags":[1208,12338,16513],"class_list":{"0":"post-83833","1":"post","2":"type-post","3":"status-publish","4":"format-standard","6":"category-de-boleto","7":"tag-imss","8":"tag-imss-veracruz-norte","9":"tag-maria-de-lourdes-carranza-bernal"},"yoast_head":"<!-- This site is optimized with the Yoast SEO plugin v27.4 - https:\/\/yoast.com\/product\/yoast-seo-wordpress\/ -->\n<title>Se pusieron al corriente en el IMSS! - Los pol\u00edticos Veracruz<\/title>\n<meta name=\"robots\" content=\"index, follow, max-snippet:-1, max-image-preview:large, max-video-preview:-1\" \/>\n<link rel=\"canonical\" href=\"https:\/\/lospoliticosveracruz.com\/?p=83833\" \/>\n<meta property=\"og:locale\" content=\"es_ES\" \/>\n<meta property=\"og:type\" content=\"article\" \/>\n<meta property=\"og:title\" content=\"Se pusieron al corriente en el IMSS! - Los pol\u00edticos Veracruz\" \/>\n<meta property=\"og:description\" content=\"Xalapa A trav\u00e9s de las Jornadas para la Recuperaci\u00f3n de Servicios de Salud, el Instituto Mexicano del Seguro Social (IMSS) en Veracruz Norte recobr\u00f3 las atenciones que disminuyeron por motivo de la pandemia de COVID-19, las principales intervenciones quir\u00fargicas que se efectuaron fueron en Cirug\u00eda General, Cirug\u00eda Pl\u00e1stica y Reconstructiva, Ginecolog\u00eda, Oftalmolog\u00eda, Urolog\u00eda, y de [&hellip;]\" \/>\n<meta property=\"og:url\" content=\"https:\/\/lospoliticosveracruz.com\/?p=83833\" \/>\n<meta property=\"og:site_name\" content=\"Los pol\u00edticos Veracruz\" \/>\n<meta property=\"article:publisher\" content=\"https:\/\/www.facebook.com\/people\/Notimemes-de-los-Polticos\/61565672886568\/\" \/>\n<meta property=\"article:published_time\" content=\"2021-12-23T18:23:28+00:00\" \/>\n<meta property=\"article:modified_time\" content=\"2021-12-23T18:23:33+00:00\" \/>\n<meta property=\"og:image\" content=\"https:\/\/lospoliticosveracruz.com\/wp-content\/uploads\/2016\/07\/Logo-Dor.jpg\" \/>\n\t<meta property=\"og:image:width\" content=\"200\" \/>\n\t<meta property=\"og:image:height\" content=\"200\" \/>\n\t<meta property=\"og:image:type\" content=\"image\/jpeg\" \/>\n<meta name=\"author\" content=\"Lo viste en Los Pol\u00edticos\" \/>\n<meta name=\"twitter:card\" content=\"summary_large_image\" \/>\n<meta name=\"twitter:creator\" content=\"@LosPoliticosVer\" \/>\n<meta name=\"twitter:site\" content=\"@LosPoliticosVer\" \/>\n<meta name=\"twitter:label1\" content=\"Escrito por\" \/>\n\t<meta name=\"twitter:data1\" content=\"Lo viste en Los Pol\u00edticos\" \/>\n\t<meta name=\"twitter:label2\" content=\"Tiempo de lectura\" \/>\n\t<meta name=\"twitter:data2\" content=\"1 minuto\" \/>\n<script type=\"application\/ld+json\" class=\"yoast-schema-graph\">{\"@context\":\"https:\\\/\\\/schema.org\",\"@graph\":[{\"@type\":\"Article\",\"@id\":\"https:\\\/\\\/lospoliticosveracruz.com\\\/?p=83833#article\",\"isPartOf\":{\"@id\":\"https:\\\/\\\/lospoliticosveracruz.com\\\/?p=83833\"},\"author\":{\"name\":\"Lo viste en Los Pol\u00edticos\",\"@id\":\"https:\\\/\\\/lospoliticosveracruz.com\\\/#\\\/schema\\\/person\\\/b8702bb0e538456e6efd07080bf2a4a2\"},\"headline\":\"Se pusieron al corriente en el IMSS!\",\"datePublished\":\"2021-12-23T18:23:28+00:00\",\"dateModified\":\"2021-12-23T18:23:33+00:00\",\"mainEntityOfPage\":{\"@id\":\"https:\\\/\\\/lospoliticosveracruz.com\\\/?p=83833\"},\"wordCount\":288,\"publisher\":{\"@id\":\"https:\\\/\\\/lospoliticosveracruz.com\\\/#organization\"},\"keywords\":[\"IMSS\",\"IMSS Veracruz Norte\",\"Mar\u00eda de Lourdes Carranza Bernal\"],\"articleSection\":[\"De Boleto\"],\"inLanguage\":\"es\"},{\"@type\":\"WebPage\",\"@id\":\"https:\\\/\\\/lospoliticosveracruz.com\\\/?p=83833\",\"url\":\"https:\\\/\\\/lospoliticosveracruz.com\\\/?p=83833\",\"name\":\"Se pusieron al corriente en el IMSS! - Los pol\u00edticos Veracruz\",\"isPartOf\":{\"@id\":\"https:\\\/\\\/lospoliticosveracruz.com\\\/#website\"},\"datePublished\":\"2021-12-23T18:23:28+00:00\",\"dateModified\":\"2021-12-23T18:23:33+00:00\",\"breadcrumb\":{\"@id\":\"https:\\\/\\\/lospoliticosveracruz.com\\\/?p=83833#breadcrumb\"},\"inLanguage\":\"es\",\"potentialAction\":[{\"@type\":\"ReadAction\",\"target\":[\"https:\\\/\\\/lospoliticosveracruz.com\\\/?p=83833\"]}]},{\"@type\":\"BreadcrumbList\",\"@id\":\"https:\\\/\\\/lospoliticosveracruz.com\\\/?p=83833#breadcrumb\",\"itemListElement\":[{\"@type\":\"ListItem\",\"position\":1,\"name\":\"Portada\",\"item\":\"https:\\\/\\\/lospoliticosveracruz.com\\\/\"},{\"@type\":\"ListItem\",\"position\":2,\"name\":\"Se pusieron al corriente en el IMSS!\"}]},{\"@type\":\"WebSite\",\"@id\":\"https:\\\/\\\/lospoliticosveracruz.com\\\/#website\",\"url\":\"https:\\\/\\\/lospoliticosveracruz.com\\\/\",\"name\":\"Los pol\u00edticos Veracruz\",\"description\":\"\",\"publisher\":{\"@id\":\"https:\\\/\\\/lospoliticosveracruz.com\\\/#organization\"},\"potentialAction\":[{\"@type\":\"SearchAction\",\"target\":{\"@type\":\"EntryPoint\",\"urlTemplate\":\"https:\\\/\\\/lospoliticosveracruz.com\\\/?s={search_term_string}\"},\"query-input\":{\"@type\":\"PropertyValueSpecification\",\"valueRequired\":true,\"valueName\":\"search_term_string\"}}],\"inLanguage\":\"es\"},{\"@type\":\"Organization\",\"@id\":\"https:\\\/\\\/lospoliticosveracruz.com\\\/#organization\",\"name\":\"Los pol\u00edticos Veracruz\",\"url\":\"https:\\\/\\\/lospoliticosveracruz.com\\\/\",\"logo\":{\"@type\":\"ImageObject\",\"inLanguage\":\"es\",\"@id\":\"https:\\\/\\\/lospoliticosveracruz.com\\\/#\\\/schema\\\/logo\\\/image\\\/\",\"url\":\"https:\\\/\\\/lospoliticosveracruz.com\\\/wp-content\\\/uploads\\\/2025\\\/12\\\/Logo-Nuevo-LOS-POLITICOS-1.jpg\",\"contentUrl\":\"https:\\\/\\\/lospoliticosveracruz.com\\\/wp-content\\\/uploads\\\/2025\\\/12\\\/Logo-Nuevo-LOS-POLITICOS-1.jpg\",\"width\":260,\"height\":70,\"caption\":\"Los pol\u00edticos Veracruz\"},\"image\":{\"@id\":\"https:\\\/\\\/lospoliticosveracruz.com\\\/#\\\/schema\\\/logo\\\/image\\\/\"},\"sameAs\":[\"https:\\\/\\\/www.facebook.com\\\/people\\\/Notimemes-de-los-Polticos\\\/61565672886568\\\/\",\"https:\\\/\\\/x.com\\\/LosPoliticosVer\"]},{\"@type\":\"Person\",\"@id\":\"https:\\\/\\\/lospoliticosveracruz.com\\\/#\\\/schema\\\/person\\\/b8702bb0e538456e6efd07080bf2a4a2\",\"name\":\"Lo viste en Los Pol\u00edticos\",\"image\":{\"@type\":\"ImageObject\",\"inLanguage\":\"es\",\"@id\":\"https:\\\/\\\/secure.gravatar.com\\\/avatar\\\/3a8de04a2656d44082be478bd6c086daa447c4651605818287b9532d3d0bd435?s=96&d=mm&r=g\",\"url\":\"https:\\\/\\\/secure.gravatar.com\\\/avatar\\\/3a8de04a2656d44082be478bd6c086daa447c4651605818287b9532d3d0bd435?s=96&d=mm&r=g\",\"contentUrl\":\"https:\\\/\\\/secure.gravatar.com\\\/avatar\\\/3a8de04a2656d44082be478bd6c086daa447c4651605818287b9532d3d0bd435?s=96&d=mm&r=g\",\"caption\":\"Lo viste en Los Pol\u00edticos\"},\"url\":\"https:\\\/\\\/lospoliticosveracruz.com\\\/?author=2\"}]}<\/script>\n<!-- \/ Yoast SEO plugin. -->","yoast_head_json":{"title":"Se pusieron al corriente en el IMSS! - Los pol\u00edticos Veracruz","robots":{"index":"index","follow":"follow","max-snippet":"max-snippet:-1","max-image-preview":"max-image-preview:large","max-video-preview":"max-video-preview:-1"},"canonical":"https:\/\/lospoliticosveracruz.com\/?p=83833","og_locale":"es_ES","og_type":"article","og_title":"Se pusieron al corriente en el IMSS! - Los pol\u00edticos Veracruz","og_description":"Xalapa A trav\u00e9s de las Jornadas para la Recuperaci\u00f3n de Servicios de Salud, el Instituto Mexicano del Seguro Social (IMSS) en Veracruz Norte recobr\u00f3 las atenciones que disminuyeron por motivo de la pandemia de COVID-19, las principales intervenciones quir\u00fargicas que se efectuaron fueron en Cirug\u00eda General, Cirug\u00eda Pl\u00e1stica y Reconstructiva, Ginecolog\u00eda, Oftalmolog\u00eda, Urolog\u00eda, y de [&hellip;]","og_url":"https:\/\/lospoliticosveracruz.com\/?p=83833","og_site_name":"Los pol\u00edticos Veracruz","article_publisher":"https:\/\/www.facebook.com\/people\/Notimemes-de-los-Polticos\/61565672886568\/","article_published_time":"2021-12-23T18:23:28+00:00","article_modified_time":"2021-12-23T18:23:33+00:00","og_image":[{"width":200,"height":200,"url":"https:\/\/lospoliticosveracruz.com\/wp-content\/uploads\/2016\/07\/Logo-Dor.jpg","type":"image\/jpeg"}],"author":"Lo viste en Los Pol\u00edticos","twitter_card":"summary_large_image","twitter_creator":"@LosPoliticosVer","twitter_site":"@LosPoliticosVer","twitter_misc":{"Escrito por":"Lo viste en Los Pol\u00edticos","Tiempo de lectura":"1 minuto"},"schema":{"@context":"https:\/\/schema.org","@graph":[{"@type":"Article","@id":"https:\/\/lospoliticosveracruz.com\/?p=83833#article","isPartOf":{"@id":"https:\/\/lospoliticosveracruz.com\/?p=83833"},"author":{"name":"Lo viste en Los Pol\u00edticos","@id":"https:\/\/lospoliticosveracruz.com\/#\/schema\/person\/b8702bb0e538456e6efd07080bf2a4a2"},"headline":"Se pusieron al corriente en el IMSS!","datePublished":"2021-12-23T18:23:28+00:00","dateModified":"2021-12-23T18:23:33+00:00","mainEntityOfPage":{"@id":"https:\/\/lospoliticosveracruz.com\/?p=83833"},"wordCount":288,"publisher":{"@id":"https:\/\/lospoliticosveracruz.com\/#organization"},"keywords":["IMSS","IMSS Veracruz Norte","Mar\u00eda de Lourdes Carranza Bernal"],"articleSection":["De Boleto"],"inLanguage":"es"},{"@type":"WebPage","@id":"https:\/\/lospoliticosveracruz.com\/?p=83833","url":"https:\/\/lospoliticosveracruz.com\/?p=83833","name":"Se pusieron al corriente en el IMSS! - Los pol\u00edticos Veracruz","isPartOf":{"@id":"https:\/\/lospoliticosveracruz.com\/#website"},"datePublished":"2021-12-23T18:23:28+00:00","dateModified":"2021-12-23T18:23:33+00:00","breadcrumb":{"@id":"https:\/\/lospoliticosveracruz.com\/?p=83833#breadcrumb"},"inLanguage":"es","potentialAction":[{"@type":"ReadAction","target":["https:\/\/lospoliticosveracruz.com\/?p=83833"]}]},{"@type":"BreadcrumbList","@id":"https:\/\/lospoliticosveracruz.com\/?p=83833#breadcrumb","itemListElement":[{"@type":"ListItem","position":1,"name":"Portada","item":"https:\/\/lospoliticosveracruz.com\/"},{"@type":"ListItem","position":2,"name":"Se pusieron al corriente en el IMSS!"}]},{"@type":"WebSite","@id":"https:\/\/lospoliticosveracruz.com\/#website","url":"https:\/\/lospoliticosveracruz.com\/","name":"Los pol\u00edticos Veracruz","description":"","publisher":{"@id":"https:\/\/lospoliticosveracruz.com\/#organization"},"potentialAction":[{"@type":"SearchAction","target":{"@type":"EntryPoint","urlTemplate":"https:\/\/lospoliticosveracruz.com\/?s={search_term_string}"},"query-input":{"@type":"PropertyValueSpecification","valueRequired":true,"valueName":"search_term_string"}}],"inLanguage":"es"},{"@type":"Organization","@id":"https:\/\/lospoliticosveracruz.com\/#organization","name":"Los pol\u00edticos Veracruz","url":"https:\/\/lospoliticosveracruz.com\/","logo":{"@type":"ImageObject","inLanguage":"es","@id":"https:\/\/lospoliticosveracruz.com\/#\/schema\/logo\/image\/","url":"https:\/\/lospoliticosveracruz.com\/wp-content\/uploads\/2025\/12\/Logo-Nuevo-LOS-POLITICOS-1.jpg","contentUrl":"https:\/\/lospoliticosveracruz.com\/wp-content\/uploads\/2025\/12\/Logo-Nuevo-LOS-POLITICOS-1.jpg","width":260,"height":70,"caption":"Los pol\u00edticos Veracruz"},"image":{"@id":"https:\/\/lospoliticosveracruz.com\/#\/schema\/logo\/image\/"},"sameAs":["https:\/\/www.facebook.com\/people\/Notimemes-de-los-Polticos\/61565672886568\/","https:\/\/x.com\/LosPoliticosVer"]},{"@type":"Person","@id":"https:\/\/lospoliticosveracruz.com\/#\/schema\/person\/b8702bb0e538456e6efd07080bf2a4a2","name":"Lo viste en Los Pol\u00edticos","image":{"@type":"ImageObject","inLanguage":"es","@id":"https:\/\/secure.gravatar.com\/avatar\/3a8de04a2656d44082be478bd6c086daa447c4651605818287b9532d3d0bd435?s=96&d=mm&r=g","url":"https:\/\/secure.gravatar.com\/avatar\/3a8de04a2656d44082be478bd6c086daa447c4651605818287b9532d3d0bd435?s=96&d=mm&r=g","contentUrl":"https:\/\/secure.gravatar.com\/avatar\/3a8de04a2656d44082be478bd6c086daa447c4651605818287b9532d3d0bd435?s=96&d=mm&r=g","caption":"Lo viste en Los Pol\u00edticos"},"url":"https:\/\/lospoliticosveracruz.com\/?author=2"}]}},"_links":{"self":[{"href":"https:\/\/lospoliticosveracruz.com\/index.php?rest_route=\/wp\/v2\/posts\/83833","targetHints":{"allow":["GET"]}}],"collection":[{"href":"https:\/\/lospoliticosveracruz.com\/index.php?rest_route=\/wp\/v2\/posts"}],"about":[{"href":"https:\/\/lospoliticosveracruz.com\/index.php?rest_route=\/wp\/v2\/types\/post"}],"author":[{"embeddable":true,"href":"https:\/\/lospoliticosveracruz.com\/index.php?rest_route=\/wp\/v2\/users\/2"}],"replies":[{"embeddable":true,"href":"https:\/\/lospoliticosveracruz.com\/index.php?rest_route=%2Fwp%2Fv2%2Fcomments&post=83833"}],"version-history":[{"count":1,"href":"https:\/\/lospoliticosveracruz.com\/index.php?rest_route=\/wp\/v2\/posts\/83833\/revisions"}],"predecessor-version":[{"id":83835,"href":"https:\/\/lospoliticosveracruz.com\/index.php?rest_route=\/wp\/v2\/posts\/83833\/revisions\/83835"}],"wp:attachment":[{"href":"https:\/\/lospoliticosveracruz.com\/index.php?rest_route=%2Fwp%2Fv2%2Fmedia&parent=83833"}],"wp:term":[{"taxonomy":"category","embeddable":true,"href":"https:\/\/lospoliticosveracruz.com\/index.php?rest_route=%2Fwp%2Fv2%2Fcategories&post=83833"},{"taxonomy":"post_tag","embeddable":true,"href":"https:\/\/lospoliticosveracruz.com\/index.php?rest_route=%2Fwp%2Fv2%2Ftags&post=83833"}],"curies":[{"name":"wp","href":"https:\/\/api.w.org\/{rel}","templated":true}]}}